{"id":136076,"date":"2026-01-12T14:18:36","date_gmt":"2026-01-12T17:18:36","guid":{"rendered":"https:\/\/portaltela.pt\/noticias\/2026\/01\/12\/lula-elogia-vitorias-de-wagner-moura-e-o-agente-secreto-nos-globos-de-ouro\/"},"modified":"2026-01-12T14:18:36","modified_gmt":"2026-01-12T17:18:36","slug":"lula-elogia-vitorias-de-wagner-moura-e-o-agente-secreto-nos-globos-de-ouro","status":"publish","type":"post","link":"https:\/\/portaltela.pt\/noticias\/2026\/01\/12\/lula-elogia-vitorias-de-wagner-moura-e-o-agente-secreto-nos-globos-de-ouro\/","title":{"rendered":"Lula elogia vit\u00f3rias de Wagner Moura e O Agente Secreto nos Globos de Ouro"},"content":{"rendered":"<p>O presidente brasileiro, Luiz In\u00e1cio Lula da Silva, celebrou as vit\u00f3rias de Wagner Moura e do filme O Agente Secreto nos Globos de Ouro, destacando a obra pela sua abordagem da viol\u00eancia da ditadura e o seu papel na mem\u00f3ria hist\u00f3rica do pa\u00eds. A mensagem foi partilhada nas redes sociais.<\/p>\n<p>No Globos de Ouro, o filme ficou com dois pr\u00e9mios: Melhor Filme de L\u00edngua N\u00e3o Inglesa e Melhor Ator de Drama, marcando uma dupla vit\u00f3ria para o projeto dirigido por Kleber Mendon\u00e7a Filho. Moura \u00e9 reconhecido pela interpreta\u00e7\u00e3o no elenco.<\/p>\n<p>O Agente Secreto aborda os anos 70 e o per\u00edodo da ditadura militar brasileira. A obra estreou em Cannes em 2025, onde Moura tamb\u00e9m recebeu o pr\u00e9mio de Melhor Ator e Mendon\u00e7a Filho o de Melhor Realizador, al\u00e9m do Pr\u00e9mio da Cr\u00edtica Internacional.<\/p>\n<p>A estreia do filme em Portugal ocorreu em outubro do ano passado, registando mais de 50 mil espectadores. As previs\u00f5es indicam poss\u00edvel nomea\u00e7\u00e3o para os \u00d3scares, em categorias como Melhor Filme e Melhor Filme Internacional.<\/p>\n<h3>Contexto internacional<\/h3>\n<p>As previs\u00f5es para os \u00d3scares apontam potenciais nomea\u00e7\u00f5es em v\u00e1rias categorias, refor\u00e7ando a visibilidade do cinema brasileiro no circuito norte\u2011americano. O Agente Secreto continua a gerar interesse de festivais e da imprensa.<\/p>\n<p>O filme tem distribui\u00e7\u00e3o em Portugal e pretende ampliar a notoriedade de produ\u00e7\u00f5es brasileiras no mercado internacional, mantendo o foco na mem\u00f3ria hist\u00f3rica e no talento dos seus artistas.<\/p>\n","protected":false},"excerpt":{"rendered":"<ul>\n<li>O presidente Lula da Silva elogiou as vit\u00f3rias de Wagner Moura e de O Agente Secreto nos Globos de Ouro.<\/li>\n<li>O filme venceu Melhor Filme de L\u00edngua n\u00e3o Inglesa e Melhor Ator de Drama, premiando o conjunto da obra no concurso norte\u2011americano.<\/li>\n<li>Wagner Moura recebeu a estatueta de Melhor Ator, destacando a performance do ator baiano em O Agente Secreto.<\/li>\n<li>O filme, dirigido por Kleber Mendon\u00e7a Filho, retrata a vida de um homem durante a ditadura militar brasileira e estreou em Cannes em 2025.<\/li>\n<li>Em Portugal, a produ\u00e7\u00e3o estreou em outubro e, segundo as previs\u00f5es, pode ser nomeada para os \u00d3scares, incluindo Melhor Filme e Melhor Filme Internacional.<\/li>\n<\/ul>\n","protected":false},"author":2,"featured_media":136086,"comment_status":"closed","ping_status":"closed","sticky":false,"template":"","format":"standard","meta":{"footnotes":""},"categories":[1],"tags":[2547,112,113,1009,2908],"class_list":["post-136076","post","type-post","status-publish","format-standard","has-post-thumbnail","hentry","category-noticias","tag-brasil","tag-cinema","tag-filmes-e-series","tag-globos-de-ouro","tag-wagner-moura"],"yoast_head":"<!-- This site is optimized with the Yoast SEO plugin v27.2 - https:\/\/yoast.com\/product\/yoast-seo-wordpress\/ -->\n<title>Lula elogia vit\u00f3rias de Wagner Moura e O Agente Secreto nos Globos de Ouro - Portal Tela Portugal<\/title>\n<meta name=\"robots\" content=\"index, follow, max-snippet:-1, max-image-preview:large, max-video-preview:-1\" \/>\n<meta property=\"og:locale\" content=\"pt_PT\" \/>\n<meta property=\"og:type\" content=\"article\" \/>\n<meta property=\"og:title\" content=\"Lula elogia vit\u00f3rias de Wagner Moura e O Agente Secreto nos Globos de Ouro - Portal Tela Portugal\" \/>\n<meta property=\"og:description\" content=\"O presidente Lula da Silva elogiou as vit\u00f3rias de Wagner Moura e de O Agente Secreto nos Globos de Ouro. O filme venceu Melhor Filme de L\u00edngua n\u00e3o Inglesa e Melhor Ator de Drama, premiando o conjunto da obra no concurso norte\u2011americano. Wagner Moura recebeu a estatueta de Melhor Ator, destacando a performance do ator baiano em O Agente Secreto. O filme, dirigido por Kleber Mendon\u00e7a Filho, retrata a vida de um homem durante a ditadura militar brasileira e estreou em Cannes em 2025. Em Portugal, a produ\u00e7\u00e3o estreou em outubro e, segundo as previs\u00f5es, pode ser nomeada para os \u00d3scares, incluindo Melhor Filme e Melhor Filme Internacional.\" \/>\n<meta property=\"og:url\" content=\"https:\/\/portaltela.pt\/noticias\/2026\/01\/12\/lula-elogia-vitorias-de-wagner-moura-e-o-agente-secreto-nos-globos-de-ouro\/\" \/>\n<meta property=\"og:site_name\" content=\"Portal Tela Portugal\" \/>\n<meta property=\"article:published_time\" content=\"2026-01-12T17:18:36+00:00\" \/>\n<meta name=\"author\" content=\"Telinha\" \/>\n<meta name=\"twitter:card\" content=\"summary_large_image\" \/>\n<meta name=\"twitter:label1\" content=\"Escrito por\" \/>\n\t<meta name=\"twitter:data1\" content=\"Telinha\" \/>\n\t<meta name=\"twitter:label2\" content=\"Tempo estimado de leitura\" \/>\n\t<meta name=\"twitter:data2\" content=\"1 minuto\" \/>\n<script type=\"application\/ld+json\" class=\"yoast-schema-graph\">{\"@context\":\"https:\/\/schema.org\",\"@graph\":[{\"@type\":\"Article\",\"@id\":\"https:\/\/portaltela.pt\/noticias\/2026\/01\/12\/lula-elogia-vitorias-de-wagner-moura-e-o-agente-secreto-nos-globos-de-ouro\/#article\",\"isPartOf\":{\"@id\":\"https:\/\/portaltela.pt\/noticias\/2026\/01\/12\/lula-elogia-vitorias-de-wagner-moura-e-o-agente-secreto-nos-globos-de-ouro\/\"},\"author\":{\"name\":\"Telinha\",\"@id\":\"https:\/\/portaltela.pt\/#\/schema\/person\/c4278d4a6028830caff9ee44b42d32ed\"},\"headline\":\"Lula elogia vit\u00f3rias de Wagner Moura e O Agente Secreto nos Globos de Ouro\",\"datePublished\":\"2026-01-12T17:18:36+00:00\",\"mainEntityOfPage\":{\"@id\":\"https:\/\/portaltela.pt\/noticias\/2026\/01\/12\/lula-elogia-vitorias-de-wagner-moura-e-o-agente-secreto-nos-globos-de-ouro\/\"},\"wordCount\":273,\"image\":{\"@id\":\"https:\/\/portaltela.pt\/noticias\/2026\/01\/12\/lula-elogia-vitorias-de-wagner-moura-e-o-agente-secreto-nos-globos-de-ouro\/#primaryimage\"},\"thumbnailUrl\":\"https:\/\/portaltela.pt\/s.01k8rhncp4jt1\/2026\/01\/img_1500x1000uu2026-01-12-17-05-34-2259670.jpg\",\"keywords\":[\"Brasil\",\"cinema\",\"filmes e s\u00e9ries\",\"globos de ouro\",\"Wagner Moura\"],\"articleSection\":[\"Not\u00edcias\"],\"inLanguage\":\"pt-PT\"},{\"@type\":\"WebPage\",\"@id\":\"https:\/\/portaltela.pt\/noticias\/2026\/01\/12\/lula-elogia-vitorias-de-wagner-moura-e-o-agente-secreto-nos-globos-de-ouro\/\",\"url\":\"https:\/\/portaltela.pt\/noticias\/2026\/01\/12\/lula-elogia-vitorias-de-wagner-moura-e-o-agente-secreto-nos-globos-de-ouro\/\",\"name\":\"Lula elogia vit\u00f3rias de Wagner Moura e O Agente Secreto nos Globos de Ouro - Portal Tela Portugal\",\"isPartOf\":{\"@id\":\"https:\/\/portaltela.pt\/#website\"},\"primaryImageOfPage\":{\"@id\":\"https:\/\/portaltela.pt\/noticias\/2026\/01\/12\/lula-elogia-vitorias-de-wagner-moura-e-o-agente-secreto-nos-globos-de-ouro\/#primaryimage\"},\"image\":{\"@id\":\"https:\/\/portaltela.pt\/noticias\/2026\/01\/12\/lula-elogia-vitorias-de-wagner-moura-e-o-agente-secreto-nos-globos-de-ouro\/#primaryimage\"},\"thumbnailUrl\":\"https:\/\/portaltela.pt\/s.01k8rhncp4jt1\/2026\/01\/img_1500x1000uu2026-01-12-17-05-34-2259670.jpg\",\"datePublished\":\"2026-01-12T17:18:36+00:00\",\"author\":{\"@id\":\"https:\/\/portaltela.pt\/#\/schema\/person\/c4278d4a6028830caff9ee44b42d32ed\"},\"breadcrumb\":{\"@id\":\"https:\/\/portaltela.pt\/noticias\/2026\/01\/12\/lula-elogia-vitorias-de-wagner-moura-e-o-agente-secreto-nos-globos-de-ouro\/#breadcrumb\"},\"inLanguage\":\"pt-PT\",\"potentialAction\":[{\"@type\":\"ReadAction\",\"target\":[\"https:\/\/portaltela.pt\/noticias\/2026\/01\/12\/lula-elogia-vitorias-de-wagner-moura-e-o-agente-secreto-nos-globos-de-ouro\/\"]}]},{\"@type\":\"ImageObject\",\"inLanguage\":\"pt-PT\",\"@id\":\"https:\/\/portaltela.pt\/noticias\/2026\/01\/12\/lula-elogia-vitorias-de-wagner-moura-e-o-agente-secreto-nos-globos-de-ouro\/#primaryimage\",\"url\":\"https:\/\/portaltela.pt\/s.01k8rhncp4jt1\/2026\/01\/img_1500x1000uu2026-01-12-17-05-34-2259670.jpg\",\"contentUrl\":\"https:\/\/portaltela.pt\/s.01k8rhncp4jt1\/2026\/01\/img_1500x1000uu2026-01-12-17-05-34-2259670.jpg\",\"width\":796,\"height\":448,\"caption\":\"Ator brasileiro venceu pr\u00e9mio de Melhor Ator Principal (Drama)\"},{\"@type\":\"BreadcrumbList\",\"@id\":\"https:\/\/portaltela.pt\/noticias\/2026\/01\/12\/lula-elogia-vitorias-de-wagner-moura-e-o-agente-secreto-nos-globos-de-ouro\/#breadcrumb\",\"itemListElement\":[{\"@type\":\"ListItem\",\"position\":1,\"name\":\"In\u00edcio\",\"item\":\"https:\/\/portaltela.pt\/\"},{\"@type\":\"ListItem\",\"position\":2,\"name\":\"Lula elogia vit\u00f3rias de Wagner Moura e O Agente Secreto nos Globos de Ouro\"}]},{\"@type\":\"WebSite\",\"@id\":\"https:\/\/portaltela.pt\/#website\",\"url\":\"https:\/\/portaltela.pt\/\",\"name\":\"Portal Tela Portugal\",\"description\":\"\",\"potentialAction\":[{\"@type\":\"SearchAction\",\"target\":{\"@type\":\"EntryPoint\",\"urlTemplate\":\"https:\/\/portaltela.pt\/?s={search_term_string}\"},\"query-input\":{\"@type\":\"PropertyValueSpecification\",\"valueRequired\":true,\"valueName\":\"search_term_string\"}}],\"inLanguage\":\"pt-PT\"},{\"@type\":\"Person\",\"@id\":\"https:\/\/portaltela.pt\/#\/schema\/person\/c4278d4a6028830caff9ee44b42d32ed\",\"name\":\"Telinha\",\"image\":{\"@type\":\"ImageObject\",\"inLanguage\":\"pt-PT\",\"@id\":\"https:\/\/portaltela.pt\/s.01k8rhncp4jt1\/2025\/11\/talking-bot-125x125.png\",\"url\":\"https:\/\/portaltela.pt\/s.01k8rhncp4jt1\/2025\/11\/talking-bot-125x125.png\",\"contentUrl\":\"https:\/\/portaltela.pt\/s.01k8rhncp4jt1\/2025\/11\/talking-bot-125x125.png\",\"caption\":\"Telinha\"},\"sameAs\":[\"https:\/\/portaltela.pt\/\"],\"url\":\"https:\/\/portaltela.pt\/por\/367410592786\/\"}]}<\/script>\n<!-- \/ Yoast SEO plugin. -->","yoast_head_json":{"title":"Lula elogia vit\u00f3rias de Wagner Moura e O Agente Secreto nos Globos de Ouro - Portal Tela Portugal","robots":{"index":"index","follow":"follow","max-snippet":"max-snippet:-1","max-image-preview":"max-image-preview:large","max-video-preview":"max-video-preview:-1"},"og_locale":"pt_PT","og_type":"article","og_title":"Lula elogia vit\u00f3rias de Wagner Moura e O Agente Secreto nos Globos de Ouro - Portal Tela Portugal","og_description":"O presidente Lula da Silva elogiou as vit\u00f3rias de Wagner Moura e de O Agente Secreto nos Globos de Ouro. O filme venceu Melhor Filme de L\u00edngua n\u00e3o Inglesa e Melhor Ator de Drama, premiando o conjunto da obra no concurso norte\u2011americano. Wagner Moura recebeu a estatueta de Melhor Ator, destacando a performance do ator baiano em O Agente Secreto. O filme, dirigido por Kleber Mendon\u00e7a Filho, retrata a vida de um homem durante a ditadura militar brasileira e estreou em Cannes em 2025. Em Portugal, a produ\u00e7\u00e3o estreou em outubro e, segundo as previs\u00f5es, pode ser nomeada para os \u00d3scares, incluindo Melhor Filme e Melhor Filme Internacional.","og_url":"https:\/\/portaltela.pt\/noticias\/2026\/01\/12\/lula-elogia-vitorias-de-wagner-moura-e-o-agente-secreto-nos-globos-de-ouro\/","og_site_name":"Portal Tela Portugal","article_published_time":"2026-01-12T17:18:36+00:00","author":"Telinha","twitter_card":"summary_large_image","twitter_misc":{"Escrito por":"Telinha","Tempo estimado de leitura":"1 minuto"},"schema":{"@context":"https:\/\/schema.org","@graph":[{"@type":"Article","@id":"https:\/\/portaltela.pt\/noticias\/2026\/01\/12\/lula-elogia-vitorias-de-wagner-moura-e-o-agente-secreto-nos-globos-de-ouro\/#article","isPartOf":{"@id":"https:\/\/portaltela.pt\/noticias\/2026\/01\/12\/lula-elogia-vitorias-de-wagner-moura-e-o-agente-secreto-nos-globos-de-ouro\/"},"author":{"name":"Telinha","@id":"https:\/\/portaltela.pt\/#\/schema\/person\/c4278d4a6028830caff9ee44b42d32ed"},"headline":"Lula elogia vit\u00f3rias de Wagner Moura e O Agente Secreto nos Globos de Ouro","datePublished":"2026-01-12T17:18:36+00:00","mainEntityOfPage":{"@id":"https:\/\/portaltela.pt\/noticias\/2026\/01\/12\/lula-elogia-vitorias-de-wagner-moura-e-o-agente-secreto-nos-globos-de-ouro\/"},"wordCount":273,"image":{"@id":"https:\/\/portaltela.pt\/noticias\/2026\/01\/12\/lula-elogia-vitorias-de-wagner-moura-e-o-agente-secreto-nos-globos-de-ouro\/#primaryimage"},"thumbnailUrl":"https:\/\/portaltela.pt\/s.01k8rhncp4jt1\/2026\/01\/img_1500x1000uu2026-01-12-17-05-34-2259670.jpg","keywords":["Brasil","cinema","filmes e s\u00e9ries","globos de ouro","Wagner Moura"],"articleSection":["Not\u00edcias"],"inLanguage":"pt-PT"},{"@type":"WebPage","@id":"https:\/\/portaltela.pt\/noticias\/2026\/01\/12\/lula-elogia-vitorias-de-wagner-moura-e-o-agente-secreto-nos-globos-de-ouro\/","url":"https:\/\/portaltela.pt\/noticias\/2026\/01\/12\/lula-elogia-vitorias-de-wagner-moura-e-o-agente-secreto-nos-globos-de-ouro\/","name":"Lula elogia vit\u00f3rias de Wagner Moura e O Agente Secreto nos Globos de Ouro - Portal Tela Portugal","isPartOf":{"@id":"https:\/\/portaltela.pt\/#website"},"primaryImageOfPage":{"@id":"https:\/\/portaltela.pt\/noticias\/2026\/01\/12\/lula-elogia-vitorias-de-wagner-moura-e-o-agente-secreto-nos-globos-de-ouro\/#primaryimage"},"image":{"@id":"https:\/\/portaltela.pt\/noticias\/2026\/01\/12\/lula-elogia-vitorias-de-wagner-moura-e-o-agente-secreto-nos-globos-de-ouro\/#primaryimage"},"thumbnailUrl":"https:\/\/portaltela.pt\/s.01k8rhncp4jt1\/2026\/01\/img_1500x1000uu2026-01-12-17-05-34-2259670.jpg","datePublished":"2026-01-12T17:18:36+00:00","author":{"@id":"https:\/\/portaltela.pt\/#\/schema\/person\/c4278d4a6028830caff9ee44b42d32ed"},"breadcrumb":{"@id":"https:\/\/portaltela.pt\/noticias\/2026\/01\/12\/lula-elogia-vitorias-de-wagner-moura-e-o-agente-secreto-nos-globos-de-ouro\/#breadcrumb"},"inLanguage":"pt-PT","potentialAction":[{"@type":"ReadAction","target":["https:\/\/portaltela.pt\/noticias\/2026\/01\/12\/lula-elogia-vitorias-de-wagner-moura-e-o-agente-secreto-nos-globos-de-ouro\/"]}]},{"@type":"ImageObject","inLanguage":"pt-PT","@id":"https:\/\/portaltela.pt\/noticias\/2026\/01\/12\/lula-elogia-vitorias-de-wagner-moura-e-o-agente-secreto-nos-globos-de-ouro\/#primaryimage","url":"https:\/\/portaltela.pt\/s.01k8rhncp4jt1\/2026\/01\/img_1500x1000uu2026-01-12-17-05-34-2259670.jpg","contentUrl":"https:\/\/portaltela.pt\/s.01k8rhncp4jt1\/2026\/01\/img_1500x1000uu2026-01-12-17-05-34-2259670.jpg","width":796,"height":448,"caption":"Ator brasileiro venceu pr\u00e9mio de Melhor Ator Principal (Drama)"},{"@type":"BreadcrumbList","@id":"https:\/\/portaltela.pt\/noticias\/2026\/01\/12\/lula-elogia-vitorias-de-wagner-moura-e-o-agente-secreto-nos-globos-de-ouro\/#breadcrumb","itemListElement":[{"@type":"ListItem","position":1,"name":"In\u00edcio","item":"https:\/\/portaltela.pt\/"},{"@type":"ListItem","position":2,"name":"Lula elogia vit\u00f3rias de Wagner Moura e O Agente Secreto nos Globos de Ouro"}]},{"@type":"WebSite","@id":"https:\/\/portaltela.pt\/#website","url":"https:\/\/portaltela.pt\/","name":"Portal Tela Portugal","description":"","potentialAction":[{"@type":"SearchAction","target":{"@type":"EntryPoint","urlTemplate":"https:\/\/portaltela.pt\/?s={search_term_string}"},"query-input":{"@type":"PropertyValueSpecification","valueRequired":true,"valueName":"search_term_string"}}],"inLanguage":"pt-PT"},{"@type":"Person","@id":"https:\/\/portaltela.pt\/#\/schema\/person\/c4278d4a6028830caff9ee44b42d32ed","name":"Telinha","image":{"@type":"ImageObject","inLanguage":"pt-PT","@id":"https:\/\/portaltela.pt\/s.01k8rhncp4jt1\/2025\/11\/talking-bot-125x125.png","url":"https:\/\/portaltela.pt\/s.01k8rhncp4jt1\/2025\/11\/talking-bot-125x125.png","contentUrl":"https:\/\/portaltela.pt\/s.01k8rhncp4jt1\/2025\/11\/talking-bot-125x125.png","caption":"Telinha"},"sameAs":["https:\/\/portaltela.pt\/"],"url":"https:\/\/portaltela.pt\/por\/367410592786\/"}]}},"_links":{"self":[{"href":"https:\/\/portaltela.pt\/api\/wp\/v2\/posts\/136076","targetHints":{"allow":["GET"]}}],"collection":[{"href":"https:\/\/portaltela.pt\/api\/wp\/v2\/posts"}],"about":[{"href":"https:\/\/portaltela.pt\/api\/wp\/v2\/types\/post"}],"author":[{"embeddable":true,"href":"https:\/\/portaltela.pt\/api\/wp\/v2\/users\/2"}],"replies":[{"embeddable":true,"href":"https:\/\/portaltela.pt\/api\/wp\/v2\/comments?post=136076"}],"version-history":[{"count":0,"href":"https:\/\/portaltela.pt\/api\/wp\/v2\/posts\/136076\/revisions"}],"wp:featuredmedia":[{"embeddable":true,"href":"https:\/\/portaltela.pt\/api\/wp\/v2\/media\/136086"}],"wp:attachment":[{"href":"https:\/\/portaltela.pt\/api\/wp\/v2\/media?parent=136076"}],"wp:term":[{"taxonomy":"category","embeddable":true,"href":"https:\/\/portaltela.pt\/api\/wp\/v2\/categories?post=136076"},{"taxonomy":"post_tag","embeddable":true,"href":"https:\/\/portaltela.pt\/api\/wp\/v2\/tags?post=136076"}],"curies":[{"name":"wp","href":"https:\/\/api.w.org\/{rel}","templated":true}]}}