{"id":136043,"date":"2026-01-12T14:02:00","date_gmt":"2026-01-12T17:02:00","guid":{"rendered":"https:\/\/portaltela.pt\/noticias\/2026\/01\/12\/reinaldo-ventura-assume-o-comando-da-selecao-nacional\/"},"modified":"2026-01-12T14:02:00","modified_gmt":"2026-01-12T17:02:00","slug":"reinaldo-ventura-assume-o-comando-da-selecao-nacional","status":"publish","type":"post","link":"https:\/\/portaltela.pt\/desporto\/2026\/01\/12\/reinaldo-ventura-assume-o-comando-da-selecao-nacional\/","title":{"rendered":"Reinaldo Ventura assume o comando da sele\u00e7\u00e3o nacional"},"content":{"rendered":"<p>Reinaldo Ventura viu o sonho tornar-se realidade ao assumir o cargo de selecionador nacional de h\u00f3quei em patins. A nomea\u00e7\u00e3o foi anunciada na sede do Comit\u00e9 Ol\u00edmpico de Portugal (COP) na segunda-feira, pela Federa\u00e7\u00e3o de Patinagem de Portugal (FPP). O t\u00e9cnico assume o cargo com contrato at\u00e9 2028 e manter\u00e1 fun\u00e7\u00f5es como treinador da Sanjoanense at\u00e9 ao fim da temporada.<\/p>\n<p>Ventura, antigo internacional com passagem por FC Porto, \u00d3quei de Barcelos, Viareggio e Trisino, encerrou a carreira no Juventude de Viana, onde iniciou o percurso como treinador. O novo selecionador afirma ter plena no\u00e7\u00e3o de estar numa fase de crescimento e real\u00e7a o valor da experi\u00eancia adquirida ao longo da carreira.<\/p>\n<h3>Nova estrutura t\u00e9cnica<\/h3>\n<p>Acompanham Ventura na equipa t\u00e9cnica Marco Lopes e Hugo Silva, tamb\u00e9m ligado \u00e0 Sanjoanense. A estreia oficial est\u00e1 marcada para o Torneio de Montreux, em abril, elevando a fasquia para o in\u00edcio de um ciclo competitivo com foco em t\u00edtulos.<\/p>\n<p>Lu\u00eds S\u00e9nica, presidente da FPP e ex-seleccionador, justificou a escolha: Ventura foi a op\u00e7\u00e3o \u00fanica considerada. A dire\u00e7\u00e3o pretendia manter a consolida\u00e7\u00e3o do trabalho desenvolvido a n\u00edvel de sele\u00e7\u00f5es nacionais, alinhando o projeto global da federa\u00e7\u00e3o com o nome escolhido.<\/p>\n","protected":false},"excerpt":{"rendered":"<ul>\n<li>Reinaldo Ventura foi apresentado como novo selecionador nacional de h\u00f3quei em patins, numa cerim\u00f3nia na sede do Comit\u00e9 Ol\u00edmpico de Portugal (COP).<\/li>\n<li>O contrato do t\u00e9cnico de 47 anos vai at\u00e9 2028, mantendo-o tamb\u00e9m no cargo de treinador da Sanjoanense at\u00e9 ao final da presente temporada.<\/li>\n<li>Ventura destacou a vontade de trabalhar com foco em t\u00edtulos e refor\u00e7ou que \u00e9 um sonho tornar-se selecionador, aproveitando a experi\u00eancia acumulada para transmitir conhecimento.<\/li>\n<li>Na nova estrutura, contar\u00e1 com Marco Lopes e Hugo Silva, seguindo para a estreia no Torneio de Montreux, em abril.<\/li>\n<li>Lu\u00eds S\u00e9nica, presidente da Federa\u00e7\u00e3o de Patinagem de Portugal (FPP), afirmou que Ventura foi a \u00fanica escolha ap\u00f3s uma pondera\u00e7\u00e3o cuidadosa para garantir a consolida\u00e7\u00e3o do trabalho nas sele\u00e7\u00f5es nacionais.<\/li>\n<\/ul>\n","protected":false},"author":2,"featured_media":136048,"comment_status":"closed","ping_status":"closed","sticky":false,"template":"","format":"standard","meta":{"footnotes":""},"categories":[21],"tags":[152,2681,171,1014,2057,2477],"class_list":["post-136043","post","type-post","status-publish","format-standard","has-post-thumbnail","hentry","category-desporto","tag-desporto","tag-desporto-internacional","tag-hoquei-em-patins","tag-portugal","tag-selecao-nacional","tag-treinadores"],"yoast_head":"<!-- This site is optimized with the Yoast SEO plugin v27.2 - https:\/\/yoast.com\/product\/yoast-seo-wordpress\/ -->\n<title>Reinaldo Ventura assume o comando da sele\u00e7\u00e3o nacional - Portal Tela Portugal<\/title>\n<meta name=\"robots\" content=\"index, follow, max-snippet:-1, max-image-preview:large, max-video-preview:-1\" \/>\n<meta property=\"og:locale\" content=\"pt_PT\" \/>\n<meta property=\"og:type\" content=\"article\" \/>\n<meta property=\"og:title\" content=\"Reinaldo Ventura assume o comando da sele\u00e7\u00e3o nacional - Portal Tela Portugal\" \/>\n<meta property=\"og:description\" content=\"Reinaldo Ventura foi apresentado como novo selecionador nacional de h\u00f3quei em patins, numa cerim\u00f3nia na sede do Comit\u00e9 Ol\u00edmpico de Portugal (COP). O contrato do t\u00e9cnico de 47 anos vai at\u00e9 2028, mantendo-o tamb\u00e9m no cargo de treinador da Sanjoanense at\u00e9 ao final da presente temporada. Ventura destacou a vontade de trabalhar com foco em t\u00edtulos e refor\u00e7ou que \u00e9 um sonho tornar-se selecionador, aproveitando a experi\u00eancia acumulada para transmitir conhecimento. Na nova estrutura, contar\u00e1 com Marco Lopes e Hugo Silva, seguindo para a estreia no Torneio de Montreux, em abril. Lu\u00eds S\u00e9nica, presidente da Federa\u00e7\u00e3o de Patinagem de Portugal (FPP), afirmou que Ventura foi a \u00fanica escolha ap\u00f3s uma pondera\u00e7\u00e3o cuidadosa para garantir a consolida\u00e7\u00e3o do trabalho nas sele\u00e7\u00f5es nacionais.\" \/>\n<meta property=\"og:url\" content=\"https:\/\/portaltela.pt\/noticias\/2026\/01\/12\/reinaldo-ventura-assume-o-comando-da-selecao-nacional\/\" \/>\n<meta property=\"og:site_name\" content=\"Portal Tela Portugal\" \/>\n<meta property=\"article:published_time\" content=\"2026-01-12T17:02:00+00:00\" \/>\n<meta name=\"author\" content=\"Telinha\" \/>\n<meta name=\"twitter:card\" content=\"summary_large_image\" \/>\n<meta name=\"twitter:label1\" content=\"Escrito por\" \/>\n\t<meta name=\"twitter:data1\" content=\"Telinha\" \/>\n\t<meta name=\"twitter:label2\" content=\"Tempo estimado de leitura\" \/>\n\t<meta name=\"twitter:data2\" content=\"1 minuto\" \/>\n<script type=\"application\/ld+json\" class=\"yoast-schema-graph\">{\"@context\":\"https:\/\/schema.org\",\"@graph\":[{\"@type\":\"Article\",\"@id\":\"https:\/\/portaltela.pt\/noticias\/2026\/01\/12\/reinaldo-ventura-assume-o-comando-da-selecao-nacional\/#article\",\"isPartOf\":{\"@id\":\"https:\/\/portaltela.pt\/noticias\/2026\/01\/12\/reinaldo-ventura-assume-o-comando-da-selecao-nacional\/\"},\"author\":{\"name\":\"Telinha\",\"@id\":\"https:\/\/portaltela.pt\/#\/schema\/person\/c4278d4a6028830caff9ee44b42d32ed\"},\"headline\":\"Reinaldo Ventura assume o comando da sele\u00e7\u00e3o nacional\",\"datePublished\":\"2026-01-12T17:02:00+00:00\",\"mainEntityOfPage\":{\"@id\":\"https:\/\/portaltela.pt\/noticias\/2026\/01\/12\/reinaldo-ventura-assume-o-comando-da-selecao-nacional\/\"},\"wordCount\":223,\"image\":{\"@id\":\"https:\/\/portaltela.pt\/noticias\/2026\/01\/12\/reinaldo-ventura-assume-o-comando-da-selecao-nacional\/#primaryimage\"},\"thumbnailUrl\":\"https:\/\/portaltela.pt\/s.01k8rhncp4jt1\/2026\/01\/img_920x518uu2026-01-12-17-00-06-2414340.jpg\",\"keywords\":[\"desporto\",\"desporto internacional\",\"h\u00f3quei em patins\",\"Portugal\",\"Sele\u00e7\u00e3o Nacional\",\"treinadores\"],\"articleSection\":[\"Desporto\"],\"inLanguage\":\"pt-PT\"},{\"@type\":\"WebPage\",\"@id\":\"https:\/\/portaltela.pt\/noticias\/2026\/01\/12\/reinaldo-ventura-assume-o-comando-da-selecao-nacional\/\",\"url\":\"https:\/\/portaltela.pt\/noticias\/2026\/01\/12\/reinaldo-ventura-assume-o-comando-da-selecao-nacional\/\",\"name\":\"Reinaldo Ventura assume o comando da sele\u00e7\u00e3o nacional - Portal Tela Portugal\",\"isPartOf\":{\"@id\":\"https:\/\/portaltela.pt\/#website\"},\"primaryImageOfPage\":{\"@id\":\"https:\/\/portaltela.pt\/noticias\/2026\/01\/12\/reinaldo-ventura-assume-o-comando-da-selecao-nacional\/#primaryimage\"},\"image\":{\"@id\":\"https:\/\/portaltela.pt\/noticias\/2026\/01\/12\/reinaldo-ventura-assume-o-comando-da-selecao-nacional\/#primaryimage\"},\"thumbnailUrl\":\"https:\/\/portaltela.pt\/s.01k8rhncp4jt1\/2026\/01\/img_920x518uu2026-01-12-17-00-06-2414340.jpg\",\"datePublished\":\"2026-01-12T17:02:00+00:00\",\"author\":{\"@id\":\"https:\/\/portaltela.pt\/#\/schema\/person\/c4278d4a6028830caff9ee44b42d32ed\"},\"breadcrumb\":{\"@id\":\"https:\/\/portaltela.pt\/noticias\/2026\/01\/12\/reinaldo-ventura-assume-o-comando-da-selecao-nacional\/#breadcrumb\"},\"inLanguage\":\"pt-PT\",\"potentialAction\":[{\"@type\":\"ReadAction\",\"target\":[\"https:\/\/portaltela.pt\/noticias\/2026\/01\/12\/reinaldo-ventura-assume-o-comando-da-selecao-nacional\/\"]}]},{\"@type\":\"ImageObject\",\"inLanguage\":\"pt-PT\",\"@id\":\"https:\/\/portaltela.pt\/noticias\/2026\/01\/12\/reinaldo-ventura-assume-o-comando-da-selecao-nacional\/#primaryimage\",\"url\":\"https:\/\/portaltela.pt\/s.01k8rhncp4jt1\/2026\/01\/img_920x518uu2026-01-12-17-00-06-2414340.jpg\",\"contentUrl\":\"https:\/\/portaltela.pt\/s.01k8rhncp4jt1\/2026\/01\/img_920x518uu2026-01-12-17-00-06-2414340.jpg\",\"width\":796,\"height\":448,\"caption\":\"Reinaldo Ventura \u00e9 o novo selecionador nacional\"},{\"@type\":\"BreadcrumbList\",\"@id\":\"https:\/\/portaltela.pt\/noticias\/2026\/01\/12\/reinaldo-ventura-assume-o-comando-da-selecao-nacional\/#breadcrumb\",\"itemListElement\":[{\"@type\":\"ListItem\",\"position\":1,\"name\":\"In\u00edcio\",\"item\":\"https:\/\/portaltela.pt\/\"},{\"@type\":\"ListItem\",\"position\":2,\"name\":\"Reinaldo Ventura assume o comando da sele\u00e7\u00e3o nacional\"}]},{\"@type\":\"WebSite\",\"@id\":\"https:\/\/portaltela.pt\/#website\",\"url\":\"https:\/\/portaltela.pt\/\",\"name\":\"Portal Tela Portugal\",\"description\":\"\",\"potentialAction\":[{\"@type\":\"SearchAction\",\"target\":{\"@type\":\"EntryPoint\",\"urlTemplate\":\"https:\/\/portaltela.pt\/?s={search_term_string}\"},\"query-input\":{\"@type\":\"PropertyValueSpecification\",\"valueRequired\":true,\"valueName\":\"search_term_string\"}}],\"inLanguage\":\"pt-PT\"},{\"@type\":\"Person\",\"@id\":\"https:\/\/portaltela.pt\/#\/schema\/person\/c4278d4a6028830caff9ee44b42d32ed\",\"name\":\"Telinha\",\"image\":{\"@type\":\"ImageObject\",\"inLanguage\":\"pt-PT\",\"@id\":\"https:\/\/portaltela.pt\/s.01k8rhncp4jt1\/2025\/11\/talking-bot-125x125.png\",\"url\":\"https:\/\/portaltela.pt\/s.01k8rhncp4jt1\/2025\/11\/talking-bot-125x125.png\",\"contentUrl\":\"https:\/\/portaltela.pt\/s.01k8rhncp4jt1\/2025\/11\/talking-bot-125x125.png\",\"caption\":\"Telinha\"},\"sameAs\":[\"https:\/\/portaltela.pt\/\"],\"url\":\"https:\/\/portaltela.pt\/por\/367410592786\/\"}]}<\/script>\n<!-- \/ Yoast SEO plugin. -->","yoast_head_json":{"title":"Reinaldo Ventura assume o comando da sele\u00e7\u00e3o nacional - Portal Tela Portugal","robots":{"index":"index","follow":"follow","max-snippet":"max-snippet:-1","max-image-preview":"max-image-preview:large","max-video-preview":"max-video-preview:-1"},"og_locale":"pt_PT","og_type":"article","og_title":"Reinaldo Ventura assume o comando da sele\u00e7\u00e3o nacional - Portal Tela Portugal","og_description":"Reinaldo Ventura foi apresentado como novo selecionador nacional de h\u00f3quei em patins, numa cerim\u00f3nia na sede do Comit\u00e9 Ol\u00edmpico de Portugal (COP). O contrato do t\u00e9cnico de 47 anos vai at\u00e9 2028, mantendo-o tamb\u00e9m no cargo de treinador da Sanjoanense at\u00e9 ao final da presente temporada. Ventura destacou a vontade de trabalhar com foco em t\u00edtulos e refor\u00e7ou que \u00e9 um sonho tornar-se selecionador, aproveitando a experi\u00eancia acumulada para transmitir conhecimento. Na nova estrutura, contar\u00e1 com Marco Lopes e Hugo Silva, seguindo para a estreia no Torneio de Montreux, em abril. Lu\u00eds S\u00e9nica, presidente da Federa\u00e7\u00e3o de Patinagem de Portugal (FPP), afirmou que Ventura foi a \u00fanica escolha ap\u00f3s uma pondera\u00e7\u00e3o cuidadosa para garantir a consolida\u00e7\u00e3o do trabalho nas sele\u00e7\u00f5es nacionais.","og_url":"https:\/\/portaltela.pt\/noticias\/2026\/01\/12\/reinaldo-ventura-assume-o-comando-da-selecao-nacional\/","og_site_name":"Portal Tela Portugal","article_published_time":"2026-01-12T17:02:00+00:00","author":"Telinha","twitter_card":"summary_large_image","twitter_misc":{"Escrito por":"Telinha","Tempo estimado de leitura":"1 minuto"},"schema":{"@context":"https:\/\/schema.org","@graph":[{"@type":"Article","@id":"https:\/\/portaltela.pt\/noticias\/2026\/01\/12\/reinaldo-ventura-assume-o-comando-da-selecao-nacional\/#article","isPartOf":{"@id":"https:\/\/portaltela.pt\/noticias\/2026\/01\/12\/reinaldo-ventura-assume-o-comando-da-selecao-nacional\/"},"author":{"name":"Telinha","@id":"https:\/\/portaltela.pt\/#\/schema\/person\/c4278d4a6028830caff9ee44b42d32ed"},"headline":"Reinaldo Ventura assume o comando da sele\u00e7\u00e3o nacional","datePublished":"2026-01-12T17:02:00+00:00","mainEntityOfPage":{"@id":"https:\/\/portaltela.pt\/noticias\/2026\/01\/12\/reinaldo-ventura-assume-o-comando-da-selecao-nacional\/"},"wordCount":223,"image":{"@id":"https:\/\/portaltela.pt\/noticias\/2026\/01\/12\/reinaldo-ventura-assume-o-comando-da-selecao-nacional\/#primaryimage"},"thumbnailUrl":"https:\/\/portaltela.pt\/s.01k8rhncp4jt1\/2026\/01\/img_920x518uu2026-01-12-17-00-06-2414340.jpg","keywords":["desporto","desporto internacional","h\u00f3quei em patins","Portugal","Sele\u00e7\u00e3o Nacional","treinadores"],"articleSection":["Desporto"],"inLanguage":"pt-PT"},{"@type":"WebPage","@id":"https:\/\/portaltela.pt\/noticias\/2026\/01\/12\/reinaldo-ventura-assume-o-comando-da-selecao-nacional\/","url":"https:\/\/portaltela.pt\/noticias\/2026\/01\/12\/reinaldo-ventura-assume-o-comando-da-selecao-nacional\/","name":"Reinaldo Ventura assume o comando da sele\u00e7\u00e3o nacional - Portal Tela Portugal","isPartOf":{"@id":"https:\/\/portaltela.pt\/#website"},"primaryImageOfPage":{"@id":"https:\/\/portaltela.pt\/noticias\/2026\/01\/12\/reinaldo-ventura-assume-o-comando-da-selecao-nacional\/#primaryimage"},"image":{"@id":"https:\/\/portaltela.pt\/noticias\/2026\/01\/12\/reinaldo-ventura-assume-o-comando-da-selecao-nacional\/#primaryimage"},"thumbnailUrl":"https:\/\/portaltela.pt\/s.01k8rhncp4jt1\/2026\/01\/img_920x518uu2026-01-12-17-00-06-2414340.jpg","datePublished":"2026-01-12T17:02:00+00:00","author":{"@id":"https:\/\/portaltela.pt\/#\/schema\/person\/c4278d4a6028830caff9ee44b42d32ed"},"breadcrumb":{"@id":"https:\/\/portaltela.pt\/noticias\/2026\/01\/12\/reinaldo-ventura-assume-o-comando-da-selecao-nacional\/#breadcrumb"},"inLanguage":"pt-PT","potentialAction":[{"@type":"ReadAction","target":["https:\/\/portaltela.pt\/noticias\/2026\/01\/12\/reinaldo-ventura-assume-o-comando-da-selecao-nacional\/"]}]},{"@type":"ImageObject","inLanguage":"pt-PT","@id":"https:\/\/portaltela.pt\/noticias\/2026\/01\/12\/reinaldo-ventura-assume-o-comando-da-selecao-nacional\/#primaryimage","url":"https:\/\/portaltela.pt\/s.01k8rhncp4jt1\/2026\/01\/img_920x518uu2026-01-12-17-00-06-2414340.jpg","contentUrl":"https:\/\/portaltela.pt\/s.01k8rhncp4jt1\/2026\/01\/img_920x518uu2026-01-12-17-00-06-2414340.jpg","width":796,"height":448,"caption":"Reinaldo Ventura \u00e9 o novo selecionador nacional"},{"@type":"BreadcrumbList","@id":"https:\/\/portaltela.pt\/noticias\/2026\/01\/12\/reinaldo-ventura-assume-o-comando-da-selecao-nacional\/#breadcrumb","itemListElement":[{"@type":"ListItem","position":1,"name":"In\u00edcio","item":"https:\/\/portaltela.pt\/"},{"@type":"ListItem","position":2,"name":"Reinaldo Ventura assume o comando da sele\u00e7\u00e3o nacional"}]},{"@type":"WebSite","@id":"https:\/\/portaltela.pt\/#website","url":"https:\/\/portaltela.pt\/","name":"Portal Tela Portugal","description":"","potentialAction":[{"@type":"SearchAction","target":{"@type":"EntryPoint","urlTemplate":"https:\/\/portaltela.pt\/?s={search_term_string}"},"query-input":{"@type":"PropertyValueSpecification","valueRequired":true,"valueName":"search_term_string"}}],"inLanguage":"pt-PT"},{"@type":"Person","@id":"https:\/\/portaltela.pt\/#\/schema\/person\/c4278d4a6028830caff9ee44b42d32ed","name":"Telinha","image":{"@type":"ImageObject","inLanguage":"pt-PT","@id":"https:\/\/portaltela.pt\/s.01k8rhncp4jt1\/2025\/11\/talking-bot-125x125.png","url":"https:\/\/portaltela.pt\/s.01k8rhncp4jt1\/2025\/11\/talking-bot-125x125.png","contentUrl":"https:\/\/portaltela.pt\/s.01k8rhncp4jt1\/2025\/11\/talking-bot-125x125.png","caption":"Telinha"},"sameAs":["https:\/\/portaltela.pt\/"],"url":"https:\/\/portaltela.pt\/por\/367410592786\/"}]}},"_links":{"self":[{"href":"https:\/\/portaltela.pt\/api\/wp\/v2\/posts\/136043","targetHints":{"allow":["GET"]}}],"collection":[{"href":"https:\/\/portaltela.pt\/api\/wp\/v2\/posts"}],"about":[{"href":"https:\/\/portaltela.pt\/api\/wp\/v2\/types\/post"}],"author":[{"embeddable":true,"href":"https:\/\/portaltela.pt\/api\/wp\/v2\/users\/2"}],"replies":[{"embeddable":true,"href":"https:\/\/portaltela.pt\/api\/wp\/v2\/comments?post=136043"}],"version-history":[{"count":0,"href":"https:\/\/portaltela.pt\/api\/wp\/v2\/posts\/136043\/revisions"}],"wp:featuredmedia":[{"embeddable":true,"href":"https:\/\/portaltela.pt\/api\/wp\/v2\/media\/136048"}],"wp:attachment":[{"href":"https:\/\/portaltela.pt\/api\/wp\/v2\/media?parent=136043"}],"wp:term":[{"taxonomy":"category","embeddable":true,"href":"https:\/\/portaltela.pt\/api\/wp\/v2\/categories?post=136043"},{"taxonomy":"post_tag","embeddable":true,"href":"https:\/\/portaltela.pt\/api\/wp\/v2\/tags?post=136043"}],"curies":[{"name":"wp","href":"https:\/\/api.w.org\/{rel}","templated":true}]}}