{"id":136025,"date":"2026-01-12T14:08:00","date_gmt":"2026-01-12T17:08:00","guid":{"rendered":"https:\/\/portaltela.pt\/noticias\/2026\/01\/12\/ordem-dos-enfermeiros-rejeita-limites-a-contratacao\/"},"modified":"2026-01-12T14:08:00","modified_gmt":"2026-01-12T17:08:00","slug":"ordem-dos-enfermeiros-rejeita-limites-a-contratacao","status":"publish","type":"post","link":"https:\/\/portaltela.pt\/noticias\/2026\/01\/12\/ordem-dos-enfermeiros-rejeita-limites-a-contratacao\/","title":{"rendered":"Ordem dos Enfermeiros rejeita limites \u00e0 contrata\u00e7\u00e3o"},"content":{"rendered":"<p>O baston\u00e1rio da Ordem dos Enfermeiros (OE) pediu ao Governo que recue na ideia de impor limites \u00e0 contrata\u00e7\u00e3o de enfermeiros, alertando para o risco que tal medida representa para o SNS. A posi\u00e7\u00e3o foi comunicada numa carta dirigida ao primeiro-ministro, Assembleia, ministra da Sa\u00fade e ministro das Finan\u00e7as.<\/p>\n<p>Lu\u00eds Filipe Barreira afirma que a profiss\u00e3o n\u00e3o deve ficar sujeita a restri\u00e7\u00f5es e classifica a medida como incompat\u00edvel com as necessidades assistenciais. O baston\u00e1rio sustenta que qualquer limita\u00e7\u00e3o deveria vir acompanhada de um plano de contrata\u00e7\u00e3o de enfermeiros para responder aos obst\u00e1culos do SNS.<\/p>\n<p>A OE aponta que o SNS j\u00e1 enfrenta uma car\u00eancia significativa de profissionais, estimando uma falta de cerca de 14 mil enfermeiros. A entidade acusa que a escassez se traduz em despesa com horas extra e em n\u00edveis de exaust\u00e3o entre os trabalhadores.<\/p>\n<h3>Contexto e dados<\/h3>\n<p>Segundo a OE, Portugal tem cerca de 5,8 m\u00e9dicos por mil habitantes, acima da m\u00e9dia OCDE, mas apenas 7,6 enfermeiros por mil habitantes, abaixo do padr\u00e3o internacional. A ordem conclui que o problema n\u00e3o est\u00e1 na oferta de m\u00e9dicos, mas na insufici\u00eancia de enfermeiros.<\/p>\n<p>Para a OE, manter regimes de exce\u00e7\u00e3o apenas para m\u00e9dicos aumenta o desequil\u00edbrio entre profiss\u00f5es. A organiza\u00e7\u00e3o sustenta que a seguran\u00e7a e a qualidade dos cuidados dependem de equipas multidisciplinares completas.<\/p>\n<p>A institui\u00e7\u00e3o acrescenta que a solu\u00e7\u00e3o exige coer\u00eancia com dados, necessidades assistenciais e a realidade dos servi\u00e7os. Sem enfermeiros suficientes, n\u00e3o existe resposta sustent\u00e1vel, independentemente de contrata\u00e7\u00f5es adicionais de m\u00e9dicos.<\/p>\n","protected":false},"excerpt":{"rendered":"<ul>\n<li>A Ordem dos Enfermeiros rejeita limites \u00e0 contrata\u00e7\u00e3o e defende que enfermeiros fiquem de fora de quotas.<\/li>\n<li>O baston\u00e1rio, Lu\u00eds Filipe Barreira, afirma que restri\u00e7\u00f5es s\u00e3o prejudiciais para o SNS e para a gest\u00e3o de recursos humanos.<\/li>\n<li>A posi\u00e7\u00e3o surge a partir de uma not\u00edcia do P\u00fablico sobre orienta\u00e7\u00f5es do SNS para n\u00e3o exceder 2,4% de trabalhadores face a 31 de dezembro de 2024.<\/li>\n<li>A OE estima falta de 14 mil enfermeiros, o que aumenta a despesa com horas extraordin\u00e1rias e gera exaust\u00e3o entre os profissionais.<\/li>\n<li>A organiza\u00e7\u00e3o avisa que criar um regime de exce\u00e7\u00e3o apenas para m\u00e9dicos agrava o desequil\u00edbrio entre profiss\u00f5es e compromete a seguran\u00e7a e qualidade dos cuidados, com dados que mostram escassez de enfermeiros (7,6 por mil habitantes) versus m\u00e9dicos (5,8 por mil).<\/li>\n<\/ul>\n","protected":false},"author":2,"featured_media":136037,"comment_status":"closed","ping_status":"closed","sticky":false,"template":"","format":"standard","meta":{"footnotes":""},"categories":[1],"tags":[168,2662,2933,133,1014,271],"class_list":["post-136025","post","type-post","status-publish","format-standard","has-post-thumbnail","hentry","category-noticias","tag-administracao-publica","tag-enfermagem","tag-ordem-dos-enfermeiros","tag-politicas-publicas","tag-portugal","tag-saude-publica"],"yoast_head":"<!-- This site is optimized with the Yoast SEO plugin v27.2 - https:\/\/yoast.com\/product\/yoast-seo-wordpress\/ -->\n<title>Ordem dos Enfermeiros rejeita limites \u00e0 contrata\u00e7\u00e3o - Portal Tela Portugal<\/title>\n<meta name=\"robots\" content=\"index, follow, max-snippet:-1, max-image-preview:large, max-video-preview:-1\" \/>\n<meta property=\"og:locale\" content=\"pt_PT\" \/>\n<meta property=\"og:type\" content=\"article\" \/>\n<meta property=\"og:title\" content=\"Ordem dos Enfermeiros rejeita limites \u00e0 contrata\u00e7\u00e3o - Portal Tela Portugal\" \/>\n<meta property=\"og:description\" content=\"A Ordem dos Enfermeiros rejeita limites \u00e0 contrata\u00e7\u00e3o e defende que enfermeiros fiquem de fora de quotas. O baston\u00e1rio, Lu\u00eds Filipe Barreira, afirma que restri\u00e7\u00f5es s\u00e3o prejudiciais para o SNS e para a gest\u00e3o de recursos humanos. A posi\u00e7\u00e3o surge a partir de uma not\u00edcia do P\u00fablico sobre orienta\u00e7\u00f5es do SNS para n\u00e3o exceder 2,4% de trabalhadores face a 31 de dezembro de 2024. A OE estima falta de 14 mil enfermeiros, o que aumenta a despesa com horas extraordin\u00e1rias e gera exaust\u00e3o entre os profissionais. A organiza\u00e7\u00e3o avisa que criar um regime de exce\u00e7\u00e3o apenas para m\u00e9dicos agrava o desequil\u00edbrio entre profiss\u00f5es e compromete a seguran\u00e7a e qualidade dos cuidados, com dados que mostram escassez de enfermeiros (7,6 por mil habitantes) versus m\u00e9dicos (5,8 por mil).\" \/>\n<meta property=\"og:url\" content=\"https:\/\/portaltela.pt\/noticias\/2026\/01\/12\/ordem-dos-enfermeiros-rejeita-limites-a-contratacao\/\" \/>\n<meta property=\"og:site_name\" content=\"Portal Tela Portugal\" \/>\n<meta property=\"article:published_time\" content=\"2026-01-12T17:08:00+00:00\" \/>\n<meta name=\"author\" content=\"Telinha\" \/>\n<meta name=\"twitter:card\" content=\"summary_large_image\" \/>\n<meta name=\"twitter:label1\" content=\"Escrito por\" \/>\n\t<meta name=\"twitter:data1\" content=\"Telinha\" \/>\n\t<meta name=\"twitter:label2\" content=\"Tempo estimado de leitura\" \/>\n\t<meta name=\"twitter:data2\" content=\"1 minuto\" \/>\n<script type=\"application\/ld+json\" class=\"yoast-schema-graph\">{\"@context\":\"https:\/\/schema.org\",\"@graph\":[{\"@type\":\"Article\",\"@id\":\"https:\/\/portaltela.pt\/noticias\/2026\/01\/12\/ordem-dos-enfermeiros-rejeita-limites-a-contratacao\/#article\",\"isPartOf\":{\"@id\":\"https:\/\/portaltela.pt\/noticias\/2026\/01\/12\/ordem-dos-enfermeiros-rejeita-limites-a-contratacao\/\"},\"author\":{\"name\":\"Telinha\",\"@id\":\"https:\/\/portaltela.pt\/#\/schema\/person\/c4278d4a6028830caff9ee44b42d32ed\"},\"headline\":\"Ordem dos Enfermeiros rejeita limites \u00e0 contrata\u00e7\u00e3o\",\"datePublished\":\"2026-01-12T17:08:00+00:00\",\"mainEntityOfPage\":{\"@id\":\"https:\/\/portaltela.pt\/noticias\/2026\/01\/12\/ordem-dos-enfermeiros-rejeita-limites-a-contratacao\/\"},\"wordCount\":285,\"image\":{\"@id\":\"https:\/\/portaltela.pt\/noticias\/2026\/01\/12\/ordem-dos-enfermeiros-rejeita-limites-a-contratacao\/#primaryimage\"},\"thumbnailUrl\":\"https:\/\/portaltela.pt\/s.01k8rhncp4jt1\/2026\/01\/seguro_outline_cor-45.jpg\",\"keywords\":[\"administra\u00e7\u00e3o p\u00fablica\",\"Enfermagem\",\"Ordem dos Enfermeiros\",\"pol\u00edticas p\u00fablicas\",\"Portugal\",\"sa\u00fade p\u00fablica\"],\"articleSection\":[\"Not\u00edcias\"],\"inLanguage\":\"pt-PT\"},{\"@type\":\"WebPage\",\"@id\":\"https:\/\/portaltela.pt\/noticias\/2026\/01\/12\/ordem-dos-enfermeiros-rejeita-limites-a-contratacao\/\",\"url\":\"https:\/\/portaltela.pt\/noticias\/2026\/01\/12\/ordem-dos-enfermeiros-rejeita-limites-a-contratacao\/\",\"name\":\"Ordem dos Enfermeiros rejeita limites \u00e0 contrata\u00e7\u00e3o - Portal Tela Portugal\",\"isPartOf\":{\"@id\":\"https:\/\/portaltela.pt\/#website\"},\"primaryImageOfPage\":{\"@id\":\"https:\/\/portaltela.pt\/noticias\/2026\/01\/12\/ordem-dos-enfermeiros-rejeita-limites-a-contratacao\/#primaryimage\"},\"image\":{\"@id\":\"https:\/\/portaltela.pt\/noticias\/2026\/01\/12\/ordem-dos-enfermeiros-rejeita-limites-a-contratacao\/#primaryimage\"},\"thumbnailUrl\":\"https:\/\/portaltela.pt\/s.01k8rhncp4jt1\/2026\/01\/seguro_outline_cor-45.jpg\",\"datePublished\":\"2026-01-12T17:08:00+00:00\",\"author\":{\"@id\":\"https:\/\/portaltela.pt\/#\/schema\/person\/c4278d4a6028830caff9ee44b42d32ed\"},\"breadcrumb\":{\"@id\":\"https:\/\/portaltela.pt\/noticias\/2026\/01\/12\/ordem-dos-enfermeiros-rejeita-limites-a-contratacao\/#breadcrumb\"},\"inLanguage\":\"pt-PT\",\"potentialAction\":[{\"@type\":\"ReadAction\",\"target\":[\"https:\/\/portaltela.pt\/noticias\/2026\/01\/12\/ordem-dos-enfermeiros-rejeita-limites-a-contratacao\/\"]}]},{\"@type\":\"ImageObject\",\"inLanguage\":\"pt-PT\",\"@id\":\"https:\/\/portaltela.pt\/noticias\/2026\/01\/12\/ordem-dos-enfermeiros-rejeita-limites-a-contratacao\/#primaryimage\",\"url\":\"https:\/\/portaltela.pt\/s.01k8rhncp4jt1\/2026\/01\/seguro_outline_cor-45.jpg\",\"contentUrl\":\"https:\/\/portaltela.pt\/s.01k8rhncp4jt1\/2026\/01\/seguro_outline_cor-45.jpg\",\"width\":796,\"height\":448,\"caption\":\"Photo\"},{\"@type\":\"BreadcrumbList\",\"@id\":\"https:\/\/portaltela.pt\/noticias\/2026\/01\/12\/ordem-dos-enfermeiros-rejeita-limites-a-contratacao\/#breadcrumb\",\"itemListElement\":[{\"@type\":\"ListItem\",\"position\":1,\"name\":\"In\u00edcio\",\"item\":\"https:\/\/portaltela.pt\/\"},{\"@type\":\"ListItem\",\"position\":2,\"name\":\"Ordem dos Enfermeiros rejeita limites \u00e0 contrata\u00e7\u00e3o\"}]},{\"@type\":\"WebSite\",\"@id\":\"https:\/\/portaltela.pt\/#website\",\"url\":\"https:\/\/portaltela.pt\/\",\"name\":\"Portal Tela Portugal\",\"description\":\"\",\"potentialAction\":[{\"@type\":\"SearchAction\",\"target\":{\"@type\":\"EntryPoint\",\"urlTemplate\":\"https:\/\/portaltela.pt\/?s={search_term_string}\"},\"query-input\":{\"@type\":\"PropertyValueSpecification\",\"valueRequired\":true,\"valueName\":\"search_term_string\"}}],\"inLanguage\":\"pt-PT\"},{\"@type\":\"Person\",\"@id\":\"https:\/\/portaltela.pt\/#\/schema\/person\/c4278d4a6028830caff9ee44b42d32ed\",\"name\":\"Telinha\",\"image\":{\"@type\":\"ImageObject\",\"inLanguage\":\"pt-PT\",\"@id\":\"https:\/\/portaltela.pt\/s.01k8rhncp4jt1\/2025\/11\/talking-bot-125x125.png\",\"url\":\"https:\/\/portaltela.pt\/s.01k8rhncp4jt1\/2025\/11\/talking-bot-125x125.png\",\"contentUrl\":\"https:\/\/portaltela.pt\/s.01k8rhncp4jt1\/2025\/11\/talking-bot-125x125.png\",\"caption\":\"Telinha\"},\"sameAs\":[\"https:\/\/portaltela.pt\/\"],\"url\":\"https:\/\/portaltela.pt\/por\/367410592786\/\"}]}<\/script>\n<!-- \/ Yoast SEO plugin. -->","yoast_head_json":{"title":"Ordem dos Enfermeiros rejeita limites \u00e0 contrata\u00e7\u00e3o - Portal Tela Portugal","robots":{"index":"index","follow":"follow","max-snippet":"max-snippet:-1","max-image-preview":"max-image-preview:large","max-video-preview":"max-video-preview:-1"},"og_locale":"pt_PT","og_type":"article","og_title":"Ordem dos Enfermeiros rejeita limites \u00e0 contrata\u00e7\u00e3o - Portal Tela Portugal","og_description":"A Ordem dos Enfermeiros rejeita limites \u00e0 contrata\u00e7\u00e3o e defende que enfermeiros fiquem de fora de quotas. O baston\u00e1rio, Lu\u00eds Filipe Barreira, afirma que restri\u00e7\u00f5es s\u00e3o prejudiciais para o SNS e para a gest\u00e3o de recursos humanos. A posi\u00e7\u00e3o surge a partir de uma not\u00edcia do P\u00fablico sobre orienta\u00e7\u00f5es do SNS para n\u00e3o exceder 2,4% de trabalhadores face a 31 de dezembro de 2024. A OE estima falta de 14 mil enfermeiros, o que aumenta a despesa com horas extraordin\u00e1rias e gera exaust\u00e3o entre os profissionais. A organiza\u00e7\u00e3o avisa que criar um regime de exce\u00e7\u00e3o apenas para m\u00e9dicos agrava o desequil\u00edbrio entre profiss\u00f5es e compromete a seguran\u00e7a e qualidade dos cuidados, com dados que mostram escassez de enfermeiros (7,6 por mil habitantes) versus m\u00e9dicos (5,8 por mil).","og_url":"https:\/\/portaltela.pt\/noticias\/2026\/01\/12\/ordem-dos-enfermeiros-rejeita-limites-a-contratacao\/","og_site_name":"Portal Tela Portugal","article_published_time":"2026-01-12T17:08:00+00:00","author":"Telinha","twitter_card":"summary_large_image","twitter_misc":{"Escrito por":"Telinha","Tempo estimado de leitura":"1 minuto"},"schema":{"@context":"https:\/\/schema.org","@graph":[{"@type":"Article","@id":"https:\/\/portaltela.pt\/noticias\/2026\/01\/12\/ordem-dos-enfermeiros-rejeita-limites-a-contratacao\/#article","isPartOf":{"@id":"https:\/\/portaltela.pt\/noticias\/2026\/01\/12\/ordem-dos-enfermeiros-rejeita-limites-a-contratacao\/"},"author":{"name":"Telinha","@id":"https:\/\/portaltela.pt\/#\/schema\/person\/c4278d4a6028830caff9ee44b42d32ed"},"headline":"Ordem dos Enfermeiros rejeita limites \u00e0 contrata\u00e7\u00e3o","datePublished":"2026-01-12T17:08:00+00:00","mainEntityOfPage":{"@id":"https:\/\/portaltela.pt\/noticias\/2026\/01\/12\/ordem-dos-enfermeiros-rejeita-limites-a-contratacao\/"},"wordCount":285,"image":{"@id":"https:\/\/portaltela.pt\/noticias\/2026\/01\/12\/ordem-dos-enfermeiros-rejeita-limites-a-contratacao\/#primaryimage"},"thumbnailUrl":"https:\/\/portaltela.pt\/s.01k8rhncp4jt1\/2026\/01\/seguro_outline_cor-45.jpg","keywords":["administra\u00e7\u00e3o p\u00fablica","Enfermagem","Ordem dos Enfermeiros","pol\u00edticas p\u00fablicas","Portugal","sa\u00fade p\u00fablica"],"articleSection":["Not\u00edcias"],"inLanguage":"pt-PT"},{"@type":"WebPage","@id":"https:\/\/portaltela.pt\/noticias\/2026\/01\/12\/ordem-dos-enfermeiros-rejeita-limites-a-contratacao\/","url":"https:\/\/portaltela.pt\/noticias\/2026\/01\/12\/ordem-dos-enfermeiros-rejeita-limites-a-contratacao\/","name":"Ordem dos Enfermeiros rejeita limites \u00e0 contrata\u00e7\u00e3o - Portal Tela Portugal","isPartOf":{"@id":"https:\/\/portaltela.pt\/#website"},"primaryImageOfPage":{"@id":"https:\/\/portaltela.pt\/noticias\/2026\/01\/12\/ordem-dos-enfermeiros-rejeita-limites-a-contratacao\/#primaryimage"},"image":{"@id":"https:\/\/portaltela.pt\/noticias\/2026\/01\/12\/ordem-dos-enfermeiros-rejeita-limites-a-contratacao\/#primaryimage"},"thumbnailUrl":"https:\/\/portaltela.pt\/s.01k8rhncp4jt1\/2026\/01\/seguro_outline_cor-45.jpg","datePublished":"2026-01-12T17:08:00+00:00","author":{"@id":"https:\/\/portaltela.pt\/#\/schema\/person\/c4278d4a6028830caff9ee44b42d32ed"},"breadcrumb":{"@id":"https:\/\/portaltela.pt\/noticias\/2026\/01\/12\/ordem-dos-enfermeiros-rejeita-limites-a-contratacao\/#breadcrumb"},"inLanguage":"pt-PT","potentialAction":[{"@type":"ReadAction","target":["https:\/\/portaltela.pt\/noticias\/2026\/01\/12\/ordem-dos-enfermeiros-rejeita-limites-a-contratacao\/"]}]},{"@type":"ImageObject","inLanguage":"pt-PT","@id":"https:\/\/portaltela.pt\/noticias\/2026\/01\/12\/ordem-dos-enfermeiros-rejeita-limites-a-contratacao\/#primaryimage","url":"https:\/\/portaltela.pt\/s.01k8rhncp4jt1\/2026\/01\/seguro_outline_cor-45.jpg","contentUrl":"https:\/\/portaltela.pt\/s.01k8rhncp4jt1\/2026\/01\/seguro_outline_cor-45.jpg","width":796,"height":448,"caption":"Photo"},{"@type":"BreadcrumbList","@id":"https:\/\/portaltela.pt\/noticias\/2026\/01\/12\/ordem-dos-enfermeiros-rejeita-limites-a-contratacao\/#breadcrumb","itemListElement":[{"@type":"ListItem","position":1,"name":"In\u00edcio","item":"https:\/\/portaltela.pt\/"},{"@type":"ListItem","position":2,"name":"Ordem dos Enfermeiros rejeita limites \u00e0 contrata\u00e7\u00e3o"}]},{"@type":"WebSite","@id":"https:\/\/portaltela.pt\/#website","url":"https:\/\/portaltela.pt\/","name":"Portal Tela Portugal","description":"","potentialAction":[{"@type":"SearchAction","target":{"@type":"EntryPoint","urlTemplate":"https:\/\/portaltela.pt\/?s={search_term_string}"},"query-input":{"@type":"PropertyValueSpecification","valueRequired":true,"valueName":"search_term_string"}}],"inLanguage":"pt-PT"},{"@type":"Person","@id":"https:\/\/portaltela.pt\/#\/schema\/person\/c4278d4a6028830caff9ee44b42d32ed","name":"Telinha","image":{"@type":"ImageObject","inLanguage":"pt-PT","@id":"https:\/\/portaltela.pt\/s.01k8rhncp4jt1\/2025\/11\/talking-bot-125x125.png","url":"https:\/\/portaltela.pt\/s.01k8rhncp4jt1\/2025\/11\/talking-bot-125x125.png","contentUrl":"https:\/\/portaltela.pt\/s.01k8rhncp4jt1\/2025\/11\/talking-bot-125x125.png","caption":"Telinha"},"sameAs":["https:\/\/portaltela.pt\/"],"url":"https:\/\/portaltela.pt\/por\/367410592786\/"}]}},"_links":{"self":[{"href":"https:\/\/portaltela.pt\/api\/wp\/v2\/posts\/136025","targetHints":{"allow":["GET"]}}],"collection":[{"href":"https:\/\/portaltela.pt\/api\/wp\/v2\/posts"}],"about":[{"href":"https:\/\/portaltela.pt\/api\/wp\/v2\/types\/post"}],"author":[{"embeddable":true,"href":"https:\/\/portaltela.pt\/api\/wp\/v2\/users\/2"}],"replies":[{"embeddable":true,"href":"https:\/\/portaltela.pt\/api\/wp\/v2\/comments?post=136025"}],"version-history":[{"count":0,"href":"https:\/\/portaltela.pt\/api\/wp\/v2\/posts\/136025\/revisions"}],"wp:featuredmedia":[{"embeddable":true,"href":"https:\/\/portaltela.pt\/api\/wp\/v2\/media\/136037"}],"wp:attachment":[{"href":"https:\/\/portaltela.pt\/api\/wp\/v2\/media?parent=136025"}],"wp:term":[{"taxonomy":"category","embeddable":true,"href":"https:\/\/portaltela.pt\/api\/wp\/v2\/categories?post=136025"},{"taxonomy":"post_tag","embeddable":true,"href":"https:\/\/portaltela.pt\/api\/wp\/v2\/tags?post=136025"}],"curies":[{"name":"wp","href":"https:\/\/api.w.org\/{rel}","templated":true}]}}