{"id":135992,"date":"2026-01-12T08:05:00","date_gmt":"2026-01-12T11:05:00","guid":{"rendered":"https:\/\/portaltela.pt\/noticias\/2026\/01\/12\/novas-imagens-mostram-agressoes-entre-ultras-do-barreirense-e-olimpico-montijo-2\/"},"modified":"2026-01-12T08:05:00","modified_gmt":"2026-01-12T11:05:00","slug":"novas-imagens-mostram-agressoes-entre-ultras-do-barreirense-e-olimpico-montijo-2","status":"publish","type":"post","link":"https:\/\/portaltela.pt\/desporto\/futebol\/2026\/01\/12\/novas-imagens-mostram-agressoes-entre-ultras-do-barreirense-e-olimpico-montijo-2\/","title":{"rendered":"Novas imagens mostram agress\u00f5es entre ultras do Barreirense e Ol\u00edmpico Montijo"},"content":{"rendered":"<p>Durante a 14.\u00aa jornada da 1.\u00aa Divis\u00e3o da AF Set\u00fabal, ocorreram agress\u00f5es entre grupos de adeptos do Barreirense e do Ol\u00edmpico Montijo junto ao complexo desportivo. O incidente gerou p\u00e2nico entre presentes na zona do recinto desportivo.<\/p>\n<p>As imagens partilhadas mostram confrontos entre os adeptos das duas equipas nas traseiras do hipermercado Continente da Verderena, ao lado do local onde decorreu o jogo. N\u00e3o foram avan\u00e7ados n\u00fameros oficiais de feridos at\u00e9 ao momento.<\/p>\n<p>Quem est\u00e1 envolvido s\u00e3o apoiantes das duas forma\u00e7\u00f5es, ainda sem confirma\u00e7\u00e3o de identidades ou de responsabilidades por parte das autoridades. A situa\u00e7\u00e3o ocorreu no \u00e2mbito de uma partida da 1.\u00aa Divis\u00e3o, sem indica\u00e7\u00e3o de suspens\u00e3o da continuidade do evento.<\/p>\n<h3>Detalhes adicionais<\/h3>\n<p>Confrontos entre os grupos de adeptos prolongaram-se por alguns minutos, antes de medidas de seguran\u00e7a intervirem para dispersar as massas. O epis\u00f3dio levou a altera\u00e7\u00f5es no planeamento log\u00edstico de quem seguia para o recinto desportivo.<\/p>\n<p>As imagens, que indicam conte\u00fado potencialmente perturbador para alguns leitores, permanecem a ser objeto de an\u00e1lise pelas entidades competentes, que ainda n\u00e3o divulgaram um balan\u00e7o oficial.<\/p>\n","protected":false},"excerpt":{"rendered":"<ul>\n<li>O jogo Barreirense versus Ol\u00edmpico Montijo, da 14.\u00aa jornada da primeira divis\u00e3o da AF Set\u00fabal, come\u00e7ou com momentos de p\u00e2nico.<\/li>\n<li>Grupos de ultras das duas equipas envolveram-se em confrontos junto ao complexo desportivo.<\/li>\n<li>Os acontecimentos ocorreram nas traseiras do hipermercado Continente da Verderena, ao lado do campo onde decorreu o encontro.<\/li>\n<li>As imagens divulgadas mostram os confrontos entre adeptos, com conte\u00fado potencialmente sens\u00edvel para alguns leitores.<\/li>\n<li>O incidente aconteceu num espa\u00e7o exterior ao recinto desportivo, envolvendo apoiantes das duas margens.<\/li>\n<\/ul>\n","protected":false},"author":2,"featured_media":136007,"comment_status":"closed","ping_status":"closed","sticky":false,"template":"","format":"standard","meta":{"footnotes":""},"categories":[21,24],"tags":[2533,2079,1416,178,152,32],"class_list":["post-135992","post","type-post","status-publish","format-standard","has-post-thumbnail","hentry","category-desporto","category-futebol","tag-adeptos","tag-agressoes","tag-barreirense","tag-confrontos","tag-desporto","tag-futebol"],"yoast_head":"<!-- This site is optimized with the Yoast SEO plugin v27.2 - https:\/\/yoast.com\/product\/yoast-seo-wordpress\/ -->\n<title>Novas imagens mostram agress\u00f5es entre ultras do Barreirense e Ol\u00edmpico Montijo - Portal Tela Portugal<\/title>\n<meta name=\"robots\" content=\"index, follow, max-snippet:-1, max-image-preview:large, max-video-preview:-1\" \/>\n<meta property=\"og:locale\" content=\"pt_PT\" \/>\n<meta property=\"og:type\" content=\"article\" \/>\n<meta property=\"og:title\" content=\"Novas imagens mostram agress\u00f5es entre ultras do Barreirense e Ol\u00edmpico Montijo - Portal Tela Portugal\" \/>\n<meta property=\"og:description\" content=\"O jogo Barreirense versus Ol\u00edmpico Montijo, da 14.\u00aa jornada da primeira divis\u00e3o da AF Set\u00fabal, come\u00e7ou com momentos de p\u00e2nico. Grupos de ultras das duas equipas envolveram-se em confrontos junto ao complexo desportivo. Os acontecimentos ocorreram nas traseiras do hipermercado Continente da Verderena, ao lado do campo onde decorreu o encontro. As imagens divulgadas mostram os confrontos entre adeptos, com conte\u00fado potencialmente sens\u00edvel para alguns leitores. O incidente aconteceu num espa\u00e7o exterior ao recinto desportivo, envolvendo apoiantes das duas margens.\" \/>\n<meta property=\"og:url\" content=\"https:\/\/portaltela.pt\/noticias\/2026\/01\/12\/novas-imagens-mostram-agressoes-entre-ultras-do-barreirense-e-olimpico-montijo-2\/\" \/>\n<meta property=\"og:site_name\" content=\"Portal Tela Portugal\" \/>\n<meta property=\"article:published_time\" content=\"2026-01-12T11:05:00+00:00\" \/>\n<meta name=\"author\" content=\"Telinha\" \/>\n<meta name=\"twitter:card\" content=\"summary_large_image\" \/>\n<meta name=\"twitter:label1\" content=\"Escrito por\" \/>\n\t<meta name=\"twitter:data1\" content=\"Telinha\" \/>\n\t<meta name=\"twitter:label2\" content=\"Tempo estimado de leitura\" \/>\n\t<meta name=\"twitter:data2\" content=\"1 minuto\" \/>\n<script type=\"application\/ld+json\" class=\"yoast-schema-graph\">{\"@context\":\"https:\/\/schema.org\",\"@graph\":[{\"@type\":\"Article\",\"@id\":\"https:\/\/portaltela.pt\/noticias\/2026\/01\/12\/novas-imagens-mostram-agressoes-entre-ultras-do-barreirense-e-olimpico-montijo-2\/#article\",\"isPartOf\":{\"@id\":\"https:\/\/portaltela.pt\/noticias\/2026\/01\/12\/novas-imagens-mostram-agressoes-entre-ultras-do-barreirense-e-olimpico-montijo-2\/\"},\"author\":{\"name\":\"Telinha\",\"@id\":\"https:\/\/portaltela.pt\/#\/schema\/person\/c4278d4a6028830caff9ee44b42d32ed\"},\"headline\":\"Novas imagens mostram agress\u00f5es entre ultras do Barreirense e Ol\u00edmpico Montijo\",\"datePublished\":\"2026-01-12T11:05:00+00:00\",\"mainEntityOfPage\":{\"@id\":\"https:\/\/portaltela.pt\/noticias\/2026\/01\/12\/novas-imagens-mostram-agressoes-entre-ultras-do-barreirense-e-olimpico-montijo-2\/\"},\"wordCount\":208,\"image\":{\"@id\":\"https:\/\/portaltela.pt\/noticias\/2026\/01\/12\/novas-imagens-mostram-agressoes-entre-ultras-do-barreirense-e-olimpico-montijo-2\/#primaryimage\"},\"thumbnailUrl\":\"https:\/\/portaltela.pt\/s.01k8rhncp4jt1\/2026\/01\/img_1200x721uu2026-01-12-10-55-53-2414278-1.jpg\",\"keywords\":[\"adeptos\",\"agress\u00f5es\",\"Barreirense\",\"confrontos\",\"desporto\",\"futebol\"],\"articleSection\":[\"Desporto\",\"Futebol\"],\"inLanguage\":\"pt-PT\"},{\"@type\":\"WebPage\",\"@id\":\"https:\/\/portaltela.pt\/noticias\/2026\/01\/12\/novas-imagens-mostram-agressoes-entre-ultras-do-barreirense-e-olimpico-montijo-2\/\",\"url\":\"https:\/\/portaltela.pt\/noticias\/2026\/01\/12\/novas-imagens-mostram-agressoes-entre-ultras-do-barreirense-e-olimpico-montijo-2\/\",\"name\":\"Novas imagens mostram agress\u00f5es entre ultras do Barreirense e Ol\u00edmpico Montijo - Portal Tela Portugal\",\"isPartOf\":{\"@id\":\"https:\/\/portaltela.pt\/#website\"},\"primaryImageOfPage\":{\"@id\":\"https:\/\/portaltela.pt\/noticias\/2026\/01\/12\/novas-imagens-mostram-agressoes-entre-ultras-do-barreirense-e-olimpico-montijo-2\/#primaryimage\"},\"image\":{\"@id\":\"https:\/\/portaltela.pt\/noticias\/2026\/01\/12\/novas-imagens-mostram-agressoes-entre-ultras-do-barreirense-e-olimpico-montijo-2\/#primaryimage\"},\"thumbnailUrl\":\"https:\/\/portaltela.pt\/s.01k8rhncp4jt1\/2026\/01\/img_1200x721uu2026-01-12-10-55-53-2414278-1.jpg\",\"datePublished\":\"2026-01-12T11:05:00+00:00\",\"author\":{\"@id\":\"https:\/\/portaltela.pt\/#\/schema\/person\/c4278d4a6028830caff9ee44b42d32ed\"},\"breadcrumb\":{\"@id\":\"https:\/\/portaltela.pt\/noticias\/2026\/01\/12\/novas-imagens-mostram-agressoes-entre-ultras-do-barreirense-e-olimpico-montijo-2\/#breadcrumb\"},\"inLanguage\":\"pt-PT\",\"potentialAction\":[{\"@type\":\"ReadAction\",\"target\":[\"https:\/\/portaltela.pt\/noticias\/2026\/01\/12\/novas-imagens-mostram-agressoes-entre-ultras-do-barreirense-e-olimpico-montijo-2\/\"]}]},{\"@type\":\"ImageObject\",\"inLanguage\":\"pt-PT\",\"@id\":\"https:\/\/portaltela.pt\/noticias\/2026\/01\/12\/novas-imagens-mostram-agressoes-entre-ultras-do-barreirense-e-olimpico-montijo-2\/#primaryimage\",\"url\":\"https:\/\/portaltela.pt\/s.01k8rhncp4jt1\/2026\/01\/img_1200x721uu2026-01-12-10-55-53-2414278-1.jpg\",\"contentUrl\":\"https:\/\/portaltela.pt\/s.01k8rhncp4jt1\/2026\/01\/img_1200x721uu2026-01-12-10-55-53-2414278-1.jpg\",\"width\":796,\"height\":448,\"caption\":\"Photo\"},{\"@type\":\"BreadcrumbList\",\"@id\":\"https:\/\/portaltela.pt\/noticias\/2026\/01\/12\/novas-imagens-mostram-agressoes-entre-ultras-do-barreirense-e-olimpico-montijo-2\/#breadcrumb\",\"itemListElement\":[{\"@type\":\"ListItem\",\"position\":1,\"name\":\"In\u00edcio\",\"item\":\"https:\/\/portaltela.pt\/\"},{\"@type\":\"ListItem\",\"position\":2,\"name\":\"Novas imagens mostram agress\u00f5es entre ultras do Barreirense e Ol\u00edmpico Montijo\"}]},{\"@type\":\"WebSite\",\"@id\":\"https:\/\/portaltela.pt\/#website\",\"url\":\"https:\/\/portaltela.pt\/\",\"name\":\"Portal Tela Portugal\",\"description\":\"\",\"potentialAction\":[{\"@type\":\"SearchAction\",\"target\":{\"@type\":\"EntryPoint\",\"urlTemplate\":\"https:\/\/portaltela.pt\/?s={search_term_string}\"},\"query-input\":{\"@type\":\"PropertyValueSpecification\",\"valueRequired\":true,\"valueName\":\"search_term_string\"}}],\"inLanguage\":\"pt-PT\"},{\"@type\":\"Person\",\"@id\":\"https:\/\/portaltela.pt\/#\/schema\/person\/c4278d4a6028830caff9ee44b42d32ed\",\"name\":\"Telinha\",\"image\":{\"@type\":\"ImageObject\",\"inLanguage\":\"pt-PT\",\"@id\":\"https:\/\/portaltela.pt\/s.01k8rhncp4jt1\/2025\/11\/talking-bot-125x125.png\",\"url\":\"https:\/\/portaltela.pt\/s.01k8rhncp4jt1\/2025\/11\/talking-bot-125x125.png\",\"contentUrl\":\"https:\/\/portaltela.pt\/s.01k8rhncp4jt1\/2025\/11\/talking-bot-125x125.png\",\"caption\":\"Telinha\"},\"sameAs\":[\"https:\/\/portaltela.pt\/\"],\"url\":\"https:\/\/portaltela.pt\/por\/367410592786\/\"}]}<\/script>\n<!-- \/ Yoast SEO plugin. -->","yoast_head_json":{"title":"Novas imagens mostram agress\u00f5es entre ultras do Barreirense e Ol\u00edmpico Montijo - Portal Tela Portugal","robots":{"index":"index","follow":"follow","max-snippet":"max-snippet:-1","max-image-preview":"max-image-preview:large","max-video-preview":"max-video-preview:-1"},"og_locale":"pt_PT","og_type":"article","og_title":"Novas imagens mostram agress\u00f5es entre ultras do Barreirense e Ol\u00edmpico Montijo - Portal Tela Portugal","og_description":"O jogo Barreirense versus Ol\u00edmpico Montijo, da 14.\u00aa jornada da primeira divis\u00e3o da AF Set\u00fabal, come\u00e7ou com momentos de p\u00e2nico. Grupos de ultras das duas equipas envolveram-se em confrontos junto ao complexo desportivo. Os acontecimentos ocorreram nas traseiras do hipermercado Continente da Verderena, ao lado do campo onde decorreu o encontro. As imagens divulgadas mostram os confrontos entre adeptos, com conte\u00fado potencialmente sens\u00edvel para alguns leitores. O incidente aconteceu num espa\u00e7o exterior ao recinto desportivo, envolvendo apoiantes das duas margens.","og_url":"https:\/\/portaltela.pt\/noticias\/2026\/01\/12\/novas-imagens-mostram-agressoes-entre-ultras-do-barreirense-e-olimpico-montijo-2\/","og_site_name":"Portal Tela Portugal","article_published_time":"2026-01-12T11:05:00+00:00","author":"Telinha","twitter_card":"summary_large_image","twitter_misc":{"Escrito por":"Telinha","Tempo estimado de leitura":"1 minuto"},"schema":{"@context":"https:\/\/schema.org","@graph":[{"@type":"Article","@id":"https:\/\/portaltela.pt\/noticias\/2026\/01\/12\/novas-imagens-mostram-agressoes-entre-ultras-do-barreirense-e-olimpico-montijo-2\/#article","isPartOf":{"@id":"https:\/\/portaltela.pt\/noticias\/2026\/01\/12\/novas-imagens-mostram-agressoes-entre-ultras-do-barreirense-e-olimpico-montijo-2\/"},"author":{"name":"Telinha","@id":"https:\/\/portaltela.pt\/#\/schema\/person\/c4278d4a6028830caff9ee44b42d32ed"},"headline":"Novas imagens mostram agress\u00f5es entre ultras do Barreirense e Ol\u00edmpico Montijo","datePublished":"2026-01-12T11:05:00+00:00","mainEntityOfPage":{"@id":"https:\/\/portaltela.pt\/noticias\/2026\/01\/12\/novas-imagens-mostram-agressoes-entre-ultras-do-barreirense-e-olimpico-montijo-2\/"},"wordCount":208,"image":{"@id":"https:\/\/portaltela.pt\/noticias\/2026\/01\/12\/novas-imagens-mostram-agressoes-entre-ultras-do-barreirense-e-olimpico-montijo-2\/#primaryimage"},"thumbnailUrl":"https:\/\/portaltela.pt\/s.01k8rhncp4jt1\/2026\/01\/img_1200x721uu2026-01-12-10-55-53-2414278-1.jpg","keywords":["adeptos","agress\u00f5es","Barreirense","confrontos","desporto","futebol"],"articleSection":["Desporto","Futebol"],"inLanguage":"pt-PT"},{"@type":"WebPage","@id":"https:\/\/portaltela.pt\/noticias\/2026\/01\/12\/novas-imagens-mostram-agressoes-entre-ultras-do-barreirense-e-olimpico-montijo-2\/","url":"https:\/\/portaltela.pt\/noticias\/2026\/01\/12\/novas-imagens-mostram-agressoes-entre-ultras-do-barreirense-e-olimpico-montijo-2\/","name":"Novas imagens mostram agress\u00f5es entre ultras do Barreirense e Ol\u00edmpico Montijo - Portal Tela Portugal","isPartOf":{"@id":"https:\/\/portaltela.pt\/#website"},"primaryImageOfPage":{"@id":"https:\/\/portaltela.pt\/noticias\/2026\/01\/12\/novas-imagens-mostram-agressoes-entre-ultras-do-barreirense-e-olimpico-montijo-2\/#primaryimage"},"image":{"@id":"https:\/\/portaltela.pt\/noticias\/2026\/01\/12\/novas-imagens-mostram-agressoes-entre-ultras-do-barreirense-e-olimpico-montijo-2\/#primaryimage"},"thumbnailUrl":"https:\/\/portaltela.pt\/s.01k8rhncp4jt1\/2026\/01\/img_1200x721uu2026-01-12-10-55-53-2414278-1.jpg","datePublished":"2026-01-12T11:05:00+00:00","author":{"@id":"https:\/\/portaltela.pt\/#\/schema\/person\/c4278d4a6028830caff9ee44b42d32ed"},"breadcrumb":{"@id":"https:\/\/portaltela.pt\/noticias\/2026\/01\/12\/novas-imagens-mostram-agressoes-entre-ultras-do-barreirense-e-olimpico-montijo-2\/#breadcrumb"},"inLanguage":"pt-PT","potentialAction":[{"@type":"ReadAction","target":["https:\/\/portaltela.pt\/noticias\/2026\/01\/12\/novas-imagens-mostram-agressoes-entre-ultras-do-barreirense-e-olimpico-montijo-2\/"]}]},{"@type":"ImageObject","inLanguage":"pt-PT","@id":"https:\/\/portaltela.pt\/noticias\/2026\/01\/12\/novas-imagens-mostram-agressoes-entre-ultras-do-barreirense-e-olimpico-montijo-2\/#primaryimage","url":"https:\/\/portaltela.pt\/s.01k8rhncp4jt1\/2026\/01\/img_1200x721uu2026-01-12-10-55-53-2414278-1.jpg","contentUrl":"https:\/\/portaltela.pt\/s.01k8rhncp4jt1\/2026\/01\/img_1200x721uu2026-01-12-10-55-53-2414278-1.jpg","width":796,"height":448,"caption":"Photo"},{"@type":"BreadcrumbList","@id":"https:\/\/portaltela.pt\/noticias\/2026\/01\/12\/novas-imagens-mostram-agressoes-entre-ultras-do-barreirense-e-olimpico-montijo-2\/#breadcrumb","itemListElement":[{"@type":"ListItem","position":1,"name":"In\u00edcio","item":"https:\/\/portaltela.pt\/"},{"@type":"ListItem","position":2,"name":"Novas imagens mostram agress\u00f5es entre ultras do Barreirense e Ol\u00edmpico Montijo"}]},{"@type":"WebSite","@id":"https:\/\/portaltela.pt\/#website","url":"https:\/\/portaltela.pt\/","name":"Portal Tela Portugal","description":"","potentialAction":[{"@type":"SearchAction","target":{"@type":"EntryPoint","urlTemplate":"https:\/\/portaltela.pt\/?s={search_term_string}"},"query-input":{"@type":"PropertyValueSpecification","valueRequired":true,"valueName":"search_term_string"}}],"inLanguage":"pt-PT"},{"@type":"Person","@id":"https:\/\/portaltela.pt\/#\/schema\/person\/c4278d4a6028830caff9ee44b42d32ed","name":"Telinha","image":{"@type":"ImageObject","inLanguage":"pt-PT","@id":"https:\/\/portaltela.pt\/s.01k8rhncp4jt1\/2025\/11\/talking-bot-125x125.png","url":"https:\/\/portaltela.pt\/s.01k8rhncp4jt1\/2025\/11\/talking-bot-125x125.png","contentUrl":"https:\/\/portaltela.pt\/s.01k8rhncp4jt1\/2025\/11\/talking-bot-125x125.png","caption":"Telinha"},"sameAs":["https:\/\/portaltela.pt\/"],"url":"https:\/\/portaltela.pt\/por\/367410592786\/"}]}},"_links":{"self":[{"href":"https:\/\/portaltela.pt\/api\/wp\/v2\/posts\/135992","targetHints":{"allow":["GET"]}}],"collection":[{"href":"https:\/\/portaltela.pt\/api\/wp\/v2\/posts"}],"about":[{"href":"https:\/\/portaltela.pt\/api\/wp\/v2\/types\/post"}],"author":[{"embeddable":true,"href":"https:\/\/portaltela.pt\/api\/wp\/v2\/users\/2"}],"replies":[{"embeddable":true,"href":"https:\/\/portaltela.pt\/api\/wp\/v2\/comments?post=135992"}],"version-history":[{"count":0,"href":"https:\/\/portaltela.pt\/api\/wp\/v2\/posts\/135992\/revisions"}],"wp:featuredmedia":[{"embeddable":true,"href":"https:\/\/portaltela.pt\/api\/wp\/v2\/media\/136007"}],"wp:attachment":[{"href":"https:\/\/portaltela.pt\/api\/wp\/v2\/media?parent=135992"}],"wp:term":[{"taxonomy":"category","embeddable":true,"href":"https:\/\/portaltela.pt\/api\/wp\/v2\/categories?post=135992"},{"taxonomy":"post_tag","embeddable":true,"href":"https:\/\/portaltela.pt\/api\/wp\/v2\/tags?post=135992"}],"curies":[{"name":"wp","href":"https:\/\/api.w.org\/{rel}","templated":true}]}}