{"id":135951,"date":"2026-01-12T13:29:00","date_gmt":"2026-01-12T16:29:00","guid":{"rendered":"https:\/\/portaltela.pt\/noticias\/2026\/01\/12\/mais-de-180-milhoes-de-euros-ate-2030-para-intervencoes-em-rios\/"},"modified":"2026-01-12T13:29:00","modified_gmt":"2026-01-12T16:29:00","slug":"mais-de-180-milhoes-de-euros-ate-2030-para-intervencoes-em-rios","status":"publish","type":"post","link":"https:\/\/portaltela.pt\/noticias\/2026\/01\/12\/mais-de-180-milhoes-de-euros-ate-2030-para-intervencoes-em-rios\/","title":{"rendered":"Mais de 180 milh\u00f5es de euros at\u00e9 2030 para interven\u00e7\u00f5es em rios"},"content":{"rendered":"<p>O Governo vai investir mais de 180 milh\u00f5es de euros at\u00e9 2030 em interven\u00e7\u00f5es em rios e ribeiras de Portugal, no \u00e2mbito do Pr\u00f3-Rios, segundo o Programa de A\u00e7\u00e3o para o Restauro Ecol\u00f3gico de Rios e Ribeiras. Ao todo, s\u00e3o 187 milh\u00f5es de euros para obras, com uma m\u00e9dia de 46 milh\u00f5es por ano at\u00e9 2029.<\/p>\n<p>Um dos montantes, 52,5 milh\u00f5es de euros, destina-se aos rios e ribeiras do Algarve e do Alentejo. A ministra do Ambiente, Maria da Gra\u00e7a Carvalho, pediu ambi\u00e7\u00e3o e rapidez na apresenta\u00e7\u00e3o e concretiza\u00e7\u00e3o dos projetos.<\/p>\n<p>O Pr\u00f3-Rios est\u00e1 estimado para Intervir em mil quil\u00f3metros de cursos de \u00e1gua, em mais de 80 interven\u00e7\u00f5es, com o objetivo de reduzir inunda\u00e7\u00f5es, adaptar-se \u00e0s altera\u00e7\u00f5es clim\u00e1ticas e melhorar a biodiversidade.<\/p>\n<h3>Distribui\u00e7\u00e3o regional das interven\u00e7\u00f5es<\/h3>\n<p>O programa prev\u00ea interven\u00e7\u00f5es em \u00e1reas de alto risco, incluindo Lisboa e Alg\u00e9s, bem como Faro, Albufeira e Tavira, entre outras. O mapa de risco existente orientar\u00e1 as a\u00e7\u00f5es regionais, com foco na urg\u00eancia de determinadas barreiras e na renaturaliza\u00e7\u00e3o.<\/p>\n<p>Do total de 180 milh\u00f5es de euros, cerca de 60 milh\u00f5es destinar-se-\u00e3o a obras maiores, com o restante para trabalhos de renaturaliza\u00e7\u00e3o. Todas as a\u00e7\u00f5es devem ficar conclu\u00eddas at\u00e9 2029, sendo as mais complexas em Lisboa\/Alg\u00e9s mais adiantadas.<\/p>\n<p>A ministra indicou que as interven\u00e7\u00f5es de renaturaliza\u00e7\u00e3o podem decorrer num prazo de cerca de um ano, com apoio de universidades e associa\u00e7\u00f5es ambientais, j\u00e1 que a APA n\u00e3o consegue atuar sozinha.<\/p>\n<p>Em 2023, o governo investiu cerca de 14 milh\u00f5es de euros em 68 interven\u00e7\u00f5es, um dado que a governante relaciona com o alinhamento do Pr\u00f3-Rios com a estrat\u00e9gia \u00c1gua que Une e com o Plano Nacional de Restauro.<\/p>\n<p>A pr\u00f3xima cimeira ib\u00e9rica, no final do m\u00eas em Huelva, dever\u00e1 resultar num acordo de desassoreamento do rio Minho e restaura\u00e7\u00e3o das margens, cuja travessia tem sido dificultada por areia acumulada.<\/p>\n<p>A agenda ambiental de 2026 inclui tamb\u00e9m biodiversidade, dados de monitoriza\u00e7\u00e3o e \u00e1reas marinhas protegidas, bem como seguran\u00e7a clim\u00e1tica associada \u00e0 adapta\u00e7\u00e3o \u00e0s altera\u00e7\u00f5es clim\u00e1ticas, segundo a ministra. A recupera\u00e7\u00e3o de rios e a resili\u00eancia h\u00eddrica s\u00e3o prioridades.<\/p>\n<p>O presidente da APA, Pimenta Machado, reiterou que mais de metade das 1.834 massas de \u00e1gua superficiais do continente n\u00e3o atingiram o bom estado ecol\u00f3gico, sublinhando a necessidade de a\u00e7\u00f5es r\u00e1pidas para reduzir zonas de risco de inunda\u00e7\u00f5es em mais de 100 munic\u00edpios.<\/p>\n","protected":false},"excerpt":{"rendered":"<ul>\n<li>O Governo prev\u00ea investir mais de 180 milh\u00f5es de euros at\u00e9 2030 em interven\u00e7\u00f5es nos rios e ribeiras de Portugal, atrav\u00e9s do Pr\u00f3-Rios.<\/li>\n<li>No total, 187 milh\u00f5es de euros est\u00e3o afetos a obras em cursos de \u00e1gua, com uma m\u00e9dia de cerca de 46 milh\u00f5es por ano at\u00e9 2029.<\/li>\n<li>Das verbas, 52,5 milh\u00f5es de euros destinam-se aos rios e ribeiras do Algarve e do Alentejo; o objetivo \u00e9 intervir em mil quil\u00f3metros de cursos de \u00e1gua em mais de 80 a\u00e7\u00f5es.<\/li>\n<li>As obras priorit\u00e1rias incluem interven\u00e7\u00f5es em Lisboa e Alg\u00e9s, Faro, Albufeira e Tavira, visando reduzir o risco de inunda\u00e7\u00f5es, adaptar \u00e0s altera\u00e7\u00f5es clim\u00e1ticas e recuperar a biodiversidade.<\/li>\n<li>A ministra Maria da Gra\u00e7a Carvalho destacou a necessidade de colabora\u00e7\u00e3o de universidades e associa\u00e7\u00f5es ambientais, e confirmou que cerca de 60 milh\u00f5es v\u00e3o para obras maiores, com o restante para renaturaliza\u00e7\u00e3o, com conclus\u00e3o prevista at\u00e9 2029.<\/li>\n<\/ul>\n","protected":false},"author":2,"featured_media":135954,"comment_status":"closed","ping_status":"closed","sticky":false,"template":"","format":"standard","meta":{"footnotes":""},"categories":[1],"tags":[1272,1090,167,1014,811,2949],"class_list":["post-135951","post","type-post","status-publish","format-standard","has-post-thumbnail","hentry","category-noticias","tag-adaptacao-climatica","tag-agua","tag-ambiente","tag-portugal","tag-protecao-ambiental","tag-renaturalizacao"],"yoast_head":"<!-- This site is optimized with the Yoast SEO plugin v27.2 - https:\/\/yoast.com\/product\/yoast-seo-wordpress\/ -->\n<title>Mais de 180 milh\u00f5es de euros at\u00e9 2030 para interven\u00e7\u00f5es em rios - Portal Tela Portugal<\/title>\n<meta name=\"robots\" content=\"index, follow, max-snippet:-1, max-image-preview:large, max-video-preview:-1\" \/>\n<meta property=\"og:locale\" content=\"pt_PT\" \/>\n<meta property=\"og:type\" content=\"article\" \/>\n<meta property=\"og:title\" content=\"Mais de 180 milh\u00f5es de euros at\u00e9 2030 para interven\u00e7\u00f5es em rios - Portal Tela Portugal\" \/>\n<meta property=\"og:description\" content=\"O Governo prev\u00ea investir mais de 180 milh\u00f5es de euros at\u00e9 2030 em interven\u00e7\u00f5es nos rios e ribeiras de Portugal, atrav\u00e9s do Pr\u00f3-Rios. No total, 187 milh\u00f5es de euros est\u00e3o afetos a obras em cursos de \u00e1gua, com uma m\u00e9dia de cerca de 46 milh\u00f5es por ano at\u00e9 2029. Das verbas, 52,5 milh\u00f5es de euros destinam-se aos rios e ribeiras do Algarve e do Alentejo; o objetivo \u00e9 intervir em mil quil\u00f3metros de cursos de \u00e1gua em mais de 80 a\u00e7\u00f5es. As obras priorit\u00e1rias incluem interven\u00e7\u00f5es em Lisboa e Alg\u00e9s, Faro, Albufeira e Tavira, visando reduzir o risco de inunda\u00e7\u00f5es, adaptar \u00e0s altera\u00e7\u00f5es clim\u00e1ticas e recuperar a biodiversidade. A ministra Maria da Gra\u00e7a Carvalho destacou a necessidade de colabora\u00e7\u00e3o de universidades e associa\u00e7\u00f5es ambientais, e confirmou que cerca de 60 milh\u00f5es v\u00e3o para obras maiores, com o restante para renaturaliza\u00e7\u00e3o, com conclus\u00e3o prevista at\u00e9 2029.\" \/>\n<meta property=\"og:url\" content=\"https:\/\/portaltela.pt\/noticias\/2026\/01\/12\/mais-de-180-milhoes-de-euros-ate-2030-para-intervencoes-em-rios\/\" \/>\n<meta property=\"og:site_name\" content=\"Portal Tela Portugal\" \/>\n<meta property=\"article:published_time\" content=\"2026-01-12T16:29:00+00:00\" \/>\n<meta name=\"author\" content=\"Telinha\" \/>\n<meta name=\"twitter:card\" content=\"summary_large_image\" \/>\n<meta name=\"twitter:label1\" content=\"Escrito por\" \/>\n\t<meta name=\"twitter:data1\" content=\"Telinha\" \/>\n\t<meta name=\"twitter:label2\" content=\"Tempo estimado de leitura\" \/>\n\t<meta name=\"twitter:data2\" content=\"2 minutos\" \/>\n<script type=\"application\/ld+json\" class=\"yoast-schema-graph\">{\"@context\":\"https:\/\/schema.org\",\"@graph\":[{\"@type\":\"Article\",\"@id\":\"https:\/\/portaltela.pt\/noticias\/2026\/01\/12\/mais-de-180-milhoes-de-euros-ate-2030-para-intervencoes-em-rios\/#article\",\"isPartOf\":{\"@id\":\"https:\/\/portaltela.pt\/noticias\/2026\/01\/12\/mais-de-180-milhoes-de-euros-ate-2030-para-intervencoes-em-rios\/\"},\"author\":{\"name\":\"Telinha\",\"@id\":\"https:\/\/portaltela.pt\/#\/schema\/person\/c4278d4a6028830caff9ee44b42d32ed\"},\"headline\":\"Mais de 180 milh\u00f5es de euros at\u00e9 2030 para interven\u00e7\u00f5es em rios\",\"datePublished\":\"2026-01-12T16:29:00+00:00\",\"mainEntityOfPage\":{\"@id\":\"https:\/\/portaltela.pt\/noticias\/2026\/01\/12\/mais-de-180-milhoes-de-euros-ate-2030-para-intervencoes-em-rios\/\"},\"wordCount\":446,\"image\":{\"@id\":\"https:\/\/portaltela.pt\/noticias\/2026\/01\/12\/mais-de-180-milhoes-de-euros-ate-2030-para-intervencoes-em-rios\/#primaryimage\"},\"thumbnailUrl\":\"https:\/\/portaltela.pt\/s.01k8rhncp4jt1\/2026\/01\/doc201909102701359820190909phc08-scaled-1.jpg\",\"keywords\":[\"adapta\u00e7\u00e3o clim\u00e1tica\",\"\u00e1gua\",\"ambiente\",\"Portugal\",\"prote\u00e7\u00e3o ambiental\",\"renaturaliza\u00e7\u00e3o\"],\"articleSection\":[\"Not\u00edcias\"],\"inLanguage\":\"pt-PT\"},{\"@type\":\"WebPage\",\"@id\":\"https:\/\/portaltela.pt\/noticias\/2026\/01\/12\/mais-de-180-milhoes-de-euros-ate-2030-para-intervencoes-em-rios\/\",\"url\":\"https:\/\/portaltela.pt\/noticias\/2026\/01\/12\/mais-de-180-milhoes-de-euros-ate-2030-para-intervencoes-em-rios\/\",\"name\":\"Mais de 180 milh\u00f5es de euros at\u00e9 2030 para interven\u00e7\u00f5es em rios - Portal Tela Portugal\",\"isPartOf\":{\"@id\":\"https:\/\/portaltela.pt\/#website\"},\"primaryImageOfPage\":{\"@id\":\"https:\/\/portaltela.pt\/noticias\/2026\/01\/12\/mais-de-180-milhoes-de-euros-ate-2030-para-intervencoes-em-rios\/#primaryimage\"},\"image\":{\"@id\":\"https:\/\/portaltela.pt\/noticias\/2026\/01\/12\/mais-de-180-milhoes-de-euros-ate-2030-para-intervencoes-em-rios\/#primaryimage\"},\"thumbnailUrl\":\"https:\/\/portaltela.pt\/s.01k8rhncp4jt1\/2026\/01\/doc201909102701359820190909phc08-scaled-1.jpg\",\"datePublished\":\"2026-01-12T16:29:00+00:00\",\"author\":{\"@id\":\"https:\/\/portaltela.pt\/#\/schema\/person\/c4278d4a6028830caff9ee44b42d32ed\"},\"breadcrumb\":{\"@id\":\"https:\/\/portaltela.pt\/noticias\/2026\/01\/12\/mais-de-180-milhoes-de-euros-ate-2030-para-intervencoes-em-rios\/#breadcrumb\"},\"inLanguage\":\"pt-PT\",\"potentialAction\":[{\"@type\":\"ReadAction\",\"target\":[\"https:\/\/portaltela.pt\/noticias\/2026\/01\/12\/mais-de-180-milhoes-de-euros-ate-2030-para-intervencoes-em-rios\/\"]}]},{\"@type\":\"ImageObject\",\"inLanguage\":\"pt-PT\",\"@id\":\"https:\/\/portaltela.pt\/noticias\/2026\/01\/12\/mais-de-180-milhoes-de-euros-ate-2030-para-intervencoes-em-rios\/#primaryimage\",\"url\":\"https:\/\/portaltela.pt\/s.01k8rhncp4jt1\/2026\/01\/doc201909102701359820190909phc08-scaled-1.jpg\",\"contentUrl\":\"https:\/\/portaltela.pt\/s.01k8rhncp4jt1\/2026\/01\/doc201909102701359820190909phc08-scaled-1.jpg\",\"width\":796,\"height\":448,\"caption\":\"Photo\"},{\"@type\":\"BreadcrumbList\",\"@id\":\"https:\/\/portaltela.pt\/noticias\/2026\/01\/12\/mais-de-180-milhoes-de-euros-ate-2030-para-intervencoes-em-rios\/#breadcrumb\",\"itemListElement\":[{\"@type\":\"ListItem\",\"position\":1,\"name\":\"In\u00edcio\",\"item\":\"https:\/\/portaltela.pt\/\"},{\"@type\":\"ListItem\",\"position\":2,\"name\":\"Mais de 180 milh\u00f5es de euros at\u00e9 2030 para interven\u00e7\u00f5es em rios\"}]},{\"@type\":\"WebSite\",\"@id\":\"https:\/\/portaltela.pt\/#website\",\"url\":\"https:\/\/portaltela.pt\/\",\"name\":\"Portal Tela Portugal\",\"description\":\"\",\"potentialAction\":[{\"@type\":\"SearchAction\",\"target\":{\"@type\":\"EntryPoint\",\"urlTemplate\":\"https:\/\/portaltela.pt\/?s={search_term_string}\"},\"query-input\":{\"@type\":\"PropertyValueSpecification\",\"valueRequired\":true,\"valueName\":\"search_term_string\"}}],\"inLanguage\":\"pt-PT\"},{\"@type\":\"Person\",\"@id\":\"https:\/\/portaltela.pt\/#\/schema\/person\/c4278d4a6028830caff9ee44b42d32ed\",\"name\":\"Telinha\",\"image\":{\"@type\":\"ImageObject\",\"inLanguage\":\"pt-PT\",\"@id\":\"https:\/\/portaltela.pt\/s.01k8rhncp4jt1\/2025\/11\/talking-bot-125x125.png\",\"url\":\"https:\/\/portaltela.pt\/s.01k8rhncp4jt1\/2025\/11\/talking-bot-125x125.png\",\"contentUrl\":\"https:\/\/portaltela.pt\/s.01k8rhncp4jt1\/2025\/11\/talking-bot-125x125.png\",\"caption\":\"Telinha\"},\"sameAs\":[\"https:\/\/portaltela.pt\/\"],\"url\":\"https:\/\/portaltela.pt\/por\/367410592786\/\"}]}<\/script>\n<!-- \/ Yoast SEO plugin. -->","yoast_head_json":{"title":"Mais de 180 milh\u00f5es de euros at\u00e9 2030 para interven\u00e7\u00f5es em rios - Portal Tela Portugal","robots":{"index":"index","follow":"follow","max-snippet":"max-snippet:-1","max-image-preview":"max-image-preview:large","max-video-preview":"max-video-preview:-1"},"og_locale":"pt_PT","og_type":"article","og_title":"Mais de 180 milh\u00f5es de euros at\u00e9 2030 para interven\u00e7\u00f5es em rios - Portal Tela Portugal","og_description":"O Governo prev\u00ea investir mais de 180 milh\u00f5es de euros at\u00e9 2030 em interven\u00e7\u00f5es nos rios e ribeiras de Portugal, atrav\u00e9s do Pr\u00f3-Rios. No total, 187 milh\u00f5es de euros est\u00e3o afetos a obras em cursos de \u00e1gua, com uma m\u00e9dia de cerca de 46 milh\u00f5es por ano at\u00e9 2029. Das verbas, 52,5 milh\u00f5es de euros destinam-se aos rios e ribeiras do Algarve e do Alentejo; o objetivo \u00e9 intervir em mil quil\u00f3metros de cursos de \u00e1gua em mais de 80 a\u00e7\u00f5es. As obras priorit\u00e1rias incluem interven\u00e7\u00f5es em Lisboa e Alg\u00e9s, Faro, Albufeira e Tavira, visando reduzir o risco de inunda\u00e7\u00f5es, adaptar \u00e0s altera\u00e7\u00f5es clim\u00e1ticas e recuperar a biodiversidade. A ministra Maria da Gra\u00e7a Carvalho destacou a necessidade de colabora\u00e7\u00e3o de universidades e associa\u00e7\u00f5es ambientais, e confirmou que cerca de 60 milh\u00f5es v\u00e3o para obras maiores, com o restante para renaturaliza\u00e7\u00e3o, com conclus\u00e3o prevista at\u00e9 2029.","og_url":"https:\/\/portaltela.pt\/noticias\/2026\/01\/12\/mais-de-180-milhoes-de-euros-ate-2030-para-intervencoes-em-rios\/","og_site_name":"Portal Tela Portugal","article_published_time":"2026-01-12T16:29:00+00:00","author":"Telinha","twitter_card":"summary_large_image","twitter_misc":{"Escrito por":"Telinha","Tempo estimado de leitura":"2 minutos"},"schema":{"@context":"https:\/\/schema.org","@graph":[{"@type":"Article","@id":"https:\/\/portaltela.pt\/noticias\/2026\/01\/12\/mais-de-180-milhoes-de-euros-ate-2030-para-intervencoes-em-rios\/#article","isPartOf":{"@id":"https:\/\/portaltela.pt\/noticias\/2026\/01\/12\/mais-de-180-milhoes-de-euros-ate-2030-para-intervencoes-em-rios\/"},"author":{"name":"Telinha","@id":"https:\/\/portaltela.pt\/#\/schema\/person\/c4278d4a6028830caff9ee44b42d32ed"},"headline":"Mais de 180 milh\u00f5es de euros at\u00e9 2030 para interven\u00e7\u00f5es em rios","datePublished":"2026-01-12T16:29:00+00:00","mainEntityOfPage":{"@id":"https:\/\/portaltela.pt\/noticias\/2026\/01\/12\/mais-de-180-milhoes-de-euros-ate-2030-para-intervencoes-em-rios\/"},"wordCount":446,"image":{"@id":"https:\/\/portaltela.pt\/noticias\/2026\/01\/12\/mais-de-180-milhoes-de-euros-ate-2030-para-intervencoes-em-rios\/#primaryimage"},"thumbnailUrl":"https:\/\/portaltela.pt\/s.01k8rhncp4jt1\/2026\/01\/doc201909102701359820190909phc08-scaled-1.jpg","keywords":["adapta\u00e7\u00e3o clim\u00e1tica","\u00e1gua","ambiente","Portugal","prote\u00e7\u00e3o ambiental","renaturaliza\u00e7\u00e3o"],"articleSection":["Not\u00edcias"],"inLanguage":"pt-PT"},{"@type":"WebPage","@id":"https:\/\/portaltela.pt\/noticias\/2026\/01\/12\/mais-de-180-milhoes-de-euros-ate-2030-para-intervencoes-em-rios\/","url":"https:\/\/portaltela.pt\/noticias\/2026\/01\/12\/mais-de-180-milhoes-de-euros-ate-2030-para-intervencoes-em-rios\/","name":"Mais de 180 milh\u00f5es de euros at\u00e9 2030 para interven\u00e7\u00f5es em rios - Portal Tela Portugal","isPartOf":{"@id":"https:\/\/portaltela.pt\/#website"},"primaryImageOfPage":{"@id":"https:\/\/portaltela.pt\/noticias\/2026\/01\/12\/mais-de-180-milhoes-de-euros-ate-2030-para-intervencoes-em-rios\/#primaryimage"},"image":{"@id":"https:\/\/portaltela.pt\/noticias\/2026\/01\/12\/mais-de-180-milhoes-de-euros-ate-2030-para-intervencoes-em-rios\/#primaryimage"},"thumbnailUrl":"https:\/\/portaltela.pt\/s.01k8rhncp4jt1\/2026\/01\/doc201909102701359820190909phc08-scaled-1.jpg","datePublished":"2026-01-12T16:29:00+00:00","author":{"@id":"https:\/\/portaltela.pt\/#\/schema\/person\/c4278d4a6028830caff9ee44b42d32ed"},"breadcrumb":{"@id":"https:\/\/portaltela.pt\/noticias\/2026\/01\/12\/mais-de-180-milhoes-de-euros-ate-2030-para-intervencoes-em-rios\/#breadcrumb"},"inLanguage":"pt-PT","potentialAction":[{"@type":"ReadAction","target":["https:\/\/portaltela.pt\/noticias\/2026\/01\/12\/mais-de-180-milhoes-de-euros-ate-2030-para-intervencoes-em-rios\/"]}]},{"@type":"ImageObject","inLanguage":"pt-PT","@id":"https:\/\/portaltela.pt\/noticias\/2026\/01\/12\/mais-de-180-milhoes-de-euros-ate-2030-para-intervencoes-em-rios\/#primaryimage","url":"https:\/\/portaltela.pt\/s.01k8rhncp4jt1\/2026\/01\/doc201909102701359820190909phc08-scaled-1.jpg","contentUrl":"https:\/\/portaltela.pt\/s.01k8rhncp4jt1\/2026\/01\/doc201909102701359820190909phc08-scaled-1.jpg","width":796,"height":448,"caption":"Photo"},{"@type":"BreadcrumbList","@id":"https:\/\/portaltela.pt\/noticias\/2026\/01\/12\/mais-de-180-milhoes-de-euros-ate-2030-para-intervencoes-em-rios\/#breadcrumb","itemListElement":[{"@type":"ListItem","position":1,"name":"In\u00edcio","item":"https:\/\/portaltela.pt\/"},{"@type":"ListItem","position":2,"name":"Mais de 180 milh\u00f5es de euros at\u00e9 2030 para interven\u00e7\u00f5es em rios"}]},{"@type":"WebSite","@id":"https:\/\/portaltela.pt\/#website","url":"https:\/\/portaltela.pt\/","name":"Portal Tela Portugal","description":"","potentialAction":[{"@type":"SearchAction","target":{"@type":"EntryPoint","urlTemplate":"https:\/\/portaltela.pt\/?s={search_term_string}"},"query-input":{"@type":"PropertyValueSpecification","valueRequired":true,"valueName":"search_term_string"}}],"inLanguage":"pt-PT"},{"@type":"Person","@id":"https:\/\/portaltela.pt\/#\/schema\/person\/c4278d4a6028830caff9ee44b42d32ed","name":"Telinha","image":{"@type":"ImageObject","inLanguage":"pt-PT","@id":"https:\/\/portaltela.pt\/s.01k8rhncp4jt1\/2025\/11\/talking-bot-125x125.png","url":"https:\/\/portaltela.pt\/s.01k8rhncp4jt1\/2025\/11\/talking-bot-125x125.png","contentUrl":"https:\/\/portaltela.pt\/s.01k8rhncp4jt1\/2025\/11\/talking-bot-125x125.png","caption":"Telinha"},"sameAs":["https:\/\/portaltela.pt\/"],"url":"https:\/\/portaltela.pt\/por\/367410592786\/"}]}},"_links":{"self":[{"href":"https:\/\/portaltela.pt\/api\/wp\/v2\/posts\/135951","targetHints":{"allow":["GET"]}}],"collection":[{"href":"https:\/\/portaltela.pt\/api\/wp\/v2\/posts"}],"about":[{"href":"https:\/\/portaltela.pt\/api\/wp\/v2\/types\/post"}],"author":[{"embeddable":true,"href":"https:\/\/portaltela.pt\/api\/wp\/v2\/users\/2"}],"replies":[{"embeddable":true,"href":"https:\/\/portaltela.pt\/api\/wp\/v2\/comments?post=135951"}],"version-history":[{"count":0,"href":"https:\/\/portaltela.pt\/api\/wp\/v2\/posts\/135951\/revisions"}],"wp:featuredmedia":[{"embeddable":true,"href":"https:\/\/portaltela.pt\/api\/wp\/v2\/media\/135954"}],"wp:attachment":[{"href":"https:\/\/portaltela.pt\/api\/wp\/v2\/media?parent=135951"}],"wp:term":[{"taxonomy":"category","embeddable":true,"href":"https:\/\/portaltela.pt\/api\/wp\/v2\/categories?post=135951"},{"taxonomy":"post_tag","embeddable":true,"href":"https:\/\/portaltela.pt\/api\/wp\/v2\/tags?post=135951"}],"curies":[{"name":"wp","href":"https:\/\/api.w.org\/{rel}","templated":true}]}}