{"id":135940,"date":"2026-01-12T13:37:00","date_gmt":"2026-01-12T16:37:00","guid":{"rendered":"https:\/\/portaltela.pt\/noticias\/2026\/01\/12\/joao-ferreira-sobe-ao-10-o-lugar-nos-automoveis-no-dakar-2026\/"},"modified":"2026-01-12T13:37:00","modified_gmt":"2026-01-12T16:37:00","slug":"joao-ferreira-sobe-ao-10-o-lugar-nos-automoveis-no-dakar-2026","status":"publish","type":"post","link":"https:\/\/portaltela.pt\/desporto\/2026\/01\/12\/joao-ferreira-sobe-ao-10-o-lugar-nos-automoveis-no-dakar-2026\/","title":{"rendered":"Jo\u00e3o Ferreira sobe ao 10.\u00ba lugar nos autom\u00f3veis no Dakar 2026"},"content":{"rendered":"<p>Jo\u00e3o Ferreira subiu ao 10.\u00ba lugar da classifica\u00e7\u00e3o geral dos autom\u00f3veis no Dakar 2026, ap\u00f3s a 8.\u00aa etapa, disputada hoje entre Wadi ad-Dawasir e a chegada na Ar\u00e1bia Saudita. O qatari Nasser Al-Attiyah mant\u00e9m a lideran\u00e7a, com a Toyota na frente. A etapa foi vencida por Saood Variawa, da Toyota, em 4h20m35s.<\/p>\n<p>Ferreira terminou a tirada em 17.\u00ba, perdendo tempo com um furo. Mesmo assim, o piloto portugu\u00eas descreveu a etapa como muito dif\u00edcil e destacou a subida ao top 10 como recompensa pelo esfor\u00e7o dedicado.<\/p>\n<p>Na geral, Al-Attiyah permanece na lideran\u00e7a com 4 minutos de vantagem sobre Ekstr\u00f6m e 6 minutos sobre Lategan, todos na variante autom\u00f3vel. O sul-africano Variawa ficou perto do topo da tabela, mantendo-se entre os primeiros.<\/p>\n<h3>Autom\u00f3veis<\/h3>\n<p>Jo\u00e3o Monteiro (Can-Am) entrou no p\u00f3dio da classe SSV, subindo para o segundo lugar, atr\u00e1s de Brock Heger (Polaris). Guerreiro, por sua vez, sofreu acidente perto do quil\u00f3metro 50 e abandonou, sendo conduzido de helic\u00f3ptero para o bivouac, com suspeita de fractura no bra\u00e7o.<\/p>\n<p>Na categoria Challenger, Rui Carneiro (MMP) assumiu o nono lugar, ultrapassando Pedro Gon\u00e7alves (BBR), que ficou em 10.\u00ba. A prova segue com 2\u00aa maratona marcada para ter\u00e7a-feira, sem assist\u00eancia \u00e0 chegada.<\/p>\n<p>Os portugueses mant\u00eam posi\u00e7\u00f5es relevantes, com Martins Ventura a subir \u00e0 14.\u00ba na geral motos, e Bruno Santos a conservar a 18.\u00aa posi\u00e7\u00e3o entre os pilotos de motos.<\/p>\n<h3>Motos<\/h3>\n<p>Luciano Benavides (Argentina) venceu a 8.\u00aa etapa das motos, tornando-se l\u00edder da classifica\u00e7\u00e3o geral. O tempo do dia foi 4h26m39s, com Sanders (Australia) a ficar em segundo. Brabec (EUA) fecha o p\u00f3dio provis\u00f3rio, a pouco mais de 4 minutos.<\/p>\n<p>Martim Ventura (Portugal) foi o melhor portugu\u00eas na etapa, terminando em 10.\u00ba, a 19m20s de Benavides. O piloto mant\u00e9m-se como o mais r\u00e1pido entre os moto-competidores nacionais, com Martins ainda no top 15 da geral.<\/p>\n<p>O Dakar 2026 volta na ter\u00e7a-feira, com a 9.\u00aa etapa entre Wadi Ad-Dawasir e Bisha, num percurso de 418 km cronometrados e in\u00edcio da segunda maratona da edi\u00e7\u00e3o.<\/p>\n","protected":false},"excerpt":{"rendered":"<ul>\n<li>Jo\u00e3o Ferreira subiu ao 10.\u00ba lugar da classifica\u00e7\u00e3o geral dos autom\u00f3veis no Dakar 2026, ap\u00f3s a oitava etapa em Wadi ad-Dawasir, com Saood Variawa a vencer a tirada (4h20m35s) e Ferreira a terminar a 7m25s.<\/li>\n<li>O sul-africano Saood Variawa (Toyota) conquistou a vit\u00f3ria na etapa, mantendo a lideran\u00e7a entre os autom\u00f3veis.<\/li>\n<li>O l\u00edder da geral permanece Nasser Al-Attiyah (Dacia), com Ekstr\u00f6m a 4 minutos e Henk Lategan a 6m08s na posi\u00e7\u00e3o seguinte.<\/li>\n<li>Na classe SSV, Jo\u00e3o Monteiro subiu ao segundo lugar, enquanto Gon\u00e7alo Guerreiro abandonou a prova ap\u00f3s acidente perto do quil\u00f3metro 50.<\/li>\n<li>Nas motos, Luciano Benavides tornou-se l\u00edder da classifica\u00e7\u00e3o geral ao vencer a oitava etapa; Daniel Sanders ficou em segundo, a 4m50s, e Martim Ventura foi o melhor portugu\u00eas na etapa, subindo para o 14.\u00ba lugar na geral.<\/li>\n<\/ul>\n","protected":false},"author":2,"featured_media":135950,"comment_status":"closed","ping_status":"closed","sticky":false,"template":"","format":"standard","meta":{"footnotes":""},"categories":[21],"tags":[2371,152,2619,2748,1014],"class_list":["post-135940","post","type-post","status-publish","format-standard","has-post-thumbnail","hentry","category-desporto","tag-automoveis","tag-desporto","tag-desportos-internacionais","tag-motores-ssv-e-challenger","tag-portugal"],"yoast_head":"<!-- This site is optimized with the Yoast SEO plugin v27.2 - https:\/\/yoast.com\/product\/yoast-seo-wordpress\/ -->\n<title>Jo\u00e3o Ferreira sobe ao 10.\u00ba lugar nos autom\u00f3veis no Dakar 2026 - Portal Tela Portugal<\/title>\n<meta name=\"robots\" content=\"index, follow, max-snippet:-1, max-image-preview:large, max-video-preview:-1\" \/>\n<meta property=\"og:locale\" content=\"pt_PT\" \/>\n<meta property=\"og:type\" content=\"article\" \/>\n<meta property=\"og:title\" content=\"Jo\u00e3o Ferreira sobe ao 10.\u00ba lugar nos autom\u00f3veis no Dakar 2026 - Portal Tela Portugal\" \/>\n<meta property=\"og:description\" content=\"Jo\u00e3o Ferreira subiu ao 10.\u00ba lugar da classifica\u00e7\u00e3o geral dos autom\u00f3veis no Dakar 2026, ap\u00f3s a oitava etapa em Wadi ad-Dawasir, com Saood Variawa a vencer a tirada (4h20m35s) e Ferreira a terminar a 7m25s. O sul-africano Saood Variawa (Toyota) conquistou a vit\u00f3ria na etapa, mantendo a lideran\u00e7a entre os autom\u00f3veis. O l\u00edder da geral permanece Nasser Al-Attiyah (Dacia), com Ekstr\u00f6m a 4 minutos e Henk Lategan a 6m08s na posi\u00e7\u00e3o seguinte. Na classe SSV, Jo\u00e3o Monteiro subiu ao segundo lugar, enquanto Gon\u00e7alo Guerreiro abandonou a prova ap\u00f3s acidente perto do quil\u00f3metro 50. Nas motos, Luciano Benavides tornou-se l\u00edder da classifica\u00e7\u00e3o geral ao vencer a oitava etapa; Daniel Sanders ficou em segundo, a 4m50s, e Martim Ventura foi o melhor portugu\u00eas na etapa, subindo para o 14.\u00ba lugar na geral.\" \/>\n<meta property=\"og:url\" content=\"https:\/\/portaltela.pt\/noticias\/2026\/01\/12\/joao-ferreira-sobe-ao-10-o-lugar-nos-automoveis-no-dakar-2026\/\" \/>\n<meta property=\"og:site_name\" content=\"Portal Tela Portugal\" \/>\n<meta property=\"article:published_time\" content=\"2026-01-12T16:37:00+00:00\" \/>\n<meta name=\"author\" content=\"Telinha\" \/>\n<meta name=\"twitter:card\" content=\"summary_large_image\" \/>\n<meta name=\"twitter:label1\" content=\"Escrito por\" \/>\n\t<meta name=\"twitter:data1\" content=\"Telinha\" \/>\n\t<meta name=\"twitter:label2\" content=\"Tempo estimado de leitura\" \/>\n\t<meta name=\"twitter:data2\" content=\"2 minutos\" \/>\n<script type=\"application\/ld+json\" class=\"yoast-schema-graph\">{\"@context\":\"https:\/\/schema.org\",\"@graph\":[{\"@type\":\"Article\",\"@id\":\"https:\/\/portaltela.pt\/noticias\/2026\/01\/12\/joao-ferreira-sobe-ao-10-o-lugar-nos-automoveis-no-dakar-2026\/#article\",\"isPartOf\":{\"@id\":\"https:\/\/portaltela.pt\/noticias\/2026\/01\/12\/joao-ferreira-sobe-ao-10-o-lugar-nos-automoveis-no-dakar-2026\/\"},\"author\":{\"name\":\"Telinha\",\"@id\":\"https:\/\/portaltela.pt\/#\/schema\/person\/c4278d4a6028830caff9ee44b42d32ed\"},\"headline\":\"Jo\u00e3o Ferreira sobe ao 10.\u00ba lugar nos autom\u00f3veis no Dakar 2026\",\"datePublished\":\"2026-01-12T16:37:00+00:00\",\"mainEntityOfPage\":{\"@id\":\"https:\/\/portaltela.pt\/noticias\/2026\/01\/12\/joao-ferreira-sobe-ao-10-o-lugar-nos-automoveis-no-dakar-2026\/\"},\"wordCount\":359,\"image\":{\"@id\":\"https:\/\/portaltela.pt\/noticias\/2026\/01\/12\/joao-ferreira-sobe-ao-10-o-lugar-nos-automoveis-no-dakar-2026\/#primaryimage\"},\"thumbnailUrl\":\"https:\/\/portaltela.pt\/s.01k8rhncp4jt1\/2026\/01\/2058659.jpg\",\"keywords\":[\"Autom\u00f3veis\",\"desporto\",\"desportos internacionais\",\"Motores, SSV e Challenger\",\"Portugal\"],\"articleSection\":[\"Desporto\"],\"inLanguage\":\"pt-PT\"},{\"@type\":\"WebPage\",\"@id\":\"https:\/\/portaltela.pt\/noticias\/2026\/01\/12\/joao-ferreira-sobe-ao-10-o-lugar-nos-automoveis-no-dakar-2026\/\",\"url\":\"https:\/\/portaltela.pt\/noticias\/2026\/01\/12\/joao-ferreira-sobe-ao-10-o-lugar-nos-automoveis-no-dakar-2026\/\",\"name\":\"Jo\u00e3o Ferreira sobe ao 10.\u00ba lugar nos autom\u00f3veis no Dakar 2026 - Portal Tela Portugal\",\"isPartOf\":{\"@id\":\"https:\/\/portaltela.pt\/#website\"},\"primaryImageOfPage\":{\"@id\":\"https:\/\/portaltela.pt\/noticias\/2026\/01\/12\/joao-ferreira-sobe-ao-10-o-lugar-nos-automoveis-no-dakar-2026\/#primaryimage\"},\"image\":{\"@id\":\"https:\/\/portaltela.pt\/noticias\/2026\/01\/12\/joao-ferreira-sobe-ao-10-o-lugar-nos-automoveis-no-dakar-2026\/#primaryimage\"},\"thumbnailUrl\":\"https:\/\/portaltela.pt\/s.01k8rhncp4jt1\/2026\/01\/2058659.jpg\",\"datePublished\":\"2026-01-12T16:37:00+00:00\",\"author\":{\"@id\":\"https:\/\/portaltela.pt\/#\/schema\/person\/c4278d4a6028830caff9ee44b42d32ed\"},\"breadcrumb\":{\"@id\":\"https:\/\/portaltela.pt\/noticias\/2026\/01\/12\/joao-ferreira-sobe-ao-10-o-lugar-nos-automoveis-no-dakar-2026\/#breadcrumb\"},\"inLanguage\":\"pt-PT\",\"potentialAction\":[{\"@type\":\"ReadAction\",\"target\":[\"https:\/\/portaltela.pt\/noticias\/2026\/01\/12\/joao-ferreira-sobe-ao-10-o-lugar-nos-automoveis-no-dakar-2026\/\"]}]},{\"@type\":\"ImageObject\",\"inLanguage\":\"pt-PT\",\"@id\":\"https:\/\/portaltela.pt\/noticias\/2026\/01\/12\/joao-ferreira-sobe-ao-10-o-lugar-nos-automoveis-no-dakar-2026\/#primaryimage\",\"url\":\"https:\/\/portaltela.pt\/s.01k8rhncp4jt1\/2026\/01\/2058659.jpg\",\"contentUrl\":\"https:\/\/portaltela.pt\/s.01k8rhncp4jt1\/2026\/01\/2058659.jpg\",\"width\":796,\"height\":448,\"caption\":\"O Dakar prossegue na Ar\u00e1bia Saudita\"},{\"@type\":\"BreadcrumbList\",\"@id\":\"https:\/\/portaltela.pt\/noticias\/2026\/01\/12\/joao-ferreira-sobe-ao-10-o-lugar-nos-automoveis-no-dakar-2026\/#breadcrumb\",\"itemListElement\":[{\"@type\":\"ListItem\",\"position\":1,\"name\":\"In\u00edcio\",\"item\":\"https:\/\/portaltela.pt\/\"},{\"@type\":\"ListItem\",\"position\":2,\"name\":\"Jo\u00e3o Ferreira sobe ao 10.\u00ba lugar nos autom\u00f3veis no Dakar 2026\"}]},{\"@type\":\"WebSite\",\"@id\":\"https:\/\/portaltela.pt\/#website\",\"url\":\"https:\/\/portaltela.pt\/\",\"name\":\"Portal Tela Portugal\",\"description\":\"\",\"potentialAction\":[{\"@type\":\"SearchAction\",\"target\":{\"@type\":\"EntryPoint\",\"urlTemplate\":\"https:\/\/portaltela.pt\/?s={search_term_string}\"},\"query-input\":{\"@type\":\"PropertyValueSpecification\",\"valueRequired\":true,\"valueName\":\"search_term_string\"}}],\"inLanguage\":\"pt-PT\"},{\"@type\":\"Person\",\"@id\":\"https:\/\/portaltela.pt\/#\/schema\/person\/c4278d4a6028830caff9ee44b42d32ed\",\"name\":\"Telinha\",\"image\":{\"@type\":\"ImageObject\",\"inLanguage\":\"pt-PT\",\"@id\":\"https:\/\/portaltela.pt\/s.01k8rhncp4jt1\/2025\/11\/talking-bot-125x125.png\",\"url\":\"https:\/\/portaltela.pt\/s.01k8rhncp4jt1\/2025\/11\/talking-bot-125x125.png\",\"contentUrl\":\"https:\/\/portaltela.pt\/s.01k8rhncp4jt1\/2025\/11\/talking-bot-125x125.png\",\"caption\":\"Telinha\"},\"sameAs\":[\"https:\/\/portaltela.pt\/\"],\"url\":\"https:\/\/portaltela.pt\/por\/367410592786\/\"}]}<\/script>\n<!-- \/ Yoast SEO plugin. -->","yoast_head_json":{"title":"Jo\u00e3o Ferreira sobe ao 10.\u00ba lugar nos autom\u00f3veis no Dakar 2026 - Portal Tela Portugal","robots":{"index":"index","follow":"follow","max-snippet":"max-snippet:-1","max-image-preview":"max-image-preview:large","max-video-preview":"max-video-preview:-1"},"og_locale":"pt_PT","og_type":"article","og_title":"Jo\u00e3o Ferreira sobe ao 10.\u00ba lugar nos autom\u00f3veis no Dakar 2026 - Portal Tela Portugal","og_description":"Jo\u00e3o Ferreira subiu ao 10.\u00ba lugar da classifica\u00e7\u00e3o geral dos autom\u00f3veis no Dakar 2026, ap\u00f3s a oitava etapa em Wadi ad-Dawasir, com Saood Variawa a vencer a tirada (4h20m35s) e Ferreira a terminar a 7m25s. O sul-africano Saood Variawa (Toyota) conquistou a vit\u00f3ria na etapa, mantendo a lideran\u00e7a entre os autom\u00f3veis. O l\u00edder da geral permanece Nasser Al-Attiyah (Dacia), com Ekstr\u00f6m a 4 minutos e Henk Lategan a 6m08s na posi\u00e7\u00e3o seguinte. Na classe SSV, Jo\u00e3o Monteiro subiu ao segundo lugar, enquanto Gon\u00e7alo Guerreiro abandonou a prova ap\u00f3s acidente perto do quil\u00f3metro 50. Nas motos, Luciano Benavides tornou-se l\u00edder da classifica\u00e7\u00e3o geral ao vencer a oitava etapa; Daniel Sanders ficou em segundo, a 4m50s, e Martim Ventura foi o melhor portugu\u00eas na etapa, subindo para o 14.\u00ba lugar na geral.","og_url":"https:\/\/portaltela.pt\/noticias\/2026\/01\/12\/joao-ferreira-sobe-ao-10-o-lugar-nos-automoveis-no-dakar-2026\/","og_site_name":"Portal Tela Portugal","article_published_time":"2026-01-12T16:37:00+00:00","author":"Telinha","twitter_card":"summary_large_image","twitter_misc":{"Escrito por":"Telinha","Tempo estimado de leitura":"2 minutos"},"schema":{"@context":"https:\/\/schema.org","@graph":[{"@type":"Article","@id":"https:\/\/portaltela.pt\/noticias\/2026\/01\/12\/joao-ferreira-sobe-ao-10-o-lugar-nos-automoveis-no-dakar-2026\/#article","isPartOf":{"@id":"https:\/\/portaltela.pt\/noticias\/2026\/01\/12\/joao-ferreira-sobe-ao-10-o-lugar-nos-automoveis-no-dakar-2026\/"},"author":{"name":"Telinha","@id":"https:\/\/portaltela.pt\/#\/schema\/person\/c4278d4a6028830caff9ee44b42d32ed"},"headline":"Jo\u00e3o Ferreira sobe ao 10.\u00ba lugar nos autom\u00f3veis no Dakar 2026","datePublished":"2026-01-12T16:37:00+00:00","mainEntityOfPage":{"@id":"https:\/\/portaltela.pt\/noticias\/2026\/01\/12\/joao-ferreira-sobe-ao-10-o-lugar-nos-automoveis-no-dakar-2026\/"},"wordCount":359,"image":{"@id":"https:\/\/portaltela.pt\/noticias\/2026\/01\/12\/joao-ferreira-sobe-ao-10-o-lugar-nos-automoveis-no-dakar-2026\/#primaryimage"},"thumbnailUrl":"https:\/\/portaltela.pt\/s.01k8rhncp4jt1\/2026\/01\/2058659.jpg","keywords":["Autom\u00f3veis","desporto","desportos internacionais","Motores, SSV e Challenger","Portugal"],"articleSection":["Desporto"],"inLanguage":"pt-PT"},{"@type":"WebPage","@id":"https:\/\/portaltela.pt\/noticias\/2026\/01\/12\/joao-ferreira-sobe-ao-10-o-lugar-nos-automoveis-no-dakar-2026\/","url":"https:\/\/portaltela.pt\/noticias\/2026\/01\/12\/joao-ferreira-sobe-ao-10-o-lugar-nos-automoveis-no-dakar-2026\/","name":"Jo\u00e3o Ferreira sobe ao 10.\u00ba lugar nos autom\u00f3veis no Dakar 2026 - Portal Tela Portugal","isPartOf":{"@id":"https:\/\/portaltela.pt\/#website"},"primaryImageOfPage":{"@id":"https:\/\/portaltela.pt\/noticias\/2026\/01\/12\/joao-ferreira-sobe-ao-10-o-lugar-nos-automoveis-no-dakar-2026\/#primaryimage"},"image":{"@id":"https:\/\/portaltela.pt\/noticias\/2026\/01\/12\/joao-ferreira-sobe-ao-10-o-lugar-nos-automoveis-no-dakar-2026\/#primaryimage"},"thumbnailUrl":"https:\/\/portaltela.pt\/s.01k8rhncp4jt1\/2026\/01\/2058659.jpg","datePublished":"2026-01-12T16:37:00+00:00","author":{"@id":"https:\/\/portaltela.pt\/#\/schema\/person\/c4278d4a6028830caff9ee44b42d32ed"},"breadcrumb":{"@id":"https:\/\/portaltela.pt\/noticias\/2026\/01\/12\/joao-ferreira-sobe-ao-10-o-lugar-nos-automoveis-no-dakar-2026\/#breadcrumb"},"inLanguage":"pt-PT","potentialAction":[{"@type":"ReadAction","target":["https:\/\/portaltela.pt\/noticias\/2026\/01\/12\/joao-ferreira-sobe-ao-10-o-lugar-nos-automoveis-no-dakar-2026\/"]}]},{"@type":"ImageObject","inLanguage":"pt-PT","@id":"https:\/\/portaltela.pt\/noticias\/2026\/01\/12\/joao-ferreira-sobe-ao-10-o-lugar-nos-automoveis-no-dakar-2026\/#primaryimage","url":"https:\/\/portaltela.pt\/s.01k8rhncp4jt1\/2026\/01\/2058659.jpg","contentUrl":"https:\/\/portaltela.pt\/s.01k8rhncp4jt1\/2026\/01\/2058659.jpg","width":796,"height":448,"caption":"O Dakar prossegue na Ar\u00e1bia Saudita"},{"@type":"BreadcrumbList","@id":"https:\/\/portaltela.pt\/noticias\/2026\/01\/12\/joao-ferreira-sobe-ao-10-o-lugar-nos-automoveis-no-dakar-2026\/#breadcrumb","itemListElement":[{"@type":"ListItem","position":1,"name":"In\u00edcio","item":"https:\/\/portaltela.pt\/"},{"@type":"ListItem","position":2,"name":"Jo\u00e3o Ferreira sobe ao 10.\u00ba lugar nos autom\u00f3veis no Dakar 2026"}]},{"@type":"WebSite","@id":"https:\/\/portaltela.pt\/#website","url":"https:\/\/portaltela.pt\/","name":"Portal Tela Portugal","description":"","potentialAction":[{"@type":"SearchAction","target":{"@type":"EntryPoint","urlTemplate":"https:\/\/portaltela.pt\/?s={search_term_string}"},"query-input":{"@type":"PropertyValueSpecification","valueRequired":true,"valueName":"search_term_string"}}],"inLanguage":"pt-PT"},{"@type":"Person","@id":"https:\/\/portaltela.pt\/#\/schema\/person\/c4278d4a6028830caff9ee44b42d32ed","name":"Telinha","image":{"@type":"ImageObject","inLanguage":"pt-PT","@id":"https:\/\/portaltela.pt\/s.01k8rhncp4jt1\/2025\/11\/talking-bot-125x125.png","url":"https:\/\/portaltela.pt\/s.01k8rhncp4jt1\/2025\/11\/talking-bot-125x125.png","contentUrl":"https:\/\/portaltela.pt\/s.01k8rhncp4jt1\/2025\/11\/talking-bot-125x125.png","caption":"Telinha"},"sameAs":["https:\/\/portaltela.pt\/"],"url":"https:\/\/portaltela.pt\/por\/367410592786\/"}]}},"_links":{"self":[{"href":"https:\/\/portaltela.pt\/api\/wp\/v2\/posts\/135940","targetHints":{"allow":["GET"]}}],"collection":[{"href":"https:\/\/portaltela.pt\/api\/wp\/v2\/posts"}],"about":[{"href":"https:\/\/portaltela.pt\/api\/wp\/v2\/types\/post"}],"author":[{"embeddable":true,"href":"https:\/\/portaltela.pt\/api\/wp\/v2\/users\/2"}],"replies":[{"embeddable":true,"href":"https:\/\/portaltela.pt\/api\/wp\/v2\/comments?post=135940"}],"version-history":[{"count":0,"href":"https:\/\/portaltela.pt\/api\/wp\/v2\/posts\/135940\/revisions"}],"wp:featuredmedia":[{"embeddable":true,"href":"https:\/\/portaltela.pt\/api\/wp\/v2\/media\/135950"}],"wp:attachment":[{"href":"https:\/\/portaltela.pt\/api\/wp\/v2\/media?parent=135940"}],"wp:term":[{"taxonomy":"category","embeddable":true,"href":"https:\/\/portaltela.pt\/api\/wp\/v2\/categories?post=135940"},{"taxonomy":"post_tag","embeddable":true,"href":"https:\/\/portaltela.pt\/api\/wp\/v2\/tags?post=135940"}],"curies":[{"name":"wp","href":"https:\/\/api.w.org\/{rel}","templated":true}]}}