{"id":135895,"date":"2026-01-12T13:24:00","date_gmt":"2026-01-12T16:24:00","guid":{"rendered":"https:\/\/portaltela.pt\/noticias\/2026\/01\/12\/pequim-responde-a-ameacas-de-trump-na-gronelandia\/"},"modified":"2026-01-12T13:24:00","modified_gmt":"2026-01-12T16:24:00","slug":"pequim-responde-a-ameacas-de-trump-na-gronelandia","status":"publish","type":"post","link":"https:\/\/portaltela.pt\/noticias\/politica\/2026\/01\/12\/pequim-responde-a-ameacas-de-trump-na-gronelandia\/","title":{"rendered":"Pequim responde a amea\u00e7as de Trump na Gronel\u00e2ndia"},"content":{"rendered":"<p>A China advertiu os Estados Unidos para n\u00e3o utilizarem outros pa\u00edses como pretexto para avan\u00e7ar interesses na Gronel\u00e2ndia, defendendo que as suas atividades no \u00c1rtico cumprem o direito internacional. A porta-voz do Minist\u00e9rio dos Neg\u00f3cios Estrangeiros, Mao Ning, sublinhou que os direitos de todos os pa\u00edses no \u00c1rtico devem ser respeitados. As a\u00e7\u00f5es da China no \u00c1rtico visam a paz, a estabilidade e o desenvolvimento sustent\u00e1vel, acrescentou.<\/p>\n<p>Mao Ning afirmou ainda que os EUA n\u00e3o devem perseguir os seus interesses \u00e0 custa de terceiros, lembrando que o \u00c1rtico \u00e9 tema de interesse comum da comunidade internacional. As declara\u00e7\u00f5es chegam num contexto de tens\u00e3o entre EUA, Dinamarca e Gronel\u00e2ndia, ap\u00f3s palavras de Trump sobre aquisi\u00e7\u00e3o do territ\u00f3rio aut\u00f3nomo dinamarqu\u00eas.<\/p>\n<p>Trump disse que n\u00e3o permitir\u00e1 que a R\u00fassia ou a China ocupem a Gronel\u00e2ndia e que planeia agir em rela\u00e7\u00e3o ao territ\u00f3rio. O poss\u00edvel acordo visaria impedir que pot\u00eancias externas ganhem controlo sobre a regi\u00e3o, que \u00e9 membro da NATO atrav\u00e9s da Dinamarca.<\/p>\n<h3>Contexto regional e rea\u00e7\u00f5es<\/h3>\n<p>A primeira-ministra dinamarquesa, Mette Frederiksen, avisou que uma tomada de controlo norte-americana na Gronel\u00e2ndia poderia significar o fim da NATO. O primeiro-ministro da Gronel\u00e2ndia, Jens-Frederik Nielsen, junto com l\u00edderes do parlamento, reiterou que o futuro do territ\u00f3rio deve ser decidido pela popula\u00e7\u00e3o local.<\/p>\n<p>\u00c0 margem, o ministro dos Neg\u00f3cios Estrangeiros alem\u00e3o, Johann Wadephul, tem reuni\u00e3o marcada com o hom\u00f3logo norte-americano, Marco Rubio, para debater uma estrat\u00e9gia da NATO para o \u00c1rtico. Wadephul afirmou pretender discutir como enfrentar rivais hist\u00f3ricos e recentes na regi\u00e3o.<\/p>\n<p>Dados oficiais indicam que a presen\u00e7a chinesa na Gronel\u00e2ndia \u00e9 menos extensa do que os EUA sugerem, com foco sobretudo em atividades comerciais e mineiras, que enfrentaram obst\u00e1culos nos \u00faltimos anos. Em 2018, a China reconheceu-se como estado quase-\u00e1rtico e lan\u00e7ou planos de uma Rota da Seda Polar no \u00e2mbito da iniciativa Um Cintur\u00e3o, Uma Rota.<\/p>\n","protected":false},"excerpt":{"rendered":"<ul>\n<li>A China disse aos Estados Unidos para n\u00e3o usarem outros pa\u00edses como pretexto para prosseguir interesses na Gronel\u00e2ndia e alegou que as suas atividades no \u00c1rtico est\u00e3o em conformidade com o direito internacional.<\/li>\n<li>A porta-voz do Minist\u00e9rio dos Neg\u00f3cios Estrangeiros, Mao Ning, afirmou que os direitos de todos os pa\u00edses no \u00c1rtico devem ser respeitados e que as a\u00e7\u00f5es chinesas visam paz, estabilidade e desenvolvimento sustent\u00e1vel.<\/li>\n<li>O presidente dos EUA, Donald Trump, disse que n\u00e3o permitir\u00e1 que a R\u00fassia ou a China ocupem a Gronel\u00e2ndia e que pretende agir em rela\u00e7\u00e3o ao territ\u00f3rio aut\u00f3nomo dinamarqu\u00eas.<\/li>\n<li>A primeira-ministra dinamarquesa advertiu que uma tomada de poder na Gronel\u00e2ndia marcaria o fim da NATO, enquanto o governo da Gronel\u00e2ndia afirmou que o futuro do territ\u00f3rio deve ser decidido pelo povo.<\/li>\n<li>Dados oficiais indicam que a presen\u00e7a chinesa na Gronel\u00e2ndia \u00e9 mais limitada do que a dos EUA, com foco no setor comercial; em 2018 a China declarou-se quase-\u00e1rtico e lan\u00e7ou planos da Rota da Seda Polar.<\/li>\n<\/ul>\n","protected":false},"author":2,"featured_media":135896,"comment_status":"closed","ping_status":"closed","sticky":false,"template":"","format":"standard","meta":{"footnotes":""},"categories":[1,5],"tags":[230,256,2036,2023,2832,27],"class_list":["post-135895","post","type-post","status-publish","format-standard","has-post-thumbnail","hentry","category-noticias","category-politica","tag-accoes-internacionais","tag-cooperacao-internacional","tag-negociacoes-internacionais","tag-organizacoes-internacionais","tag-politica","tag-relacoes-internacionais"],"yoast_head":"<!-- This site is optimized with the Yoast SEO plugin v27.2 - https:\/\/yoast.com\/product\/yoast-seo-wordpress\/ -->\n<title>Pequim responde a amea\u00e7as de Trump na Gronel\u00e2ndia - Portal Tela Portugal<\/title>\n<meta name=\"robots\" content=\"index, follow, max-snippet:-1, max-image-preview:large, max-video-preview:-1\" \/>\n<meta property=\"og:locale\" content=\"pt_PT\" \/>\n<meta property=\"og:type\" content=\"article\" \/>\n<meta property=\"og:title\" content=\"Pequim responde a amea\u00e7as de Trump na Gronel\u00e2ndia - Portal Tela Portugal\" \/>\n<meta property=\"og:description\" content=\"A China disse aos Estados Unidos para n\u00e3o usarem outros pa\u00edses como pretexto para prosseguir interesses na Gronel\u00e2ndia e alegou que as suas atividades no \u00c1rtico est\u00e3o em conformidade com o direito internacional. A porta-voz do Minist\u00e9rio dos Neg\u00f3cios Estrangeiros, Mao Ning, afirmou que os direitos de todos os pa\u00edses no \u00c1rtico devem ser respeitados e que as a\u00e7\u00f5es chinesas visam paz, estabilidade e desenvolvimento sustent\u00e1vel. O presidente dos EUA, Donald Trump, disse que n\u00e3o permitir\u00e1 que a R\u00fassia ou a China ocupem a Gronel\u00e2ndia e que pretende agir em rela\u00e7\u00e3o ao territ\u00f3rio aut\u00f3nomo dinamarqu\u00eas. A primeira-ministra dinamarquesa advertiu que uma tomada de poder na Gronel\u00e2ndia marcaria o fim da NATO, enquanto o governo da Gronel\u00e2ndia afirmou que o futuro do territ\u00f3rio deve ser decidido pelo povo. Dados oficiais indicam que a presen\u00e7a chinesa na Gronel\u00e2ndia \u00e9 mais limitada do que a dos EUA, com foco no setor comercial; em 2018 a China declarou-se quase-\u00e1rtico e lan\u00e7ou planos da Rota da Seda Polar.\" \/>\n<meta property=\"og:url\" content=\"https:\/\/portaltela.pt\/noticias\/2026\/01\/12\/pequim-responde-a-ameacas-de-trump-na-gronelandia\/\" \/>\n<meta property=\"og:site_name\" content=\"Portal Tela Portugal\" \/>\n<meta property=\"article:published_time\" content=\"2026-01-12T16:24:00+00:00\" \/>\n<meta name=\"author\" content=\"Telinha\" \/>\n<meta name=\"twitter:card\" content=\"summary_large_image\" \/>\n<meta name=\"twitter:label1\" content=\"Escrito por\" \/>\n\t<meta name=\"twitter:data1\" content=\"Telinha\" \/>\n\t<meta name=\"twitter:label2\" content=\"Tempo estimado de leitura\" \/>\n\t<meta name=\"twitter:data2\" content=\"2 minutos\" \/>\n<script type=\"application\/ld+json\" class=\"yoast-schema-graph\">{\"@context\":\"https:\/\/schema.org\",\"@graph\":[{\"@type\":\"Article\",\"@id\":\"https:\/\/portaltela.pt\/noticias\/2026\/01\/12\/pequim-responde-a-ameacas-de-trump-na-gronelandia\/#article\",\"isPartOf\":{\"@id\":\"https:\/\/portaltela.pt\/noticias\/2026\/01\/12\/pequim-responde-a-ameacas-de-trump-na-gronelandia\/\"},\"author\":{\"name\":\"Telinha\",\"@id\":\"https:\/\/portaltela.pt\/#\/schema\/person\/c4278d4a6028830caff9ee44b42d32ed\"},\"headline\":\"Pequim responde a amea\u00e7as de Trump na Gronel\u00e2ndia\",\"datePublished\":\"2026-01-12T16:24:00+00:00\",\"mainEntityOfPage\":{\"@id\":\"https:\/\/portaltela.pt\/noticias\/2026\/01\/12\/pequim-responde-a-ameacas-de-trump-na-gronelandia\/\"},\"wordCount\":354,\"image\":{\"@id\":\"https:\/\/portaltela.pt\/noticias\/2026\/01\/12\/pequim-responde-a-ameacas-de-trump-na-gronelandia\/#primaryimage\"},\"thumbnailUrl\":\"https:\/\/portaltela.pt\/s.01k8rhncp4jt1\/2026\/01\/seguro_outline_cor-38.jpg\",\"keywords\":[\"ac\u00e7\u00f5es internacionais\",\"coopera\u00e7\u00e3o internacional\",\"negocia\u00e7\u00f5es internacionais\",\"organiza\u00e7\u00f5es internacionais\",\"pol\u00edtica\",\"rela\u00e7\u00f5es internacionais\"],\"articleSection\":[\"Not\u00edcias\",\"Pol\u00edtica\"],\"inLanguage\":\"pt-PT\"},{\"@type\":\"WebPage\",\"@id\":\"https:\/\/portaltela.pt\/noticias\/2026\/01\/12\/pequim-responde-a-ameacas-de-trump-na-gronelandia\/\",\"url\":\"https:\/\/portaltela.pt\/noticias\/2026\/01\/12\/pequim-responde-a-ameacas-de-trump-na-gronelandia\/\",\"name\":\"Pequim responde a amea\u00e7as de Trump na Gronel\u00e2ndia - Portal Tela Portugal\",\"isPartOf\":{\"@id\":\"https:\/\/portaltela.pt\/#website\"},\"primaryImageOfPage\":{\"@id\":\"https:\/\/portaltela.pt\/noticias\/2026\/01\/12\/pequim-responde-a-ameacas-de-trump-na-gronelandia\/#primaryimage\"},\"image\":{\"@id\":\"https:\/\/portaltela.pt\/noticias\/2026\/01\/12\/pequim-responde-a-ameacas-de-trump-na-gronelandia\/#primaryimage\"},\"thumbnailUrl\":\"https:\/\/portaltela.pt\/s.01k8rhncp4jt1\/2026\/01\/seguro_outline_cor-38.jpg\",\"datePublished\":\"2026-01-12T16:24:00+00:00\",\"author\":{\"@id\":\"https:\/\/portaltela.pt\/#\/schema\/person\/c4278d4a6028830caff9ee44b42d32ed\"},\"breadcrumb\":{\"@id\":\"https:\/\/portaltela.pt\/noticias\/2026\/01\/12\/pequim-responde-a-ameacas-de-trump-na-gronelandia\/#breadcrumb\"},\"inLanguage\":\"pt-PT\",\"potentialAction\":[{\"@type\":\"ReadAction\",\"target\":[\"https:\/\/portaltela.pt\/noticias\/2026\/01\/12\/pequim-responde-a-ameacas-de-trump-na-gronelandia\/\"]}]},{\"@type\":\"ImageObject\",\"inLanguage\":\"pt-PT\",\"@id\":\"https:\/\/portaltela.pt\/noticias\/2026\/01\/12\/pequim-responde-a-ameacas-de-trump-na-gronelandia\/#primaryimage\",\"url\":\"https:\/\/portaltela.pt\/s.01k8rhncp4jt1\/2026\/01\/seguro_outline_cor-38.jpg\",\"contentUrl\":\"https:\/\/portaltela.pt\/s.01k8rhncp4jt1\/2026\/01\/seguro_outline_cor-38.jpg\",\"width\":796,\"height\":448,\"caption\":\"Photo\"},{\"@type\":\"BreadcrumbList\",\"@id\":\"https:\/\/portaltela.pt\/noticias\/2026\/01\/12\/pequim-responde-a-ameacas-de-trump-na-gronelandia\/#breadcrumb\",\"itemListElement\":[{\"@type\":\"ListItem\",\"position\":1,\"name\":\"In\u00edcio\",\"item\":\"https:\/\/portaltela.pt\/\"},{\"@type\":\"ListItem\",\"position\":2,\"name\":\"Pequim responde a amea\u00e7as de Trump na Gronel\u00e2ndia\"}]},{\"@type\":\"WebSite\",\"@id\":\"https:\/\/portaltela.pt\/#website\",\"url\":\"https:\/\/portaltela.pt\/\",\"name\":\"Portal Tela Portugal\",\"description\":\"\",\"potentialAction\":[{\"@type\":\"SearchAction\",\"target\":{\"@type\":\"EntryPoint\",\"urlTemplate\":\"https:\/\/portaltela.pt\/?s={search_term_string}\"},\"query-input\":{\"@type\":\"PropertyValueSpecification\",\"valueRequired\":true,\"valueName\":\"search_term_string\"}}],\"inLanguage\":\"pt-PT\"},{\"@type\":\"Person\",\"@id\":\"https:\/\/portaltela.pt\/#\/schema\/person\/c4278d4a6028830caff9ee44b42d32ed\",\"name\":\"Telinha\",\"image\":{\"@type\":\"ImageObject\",\"inLanguage\":\"pt-PT\",\"@id\":\"https:\/\/portaltela.pt\/s.01k8rhncp4jt1\/2025\/11\/talking-bot-125x125.png\",\"url\":\"https:\/\/portaltela.pt\/s.01k8rhncp4jt1\/2025\/11\/talking-bot-125x125.png\",\"contentUrl\":\"https:\/\/portaltela.pt\/s.01k8rhncp4jt1\/2025\/11\/talking-bot-125x125.png\",\"caption\":\"Telinha\"},\"sameAs\":[\"https:\/\/portaltela.pt\/\"],\"url\":\"https:\/\/portaltela.pt\/por\/367410592786\/\"}]}<\/script>\n<!-- \/ Yoast SEO plugin. -->","yoast_head_json":{"title":"Pequim responde a amea\u00e7as de Trump na Gronel\u00e2ndia - Portal Tela Portugal","robots":{"index":"index","follow":"follow","max-snippet":"max-snippet:-1","max-image-preview":"max-image-preview:large","max-video-preview":"max-video-preview:-1"},"og_locale":"pt_PT","og_type":"article","og_title":"Pequim responde a amea\u00e7as de Trump na Gronel\u00e2ndia - Portal Tela Portugal","og_description":"A China disse aos Estados Unidos para n\u00e3o usarem outros pa\u00edses como pretexto para prosseguir interesses na Gronel\u00e2ndia e alegou que as suas atividades no \u00c1rtico est\u00e3o em conformidade com o direito internacional. A porta-voz do Minist\u00e9rio dos Neg\u00f3cios Estrangeiros, Mao Ning, afirmou que os direitos de todos os pa\u00edses no \u00c1rtico devem ser respeitados e que as a\u00e7\u00f5es chinesas visam paz, estabilidade e desenvolvimento sustent\u00e1vel. O presidente dos EUA, Donald Trump, disse que n\u00e3o permitir\u00e1 que a R\u00fassia ou a China ocupem a Gronel\u00e2ndia e que pretende agir em rela\u00e7\u00e3o ao territ\u00f3rio aut\u00f3nomo dinamarqu\u00eas. A primeira-ministra dinamarquesa advertiu que uma tomada de poder na Gronel\u00e2ndia marcaria o fim da NATO, enquanto o governo da Gronel\u00e2ndia afirmou que o futuro do territ\u00f3rio deve ser decidido pelo povo. Dados oficiais indicam que a presen\u00e7a chinesa na Gronel\u00e2ndia \u00e9 mais limitada do que a dos EUA, com foco no setor comercial; em 2018 a China declarou-se quase-\u00e1rtico e lan\u00e7ou planos da Rota da Seda Polar.","og_url":"https:\/\/portaltela.pt\/noticias\/2026\/01\/12\/pequim-responde-a-ameacas-de-trump-na-gronelandia\/","og_site_name":"Portal Tela Portugal","article_published_time":"2026-01-12T16:24:00+00:00","author":"Telinha","twitter_card":"summary_large_image","twitter_misc":{"Escrito por":"Telinha","Tempo estimado de leitura":"2 minutos"},"schema":{"@context":"https:\/\/schema.org","@graph":[{"@type":"Article","@id":"https:\/\/portaltela.pt\/noticias\/2026\/01\/12\/pequim-responde-a-ameacas-de-trump-na-gronelandia\/#article","isPartOf":{"@id":"https:\/\/portaltela.pt\/noticias\/2026\/01\/12\/pequim-responde-a-ameacas-de-trump-na-gronelandia\/"},"author":{"name":"Telinha","@id":"https:\/\/portaltela.pt\/#\/schema\/person\/c4278d4a6028830caff9ee44b42d32ed"},"headline":"Pequim responde a amea\u00e7as de Trump na Gronel\u00e2ndia","datePublished":"2026-01-12T16:24:00+00:00","mainEntityOfPage":{"@id":"https:\/\/portaltela.pt\/noticias\/2026\/01\/12\/pequim-responde-a-ameacas-de-trump-na-gronelandia\/"},"wordCount":354,"image":{"@id":"https:\/\/portaltela.pt\/noticias\/2026\/01\/12\/pequim-responde-a-ameacas-de-trump-na-gronelandia\/#primaryimage"},"thumbnailUrl":"https:\/\/portaltela.pt\/s.01k8rhncp4jt1\/2026\/01\/seguro_outline_cor-38.jpg","keywords":["ac\u00e7\u00f5es internacionais","coopera\u00e7\u00e3o internacional","negocia\u00e7\u00f5es internacionais","organiza\u00e7\u00f5es internacionais","pol\u00edtica","rela\u00e7\u00f5es internacionais"],"articleSection":["Not\u00edcias","Pol\u00edtica"],"inLanguage":"pt-PT"},{"@type":"WebPage","@id":"https:\/\/portaltela.pt\/noticias\/2026\/01\/12\/pequim-responde-a-ameacas-de-trump-na-gronelandia\/","url":"https:\/\/portaltela.pt\/noticias\/2026\/01\/12\/pequim-responde-a-ameacas-de-trump-na-gronelandia\/","name":"Pequim responde a amea\u00e7as de Trump na Gronel\u00e2ndia - Portal Tela Portugal","isPartOf":{"@id":"https:\/\/portaltela.pt\/#website"},"primaryImageOfPage":{"@id":"https:\/\/portaltela.pt\/noticias\/2026\/01\/12\/pequim-responde-a-ameacas-de-trump-na-gronelandia\/#primaryimage"},"image":{"@id":"https:\/\/portaltela.pt\/noticias\/2026\/01\/12\/pequim-responde-a-ameacas-de-trump-na-gronelandia\/#primaryimage"},"thumbnailUrl":"https:\/\/portaltela.pt\/s.01k8rhncp4jt1\/2026\/01\/seguro_outline_cor-38.jpg","datePublished":"2026-01-12T16:24:00+00:00","author":{"@id":"https:\/\/portaltela.pt\/#\/schema\/person\/c4278d4a6028830caff9ee44b42d32ed"},"breadcrumb":{"@id":"https:\/\/portaltela.pt\/noticias\/2026\/01\/12\/pequim-responde-a-ameacas-de-trump-na-gronelandia\/#breadcrumb"},"inLanguage":"pt-PT","potentialAction":[{"@type":"ReadAction","target":["https:\/\/portaltela.pt\/noticias\/2026\/01\/12\/pequim-responde-a-ameacas-de-trump-na-gronelandia\/"]}]},{"@type":"ImageObject","inLanguage":"pt-PT","@id":"https:\/\/portaltela.pt\/noticias\/2026\/01\/12\/pequim-responde-a-ameacas-de-trump-na-gronelandia\/#primaryimage","url":"https:\/\/portaltela.pt\/s.01k8rhncp4jt1\/2026\/01\/seguro_outline_cor-38.jpg","contentUrl":"https:\/\/portaltela.pt\/s.01k8rhncp4jt1\/2026\/01\/seguro_outline_cor-38.jpg","width":796,"height":448,"caption":"Photo"},{"@type":"BreadcrumbList","@id":"https:\/\/portaltela.pt\/noticias\/2026\/01\/12\/pequim-responde-a-ameacas-de-trump-na-gronelandia\/#breadcrumb","itemListElement":[{"@type":"ListItem","position":1,"name":"In\u00edcio","item":"https:\/\/portaltela.pt\/"},{"@type":"ListItem","position":2,"name":"Pequim responde a amea\u00e7as de Trump na Gronel\u00e2ndia"}]},{"@type":"WebSite","@id":"https:\/\/portaltela.pt\/#website","url":"https:\/\/portaltela.pt\/","name":"Portal Tela Portugal","description":"","potentialAction":[{"@type":"SearchAction","target":{"@type":"EntryPoint","urlTemplate":"https:\/\/portaltela.pt\/?s={search_term_string}"},"query-input":{"@type":"PropertyValueSpecification","valueRequired":true,"valueName":"search_term_string"}}],"inLanguage":"pt-PT"},{"@type":"Person","@id":"https:\/\/portaltela.pt\/#\/schema\/person\/c4278d4a6028830caff9ee44b42d32ed","name":"Telinha","image":{"@type":"ImageObject","inLanguage":"pt-PT","@id":"https:\/\/portaltela.pt\/s.01k8rhncp4jt1\/2025\/11\/talking-bot-125x125.png","url":"https:\/\/portaltela.pt\/s.01k8rhncp4jt1\/2025\/11\/talking-bot-125x125.png","contentUrl":"https:\/\/portaltela.pt\/s.01k8rhncp4jt1\/2025\/11\/talking-bot-125x125.png","caption":"Telinha"},"sameAs":["https:\/\/portaltela.pt\/"],"url":"https:\/\/portaltela.pt\/por\/367410592786\/"}]}},"_links":{"self":[{"href":"https:\/\/portaltela.pt\/api\/wp\/v2\/posts\/135895","targetHints":{"allow":["GET"]}}],"collection":[{"href":"https:\/\/portaltela.pt\/api\/wp\/v2\/posts"}],"about":[{"href":"https:\/\/portaltela.pt\/api\/wp\/v2\/types\/post"}],"author":[{"embeddable":true,"href":"https:\/\/portaltela.pt\/api\/wp\/v2\/users\/2"}],"replies":[{"embeddable":true,"href":"https:\/\/portaltela.pt\/api\/wp\/v2\/comments?post=135895"}],"version-history":[{"count":0,"href":"https:\/\/portaltela.pt\/api\/wp\/v2\/posts\/135895\/revisions"}],"wp:featuredmedia":[{"embeddable":true,"href":"https:\/\/portaltela.pt\/api\/wp\/v2\/media\/135896"}],"wp:attachment":[{"href":"https:\/\/portaltela.pt\/api\/wp\/v2\/media?parent=135895"}],"wp:term":[{"taxonomy":"category","embeddable":true,"href":"https:\/\/portaltela.pt\/api\/wp\/v2\/categories?post=135895"},{"taxonomy":"post_tag","embeddable":true,"href":"https:\/\/portaltela.pt\/api\/wp\/v2\/tags?post=135895"}],"curies":[{"name":"wp","href":"https:\/\/api.w.org\/{rel}","templated":true}]}}