{"id":135755,"date":"2026-01-12T12:24:23","date_gmt":"2026-01-12T15:24:23","guid":{"rendered":"https:\/\/portaltela.pt\/noticias\/2026\/01\/12\/vestido-preto-brilha-nos-globos-de-ouro-elegancia-classica-de-hollywood\/"},"modified":"2026-01-12T12:24:23","modified_gmt":"2026-01-12T15:24:23","slug":"vestido-preto-brilha-nos-globos-de-ouro-elegancia-classica-de-hollywood","status":"publish","type":"post","link":"https:\/\/portaltela.pt\/noticias\/2026\/01\/12\/vestido-preto-brilha-nos-globos-de-ouro-elegancia-classica-de-hollywood\/","title":{"rendered":"Vestido preto brilha nos Globos de Ouro, eleg\u00e2ncia cl\u00e1ssica de Hollywood"},"content":{"rendered":"<p>O vestido preto foi o grande destaque da passadeira vermelha dos Globos de Ouro, destacando uma eleg\u00e2ncia cl\u00e1ssica de Hollywood. A pe\u00e7a brilhou, deixando de lado o conhecido look do \u201crevenge dress\u201d em favor de um estilo mais discreto, por\u00e9m vistoso.<\/p>\n<p>Entre as primeiras a desfilarem com o preto estiveram Ariana Grande, Jenna Ortega e Julia Roberts, reconhecidas pela conjuga\u00e7\u00e3o entre glamour e sobriedade. Os looks reais nas fotografias sugerem uma aposta pela sofistica\u00e7\u00e3o na noite.<\/p>\n<p>Outros nomes tamb\u00e9m subiram ao tapete vermelho com op\u00e7\u00f5es em preto, destacando a versatilidade do tom. Miley Cyrus, Ana de Armas, Selena Gomez, Aimee Lou Wood, Lisa e Rei Ami foram alguns dos rostos que contribu\u00edram para a entrelinha de estilos na gala.<\/p>\n<h3>Vestidos em destaque<\/h3>\n<p>O conjunto de escolhas refor\u00e7ou a ideia de que o preto continua a entregar eleg\u00e2ncia e presen\u00e7a de imagem nas grandes passarelas de pr\u00e9mios. A cobertura foca-se no impacto visual das pe\u00e7as e na presen\u00e7a de cada artista na cerim\u00f3nia.<\/p>\n","protected":false},"excerpt":{"rendered":"<ul>\n<li>O vestido preto foi o destaque da passadeira vermelha na 83.\u00aa edi\u00e7\u00e3o dos Globos de Ouro, realizada este domingo.<\/li>\n<li>Ariana Grande, Jenna Ortega e Julia Roberts estiveram entre as celebridades que reuniram olhares com looks glamorosos.<\/li>\n<li>Outras estrelas que marcaram presen\u00e7a incluem Miley Cyrus, Aimee Lou Wood, Lisa, Ana de Armas, Rei Ami e Selena Gomez.<\/li>\n<li>O conjunto negro foi associado \u00e0 eleg\u00e2ncia cl\u00e1ssica de Hollywood na cerim\u00f3nia.<\/li>\n<li>A not\u00edcia foca nos fatos mais relevantes do evento, sem opini\u00f5es ou julgamentos.<\/li>\n<\/ul>\n","protected":false},"author":2,"featured_media":135756,"comment_status":"closed","ping_status":"closed","sticky":false,"template":"","format":"standard","meta":{"footnotes":""},"categories":[12,1],"tags":[76,112,78,1009,135,239],"class_list":["post-135755","post","type-post","status-publish","format-standard","has-post-thumbnail","hentry","category-entretenimento","category-noticias","tag-celebridades","tag-cinema","tag-famosos","tag-globos-de-ouro","tag-moda","tag-vestuario"],"yoast_head":"<!-- This site is optimized with the Yoast SEO plugin v27.2 - https:\/\/yoast.com\/product\/yoast-seo-wordpress\/ -->\n<title>Vestido preto brilha nos Globos de Ouro, eleg\u00e2ncia cl\u00e1ssica de Hollywood - Portal Tela Portugal<\/title>\n<meta name=\"robots\" content=\"index, follow, max-snippet:-1, max-image-preview:large, max-video-preview:-1\" \/>\n<meta property=\"og:locale\" content=\"pt_PT\" \/>\n<meta property=\"og:type\" content=\"article\" \/>\n<meta property=\"og:title\" content=\"Vestido preto brilha nos Globos de Ouro, eleg\u00e2ncia cl\u00e1ssica de Hollywood - Portal Tela Portugal\" \/>\n<meta property=\"og:description\" content=\"O vestido preto foi o destaque da passadeira vermelha na 83.\u00aa edi\u00e7\u00e3o dos Globos de Ouro, realizada este domingo. Ariana Grande, Jenna Ortega e Julia Roberts estiveram entre as celebridades que reuniram olhares com looks glamorosos. Outras estrelas que marcaram presen\u00e7a incluem Miley Cyrus, Aimee Lou Wood, Lisa, Ana de Armas, Rei Ami e Selena Gomez. O conjunto negro foi associado \u00e0 eleg\u00e2ncia cl\u00e1ssica de Hollywood na cerim\u00f3nia. A not\u00edcia foca nos fatos mais relevantes do evento, sem opini\u00f5es ou julgamentos.\" \/>\n<meta property=\"og:url\" content=\"https:\/\/portaltela.pt\/noticias\/2026\/01\/12\/vestido-preto-brilha-nos-globos-de-ouro-elegancia-classica-de-hollywood\/\" \/>\n<meta property=\"og:site_name\" content=\"Portal Tela Portugal\" \/>\n<meta property=\"article:published_time\" content=\"2026-01-12T15:24:23+00:00\" \/>\n<meta name=\"author\" content=\"Telinha\" \/>\n<meta name=\"twitter:card\" content=\"summary_large_image\" \/>\n<meta name=\"twitter:label1\" content=\"Escrito por\" \/>\n\t<meta name=\"twitter:data1\" content=\"Telinha\" \/>\n\t<meta name=\"twitter:label2\" content=\"Tempo estimado de leitura\" \/>\n\t<meta name=\"twitter:data2\" content=\"1 minuto\" \/>\n<script type=\"application\/ld+json\" class=\"yoast-schema-graph\">{\"@context\":\"https:\/\/schema.org\",\"@graph\":[{\"@type\":\"Article\",\"@id\":\"https:\/\/portaltela.pt\/noticias\/2026\/01\/12\/vestido-preto-brilha-nos-globos-de-ouro-elegancia-classica-de-hollywood\/#article\",\"isPartOf\":{\"@id\":\"https:\/\/portaltela.pt\/noticias\/2026\/01\/12\/vestido-preto-brilha-nos-globos-de-ouro-elegancia-classica-de-hollywood\/\"},\"author\":{\"name\":\"Telinha\",\"@id\":\"https:\/\/portaltela.pt\/#\/schema\/person\/c4278d4a6028830caff9ee44b42d32ed\"},\"headline\":\"Vestido preto brilha nos Globos de Ouro, eleg\u00e2ncia cl\u00e1ssica de Hollywood\",\"datePublished\":\"2026-01-12T15:24:23+00:00\",\"mainEntityOfPage\":{\"@id\":\"https:\/\/portaltela.pt\/noticias\/2026\/01\/12\/vestido-preto-brilha-nos-globos-de-ouro-elegancia-classica-de-hollywood\/\"},\"wordCount\":191,\"image\":{\"@id\":\"https:\/\/portaltela.pt\/noticias\/2026\/01\/12\/vestido-preto-brilha-nos-globos-de-ouro-elegancia-classica-de-hollywood\/#primaryimage\"},\"thumbnailUrl\":\"https:\/\/portaltela.pt\/s.01k8rhncp4jt1\/2026\/01\/img_1280x721uu2026-01-12-14-53-23-2259624.jpg\",\"keywords\":[\"celebridades\",\"cinema\",\"famosos\",\"globos de ouro\",\"moda\",\"vestu\u00e1rio\"],\"articleSection\":[\"Entretenimento\",\"Not\u00edcias\"],\"inLanguage\":\"pt-PT\"},{\"@type\":\"WebPage\",\"@id\":\"https:\/\/portaltela.pt\/noticias\/2026\/01\/12\/vestido-preto-brilha-nos-globos-de-ouro-elegancia-classica-de-hollywood\/\",\"url\":\"https:\/\/portaltela.pt\/noticias\/2026\/01\/12\/vestido-preto-brilha-nos-globos-de-ouro-elegancia-classica-de-hollywood\/\",\"name\":\"Vestido preto brilha nos Globos de Ouro, eleg\u00e2ncia cl\u00e1ssica de Hollywood - Portal Tela Portugal\",\"isPartOf\":{\"@id\":\"https:\/\/portaltela.pt\/#website\"},\"primaryImageOfPage\":{\"@id\":\"https:\/\/portaltela.pt\/noticias\/2026\/01\/12\/vestido-preto-brilha-nos-globos-de-ouro-elegancia-classica-de-hollywood\/#primaryimage\"},\"image\":{\"@id\":\"https:\/\/portaltela.pt\/noticias\/2026\/01\/12\/vestido-preto-brilha-nos-globos-de-ouro-elegancia-classica-de-hollywood\/#primaryimage\"},\"thumbnailUrl\":\"https:\/\/portaltela.pt\/s.01k8rhncp4jt1\/2026\/01\/img_1280x721uu2026-01-12-14-53-23-2259624.jpg\",\"datePublished\":\"2026-01-12T15:24:23+00:00\",\"author\":{\"@id\":\"https:\/\/portaltela.pt\/#\/schema\/person\/c4278d4a6028830caff9ee44b42d32ed\"},\"breadcrumb\":{\"@id\":\"https:\/\/portaltela.pt\/noticias\/2026\/01\/12\/vestido-preto-brilha-nos-globos-de-ouro-elegancia-classica-de-hollywood\/#breadcrumb\"},\"inLanguage\":\"pt-PT\",\"potentialAction\":[{\"@type\":\"ReadAction\",\"target\":[\"https:\/\/portaltela.pt\/noticias\/2026\/01\/12\/vestido-preto-brilha-nos-globos-de-ouro-elegancia-classica-de-hollywood\/\"]}]},{\"@type\":\"ImageObject\",\"inLanguage\":\"pt-PT\",\"@id\":\"https:\/\/portaltela.pt\/noticias\/2026\/01\/12\/vestido-preto-brilha-nos-globos-de-ouro-elegancia-classica-de-hollywood\/#primaryimage\",\"url\":\"https:\/\/portaltela.pt\/s.01k8rhncp4jt1\/2026\/01\/img_1280x721uu2026-01-12-14-53-23-2259624.jpg\",\"contentUrl\":\"https:\/\/portaltela.pt\/s.01k8rhncp4jt1\/2026\/01\/img_1280x721uu2026-01-12-14-53-23-2259624.jpg\",\"width\":796,\"height\":448,\"caption\":\"Ariana Grande na 83.\u00aa edi\u00e7\u00e3o dos Globos de Ouro, este domingo\"},{\"@type\":\"BreadcrumbList\",\"@id\":\"https:\/\/portaltela.pt\/noticias\/2026\/01\/12\/vestido-preto-brilha-nos-globos-de-ouro-elegancia-classica-de-hollywood\/#breadcrumb\",\"itemListElement\":[{\"@type\":\"ListItem\",\"position\":1,\"name\":\"In\u00edcio\",\"item\":\"https:\/\/portaltela.pt\/\"},{\"@type\":\"ListItem\",\"position\":2,\"name\":\"Vestido preto brilha nos Globos de Ouro, eleg\u00e2ncia cl\u00e1ssica de Hollywood\"}]},{\"@type\":\"WebSite\",\"@id\":\"https:\/\/portaltela.pt\/#website\",\"url\":\"https:\/\/portaltela.pt\/\",\"name\":\"Portal Tela Portugal\",\"description\":\"\",\"potentialAction\":[{\"@type\":\"SearchAction\",\"target\":{\"@type\":\"EntryPoint\",\"urlTemplate\":\"https:\/\/portaltela.pt\/?s={search_term_string}\"},\"query-input\":{\"@type\":\"PropertyValueSpecification\",\"valueRequired\":true,\"valueName\":\"search_term_string\"}}],\"inLanguage\":\"pt-PT\"},{\"@type\":\"Person\",\"@id\":\"https:\/\/portaltela.pt\/#\/schema\/person\/c4278d4a6028830caff9ee44b42d32ed\",\"name\":\"Telinha\",\"image\":{\"@type\":\"ImageObject\",\"inLanguage\":\"pt-PT\",\"@id\":\"https:\/\/portaltela.pt\/s.01k8rhncp4jt1\/2025\/11\/talking-bot-125x125.png\",\"url\":\"https:\/\/portaltela.pt\/s.01k8rhncp4jt1\/2025\/11\/talking-bot-125x125.png\",\"contentUrl\":\"https:\/\/portaltela.pt\/s.01k8rhncp4jt1\/2025\/11\/talking-bot-125x125.png\",\"caption\":\"Telinha\"},\"sameAs\":[\"https:\/\/portaltela.pt\/\"],\"url\":\"https:\/\/portaltela.pt\/por\/367410592786\/\"}]}<\/script>\n<!-- \/ Yoast SEO plugin. -->","yoast_head_json":{"title":"Vestido preto brilha nos Globos de Ouro, eleg\u00e2ncia cl\u00e1ssica de Hollywood - Portal Tela Portugal","robots":{"index":"index","follow":"follow","max-snippet":"max-snippet:-1","max-image-preview":"max-image-preview:large","max-video-preview":"max-video-preview:-1"},"og_locale":"pt_PT","og_type":"article","og_title":"Vestido preto brilha nos Globos de Ouro, eleg\u00e2ncia cl\u00e1ssica de Hollywood - Portal Tela Portugal","og_description":"O vestido preto foi o destaque da passadeira vermelha na 83.\u00aa edi\u00e7\u00e3o dos Globos de Ouro, realizada este domingo. Ariana Grande, Jenna Ortega e Julia Roberts estiveram entre as celebridades que reuniram olhares com looks glamorosos. Outras estrelas que marcaram presen\u00e7a incluem Miley Cyrus, Aimee Lou Wood, Lisa, Ana de Armas, Rei Ami e Selena Gomez. O conjunto negro foi associado \u00e0 eleg\u00e2ncia cl\u00e1ssica de Hollywood na cerim\u00f3nia. A not\u00edcia foca nos fatos mais relevantes do evento, sem opini\u00f5es ou julgamentos.","og_url":"https:\/\/portaltela.pt\/noticias\/2026\/01\/12\/vestido-preto-brilha-nos-globos-de-ouro-elegancia-classica-de-hollywood\/","og_site_name":"Portal Tela Portugal","article_published_time":"2026-01-12T15:24:23+00:00","author":"Telinha","twitter_card":"summary_large_image","twitter_misc":{"Escrito por":"Telinha","Tempo estimado de leitura":"1 minuto"},"schema":{"@context":"https:\/\/schema.org","@graph":[{"@type":"Article","@id":"https:\/\/portaltela.pt\/noticias\/2026\/01\/12\/vestido-preto-brilha-nos-globos-de-ouro-elegancia-classica-de-hollywood\/#article","isPartOf":{"@id":"https:\/\/portaltela.pt\/noticias\/2026\/01\/12\/vestido-preto-brilha-nos-globos-de-ouro-elegancia-classica-de-hollywood\/"},"author":{"name":"Telinha","@id":"https:\/\/portaltela.pt\/#\/schema\/person\/c4278d4a6028830caff9ee44b42d32ed"},"headline":"Vestido preto brilha nos Globos de Ouro, eleg\u00e2ncia cl\u00e1ssica de Hollywood","datePublished":"2026-01-12T15:24:23+00:00","mainEntityOfPage":{"@id":"https:\/\/portaltela.pt\/noticias\/2026\/01\/12\/vestido-preto-brilha-nos-globos-de-ouro-elegancia-classica-de-hollywood\/"},"wordCount":191,"image":{"@id":"https:\/\/portaltela.pt\/noticias\/2026\/01\/12\/vestido-preto-brilha-nos-globos-de-ouro-elegancia-classica-de-hollywood\/#primaryimage"},"thumbnailUrl":"https:\/\/portaltela.pt\/s.01k8rhncp4jt1\/2026\/01\/img_1280x721uu2026-01-12-14-53-23-2259624.jpg","keywords":["celebridades","cinema","famosos","globos de ouro","moda","vestu\u00e1rio"],"articleSection":["Entretenimento","Not\u00edcias"],"inLanguage":"pt-PT"},{"@type":"WebPage","@id":"https:\/\/portaltela.pt\/noticias\/2026\/01\/12\/vestido-preto-brilha-nos-globos-de-ouro-elegancia-classica-de-hollywood\/","url":"https:\/\/portaltela.pt\/noticias\/2026\/01\/12\/vestido-preto-brilha-nos-globos-de-ouro-elegancia-classica-de-hollywood\/","name":"Vestido preto brilha nos Globos de Ouro, eleg\u00e2ncia cl\u00e1ssica de Hollywood - Portal Tela Portugal","isPartOf":{"@id":"https:\/\/portaltela.pt\/#website"},"primaryImageOfPage":{"@id":"https:\/\/portaltela.pt\/noticias\/2026\/01\/12\/vestido-preto-brilha-nos-globos-de-ouro-elegancia-classica-de-hollywood\/#primaryimage"},"image":{"@id":"https:\/\/portaltela.pt\/noticias\/2026\/01\/12\/vestido-preto-brilha-nos-globos-de-ouro-elegancia-classica-de-hollywood\/#primaryimage"},"thumbnailUrl":"https:\/\/portaltela.pt\/s.01k8rhncp4jt1\/2026\/01\/img_1280x721uu2026-01-12-14-53-23-2259624.jpg","datePublished":"2026-01-12T15:24:23+00:00","author":{"@id":"https:\/\/portaltela.pt\/#\/schema\/person\/c4278d4a6028830caff9ee44b42d32ed"},"breadcrumb":{"@id":"https:\/\/portaltela.pt\/noticias\/2026\/01\/12\/vestido-preto-brilha-nos-globos-de-ouro-elegancia-classica-de-hollywood\/#breadcrumb"},"inLanguage":"pt-PT","potentialAction":[{"@type":"ReadAction","target":["https:\/\/portaltela.pt\/noticias\/2026\/01\/12\/vestido-preto-brilha-nos-globos-de-ouro-elegancia-classica-de-hollywood\/"]}]},{"@type":"ImageObject","inLanguage":"pt-PT","@id":"https:\/\/portaltela.pt\/noticias\/2026\/01\/12\/vestido-preto-brilha-nos-globos-de-ouro-elegancia-classica-de-hollywood\/#primaryimage","url":"https:\/\/portaltela.pt\/s.01k8rhncp4jt1\/2026\/01\/img_1280x721uu2026-01-12-14-53-23-2259624.jpg","contentUrl":"https:\/\/portaltela.pt\/s.01k8rhncp4jt1\/2026\/01\/img_1280x721uu2026-01-12-14-53-23-2259624.jpg","width":796,"height":448,"caption":"Ariana Grande na 83.\u00aa edi\u00e7\u00e3o dos Globos de Ouro, este domingo"},{"@type":"BreadcrumbList","@id":"https:\/\/portaltela.pt\/noticias\/2026\/01\/12\/vestido-preto-brilha-nos-globos-de-ouro-elegancia-classica-de-hollywood\/#breadcrumb","itemListElement":[{"@type":"ListItem","position":1,"name":"In\u00edcio","item":"https:\/\/portaltela.pt\/"},{"@type":"ListItem","position":2,"name":"Vestido preto brilha nos Globos de Ouro, eleg\u00e2ncia cl\u00e1ssica de Hollywood"}]},{"@type":"WebSite","@id":"https:\/\/portaltela.pt\/#website","url":"https:\/\/portaltela.pt\/","name":"Portal Tela Portugal","description":"","potentialAction":[{"@type":"SearchAction","target":{"@type":"EntryPoint","urlTemplate":"https:\/\/portaltela.pt\/?s={search_term_string}"},"query-input":{"@type":"PropertyValueSpecification","valueRequired":true,"valueName":"search_term_string"}}],"inLanguage":"pt-PT"},{"@type":"Person","@id":"https:\/\/portaltela.pt\/#\/schema\/person\/c4278d4a6028830caff9ee44b42d32ed","name":"Telinha","image":{"@type":"ImageObject","inLanguage":"pt-PT","@id":"https:\/\/portaltela.pt\/s.01k8rhncp4jt1\/2025\/11\/talking-bot-125x125.png","url":"https:\/\/portaltela.pt\/s.01k8rhncp4jt1\/2025\/11\/talking-bot-125x125.png","contentUrl":"https:\/\/portaltela.pt\/s.01k8rhncp4jt1\/2025\/11\/talking-bot-125x125.png","caption":"Telinha"},"sameAs":["https:\/\/portaltela.pt\/"],"url":"https:\/\/portaltela.pt\/por\/367410592786\/"}]}},"_links":{"self":[{"href":"https:\/\/portaltela.pt\/api\/wp\/v2\/posts\/135755","targetHints":{"allow":["GET"]}}],"collection":[{"href":"https:\/\/portaltela.pt\/api\/wp\/v2\/posts"}],"about":[{"href":"https:\/\/portaltela.pt\/api\/wp\/v2\/types\/post"}],"author":[{"embeddable":true,"href":"https:\/\/portaltela.pt\/api\/wp\/v2\/users\/2"}],"replies":[{"embeddable":true,"href":"https:\/\/portaltela.pt\/api\/wp\/v2\/comments?post=135755"}],"version-history":[{"count":0,"href":"https:\/\/portaltela.pt\/api\/wp\/v2\/posts\/135755\/revisions"}],"wp:featuredmedia":[{"embeddable":true,"href":"https:\/\/portaltela.pt\/api\/wp\/v2\/media\/135756"}],"wp:attachment":[{"href":"https:\/\/portaltela.pt\/api\/wp\/v2\/media?parent=135755"}],"wp:term":[{"taxonomy":"category","embeddable":true,"href":"https:\/\/portaltela.pt\/api\/wp\/v2\/categories?post=135755"},{"taxonomy":"post_tag","embeddable":true,"href":"https:\/\/portaltela.pt\/api\/wp\/v2\/tags?post=135755"}],"curies":[{"name":"wp","href":"https:\/\/api.w.org\/{rel}","templated":true}]}}