{"id":135749,"date":"2026-01-12T12:08:04","date_gmt":"2026-01-12T15:08:04","guid":{"rendered":"https:\/\/portaltela.pt\/noticias\/2026\/01\/12\/fornos-de-algodres-recebe-homenagem-da-liga-dos-bombeiros-a-manuel-fonseca\/"},"modified":"2026-01-12T12:08:04","modified_gmt":"2026-01-12T15:08:04","slug":"fornos-de-algodres-recebe-homenagem-da-liga-dos-bombeiros-a-manuel-fonseca","status":"publish","type":"post","link":"https:\/\/portaltela.pt\/noticias\/2026\/01\/12\/fornos-de-algodres-recebe-homenagem-da-liga-dos-bombeiros-a-manuel-fonseca\/","title":{"rendered":"Fornos de Algodres recebe homenagem da Liga dos Bombeiros a Manuel Fonseca"},"content":{"rendered":"<p>A Liga dos Bombeiros prestou uma homenagem a Manuel Fonseca, ex-Presidente da C\u00e2mara Municipal de Fornos de Algodres, destacando o seu percurso de servi\u00e7o p\u00fablico e o apoio aos bombeiros durante o mandato. A cerim\u00f3nia realizou-se no Sal\u00e3o Nobre do Munic\u00edpio, na \u00faltima sexta-feira.<\/p>\n<p>A sess\u00e3o reuniu representantes nacionais e distritais da Liga dos Bombeiros, dirigentes do movimento associativo dos bombeiros e o presidente do Munic\u00edpio de Fornos de Algodres. A cerim\u00f3nia foi presidida por Ant\u00f3nio Nunes, l\u00edder da Liga.<\/p>\n<p>Durante o mandato aut\u00e1rquico, Fonseca mostrou vis\u00e3o, responsabilidade e compromisso com a seguran\u00e7a da popula\u00e7\u00e3o. A proximidade com os bombeiros e o respeito pelo voluntariado marcaram a sua atua\u00e7\u00e3o pol\u00edtica.<\/p>\n<p>O contributo traduziu-se num di\u00e1logo constante e num apoio institucional que fortaleceu a capacidade de resposta dos Bombeiros de Fornos de Algodres, especialmente em momentos exigentes.<\/p>\n<h3>Participantes na cerim\u00f3nia<\/h3>\n<p>Durante a cerim\u00f3nia, falaram Fernando Rodrigues, Paulo Amaral, Lu\u00eds Gil Barreiros, Ant\u00f3nio Nunes, Manuel Fonseca e Alexandre Lote, reconhecendo o legado de coopera\u00e7\u00e3o e servi\u00e7o \u00e0 comunidade.<\/p>\n<p>A homenagem simboliza o apre\u00e7o dos bombeiros pela parceria mantida com Fonseca, destacando a import\u00e2ncia da miss\u00e3o de prote\u00e7\u00e3o de pessoas e bens.<\/p>\n<p>O ato refor\u00e7ou a valoriza\u00e7\u00e3o do papel dos bombeiros volunt\u00e1rios e da coopera\u00e7\u00e3o entre as autoridades locais e as estruturas de emerg\u00eancia do concelho.<\/p>\n","protected":false},"excerpt":{"rendered":"<ul>\n<li>A Liga dos Bombeiros Portugueses homenageou Manuel Fonseca, ex-presidente da C\u00e2mara Municipal de Fornos de Algodres, pelo servi\u00e7o p\u00fablico e pelo apoio aos Bombeiros ao longo do seu mandato.<\/li>\n<li>A cerim\u00f3nia contou com a presen\u00e7a de representantes nacionais e distritais da Liga, dirigentes do movimento associativo de bombeiros, bem como o presidente da C\u00e2mara de Fornos de Algodres, autarcas, for\u00e7as de seguran\u00e7a, associa\u00e7\u00f5es e institui\u00e7\u00f5es locais.<\/li>\n<li>A homenagem destacou a vis\u00e3o, o sentido de responsabilidade e o compromisso de Fonseca com a seguran\u00e7a e o bem-estar da popula\u00e7\u00e3o, bem como a proximidade aos bombeiros e a valoriza\u00e7\u00e3o do voluntariado.<\/li>\n<li>O reconhecimento ocorreu no Sal\u00e3o Nobre do Munic\u00edpio de Fornos de Algodres na passada sexta-feira.<\/li>\n<li>Falaram na cerim\u00f3nia Fernando Rodrigues, Paulo Amaral, Lu\u00eds Gil Barreiros, Ant\u00f3nio Nunes, Manuel Fonseca e Alexandre Lote, presidente da C\u00e2mara atual.<\/li>\n<\/ul>\n","protected":false},"author":2,"featured_media":135764,"comment_status":"closed","ping_status":"closed","sticky":false,"template":"","format":"standard","meta":{"footnotes":""},"categories":[1],"tags":[1788,168,971,703,1354,250],"class_list":["post-135749","post","type-post","status-publish","format-standard","has-post-thumbnail","hentry","category-noticias","tag-a-liga","tag-administracao-publica","tag-bombeiros","tag-camara","tag-fornos-de-algodres","tag-seguranca-publica"],"yoast_head":"<!-- This site is optimized with the Yoast SEO plugin v27.2 - https:\/\/yoast.com\/product\/yoast-seo-wordpress\/ -->\n<title>Fornos de Algodres recebe homenagem da Liga dos Bombeiros a Manuel Fonseca - Portal Tela Portugal<\/title>\n<meta name=\"robots\" content=\"index, follow, max-snippet:-1, max-image-preview:large, max-video-preview:-1\" \/>\n<meta property=\"og:locale\" content=\"pt_PT\" \/>\n<meta property=\"og:type\" content=\"article\" \/>\n<meta property=\"og:title\" content=\"Fornos de Algodres recebe homenagem da Liga dos Bombeiros a Manuel Fonseca - Portal Tela Portugal\" \/>\n<meta property=\"og:description\" content=\"A Liga dos Bombeiros Portugueses homenageou Manuel Fonseca, ex-presidente da C\u00e2mara Municipal de Fornos de Algodres, pelo servi\u00e7o p\u00fablico e pelo apoio aos Bombeiros ao longo do seu mandato. A cerim\u00f3nia contou com a presen\u00e7a de representantes nacionais e distritais da Liga, dirigentes do movimento associativo de bombeiros, bem como o presidente da C\u00e2mara de Fornos de Algodres, autarcas, for\u00e7as de seguran\u00e7a, associa\u00e7\u00f5es e institui\u00e7\u00f5es locais. A homenagem destacou a vis\u00e3o, o sentido de responsabilidade e o compromisso de Fonseca com a seguran\u00e7a e o bem-estar da popula\u00e7\u00e3o, bem como a proximidade aos bombeiros e a valoriza\u00e7\u00e3o do voluntariado. O reconhecimento ocorreu no Sal\u00e3o Nobre do Munic\u00edpio de Fornos de Algodres na passada sexta-feira. Falaram na cerim\u00f3nia Fernando Rodrigues, Paulo Amaral, Lu\u00eds Gil Barreiros, Ant\u00f3nio Nunes, Manuel Fonseca e Alexandre Lote, presidente da C\u00e2mara atual.\" \/>\n<meta property=\"og:url\" content=\"https:\/\/portaltela.pt\/noticias\/2026\/01\/12\/fornos-de-algodres-recebe-homenagem-da-liga-dos-bombeiros-a-manuel-fonseca\/\" \/>\n<meta property=\"og:site_name\" content=\"Portal Tela Portugal\" \/>\n<meta property=\"article:published_time\" content=\"2026-01-12T15:08:04+00:00\" \/>\n<meta name=\"author\" content=\"Telinha\" \/>\n<meta name=\"twitter:card\" content=\"summary_large_image\" \/>\n<meta name=\"twitter:label1\" content=\"Escrito por\" \/>\n\t<meta name=\"twitter:data1\" content=\"Telinha\" \/>\n\t<meta name=\"twitter:label2\" content=\"Tempo estimado de leitura\" \/>\n\t<meta name=\"twitter:data2\" content=\"1 minuto\" \/>\n<script type=\"application\/ld+json\" class=\"yoast-schema-graph\">{\"@context\":\"https:\/\/schema.org\",\"@graph\":[{\"@type\":\"Article\",\"@id\":\"https:\/\/portaltela.pt\/noticias\/2026\/01\/12\/fornos-de-algodres-recebe-homenagem-da-liga-dos-bombeiros-a-manuel-fonseca\/#article\",\"isPartOf\":{\"@id\":\"https:\/\/portaltela.pt\/noticias\/2026\/01\/12\/fornos-de-algodres-recebe-homenagem-da-liga-dos-bombeiros-a-manuel-fonseca\/\"},\"author\":{\"name\":\"Telinha\",\"@id\":\"https:\/\/portaltela.pt\/#\/schema\/person\/c4278d4a6028830caff9ee44b42d32ed\"},\"headline\":\"Fornos de Algodres recebe homenagem da Liga dos Bombeiros a Manuel Fonseca\",\"datePublished\":\"2026-01-12T15:08:04+00:00\",\"mainEntityOfPage\":{\"@id\":\"https:\/\/portaltela.pt\/noticias\/2026\/01\/12\/fornos-de-algodres-recebe-homenagem-da-liga-dos-bombeiros-a-manuel-fonseca\/\"},\"wordCount\":257,\"image\":{\"@id\":\"https:\/\/portaltela.pt\/noticias\/2026\/01\/12\/fornos-de-algodres-recebe-homenagem-da-liga-dos-bombeiros-a-manuel-fonseca\/#primaryimage\"},\"thumbnailUrl\":\"https:\/\/portaltela.pt\/s.01k8rhncp4jt1\/2026\/01\/unnamed-file-2471.jpg\",\"keywords\":[\"A Liga\",\"administra\u00e7\u00e3o p\u00fablica\",\"bombeiros\",\"c\u00e2mara\",\"Fornos de Algodres\",\"seguran\u00e7a p\u00fablica\"],\"articleSection\":[\"Not\u00edcias\"],\"inLanguage\":\"pt-PT\"},{\"@type\":\"WebPage\",\"@id\":\"https:\/\/portaltela.pt\/noticias\/2026\/01\/12\/fornos-de-algodres-recebe-homenagem-da-liga-dos-bombeiros-a-manuel-fonseca\/\",\"url\":\"https:\/\/portaltela.pt\/noticias\/2026\/01\/12\/fornos-de-algodres-recebe-homenagem-da-liga-dos-bombeiros-a-manuel-fonseca\/\",\"name\":\"Fornos de Algodres recebe homenagem da Liga dos Bombeiros a Manuel Fonseca - Portal Tela Portugal\",\"isPartOf\":{\"@id\":\"https:\/\/portaltela.pt\/#website\"},\"primaryImageOfPage\":{\"@id\":\"https:\/\/portaltela.pt\/noticias\/2026\/01\/12\/fornos-de-algodres-recebe-homenagem-da-liga-dos-bombeiros-a-manuel-fonseca\/#primaryimage\"},\"image\":{\"@id\":\"https:\/\/portaltela.pt\/noticias\/2026\/01\/12\/fornos-de-algodres-recebe-homenagem-da-liga-dos-bombeiros-a-manuel-fonseca\/#primaryimage\"},\"thumbnailUrl\":\"https:\/\/portaltela.pt\/s.01k8rhncp4jt1\/2026\/01\/unnamed-file-2471.jpg\",\"datePublished\":\"2026-01-12T15:08:04+00:00\",\"author\":{\"@id\":\"https:\/\/portaltela.pt\/#\/schema\/person\/c4278d4a6028830caff9ee44b42d32ed\"},\"breadcrumb\":{\"@id\":\"https:\/\/portaltela.pt\/noticias\/2026\/01\/12\/fornos-de-algodres-recebe-homenagem-da-liga-dos-bombeiros-a-manuel-fonseca\/#breadcrumb\"},\"inLanguage\":\"pt-PT\",\"potentialAction\":[{\"@type\":\"ReadAction\",\"target\":[\"https:\/\/portaltela.pt\/noticias\/2026\/01\/12\/fornos-de-algodres-recebe-homenagem-da-liga-dos-bombeiros-a-manuel-fonseca\/\"]}]},{\"@type\":\"ImageObject\",\"inLanguage\":\"pt-PT\",\"@id\":\"https:\/\/portaltela.pt\/noticias\/2026\/01\/12\/fornos-de-algodres-recebe-homenagem-da-liga-dos-bombeiros-a-manuel-fonseca\/#primaryimage\",\"url\":\"https:\/\/portaltela.pt\/s.01k8rhncp4jt1\/2026\/01\/unnamed-file-2471.jpg\",\"contentUrl\":\"https:\/\/portaltela.pt\/s.01k8rhncp4jt1\/2026\/01\/unnamed-file-2471.jpg\",\"width\":796,\"height\":448,\"caption\":\"Fornos de Algodres: Homenagem da Liga dos Bombeiros a Manuel Fonseca\"},{\"@type\":\"BreadcrumbList\",\"@id\":\"https:\/\/portaltela.pt\/noticias\/2026\/01\/12\/fornos-de-algodres-recebe-homenagem-da-liga-dos-bombeiros-a-manuel-fonseca\/#breadcrumb\",\"itemListElement\":[{\"@type\":\"ListItem\",\"position\":1,\"name\":\"In\u00edcio\",\"item\":\"https:\/\/portaltela.pt\/\"},{\"@type\":\"ListItem\",\"position\":2,\"name\":\"Fornos de Algodres recebe homenagem da Liga dos Bombeiros a Manuel Fonseca\"}]},{\"@type\":\"WebSite\",\"@id\":\"https:\/\/portaltela.pt\/#website\",\"url\":\"https:\/\/portaltela.pt\/\",\"name\":\"Portal Tela Portugal\",\"description\":\"\",\"potentialAction\":[{\"@type\":\"SearchAction\",\"target\":{\"@type\":\"EntryPoint\",\"urlTemplate\":\"https:\/\/portaltela.pt\/?s={search_term_string}\"},\"query-input\":{\"@type\":\"PropertyValueSpecification\",\"valueRequired\":true,\"valueName\":\"search_term_string\"}}],\"inLanguage\":\"pt-PT\"},{\"@type\":\"Person\",\"@id\":\"https:\/\/portaltela.pt\/#\/schema\/person\/c4278d4a6028830caff9ee44b42d32ed\",\"name\":\"Telinha\",\"image\":{\"@type\":\"ImageObject\",\"inLanguage\":\"pt-PT\",\"@id\":\"https:\/\/portaltela.pt\/s.01k8rhncp4jt1\/2025\/11\/talking-bot-125x125.png\",\"url\":\"https:\/\/portaltela.pt\/s.01k8rhncp4jt1\/2025\/11\/talking-bot-125x125.png\",\"contentUrl\":\"https:\/\/portaltela.pt\/s.01k8rhncp4jt1\/2025\/11\/talking-bot-125x125.png\",\"caption\":\"Telinha\"},\"sameAs\":[\"https:\/\/portaltela.pt\/\"],\"url\":\"https:\/\/portaltela.pt\/por\/367410592786\/\"}]}<\/script>\n<!-- \/ Yoast SEO plugin. -->","yoast_head_json":{"title":"Fornos de Algodres recebe homenagem da Liga dos Bombeiros a Manuel Fonseca - Portal Tela Portugal","robots":{"index":"index","follow":"follow","max-snippet":"max-snippet:-1","max-image-preview":"max-image-preview:large","max-video-preview":"max-video-preview:-1"},"og_locale":"pt_PT","og_type":"article","og_title":"Fornos de Algodres recebe homenagem da Liga dos Bombeiros a Manuel Fonseca - Portal Tela Portugal","og_description":"A Liga dos Bombeiros Portugueses homenageou Manuel Fonseca, ex-presidente da C\u00e2mara Municipal de Fornos de Algodres, pelo servi\u00e7o p\u00fablico e pelo apoio aos Bombeiros ao longo do seu mandato. A cerim\u00f3nia contou com a presen\u00e7a de representantes nacionais e distritais da Liga, dirigentes do movimento associativo de bombeiros, bem como o presidente da C\u00e2mara de Fornos de Algodres, autarcas, for\u00e7as de seguran\u00e7a, associa\u00e7\u00f5es e institui\u00e7\u00f5es locais. A homenagem destacou a vis\u00e3o, o sentido de responsabilidade e o compromisso de Fonseca com a seguran\u00e7a e o bem-estar da popula\u00e7\u00e3o, bem como a proximidade aos bombeiros e a valoriza\u00e7\u00e3o do voluntariado. O reconhecimento ocorreu no Sal\u00e3o Nobre do Munic\u00edpio de Fornos de Algodres na passada sexta-feira. Falaram na cerim\u00f3nia Fernando Rodrigues, Paulo Amaral, Lu\u00eds Gil Barreiros, Ant\u00f3nio Nunes, Manuel Fonseca e Alexandre Lote, presidente da C\u00e2mara atual.","og_url":"https:\/\/portaltela.pt\/noticias\/2026\/01\/12\/fornos-de-algodres-recebe-homenagem-da-liga-dos-bombeiros-a-manuel-fonseca\/","og_site_name":"Portal Tela Portugal","article_published_time":"2026-01-12T15:08:04+00:00","author":"Telinha","twitter_card":"summary_large_image","twitter_misc":{"Escrito por":"Telinha","Tempo estimado de leitura":"1 minuto"},"schema":{"@context":"https:\/\/schema.org","@graph":[{"@type":"Article","@id":"https:\/\/portaltela.pt\/noticias\/2026\/01\/12\/fornos-de-algodres-recebe-homenagem-da-liga-dos-bombeiros-a-manuel-fonseca\/#article","isPartOf":{"@id":"https:\/\/portaltela.pt\/noticias\/2026\/01\/12\/fornos-de-algodres-recebe-homenagem-da-liga-dos-bombeiros-a-manuel-fonseca\/"},"author":{"name":"Telinha","@id":"https:\/\/portaltela.pt\/#\/schema\/person\/c4278d4a6028830caff9ee44b42d32ed"},"headline":"Fornos de Algodres recebe homenagem da Liga dos Bombeiros a Manuel Fonseca","datePublished":"2026-01-12T15:08:04+00:00","mainEntityOfPage":{"@id":"https:\/\/portaltela.pt\/noticias\/2026\/01\/12\/fornos-de-algodres-recebe-homenagem-da-liga-dos-bombeiros-a-manuel-fonseca\/"},"wordCount":257,"image":{"@id":"https:\/\/portaltela.pt\/noticias\/2026\/01\/12\/fornos-de-algodres-recebe-homenagem-da-liga-dos-bombeiros-a-manuel-fonseca\/#primaryimage"},"thumbnailUrl":"https:\/\/portaltela.pt\/s.01k8rhncp4jt1\/2026\/01\/unnamed-file-2471.jpg","keywords":["A Liga","administra\u00e7\u00e3o p\u00fablica","bombeiros","c\u00e2mara","Fornos de Algodres","seguran\u00e7a p\u00fablica"],"articleSection":["Not\u00edcias"],"inLanguage":"pt-PT"},{"@type":"WebPage","@id":"https:\/\/portaltela.pt\/noticias\/2026\/01\/12\/fornos-de-algodres-recebe-homenagem-da-liga-dos-bombeiros-a-manuel-fonseca\/","url":"https:\/\/portaltela.pt\/noticias\/2026\/01\/12\/fornos-de-algodres-recebe-homenagem-da-liga-dos-bombeiros-a-manuel-fonseca\/","name":"Fornos de Algodres recebe homenagem da Liga dos Bombeiros a Manuel Fonseca - Portal Tela Portugal","isPartOf":{"@id":"https:\/\/portaltela.pt\/#website"},"primaryImageOfPage":{"@id":"https:\/\/portaltela.pt\/noticias\/2026\/01\/12\/fornos-de-algodres-recebe-homenagem-da-liga-dos-bombeiros-a-manuel-fonseca\/#primaryimage"},"image":{"@id":"https:\/\/portaltela.pt\/noticias\/2026\/01\/12\/fornos-de-algodres-recebe-homenagem-da-liga-dos-bombeiros-a-manuel-fonseca\/#primaryimage"},"thumbnailUrl":"https:\/\/portaltela.pt\/s.01k8rhncp4jt1\/2026\/01\/unnamed-file-2471.jpg","datePublished":"2026-01-12T15:08:04+00:00","author":{"@id":"https:\/\/portaltela.pt\/#\/schema\/person\/c4278d4a6028830caff9ee44b42d32ed"},"breadcrumb":{"@id":"https:\/\/portaltela.pt\/noticias\/2026\/01\/12\/fornos-de-algodres-recebe-homenagem-da-liga-dos-bombeiros-a-manuel-fonseca\/#breadcrumb"},"inLanguage":"pt-PT","potentialAction":[{"@type":"ReadAction","target":["https:\/\/portaltela.pt\/noticias\/2026\/01\/12\/fornos-de-algodres-recebe-homenagem-da-liga-dos-bombeiros-a-manuel-fonseca\/"]}]},{"@type":"ImageObject","inLanguage":"pt-PT","@id":"https:\/\/portaltela.pt\/noticias\/2026\/01\/12\/fornos-de-algodres-recebe-homenagem-da-liga-dos-bombeiros-a-manuel-fonseca\/#primaryimage","url":"https:\/\/portaltela.pt\/s.01k8rhncp4jt1\/2026\/01\/unnamed-file-2471.jpg","contentUrl":"https:\/\/portaltela.pt\/s.01k8rhncp4jt1\/2026\/01\/unnamed-file-2471.jpg","width":796,"height":448,"caption":"Fornos de Algodres: Homenagem da Liga dos Bombeiros a Manuel Fonseca"},{"@type":"BreadcrumbList","@id":"https:\/\/portaltela.pt\/noticias\/2026\/01\/12\/fornos-de-algodres-recebe-homenagem-da-liga-dos-bombeiros-a-manuel-fonseca\/#breadcrumb","itemListElement":[{"@type":"ListItem","position":1,"name":"In\u00edcio","item":"https:\/\/portaltela.pt\/"},{"@type":"ListItem","position":2,"name":"Fornos de Algodres recebe homenagem da Liga dos Bombeiros a Manuel Fonseca"}]},{"@type":"WebSite","@id":"https:\/\/portaltela.pt\/#website","url":"https:\/\/portaltela.pt\/","name":"Portal Tela Portugal","description":"","potentialAction":[{"@type":"SearchAction","target":{"@type":"EntryPoint","urlTemplate":"https:\/\/portaltela.pt\/?s={search_term_string}"},"query-input":{"@type":"PropertyValueSpecification","valueRequired":true,"valueName":"search_term_string"}}],"inLanguage":"pt-PT"},{"@type":"Person","@id":"https:\/\/portaltela.pt\/#\/schema\/person\/c4278d4a6028830caff9ee44b42d32ed","name":"Telinha","image":{"@type":"ImageObject","inLanguage":"pt-PT","@id":"https:\/\/portaltela.pt\/s.01k8rhncp4jt1\/2025\/11\/talking-bot-125x125.png","url":"https:\/\/portaltela.pt\/s.01k8rhncp4jt1\/2025\/11\/talking-bot-125x125.png","contentUrl":"https:\/\/portaltela.pt\/s.01k8rhncp4jt1\/2025\/11\/talking-bot-125x125.png","caption":"Telinha"},"sameAs":["https:\/\/portaltela.pt\/"],"url":"https:\/\/portaltela.pt\/por\/367410592786\/"}]}},"_links":{"self":[{"href":"https:\/\/portaltela.pt\/api\/wp\/v2\/posts\/135749","targetHints":{"allow":["GET"]}}],"collection":[{"href":"https:\/\/portaltela.pt\/api\/wp\/v2\/posts"}],"about":[{"href":"https:\/\/portaltela.pt\/api\/wp\/v2\/types\/post"}],"author":[{"embeddable":true,"href":"https:\/\/portaltela.pt\/api\/wp\/v2\/users\/2"}],"replies":[{"embeddable":true,"href":"https:\/\/portaltela.pt\/api\/wp\/v2\/comments?post=135749"}],"version-history":[{"count":0,"href":"https:\/\/portaltela.pt\/api\/wp\/v2\/posts\/135749\/revisions"}],"wp:featuredmedia":[{"embeddable":true,"href":"https:\/\/portaltela.pt\/api\/wp\/v2\/media\/135764"}],"wp:attachment":[{"href":"https:\/\/portaltela.pt\/api\/wp\/v2\/media?parent=135749"}],"wp:term":[{"taxonomy":"category","embeddable":true,"href":"https:\/\/portaltela.pt\/api\/wp\/v2\/categories?post=135749"},{"taxonomy":"post_tag","embeddable":true,"href":"https:\/\/portaltela.pt\/api\/wp\/v2\/tags?post=135749"}],"curies":[{"name":"wp","href":"https:\/\/api.w.org\/{rel}","templated":true}]}}