{"id":135719,"date":"2026-01-12T12:09:25","date_gmt":"2026-01-12T15:09:25","guid":{"rendered":"https:\/\/portaltela.pt\/noticias\/2026\/01\/12\/teste-de-controlo-de-fronteiras-realiza-se-em-lisboa-nesta-segunda-feira\/"},"modified":"2026-01-12T12:09:25","modified_gmt":"2026-01-12T15:09:25","slug":"teste-de-controlo-de-fronteiras-realiza-se-em-lisboa-nesta-segunda-feira","status":"publish","type":"post","link":"https:\/\/portaltela.pt\/noticias\/2026\/01\/12\/teste-de-controlo-de-fronteiras-realiza-se-em-lisboa-nesta-segunda-feira\/","title":{"rendered":"Teste de controlo de fronteiras realiza-se em Lisboa nesta segunda-feira"},"content":{"rendered":"<p>O sistema europeu de controlo de fronteiras para cidad\u00e3os extracomunit\u00e1rios vai ser reativado esta segunda-feira em Lisboa para testar as melhorias introduzidas. O teste est\u00e1 programado para a tarde, ap\u00f3s a suspens\u00e3o no fim de dezembro.<\/p>\n<p>A iniciativa visa aferir o funcionamento do sistema de Entradas e Sa\u00eddas (EES) no aeroporto Humberto Delgado, onde ocorreram altera\u00e7\u00f5es t\u00e9cnicas e refor\u00e7o de seguran\u00e7a com a mobiliza\u00e7\u00e3o de 24 militares da Guarda Nacional Republicana (GNR).<\/p>\n<p>Entretanto, o Governo mant\u00e9m a suspens\u00e3o tempor\u00e1ria do EES por tr\u00eas meses, anunciada no final de dezembro, para reduzir tempos de espera. O secret\u00e1rio de Estado Adjunto e da Administra\u00e7\u00e3o Interna, Paulo Sim\u00f5es Ribeiro, afirmou que a medida \u00e9 excecional e tempor\u00e1ria e n\u00e3o compromete a seguran\u00e7a nacional.<\/p>\n<h3>Contexto e refor\u00e7os<\/h3>\n<p>Desde 12 de outubro o EES tem estado ativo em Portugal e no espa\u00e7o Schengen, com tempos de espera particularmente cr\u00edticos em Lisboa. A segunda fase de implementa\u00e7\u00e3o envolve a recolha de dados biom\u00e9tricos, o que pesou sobre a fluidez dos procedimentos.<\/p>\n<p>Al\u00e9m dos 24 militares da GNR, 80 agentes da PSP est\u00e3o a refor\u00e7ar o aeroporto de Lisboa desde o per\u00edodo de Natal, para assegurar a normaliza\u00e7\u00e3o do controlo de passaportes e a gest\u00e3o de fluxos de passageiros. A equipa j\u00e1 tinha sido ativada como resposta \u00e0 crise operativa.<\/p>\n","protected":false},"excerpt":{"rendered":"<ul>\n<li>O sistema europeu de controlo de fronteiras para cidad\u00e3os extracomunit\u00e1rios (EES) foi suspenso no aeroporto de Lisboa no fim de dezembro e \u00e9 reativado esta segunda-feira para um teste \u00e0s melhorias.<\/li>\n<\/ul>\n<p>\u2022<\/p>\n<p>O teste, marcado para esta tarde, pretende aferir as melhorias introduzidas antes de o sistema ser suspenso novamente.<\/p>\n<p>\u2022<\/p>\n<p>O EES entrou em funcionamento a 12 de outubro em Portugal e no espa\u00e7o Schengen, com tempos de espera a aumentar, especialmente em Lisboa.<\/p>\n<p>\u2022<\/p>\n<p>Foram refor\u00e7ados os controlos com 24 militares da Guarda Nacional Republicana e com 80 agentes da Pol\u00edcia de Seguran\u00e7a P\u00fablica desde o per\u00edodo de Natal.<\/p>\n<p>\u2022<\/p>\n<p>A segunda fase, iniciada a 10 de dezembro, envolve a recolha de dados biom\u00e9tricos, o que tem agravado a situa\u00e7\u00e3o, e o Governo anunciou medidas de conting\u00eancia no final de dezembro para reduzir os tempos de espera.<\/p>\n","protected":false},"author":2,"featured_media":135723,"comment_status":"closed","ping_status":"closed","sticky":false,"template":"","format":"standard","meta":{"footnotes":""},"categories":[1],"tags":[1573,1380,712,981,1381,250],"class_list":["post-135719","post","type-post","status-publish","format-standard","has-post-thumbnail","hentry","category-noticias","tag-fiscalizacao-de-fronteiras","tag-gnr","tag-imigracao","tag-lisboa","tag-psp","tag-seguranca-publica"],"yoast_head":"<!-- This site is optimized with the Yoast SEO plugin v27.2 - https:\/\/yoast.com\/product\/yoast-seo-wordpress\/ -->\n<title>Teste de controlo de fronteiras realiza-se em Lisboa nesta segunda-feira - Portal Tela Portugal<\/title>\n<meta name=\"robots\" content=\"index, follow, max-snippet:-1, max-image-preview:large, max-video-preview:-1\" \/>\n<meta property=\"og:locale\" content=\"pt_PT\" \/>\n<meta property=\"og:type\" content=\"article\" \/>\n<meta property=\"og:title\" content=\"Teste de controlo de fronteiras realiza-se em Lisboa nesta segunda-feira - Portal Tela Portugal\" \/>\n<meta property=\"og:description\" content=\"O sistema europeu de controlo de fronteiras para cidad\u00e3os extracomunit\u00e1rios (EES) foi suspenso no aeroporto de Lisboa no fim de dezembro e \u00e9 reativado esta segunda-feira para um teste \u00e0s melhorias. \u2022 O teste, marcado para esta tarde, pretende aferir as melhorias introduzidas antes de o sistema ser suspenso novamente. \u2022 O EES entrou em funcionamento a 12 de outubro em Portugal e no espa\u00e7o Schengen, com tempos de espera a aumentar, especialmente em Lisboa. \u2022 Foram refor\u00e7ados os controlos com 24 militares da Guarda Nacional Republicana e com 80 agentes da Pol\u00edcia de Seguran\u00e7a P\u00fablica desde o per\u00edodo de Natal. \u2022 A segunda fase, iniciada a 10 de dezembro, envolve a recolha de dados biom\u00e9tricos, o que tem agravado a situa\u00e7\u00e3o, e o Governo anunciou medidas de conting\u00eancia no final de dezembro para reduzir os tempos de espera.\" \/>\n<meta property=\"og:url\" content=\"https:\/\/portaltela.pt\/noticias\/2026\/01\/12\/teste-de-controlo-de-fronteiras-realiza-se-em-lisboa-nesta-segunda-feira\/\" \/>\n<meta property=\"og:site_name\" content=\"Portal Tela Portugal\" \/>\n<meta property=\"article:published_time\" content=\"2026-01-12T15:09:25+00:00\" \/>\n<meta name=\"author\" content=\"Telinha\" \/>\n<meta name=\"twitter:card\" content=\"summary_large_image\" \/>\n<meta name=\"twitter:label1\" content=\"Escrito por\" \/>\n\t<meta name=\"twitter:data1\" content=\"Telinha\" \/>\n\t<meta name=\"twitter:label2\" content=\"Tempo estimado de leitura\" \/>\n\t<meta name=\"twitter:data2\" content=\"1 minuto\" \/>\n<script type=\"application\/ld+json\" class=\"yoast-schema-graph\">{\"@context\":\"https:\/\/schema.org\",\"@graph\":[{\"@type\":\"Article\",\"@id\":\"https:\/\/portaltela.pt\/noticias\/2026\/01\/12\/teste-de-controlo-de-fronteiras-realiza-se-em-lisboa-nesta-segunda-feira\/#article\",\"isPartOf\":{\"@id\":\"https:\/\/portaltela.pt\/noticias\/2026\/01\/12\/teste-de-controlo-de-fronteiras-realiza-se-em-lisboa-nesta-segunda-feira\/\"},\"author\":{\"name\":\"Telinha\",\"@id\":\"https:\/\/portaltela.pt\/#\/schema\/person\/c4278d4a6028830caff9ee44b42d32ed\"},\"headline\":\"Teste de controlo de fronteiras realiza-se em Lisboa nesta segunda-feira\",\"datePublished\":\"2026-01-12T15:09:25+00:00\",\"mainEntityOfPage\":{\"@id\":\"https:\/\/portaltela.pt\/noticias\/2026\/01\/12\/teste-de-controlo-de-fronteiras-realiza-se-em-lisboa-nesta-segunda-feira\/\"},\"wordCount\":248,\"image\":{\"@id\":\"https:\/\/portaltela.pt\/noticias\/2026\/01\/12\/teste-de-controlo-de-fronteiras-realiza-se-em-lisboa-nesta-segunda-feira\/#primaryimage\"},\"thumbnailUrl\":\"https:\/\/portaltela.pt\/s.01k8rhncp4jt1\/2026\/01\/unnamed-file-2467.jpg\",\"keywords\":[\"fiscaliza\u00e7\u00e3o de fronteiras\",\"GNR\",\"imigra\u00e7\u00e3o\",\"Lisboa\",\"PSP\",\"seguran\u00e7a p\u00fablica\"],\"articleSection\":[\"Not\u00edcias\"],\"inLanguage\":\"pt-PT\"},{\"@type\":\"WebPage\",\"@id\":\"https:\/\/portaltela.pt\/noticias\/2026\/01\/12\/teste-de-controlo-de-fronteiras-realiza-se-em-lisboa-nesta-segunda-feira\/\",\"url\":\"https:\/\/portaltela.pt\/noticias\/2026\/01\/12\/teste-de-controlo-de-fronteiras-realiza-se-em-lisboa-nesta-segunda-feira\/\",\"name\":\"Teste de controlo de fronteiras realiza-se em Lisboa nesta segunda-feira - Portal Tela Portugal\",\"isPartOf\":{\"@id\":\"https:\/\/portaltela.pt\/#website\"},\"primaryImageOfPage\":{\"@id\":\"https:\/\/portaltela.pt\/noticias\/2026\/01\/12\/teste-de-controlo-de-fronteiras-realiza-se-em-lisboa-nesta-segunda-feira\/#primaryimage\"},\"image\":{\"@id\":\"https:\/\/portaltela.pt\/noticias\/2026\/01\/12\/teste-de-controlo-de-fronteiras-realiza-se-em-lisboa-nesta-segunda-feira\/#primaryimage\"},\"thumbnailUrl\":\"https:\/\/portaltela.pt\/s.01k8rhncp4jt1\/2026\/01\/unnamed-file-2467.jpg\",\"datePublished\":\"2026-01-12T15:09:25+00:00\",\"author\":{\"@id\":\"https:\/\/portaltela.pt\/#\/schema\/person\/c4278d4a6028830caff9ee44b42d32ed\"},\"breadcrumb\":{\"@id\":\"https:\/\/portaltela.pt\/noticias\/2026\/01\/12\/teste-de-controlo-de-fronteiras-realiza-se-em-lisboa-nesta-segunda-feira\/#breadcrumb\"},\"inLanguage\":\"pt-PT\",\"potentialAction\":[{\"@type\":\"ReadAction\",\"target\":[\"https:\/\/portaltela.pt\/noticias\/2026\/01\/12\/teste-de-controlo-de-fronteiras-realiza-se-em-lisboa-nesta-segunda-feira\/\"]}]},{\"@type\":\"ImageObject\",\"inLanguage\":\"pt-PT\",\"@id\":\"https:\/\/portaltela.pt\/noticias\/2026\/01\/12\/teste-de-controlo-de-fronteiras-realiza-se-em-lisboa-nesta-segunda-feira\/#primaryimage\",\"url\":\"https:\/\/portaltela.pt\/s.01k8rhncp4jt1\/2026\/01\/unnamed-file-2467.jpg\",\"contentUrl\":\"https:\/\/portaltela.pt\/s.01k8rhncp4jt1\/2026\/01\/unnamed-file-2467.jpg\",\"width\":796,\"height\":448,\"caption\":\"Sistema europeu de controlo de fronteiras suspenso em Lisboa\"},{\"@type\":\"BreadcrumbList\",\"@id\":\"https:\/\/portaltela.pt\/noticias\/2026\/01\/12\/teste-de-controlo-de-fronteiras-realiza-se-em-lisboa-nesta-segunda-feira\/#breadcrumb\",\"itemListElement\":[{\"@type\":\"ListItem\",\"position\":1,\"name\":\"In\u00edcio\",\"item\":\"https:\/\/portaltela.pt\/\"},{\"@type\":\"ListItem\",\"position\":2,\"name\":\"Teste de controlo de fronteiras realiza-se em Lisboa nesta segunda-feira\"}]},{\"@type\":\"WebSite\",\"@id\":\"https:\/\/portaltela.pt\/#website\",\"url\":\"https:\/\/portaltela.pt\/\",\"name\":\"Portal Tela Portugal\",\"description\":\"\",\"potentialAction\":[{\"@type\":\"SearchAction\",\"target\":{\"@type\":\"EntryPoint\",\"urlTemplate\":\"https:\/\/portaltela.pt\/?s={search_term_string}\"},\"query-input\":{\"@type\":\"PropertyValueSpecification\",\"valueRequired\":true,\"valueName\":\"search_term_string\"}}],\"inLanguage\":\"pt-PT\"},{\"@type\":\"Person\",\"@id\":\"https:\/\/portaltela.pt\/#\/schema\/person\/c4278d4a6028830caff9ee44b42d32ed\",\"name\":\"Telinha\",\"image\":{\"@type\":\"ImageObject\",\"inLanguage\":\"pt-PT\",\"@id\":\"https:\/\/portaltela.pt\/s.01k8rhncp4jt1\/2025\/11\/talking-bot-125x125.png\",\"url\":\"https:\/\/portaltela.pt\/s.01k8rhncp4jt1\/2025\/11\/talking-bot-125x125.png\",\"contentUrl\":\"https:\/\/portaltela.pt\/s.01k8rhncp4jt1\/2025\/11\/talking-bot-125x125.png\",\"caption\":\"Telinha\"},\"sameAs\":[\"https:\/\/portaltela.pt\/\"],\"url\":\"https:\/\/portaltela.pt\/por\/367410592786\/\"}]}<\/script>\n<!-- \/ Yoast SEO plugin. -->","yoast_head_json":{"title":"Teste de controlo de fronteiras realiza-se em Lisboa nesta segunda-feira - Portal Tela Portugal","robots":{"index":"index","follow":"follow","max-snippet":"max-snippet:-1","max-image-preview":"max-image-preview:large","max-video-preview":"max-video-preview:-1"},"og_locale":"pt_PT","og_type":"article","og_title":"Teste de controlo de fronteiras realiza-se em Lisboa nesta segunda-feira - Portal Tela Portugal","og_description":"O sistema europeu de controlo de fronteiras para cidad\u00e3os extracomunit\u00e1rios (EES) foi suspenso no aeroporto de Lisboa no fim de dezembro e \u00e9 reativado esta segunda-feira para um teste \u00e0s melhorias. \u2022 O teste, marcado para esta tarde, pretende aferir as melhorias introduzidas antes de o sistema ser suspenso novamente. \u2022 O EES entrou em funcionamento a 12 de outubro em Portugal e no espa\u00e7o Schengen, com tempos de espera a aumentar, especialmente em Lisboa. \u2022 Foram refor\u00e7ados os controlos com 24 militares da Guarda Nacional Republicana e com 80 agentes da Pol\u00edcia de Seguran\u00e7a P\u00fablica desde o per\u00edodo de Natal. \u2022 A segunda fase, iniciada a 10 de dezembro, envolve a recolha de dados biom\u00e9tricos, o que tem agravado a situa\u00e7\u00e3o, e o Governo anunciou medidas de conting\u00eancia no final de dezembro para reduzir os tempos de espera.","og_url":"https:\/\/portaltela.pt\/noticias\/2026\/01\/12\/teste-de-controlo-de-fronteiras-realiza-se-em-lisboa-nesta-segunda-feira\/","og_site_name":"Portal Tela Portugal","article_published_time":"2026-01-12T15:09:25+00:00","author":"Telinha","twitter_card":"summary_large_image","twitter_misc":{"Escrito por":"Telinha","Tempo estimado de leitura":"1 minuto"},"schema":{"@context":"https:\/\/schema.org","@graph":[{"@type":"Article","@id":"https:\/\/portaltela.pt\/noticias\/2026\/01\/12\/teste-de-controlo-de-fronteiras-realiza-se-em-lisboa-nesta-segunda-feira\/#article","isPartOf":{"@id":"https:\/\/portaltela.pt\/noticias\/2026\/01\/12\/teste-de-controlo-de-fronteiras-realiza-se-em-lisboa-nesta-segunda-feira\/"},"author":{"name":"Telinha","@id":"https:\/\/portaltela.pt\/#\/schema\/person\/c4278d4a6028830caff9ee44b42d32ed"},"headline":"Teste de controlo de fronteiras realiza-se em Lisboa nesta segunda-feira","datePublished":"2026-01-12T15:09:25+00:00","mainEntityOfPage":{"@id":"https:\/\/portaltela.pt\/noticias\/2026\/01\/12\/teste-de-controlo-de-fronteiras-realiza-se-em-lisboa-nesta-segunda-feira\/"},"wordCount":248,"image":{"@id":"https:\/\/portaltela.pt\/noticias\/2026\/01\/12\/teste-de-controlo-de-fronteiras-realiza-se-em-lisboa-nesta-segunda-feira\/#primaryimage"},"thumbnailUrl":"https:\/\/portaltela.pt\/s.01k8rhncp4jt1\/2026\/01\/unnamed-file-2467.jpg","keywords":["fiscaliza\u00e7\u00e3o de fronteiras","GNR","imigra\u00e7\u00e3o","Lisboa","PSP","seguran\u00e7a p\u00fablica"],"articleSection":["Not\u00edcias"],"inLanguage":"pt-PT"},{"@type":"WebPage","@id":"https:\/\/portaltela.pt\/noticias\/2026\/01\/12\/teste-de-controlo-de-fronteiras-realiza-se-em-lisboa-nesta-segunda-feira\/","url":"https:\/\/portaltela.pt\/noticias\/2026\/01\/12\/teste-de-controlo-de-fronteiras-realiza-se-em-lisboa-nesta-segunda-feira\/","name":"Teste de controlo de fronteiras realiza-se em Lisboa nesta segunda-feira - Portal Tela Portugal","isPartOf":{"@id":"https:\/\/portaltela.pt\/#website"},"primaryImageOfPage":{"@id":"https:\/\/portaltela.pt\/noticias\/2026\/01\/12\/teste-de-controlo-de-fronteiras-realiza-se-em-lisboa-nesta-segunda-feira\/#primaryimage"},"image":{"@id":"https:\/\/portaltela.pt\/noticias\/2026\/01\/12\/teste-de-controlo-de-fronteiras-realiza-se-em-lisboa-nesta-segunda-feira\/#primaryimage"},"thumbnailUrl":"https:\/\/portaltela.pt\/s.01k8rhncp4jt1\/2026\/01\/unnamed-file-2467.jpg","datePublished":"2026-01-12T15:09:25+00:00","author":{"@id":"https:\/\/portaltela.pt\/#\/schema\/person\/c4278d4a6028830caff9ee44b42d32ed"},"breadcrumb":{"@id":"https:\/\/portaltela.pt\/noticias\/2026\/01\/12\/teste-de-controlo-de-fronteiras-realiza-se-em-lisboa-nesta-segunda-feira\/#breadcrumb"},"inLanguage":"pt-PT","potentialAction":[{"@type":"ReadAction","target":["https:\/\/portaltela.pt\/noticias\/2026\/01\/12\/teste-de-controlo-de-fronteiras-realiza-se-em-lisboa-nesta-segunda-feira\/"]}]},{"@type":"ImageObject","inLanguage":"pt-PT","@id":"https:\/\/portaltela.pt\/noticias\/2026\/01\/12\/teste-de-controlo-de-fronteiras-realiza-se-em-lisboa-nesta-segunda-feira\/#primaryimage","url":"https:\/\/portaltela.pt\/s.01k8rhncp4jt1\/2026\/01\/unnamed-file-2467.jpg","contentUrl":"https:\/\/portaltela.pt\/s.01k8rhncp4jt1\/2026\/01\/unnamed-file-2467.jpg","width":796,"height":448,"caption":"Sistema europeu de controlo de fronteiras suspenso em Lisboa"},{"@type":"BreadcrumbList","@id":"https:\/\/portaltela.pt\/noticias\/2026\/01\/12\/teste-de-controlo-de-fronteiras-realiza-se-em-lisboa-nesta-segunda-feira\/#breadcrumb","itemListElement":[{"@type":"ListItem","position":1,"name":"In\u00edcio","item":"https:\/\/portaltela.pt\/"},{"@type":"ListItem","position":2,"name":"Teste de controlo de fronteiras realiza-se em Lisboa nesta segunda-feira"}]},{"@type":"WebSite","@id":"https:\/\/portaltela.pt\/#website","url":"https:\/\/portaltela.pt\/","name":"Portal Tela Portugal","description":"","potentialAction":[{"@type":"SearchAction","target":{"@type":"EntryPoint","urlTemplate":"https:\/\/portaltela.pt\/?s={search_term_string}"},"query-input":{"@type":"PropertyValueSpecification","valueRequired":true,"valueName":"search_term_string"}}],"inLanguage":"pt-PT"},{"@type":"Person","@id":"https:\/\/portaltela.pt\/#\/schema\/person\/c4278d4a6028830caff9ee44b42d32ed","name":"Telinha","image":{"@type":"ImageObject","inLanguage":"pt-PT","@id":"https:\/\/portaltela.pt\/s.01k8rhncp4jt1\/2025\/11\/talking-bot-125x125.png","url":"https:\/\/portaltela.pt\/s.01k8rhncp4jt1\/2025\/11\/talking-bot-125x125.png","contentUrl":"https:\/\/portaltela.pt\/s.01k8rhncp4jt1\/2025\/11\/talking-bot-125x125.png","caption":"Telinha"},"sameAs":["https:\/\/portaltela.pt\/"],"url":"https:\/\/portaltela.pt\/por\/367410592786\/"}]}},"_links":{"self":[{"href":"https:\/\/portaltela.pt\/api\/wp\/v2\/posts\/135719","targetHints":{"allow":["GET"]}}],"collection":[{"href":"https:\/\/portaltela.pt\/api\/wp\/v2\/posts"}],"about":[{"href":"https:\/\/portaltela.pt\/api\/wp\/v2\/types\/post"}],"author":[{"embeddable":true,"href":"https:\/\/portaltela.pt\/api\/wp\/v2\/users\/2"}],"replies":[{"embeddable":true,"href":"https:\/\/portaltela.pt\/api\/wp\/v2\/comments?post=135719"}],"version-history":[{"count":0,"href":"https:\/\/portaltela.pt\/api\/wp\/v2\/posts\/135719\/revisions"}],"wp:featuredmedia":[{"embeddable":true,"href":"https:\/\/portaltela.pt\/api\/wp\/v2\/media\/135723"}],"wp:attachment":[{"href":"https:\/\/portaltela.pt\/api\/wp\/v2\/media?parent=135719"}],"wp:term":[{"taxonomy":"category","embeddable":true,"href":"https:\/\/portaltela.pt\/api\/wp\/v2\/categories?post=135719"},{"taxonomy":"post_tag","embeddable":true,"href":"https:\/\/portaltela.pt\/api\/wp\/v2\/tags?post=135719"}],"curies":[{"name":"wp","href":"https:\/\/api.w.org\/{rel}","templated":true}]}}