{"id":135633,"date":"2026-01-12T11:49:59","date_gmt":"2026-01-12T14:49:59","guid":{"rendered":"https:\/\/portaltela.pt\/noticias\/2026\/01\/12\/jorge-jesus-perde-guarda-redes-para-a-serie-a\/"},"modified":"2026-01-12T11:49:59","modified_gmt":"2026-01-12T14:49:59","slug":"jorge-jesus-perde-guarda-redes-para-a-serie-a","status":"publish","type":"post","link":"https:\/\/portaltela.pt\/desporto\/futebol\/2026\/01\/12\/jorge-jesus-perde-guarda-redes-para-a-serie-a\/","title":{"rendered":"Jorge Jesus perde guarda-redes para a S\u00e9rie A"},"content":{"rendered":"<p>O G\u00e9nova est\u00e1 a negociar a contrata\u00e7\u00e3o do guarda-redes Bento, oriundo do Al Nassr, atual orientado por Jorge Jesus. O empr\u00e9stimo prev\u00ea uma compra obrigat\u00f3ria ou op\u00e7\u00e3o de compra fixada em cerca de 9 milh\u00f5es de euros, segundo fontes pr\u00f3ximas do neg\u00f3cio.<\/p>\n<p>De acordo com Fabrizio Romano, o acordo j\u00e1 est\u00e1 fechado, ainda que Bento possa sair apenas ap\u00f3s o pr\u00f3ximo jogo do Al Nassr, frente ao Al Hilal, marcado para esta segunda-feira. O jogador n\u00e3o disputou os \u00faltimos tr\u00eas encontros com a equipa saudita.<\/p>\n<p>Bento est\u00e1 ao dispor do Al Nassr desde 2004, tendo sido contratado ao Athletico Paranaense. O neg\u00f3cio envolve a permuta entre o clube italiano e o conjunto comandado por Jorge Jesus, com o objetivo de refor\u00e7ar a baliza do G\u00e9nova na presente janela.<\/p>\n","protected":false},"excerpt":{"rendered":"<ul>\n<li>O G\u00e9nova tem acordo com o Al Nassr, orientado por Jorge Jesus, para contratar o guarda-redes Bento.<\/li>\n<li>O neg\u00f3cio ser\u00e1 via empr\u00e9stimo com op\u00e7\u00e3o de compra fixada em cerca de 9 milh\u00f5es de euros.<\/li>\n<li>A informa\u00e7\u00e3o \u00e9 avan\u00e7ada por Fabrizio Romano; Bento j\u00e1 tinha estado na \u00f3rbita do Benfica.<\/li>\n<li>Bento n\u00e3o disputou os \u00faltimos tr\u00eas jogos do Al Nassr e poder\u00e1 sair apenas ap\u00f3s o jogo de hoje, frente ao Al Hilal.<\/li>\n<li>Bento representa o Al Nassr desde 2004, tendo sido contratado ao Athletico Paranaense.<\/li>\n<\/ul>\n","protected":false},"author":2,"featured_media":135636,"comment_status":"closed","ping_status":"closed","sticky":false,"template":"","format":"standard","meta":{"footnotes":""},"categories":[21,24],"tags":[2457,32,2499,81,2448,2062],"class_list":["post-135633","post","type-post","status-publish","format-standard","has-post-thumbnail","hentry","category-desporto","category-futebol","tag-emprestimos","tag-futebol","tag-genova","tag-internacionais","tag-jorge-jesus","tag-serie-a"],"yoast_head":"<!-- This site is optimized with the Yoast SEO plugin v27.2 - https:\/\/yoast.com\/product\/yoast-seo-wordpress\/ -->\n<title>Jorge Jesus perde guarda-redes para a S\u00e9rie A - Portal Tela Portugal<\/title>\n<meta name=\"robots\" content=\"index, follow, max-snippet:-1, max-image-preview:large, max-video-preview:-1\" \/>\n<meta property=\"og:locale\" content=\"pt_PT\" \/>\n<meta property=\"og:type\" content=\"article\" \/>\n<meta property=\"og:title\" content=\"Jorge Jesus perde guarda-redes para a S\u00e9rie A - Portal Tela Portugal\" \/>\n<meta property=\"og:description\" content=\"O G\u00e9nova tem acordo com o Al Nassr, orientado por Jorge Jesus, para contratar o guarda-redes Bento. O neg\u00f3cio ser\u00e1 via empr\u00e9stimo com op\u00e7\u00e3o de compra fixada em cerca de 9 milh\u00f5es de euros. A informa\u00e7\u00e3o \u00e9 avan\u00e7ada por Fabrizio Romano; Bento j\u00e1 tinha estado na \u00f3rbita do Benfica. Bento n\u00e3o disputou os \u00faltimos tr\u00eas jogos do Al Nassr e poder\u00e1 sair apenas ap\u00f3s o jogo de hoje, frente ao Al Hilal. Bento representa o Al Nassr desde 2004, tendo sido contratado ao Athletico Paranaense.\" \/>\n<meta property=\"og:url\" content=\"https:\/\/portaltela.pt\/noticias\/2026\/01\/12\/jorge-jesus-perde-guarda-redes-para-a-serie-a\/\" \/>\n<meta property=\"og:site_name\" content=\"Portal Tela Portugal\" \/>\n<meta property=\"article:published_time\" content=\"2026-01-12T14:49:59+00:00\" \/>\n<meta name=\"author\" content=\"Telinha\" \/>\n<meta name=\"twitter:card\" content=\"summary_large_image\" \/>\n<meta name=\"twitter:label1\" content=\"Escrito por\" \/>\n\t<meta name=\"twitter:data1\" content=\"Telinha\" \/>\n\t<meta name=\"twitter:label2\" content=\"Tempo estimado de leitura\" \/>\n\t<meta name=\"twitter:data2\" content=\"1 minuto\" \/>\n<script type=\"application\/ld+json\" class=\"yoast-schema-graph\">{\"@context\":\"https:\/\/schema.org\",\"@graph\":[{\"@type\":\"Article\",\"@id\":\"https:\/\/portaltela.pt\/noticias\/2026\/01\/12\/jorge-jesus-perde-guarda-redes-para-a-serie-a\/#article\",\"isPartOf\":{\"@id\":\"https:\/\/portaltela.pt\/noticias\/2026\/01\/12\/jorge-jesus-perde-guarda-redes-para-a-serie-a\/\"},\"author\":{\"name\":\"Telinha\",\"@id\":\"https:\/\/portaltela.pt\/#\/schema\/person\/c4278d4a6028830caff9ee44b42d32ed\"},\"headline\":\"Jorge Jesus perde guarda-redes para a S\u00e9rie A\",\"datePublished\":\"2026-01-12T14:49:59+00:00\",\"mainEntityOfPage\":{\"@id\":\"https:\/\/portaltela.pt\/noticias\/2026\/01\/12\/jorge-jesus-perde-guarda-redes-para-a-serie-a\/\"},\"wordCount\":150,\"image\":{\"@id\":\"https:\/\/portaltela.pt\/noticias\/2026\/01\/12\/jorge-jesus-perde-guarda-redes-para-a-serie-a\/#primaryimage\"},\"thumbnailUrl\":\"https:\/\/portaltela.pt\/s.01k8rhncp4jt1\/2026\/01\/24463c72-b1f0-4e0d-8d8c-8b2bb58fe791.jpg\",\"keywords\":[\"empr\u00e9stimos\",\"futebol\",\"G\u00eanova\",\"internacionais\",\"Jorge Jesus\",\"S\u00e9rie A\"],\"articleSection\":[\"Desporto\",\"Futebol\"],\"inLanguage\":\"pt-PT\"},{\"@type\":\"WebPage\",\"@id\":\"https:\/\/portaltela.pt\/noticias\/2026\/01\/12\/jorge-jesus-perde-guarda-redes-para-a-serie-a\/\",\"url\":\"https:\/\/portaltela.pt\/noticias\/2026\/01\/12\/jorge-jesus-perde-guarda-redes-para-a-serie-a\/\",\"name\":\"Jorge Jesus perde guarda-redes para a S\u00e9rie A - Portal Tela Portugal\",\"isPartOf\":{\"@id\":\"https:\/\/portaltela.pt\/#website\"},\"primaryImageOfPage\":{\"@id\":\"https:\/\/portaltela.pt\/noticias\/2026\/01\/12\/jorge-jesus-perde-guarda-redes-para-a-serie-a\/#primaryimage\"},\"image\":{\"@id\":\"https:\/\/portaltela.pt\/noticias\/2026\/01\/12\/jorge-jesus-perde-guarda-redes-para-a-serie-a\/#primaryimage\"},\"thumbnailUrl\":\"https:\/\/portaltela.pt\/s.01k8rhncp4jt1\/2026\/01\/24463c72-b1f0-4e0d-8d8c-8b2bb58fe791.jpg\",\"datePublished\":\"2026-01-12T14:49:59+00:00\",\"author\":{\"@id\":\"https:\/\/portaltela.pt\/#\/schema\/person\/c4278d4a6028830caff9ee44b42d32ed\"},\"breadcrumb\":{\"@id\":\"https:\/\/portaltela.pt\/noticias\/2026\/01\/12\/jorge-jesus-perde-guarda-redes-para-a-serie-a\/#breadcrumb\"},\"inLanguage\":\"pt-PT\",\"potentialAction\":[{\"@type\":\"ReadAction\",\"target\":[\"https:\/\/portaltela.pt\/noticias\/2026\/01\/12\/jorge-jesus-perde-guarda-redes-para-a-serie-a\/\"]}]},{\"@type\":\"ImageObject\",\"inLanguage\":\"pt-PT\",\"@id\":\"https:\/\/portaltela.pt\/noticias\/2026\/01\/12\/jorge-jesus-perde-guarda-redes-para-a-serie-a\/#primaryimage\",\"url\":\"https:\/\/portaltela.pt\/s.01k8rhncp4jt1\/2026\/01\/24463c72-b1f0-4e0d-8d8c-8b2bb58fe791.jpg\",\"contentUrl\":\"https:\/\/portaltela.pt\/s.01k8rhncp4jt1\/2026\/01\/24463c72-b1f0-4e0d-8d8c-8b2bb58fe791.jpg\",\"width\":796,\"height\":448,\"caption\":\"Bento, guarda-redes do Al Nassr - Foto: Al Nassr\"},{\"@type\":\"BreadcrumbList\",\"@id\":\"https:\/\/portaltela.pt\/noticias\/2026\/01\/12\/jorge-jesus-perde-guarda-redes-para-a-serie-a\/#breadcrumb\",\"itemListElement\":[{\"@type\":\"ListItem\",\"position\":1,\"name\":\"In\u00edcio\",\"item\":\"https:\/\/portaltela.pt\/\"},{\"@type\":\"ListItem\",\"position\":2,\"name\":\"Jorge Jesus perde guarda-redes para a S\u00e9rie A\"}]},{\"@type\":\"WebSite\",\"@id\":\"https:\/\/portaltela.pt\/#website\",\"url\":\"https:\/\/portaltela.pt\/\",\"name\":\"Portal Tela Portugal\",\"description\":\"\",\"potentialAction\":[{\"@type\":\"SearchAction\",\"target\":{\"@type\":\"EntryPoint\",\"urlTemplate\":\"https:\/\/portaltela.pt\/?s={search_term_string}\"},\"query-input\":{\"@type\":\"PropertyValueSpecification\",\"valueRequired\":true,\"valueName\":\"search_term_string\"}}],\"inLanguage\":\"pt-PT\"},{\"@type\":\"Person\",\"@id\":\"https:\/\/portaltela.pt\/#\/schema\/person\/c4278d4a6028830caff9ee44b42d32ed\",\"name\":\"Telinha\",\"image\":{\"@type\":\"ImageObject\",\"inLanguage\":\"pt-PT\",\"@id\":\"https:\/\/portaltela.pt\/s.01k8rhncp4jt1\/2025\/11\/talking-bot-125x125.png\",\"url\":\"https:\/\/portaltela.pt\/s.01k8rhncp4jt1\/2025\/11\/talking-bot-125x125.png\",\"contentUrl\":\"https:\/\/portaltela.pt\/s.01k8rhncp4jt1\/2025\/11\/talking-bot-125x125.png\",\"caption\":\"Telinha\"},\"sameAs\":[\"https:\/\/portaltela.pt\/\"],\"url\":\"https:\/\/portaltela.pt\/por\/367410592786\/\"}]}<\/script>\n<!-- \/ Yoast SEO plugin. -->","yoast_head_json":{"title":"Jorge Jesus perde guarda-redes para a S\u00e9rie A - Portal Tela Portugal","robots":{"index":"index","follow":"follow","max-snippet":"max-snippet:-1","max-image-preview":"max-image-preview:large","max-video-preview":"max-video-preview:-1"},"og_locale":"pt_PT","og_type":"article","og_title":"Jorge Jesus perde guarda-redes para a S\u00e9rie A - Portal Tela Portugal","og_description":"O G\u00e9nova tem acordo com o Al Nassr, orientado por Jorge Jesus, para contratar o guarda-redes Bento. O neg\u00f3cio ser\u00e1 via empr\u00e9stimo com op\u00e7\u00e3o de compra fixada em cerca de 9 milh\u00f5es de euros. A informa\u00e7\u00e3o \u00e9 avan\u00e7ada por Fabrizio Romano; Bento j\u00e1 tinha estado na \u00f3rbita do Benfica. Bento n\u00e3o disputou os \u00faltimos tr\u00eas jogos do Al Nassr e poder\u00e1 sair apenas ap\u00f3s o jogo de hoje, frente ao Al Hilal. Bento representa o Al Nassr desde 2004, tendo sido contratado ao Athletico Paranaense.","og_url":"https:\/\/portaltela.pt\/noticias\/2026\/01\/12\/jorge-jesus-perde-guarda-redes-para-a-serie-a\/","og_site_name":"Portal Tela Portugal","article_published_time":"2026-01-12T14:49:59+00:00","author":"Telinha","twitter_card":"summary_large_image","twitter_misc":{"Escrito por":"Telinha","Tempo estimado de leitura":"1 minuto"},"schema":{"@context":"https:\/\/schema.org","@graph":[{"@type":"Article","@id":"https:\/\/portaltela.pt\/noticias\/2026\/01\/12\/jorge-jesus-perde-guarda-redes-para-a-serie-a\/#article","isPartOf":{"@id":"https:\/\/portaltela.pt\/noticias\/2026\/01\/12\/jorge-jesus-perde-guarda-redes-para-a-serie-a\/"},"author":{"name":"Telinha","@id":"https:\/\/portaltela.pt\/#\/schema\/person\/c4278d4a6028830caff9ee44b42d32ed"},"headline":"Jorge Jesus perde guarda-redes para a S\u00e9rie A","datePublished":"2026-01-12T14:49:59+00:00","mainEntityOfPage":{"@id":"https:\/\/portaltela.pt\/noticias\/2026\/01\/12\/jorge-jesus-perde-guarda-redes-para-a-serie-a\/"},"wordCount":150,"image":{"@id":"https:\/\/portaltela.pt\/noticias\/2026\/01\/12\/jorge-jesus-perde-guarda-redes-para-a-serie-a\/#primaryimage"},"thumbnailUrl":"https:\/\/portaltela.pt\/s.01k8rhncp4jt1\/2026\/01\/24463c72-b1f0-4e0d-8d8c-8b2bb58fe791.jpg","keywords":["empr\u00e9stimos","futebol","G\u00eanova","internacionais","Jorge Jesus","S\u00e9rie A"],"articleSection":["Desporto","Futebol"],"inLanguage":"pt-PT"},{"@type":"WebPage","@id":"https:\/\/portaltela.pt\/noticias\/2026\/01\/12\/jorge-jesus-perde-guarda-redes-para-a-serie-a\/","url":"https:\/\/portaltela.pt\/noticias\/2026\/01\/12\/jorge-jesus-perde-guarda-redes-para-a-serie-a\/","name":"Jorge Jesus perde guarda-redes para a S\u00e9rie A - Portal Tela Portugal","isPartOf":{"@id":"https:\/\/portaltela.pt\/#website"},"primaryImageOfPage":{"@id":"https:\/\/portaltela.pt\/noticias\/2026\/01\/12\/jorge-jesus-perde-guarda-redes-para-a-serie-a\/#primaryimage"},"image":{"@id":"https:\/\/portaltela.pt\/noticias\/2026\/01\/12\/jorge-jesus-perde-guarda-redes-para-a-serie-a\/#primaryimage"},"thumbnailUrl":"https:\/\/portaltela.pt\/s.01k8rhncp4jt1\/2026\/01\/24463c72-b1f0-4e0d-8d8c-8b2bb58fe791.jpg","datePublished":"2026-01-12T14:49:59+00:00","author":{"@id":"https:\/\/portaltela.pt\/#\/schema\/person\/c4278d4a6028830caff9ee44b42d32ed"},"breadcrumb":{"@id":"https:\/\/portaltela.pt\/noticias\/2026\/01\/12\/jorge-jesus-perde-guarda-redes-para-a-serie-a\/#breadcrumb"},"inLanguage":"pt-PT","potentialAction":[{"@type":"ReadAction","target":["https:\/\/portaltela.pt\/noticias\/2026\/01\/12\/jorge-jesus-perde-guarda-redes-para-a-serie-a\/"]}]},{"@type":"ImageObject","inLanguage":"pt-PT","@id":"https:\/\/portaltela.pt\/noticias\/2026\/01\/12\/jorge-jesus-perde-guarda-redes-para-a-serie-a\/#primaryimage","url":"https:\/\/portaltela.pt\/s.01k8rhncp4jt1\/2026\/01\/24463c72-b1f0-4e0d-8d8c-8b2bb58fe791.jpg","contentUrl":"https:\/\/portaltela.pt\/s.01k8rhncp4jt1\/2026\/01\/24463c72-b1f0-4e0d-8d8c-8b2bb58fe791.jpg","width":796,"height":448,"caption":"Bento, guarda-redes do Al Nassr - Foto: Al Nassr"},{"@type":"BreadcrumbList","@id":"https:\/\/portaltela.pt\/noticias\/2026\/01\/12\/jorge-jesus-perde-guarda-redes-para-a-serie-a\/#breadcrumb","itemListElement":[{"@type":"ListItem","position":1,"name":"In\u00edcio","item":"https:\/\/portaltela.pt\/"},{"@type":"ListItem","position":2,"name":"Jorge Jesus perde guarda-redes para a S\u00e9rie A"}]},{"@type":"WebSite","@id":"https:\/\/portaltela.pt\/#website","url":"https:\/\/portaltela.pt\/","name":"Portal Tela Portugal","description":"","potentialAction":[{"@type":"SearchAction","target":{"@type":"EntryPoint","urlTemplate":"https:\/\/portaltela.pt\/?s={search_term_string}"},"query-input":{"@type":"PropertyValueSpecification","valueRequired":true,"valueName":"search_term_string"}}],"inLanguage":"pt-PT"},{"@type":"Person","@id":"https:\/\/portaltela.pt\/#\/schema\/person\/c4278d4a6028830caff9ee44b42d32ed","name":"Telinha","image":{"@type":"ImageObject","inLanguage":"pt-PT","@id":"https:\/\/portaltela.pt\/s.01k8rhncp4jt1\/2025\/11\/talking-bot-125x125.png","url":"https:\/\/portaltela.pt\/s.01k8rhncp4jt1\/2025\/11\/talking-bot-125x125.png","contentUrl":"https:\/\/portaltela.pt\/s.01k8rhncp4jt1\/2025\/11\/talking-bot-125x125.png","caption":"Telinha"},"sameAs":["https:\/\/portaltela.pt\/"],"url":"https:\/\/portaltela.pt\/por\/367410592786\/"}]}},"_links":{"self":[{"href":"https:\/\/portaltela.pt\/api\/wp\/v2\/posts\/135633","targetHints":{"allow":["GET"]}}],"collection":[{"href":"https:\/\/portaltela.pt\/api\/wp\/v2\/posts"}],"about":[{"href":"https:\/\/portaltela.pt\/api\/wp\/v2\/types\/post"}],"author":[{"embeddable":true,"href":"https:\/\/portaltela.pt\/api\/wp\/v2\/users\/2"}],"replies":[{"embeddable":true,"href":"https:\/\/portaltela.pt\/api\/wp\/v2\/comments?post=135633"}],"version-history":[{"count":0,"href":"https:\/\/portaltela.pt\/api\/wp\/v2\/posts\/135633\/revisions"}],"wp:featuredmedia":[{"embeddable":true,"href":"https:\/\/portaltela.pt\/api\/wp\/v2\/media\/135636"}],"wp:attachment":[{"href":"https:\/\/portaltela.pt\/api\/wp\/v2\/media?parent=135633"}],"wp:term":[{"taxonomy":"category","embeddable":true,"href":"https:\/\/portaltela.pt\/api\/wp\/v2\/categories?post=135633"},{"taxonomy":"post_tag","embeddable":true,"href":"https:\/\/portaltela.pt\/api\/wp\/v2\/tags?post=135633"}],"curies":[{"name":"wp","href":"https:\/\/api.w.org\/{rel}","templated":true}]}}