{"id":135579,"date":"2026-01-12T08:05:00","date_gmt":"2026-01-12T11:05:00","guid":{"rendered":"https:\/\/portaltela.pt\/noticias\/2026\/01\/12\/novas-imagens-mostram-agressoes-entre-ultras-do-barreirense-e-olimpico-montijo\/"},"modified":"2026-01-12T08:05:00","modified_gmt":"2026-01-12T11:05:00","slug":"novas-imagens-mostram-agressoes-entre-ultras-do-barreirense-e-olimpico-montijo","status":"publish","type":"post","link":"https:\/\/portaltela.pt\/desporto\/futebol\/2026\/01\/12\/novas-imagens-mostram-agressoes-entre-ultras-do-barreirense-e-olimpico-montijo\/","title":{"rendered":"Novas imagens mostram agress\u00f5es entre ultras do Barreirense e Ol\u00edmpico Montijo"},"content":{"rendered":"<p>Nos relatos iniciais, foram registados confrontos entre ultras do Barreirense e do Ol\u00edmpico Montijo durante a 14.\u00aa jornada da 1.\u00aa Divis\u00e3o da AF Set\u00fabal. O d\u00e9rbi ocorreu no complexo desportivo, envolvendo as duas equipas. A ocorr\u00eancia ter\u00e1 acontecido durante o encontro entre as duas forma\u00e7\u00f5es.<\/p>\n<p>Os confrontos envolveram grupos de apoio \u00e0s equipas, criando momentos de tens\u00e3o junto ao recinto. Testemunhas indicam que o p\u00e2nico foi imediato e que o incidentes decorreram nas imedia\u00e7\u00f5es do est\u00e1dio.<\/p>\n<h3>Localiza\u00e7\u00e3o dos confrontos<\/h3>\n<p>As imagens mostram os confrontos nas traseiras do hipermercado Continente da Verderena, junto ao campo onde decorreu o jogo. Este enquadramento sugere uma atua\u00e7\u00e3o fora das bancadas, pr\u00f3xima de zonas comerciais vizinhas.<\/p>\n<h3>Detalhes adicionais<\/h3>\n<p>Ainda n\u00e3o h\u00e1 confirma\u00e7\u00e3o p\u00fablica sobre feridos ou intervenientes das autoridades. As autoridades competentes devem indicar informa\u00e7\u00f5es oficiais e o envio de contingentes para assegurar a seguran\u00e7a no recinto e nas \u00e1reas adjacentes.<\/p>\n","protected":false},"excerpt":{"rendered":"<ul>\n<li>Aconteceu antes do jogo Barreirense-Ol\u00edmpico Montijo, da 14.\u00aa jornada da 1.\u00aa Divis\u00e3o da AF Set\u00fabal.<\/li>\n<li>Grupos de ultras das duas equipas envolveram-se em confrontos graves junto ao complexo desportivo.<\/li>\n<li>Nas imagens partilhadas, os confrontos ocorreram nas traseiras do hipermercado Continente da Verderena, perto do campo onde decorreu o encontro.<\/li>\n<li>N\u00e3o s\u00e3o fornecidos detalhes adicionais sobre o desfecho do epis\u00f3dio ou sobre san\u00e7\u00f5es.<\/li>\n<\/ul>\n","protected":false},"author":2,"featured_media":135588,"comment_status":"closed","ping_status":"closed","sticky":false,"template":"","format":"standard","meta":{"footnotes":""},"categories":[21,24],"tags":[2754,1416,178,152,32,1058],"class_list":["post-135579","post","type-post","status-publish","format-standard","has-post-thumbnail","hentry","category-desporto","category-futebol","tag-agressao","tag-barreirense","tag-confrontos","tag-desporto","tag-futebol","tag-montijo"],"yoast_head":"<!-- This site is optimized with the Yoast SEO plugin v27.2 - https:\/\/yoast.com\/product\/yoast-seo-wordpress\/ -->\n<title>Novas imagens mostram agress\u00f5es entre ultras do Barreirense e Ol\u00edmpico Montijo - Portal Tela Portugal<\/title>\n<meta name=\"robots\" content=\"index, follow, max-snippet:-1, max-image-preview:large, max-video-preview:-1\" \/>\n<meta property=\"og:locale\" content=\"pt_PT\" \/>\n<meta property=\"og:type\" content=\"article\" \/>\n<meta property=\"og:title\" content=\"Novas imagens mostram agress\u00f5es entre ultras do Barreirense e Ol\u00edmpico Montijo - Portal Tela Portugal\" \/>\n<meta property=\"og:description\" content=\"Aconteceu antes do jogo Barreirense-Ol\u00edmpico Montijo, da 14.\u00aa jornada da 1.\u00aa Divis\u00e3o da AF Set\u00fabal. Grupos de ultras das duas equipas envolveram-se em confrontos graves junto ao complexo desportivo. Nas imagens partilhadas, os confrontos ocorreram nas traseiras do hipermercado Continente da Verderena, perto do campo onde decorreu o encontro. N\u00e3o s\u00e3o fornecidos detalhes adicionais sobre o desfecho do epis\u00f3dio ou sobre san\u00e7\u00f5es.\" \/>\n<meta property=\"og:url\" content=\"https:\/\/portaltela.pt\/noticias\/2026\/01\/12\/novas-imagens-mostram-agressoes-entre-ultras-do-barreirense-e-olimpico-montijo\/\" \/>\n<meta property=\"og:site_name\" content=\"Portal Tela Portugal\" \/>\n<meta property=\"article:published_time\" content=\"2026-01-12T11:05:00+00:00\" \/>\n<meta name=\"author\" content=\"Telinha\" \/>\n<meta name=\"twitter:card\" content=\"summary_large_image\" \/>\n<meta name=\"twitter:label1\" content=\"Escrito por\" \/>\n\t<meta name=\"twitter:data1\" content=\"Telinha\" \/>\n\t<meta name=\"twitter:label2\" content=\"Tempo estimado de leitura\" \/>\n\t<meta name=\"twitter:data2\" content=\"1 minuto\" \/>\n<script type=\"application\/ld+json\" class=\"yoast-schema-graph\">{\"@context\":\"https:\/\/schema.org\",\"@graph\":[{\"@type\":\"Article\",\"@id\":\"https:\/\/portaltela.pt\/noticias\/2026\/01\/12\/novas-imagens-mostram-agressoes-entre-ultras-do-barreirense-e-olimpico-montijo\/#article\",\"isPartOf\":{\"@id\":\"https:\/\/portaltela.pt\/noticias\/2026\/01\/12\/novas-imagens-mostram-agressoes-entre-ultras-do-barreirense-e-olimpico-montijo\/\"},\"author\":{\"name\":\"Telinha\",\"@id\":\"https:\/\/portaltela.pt\/#\/schema\/person\/c4278d4a6028830caff9ee44b42d32ed\"},\"headline\":\"Novas imagens mostram agress\u00f5es entre ultras do Barreirense e Ol\u00edmpico Montijo\",\"datePublished\":\"2026-01-12T11:05:00+00:00\",\"mainEntityOfPage\":{\"@id\":\"https:\/\/portaltela.pt\/noticias\/2026\/01\/12\/novas-imagens-mostram-agressoes-entre-ultras-do-barreirense-e-olimpico-montijo\/\"},\"wordCount\":175,\"image\":{\"@id\":\"https:\/\/portaltela.pt\/noticias\/2026\/01\/12\/novas-imagens-mostram-agressoes-entre-ultras-do-barreirense-e-olimpico-montijo\/#primaryimage\"},\"thumbnailUrl\":\"https:\/\/portaltela.pt\/s.01k8rhncp4jt1\/2026\/01\/img_1200x721uu2026-01-12-10-55-53-2414278.jpg\",\"keywords\":[\"agress\u00e3o\",\"Barreirense\",\"confrontos\",\"desporto\",\"futebol\",\"Montijo\"],\"articleSection\":[\"Desporto\",\"Futebol\"],\"inLanguage\":\"pt-PT\"},{\"@type\":\"WebPage\",\"@id\":\"https:\/\/portaltela.pt\/noticias\/2026\/01\/12\/novas-imagens-mostram-agressoes-entre-ultras-do-barreirense-e-olimpico-montijo\/\",\"url\":\"https:\/\/portaltela.pt\/noticias\/2026\/01\/12\/novas-imagens-mostram-agressoes-entre-ultras-do-barreirense-e-olimpico-montijo\/\",\"name\":\"Novas imagens mostram agress\u00f5es entre ultras do Barreirense e Ol\u00edmpico Montijo - Portal Tela Portugal\",\"isPartOf\":{\"@id\":\"https:\/\/portaltela.pt\/#website\"},\"primaryImageOfPage\":{\"@id\":\"https:\/\/portaltela.pt\/noticias\/2026\/01\/12\/novas-imagens-mostram-agressoes-entre-ultras-do-barreirense-e-olimpico-montijo\/#primaryimage\"},\"image\":{\"@id\":\"https:\/\/portaltela.pt\/noticias\/2026\/01\/12\/novas-imagens-mostram-agressoes-entre-ultras-do-barreirense-e-olimpico-montijo\/#primaryimage\"},\"thumbnailUrl\":\"https:\/\/portaltela.pt\/s.01k8rhncp4jt1\/2026\/01\/img_1200x721uu2026-01-12-10-55-53-2414278.jpg\",\"datePublished\":\"2026-01-12T11:05:00+00:00\",\"author\":{\"@id\":\"https:\/\/portaltela.pt\/#\/schema\/person\/c4278d4a6028830caff9ee44b42d32ed\"},\"breadcrumb\":{\"@id\":\"https:\/\/portaltela.pt\/noticias\/2026\/01\/12\/novas-imagens-mostram-agressoes-entre-ultras-do-barreirense-e-olimpico-montijo\/#breadcrumb\"},\"inLanguage\":\"pt-PT\",\"potentialAction\":[{\"@type\":\"ReadAction\",\"target\":[\"https:\/\/portaltela.pt\/noticias\/2026\/01\/12\/novas-imagens-mostram-agressoes-entre-ultras-do-barreirense-e-olimpico-montijo\/\"]}]},{\"@type\":\"ImageObject\",\"inLanguage\":\"pt-PT\",\"@id\":\"https:\/\/portaltela.pt\/noticias\/2026\/01\/12\/novas-imagens-mostram-agressoes-entre-ultras-do-barreirense-e-olimpico-montijo\/#primaryimage\",\"url\":\"https:\/\/portaltela.pt\/s.01k8rhncp4jt1\/2026\/01\/img_1200x721uu2026-01-12-10-55-53-2414278.jpg\",\"contentUrl\":\"https:\/\/portaltela.pt\/s.01k8rhncp4jt1\/2026\/01\/img_1200x721uu2026-01-12-10-55-53-2414278.jpg\",\"width\":796,\"height\":448,\"caption\":\"Momentos de p\u00e2nico antecederam o Barreirense-Ol\u00edmpico Montijo, duelo da 14.\u00aa jornada da 1.\u00aa Divis\u00e3o da AF Set\u00fabal, quando grupos de ultras afetos \u00e0s duas equipas se envolveram em graves confrontos junto ao complexo desportivo. Nestas imagens, os confrontos nas traseiras do hipermercado Continente da Verderena, ao lado do campo onde decorreu o jogo.\"},{\"@type\":\"BreadcrumbList\",\"@id\":\"https:\/\/portaltela.pt\/noticias\/2026\/01\/12\/novas-imagens-mostram-agressoes-entre-ultras-do-barreirense-e-olimpico-montijo\/#breadcrumb\",\"itemListElement\":[{\"@type\":\"ListItem\",\"position\":1,\"name\":\"In\u00edcio\",\"item\":\"https:\/\/portaltela.pt\/\"},{\"@type\":\"ListItem\",\"position\":2,\"name\":\"Novas imagens mostram agress\u00f5es entre ultras do Barreirense e Ol\u00edmpico Montijo\"}]},{\"@type\":\"WebSite\",\"@id\":\"https:\/\/portaltela.pt\/#website\",\"url\":\"https:\/\/portaltela.pt\/\",\"name\":\"Portal Tela Portugal\",\"description\":\"\",\"potentialAction\":[{\"@type\":\"SearchAction\",\"target\":{\"@type\":\"EntryPoint\",\"urlTemplate\":\"https:\/\/portaltela.pt\/?s={search_term_string}\"},\"query-input\":{\"@type\":\"PropertyValueSpecification\",\"valueRequired\":true,\"valueName\":\"search_term_string\"}}],\"inLanguage\":\"pt-PT\"},{\"@type\":\"Person\",\"@id\":\"https:\/\/portaltela.pt\/#\/schema\/person\/c4278d4a6028830caff9ee44b42d32ed\",\"name\":\"Telinha\",\"image\":{\"@type\":\"ImageObject\",\"inLanguage\":\"pt-PT\",\"@id\":\"https:\/\/portaltela.pt\/s.01k8rhncp4jt1\/2025\/11\/talking-bot-125x125.png\",\"url\":\"https:\/\/portaltela.pt\/s.01k8rhncp4jt1\/2025\/11\/talking-bot-125x125.png\",\"contentUrl\":\"https:\/\/portaltela.pt\/s.01k8rhncp4jt1\/2025\/11\/talking-bot-125x125.png\",\"caption\":\"Telinha\"},\"sameAs\":[\"https:\/\/portaltela.pt\/\"],\"url\":\"https:\/\/portaltela.pt\/por\/367410592786\/\"}]}<\/script>\n<!-- \/ Yoast SEO plugin. -->","yoast_head_json":{"title":"Novas imagens mostram agress\u00f5es entre ultras do Barreirense e Ol\u00edmpico Montijo - Portal Tela Portugal","robots":{"index":"index","follow":"follow","max-snippet":"max-snippet:-1","max-image-preview":"max-image-preview:large","max-video-preview":"max-video-preview:-1"},"og_locale":"pt_PT","og_type":"article","og_title":"Novas imagens mostram agress\u00f5es entre ultras do Barreirense e Ol\u00edmpico Montijo - Portal Tela Portugal","og_description":"Aconteceu antes do jogo Barreirense-Ol\u00edmpico Montijo, da 14.\u00aa jornada da 1.\u00aa Divis\u00e3o da AF Set\u00fabal. Grupos de ultras das duas equipas envolveram-se em confrontos graves junto ao complexo desportivo. Nas imagens partilhadas, os confrontos ocorreram nas traseiras do hipermercado Continente da Verderena, perto do campo onde decorreu o encontro. N\u00e3o s\u00e3o fornecidos detalhes adicionais sobre o desfecho do epis\u00f3dio ou sobre san\u00e7\u00f5es.","og_url":"https:\/\/portaltela.pt\/noticias\/2026\/01\/12\/novas-imagens-mostram-agressoes-entre-ultras-do-barreirense-e-olimpico-montijo\/","og_site_name":"Portal Tela Portugal","article_published_time":"2026-01-12T11:05:00+00:00","author":"Telinha","twitter_card":"summary_large_image","twitter_misc":{"Escrito por":"Telinha","Tempo estimado de leitura":"1 minuto"},"schema":{"@context":"https:\/\/schema.org","@graph":[{"@type":"Article","@id":"https:\/\/portaltela.pt\/noticias\/2026\/01\/12\/novas-imagens-mostram-agressoes-entre-ultras-do-barreirense-e-olimpico-montijo\/#article","isPartOf":{"@id":"https:\/\/portaltela.pt\/noticias\/2026\/01\/12\/novas-imagens-mostram-agressoes-entre-ultras-do-barreirense-e-olimpico-montijo\/"},"author":{"name":"Telinha","@id":"https:\/\/portaltela.pt\/#\/schema\/person\/c4278d4a6028830caff9ee44b42d32ed"},"headline":"Novas imagens mostram agress\u00f5es entre ultras do Barreirense e Ol\u00edmpico Montijo","datePublished":"2026-01-12T11:05:00+00:00","mainEntityOfPage":{"@id":"https:\/\/portaltela.pt\/noticias\/2026\/01\/12\/novas-imagens-mostram-agressoes-entre-ultras-do-barreirense-e-olimpico-montijo\/"},"wordCount":175,"image":{"@id":"https:\/\/portaltela.pt\/noticias\/2026\/01\/12\/novas-imagens-mostram-agressoes-entre-ultras-do-barreirense-e-olimpico-montijo\/#primaryimage"},"thumbnailUrl":"https:\/\/portaltela.pt\/s.01k8rhncp4jt1\/2026\/01\/img_1200x721uu2026-01-12-10-55-53-2414278.jpg","keywords":["agress\u00e3o","Barreirense","confrontos","desporto","futebol","Montijo"],"articleSection":["Desporto","Futebol"],"inLanguage":"pt-PT"},{"@type":"WebPage","@id":"https:\/\/portaltela.pt\/noticias\/2026\/01\/12\/novas-imagens-mostram-agressoes-entre-ultras-do-barreirense-e-olimpico-montijo\/","url":"https:\/\/portaltela.pt\/noticias\/2026\/01\/12\/novas-imagens-mostram-agressoes-entre-ultras-do-barreirense-e-olimpico-montijo\/","name":"Novas imagens mostram agress\u00f5es entre ultras do Barreirense e Ol\u00edmpico Montijo - Portal Tela Portugal","isPartOf":{"@id":"https:\/\/portaltela.pt\/#website"},"primaryImageOfPage":{"@id":"https:\/\/portaltela.pt\/noticias\/2026\/01\/12\/novas-imagens-mostram-agressoes-entre-ultras-do-barreirense-e-olimpico-montijo\/#primaryimage"},"image":{"@id":"https:\/\/portaltela.pt\/noticias\/2026\/01\/12\/novas-imagens-mostram-agressoes-entre-ultras-do-barreirense-e-olimpico-montijo\/#primaryimage"},"thumbnailUrl":"https:\/\/portaltela.pt\/s.01k8rhncp4jt1\/2026\/01\/img_1200x721uu2026-01-12-10-55-53-2414278.jpg","datePublished":"2026-01-12T11:05:00+00:00","author":{"@id":"https:\/\/portaltela.pt\/#\/schema\/person\/c4278d4a6028830caff9ee44b42d32ed"},"breadcrumb":{"@id":"https:\/\/portaltela.pt\/noticias\/2026\/01\/12\/novas-imagens-mostram-agressoes-entre-ultras-do-barreirense-e-olimpico-montijo\/#breadcrumb"},"inLanguage":"pt-PT","potentialAction":[{"@type":"ReadAction","target":["https:\/\/portaltela.pt\/noticias\/2026\/01\/12\/novas-imagens-mostram-agressoes-entre-ultras-do-barreirense-e-olimpico-montijo\/"]}]},{"@type":"ImageObject","inLanguage":"pt-PT","@id":"https:\/\/portaltela.pt\/noticias\/2026\/01\/12\/novas-imagens-mostram-agressoes-entre-ultras-do-barreirense-e-olimpico-montijo\/#primaryimage","url":"https:\/\/portaltela.pt\/s.01k8rhncp4jt1\/2026\/01\/img_1200x721uu2026-01-12-10-55-53-2414278.jpg","contentUrl":"https:\/\/portaltela.pt\/s.01k8rhncp4jt1\/2026\/01\/img_1200x721uu2026-01-12-10-55-53-2414278.jpg","width":796,"height":448,"caption":"Momentos de p\u00e2nico antecederam o Barreirense-Ol\u00edmpico Montijo, duelo da 14.\u00aa jornada da 1.\u00aa Divis\u00e3o da AF Set\u00fabal, quando grupos de ultras afetos \u00e0s duas equipas se envolveram em graves confrontos junto ao complexo desportivo. Nestas imagens, os confrontos nas traseiras do hipermercado Continente da Verderena, ao lado do campo onde decorreu o jogo."},{"@type":"BreadcrumbList","@id":"https:\/\/portaltela.pt\/noticias\/2026\/01\/12\/novas-imagens-mostram-agressoes-entre-ultras-do-barreirense-e-olimpico-montijo\/#breadcrumb","itemListElement":[{"@type":"ListItem","position":1,"name":"In\u00edcio","item":"https:\/\/portaltela.pt\/"},{"@type":"ListItem","position":2,"name":"Novas imagens mostram agress\u00f5es entre ultras do Barreirense e Ol\u00edmpico Montijo"}]},{"@type":"WebSite","@id":"https:\/\/portaltela.pt\/#website","url":"https:\/\/portaltela.pt\/","name":"Portal Tela Portugal","description":"","potentialAction":[{"@type":"SearchAction","target":{"@type":"EntryPoint","urlTemplate":"https:\/\/portaltela.pt\/?s={search_term_string}"},"query-input":{"@type":"PropertyValueSpecification","valueRequired":true,"valueName":"search_term_string"}}],"inLanguage":"pt-PT"},{"@type":"Person","@id":"https:\/\/portaltela.pt\/#\/schema\/person\/c4278d4a6028830caff9ee44b42d32ed","name":"Telinha","image":{"@type":"ImageObject","inLanguage":"pt-PT","@id":"https:\/\/portaltela.pt\/s.01k8rhncp4jt1\/2025\/11\/talking-bot-125x125.png","url":"https:\/\/portaltela.pt\/s.01k8rhncp4jt1\/2025\/11\/talking-bot-125x125.png","contentUrl":"https:\/\/portaltela.pt\/s.01k8rhncp4jt1\/2025\/11\/talking-bot-125x125.png","caption":"Telinha"},"sameAs":["https:\/\/portaltela.pt\/"],"url":"https:\/\/portaltela.pt\/por\/367410592786\/"}]}},"_links":{"self":[{"href":"https:\/\/portaltela.pt\/api\/wp\/v2\/posts\/135579","targetHints":{"allow":["GET"]}}],"collection":[{"href":"https:\/\/portaltela.pt\/api\/wp\/v2\/posts"}],"about":[{"href":"https:\/\/portaltela.pt\/api\/wp\/v2\/types\/post"}],"author":[{"embeddable":true,"href":"https:\/\/portaltela.pt\/api\/wp\/v2\/users\/2"}],"replies":[{"embeddable":true,"href":"https:\/\/portaltela.pt\/api\/wp\/v2\/comments?post=135579"}],"version-history":[{"count":0,"href":"https:\/\/portaltela.pt\/api\/wp\/v2\/posts\/135579\/revisions"}],"wp:featuredmedia":[{"embeddable":true,"href":"https:\/\/portaltela.pt\/api\/wp\/v2\/media\/135588"}],"wp:attachment":[{"href":"https:\/\/portaltela.pt\/api\/wp\/v2\/media?parent=135579"}],"wp:term":[{"taxonomy":"category","embeddable":true,"href":"https:\/\/portaltela.pt\/api\/wp\/v2\/categories?post=135579"},{"taxonomy":"post_tag","embeddable":true,"href":"https:\/\/portaltela.pt\/api\/wp\/v2\/tags?post=135579"}],"curies":[{"name":"wp","href":"https:\/\/api.w.org\/{rel}","templated":true}]}}