{"id":135556,"date":"2026-01-12T11:22:00","date_gmt":"2026-01-12T14:22:00","guid":{"rendered":"https:\/\/portaltela.pt\/noticias\/2026\/01\/12\/politecnico-da-guarda-discute-enfermagem-comunitaria-e-saude-familiar\/"},"modified":"2026-01-12T11:22:00","modified_gmt":"2026-01-12T14:22:00","slug":"politecnico-da-guarda-discute-enfermagem-comunitaria-e-saude-familiar","status":"publish","type":"post","link":"https:\/\/portaltela.pt\/noticias\/2026\/01\/12\/politecnico-da-guarda-discute-enfermagem-comunitaria-e-saude-familiar\/","title":{"rendered":"Polit\u00e9cnico da Guarda discute enfermagem comunit\u00e1ria e sa\u00fade familiar"},"content":{"rendered":"<p>O Instituto Polit\u00e9cnico da Guarda (IPG) criou uma especializa\u00e7\u00e3o no mestrado em Enfermagem Comunit\u00e1ria voltada para Enfermagem de Sa\u00fade Familiar, devido \u00e0 escassez de profissionais na \u00e1rea. A medida resulta num aumento significativo de candidaturas \u00e0 \u00e1rea.<\/p>\n<p>A coordena\u00e7\u00e3o do mestrado, liderada por In\u00eas Fonseca, destaca que a nova op\u00e7\u00e3o na Escola Superior de Sa\u00fade responde \u00e0 necessidade de enfermeiros com esta especialidade para refor\u00e7ar as USF (unidades de sa\u00fade familiar) e melhorar a qualidade dos cuidados. A docente frisa o papel central do enfermeiro especialista na sa\u00fade prim\u00e1ria.<\/p>\n<p>As Jornadas Internacionais de Sa\u00fade Comunit\u00e1ria e Familiar v\u00e3o ocorrer no Polit\u00e9cnico da Guarda na sexta-feira e no s\u00e1bado, dias 16 e 17. O evento re\u00fane enfermeiros, investigadores, docentes e estudantes para debater o contexto atual da enfermagem na regi\u00e3o.<\/p>\n<h3>Sobre as Jornadas<\/h3>\n<p>A organiza\u00e7\u00e3o aponta que os encontros abordar\u00e3o envelhecimento populacional, multimorbidade e desigualdades em sa\u00fade, com enfoque na literacia em sa\u00fade. Al\u00e9m disso, ser\u00e3o discutidas tem\u00e1ticas como multiculturalidade, preven\u00e7\u00e3o da viol\u00eancia ao longo do ciclo de vida e a integra\u00e7\u00e3o da terapia familiar.<\/p>\n<h3>Programa\u00e7\u00e3o e participantes<\/h3>\n<p>Durante o primeiro dia, destacam-se apresenta\u00e7\u00f5es nacionais e internacionais, com foco na Enfermagem Comunit\u00e1ria Baseada na Evid\u00eancia e na difus\u00e3o de conhecimento. No segundo dia, est\u00e1 prevista a confer\u00eancia promovida pela Ordem dos Enfermeiros sobre Ontologias em Enfermagem Comunit\u00e1ria.<\/p>\n<h3>Perspetiva institucional<\/h3>\n<p>A edi\u00e7\u00e3o mostra o IPG a consolidar a coopera\u00e7\u00e3o entre enfermeiros especialistas em Sa\u00fade Familiar e profissionais de Sa\u00fade P\u00fablica e Comunit\u00e1ria, alinhada com o quadro legislativo que regula as USF. A iniciativa tamb\u00e9m visa promover pr\u00e1ticas integradas centradas na pessoa, na fam\u00edlia e na comunidade.<\/p>\n<h3>Organiza\u00e7\u00e3o e participa\u00e7\u00e3o<\/h3>\n<p>Entre os organizadores est\u00e3o a Sociedade Portuguesa de Enfermagem de Sa\u00fade Familiar, a Sociedade Portuguesa de Terapia Familiar e a Ordem dos Enfermeiros, com o audit\u00f3rio da Escola Superior de Tecnologia e Gest\u00e3o como espa\u00e7o principal.<\/p>\n","protected":false},"excerpt":{"rendered":"<ul>\n<li>O Instituto Polit\u00e9cnico da Guarda criou a especializa\u00e7\u00e3o em Sa\u00fade Familiar no mestrado de Enfermagem Comunit\u00e1ria, devido \u00e0 escassez de enfermeiros com essa especialidade, o que tem aumentado o n\u00famero de candidatos.<\/li>\n<li>In\u00eas Fonseca, coordenadora do mestrado, afirma que a op\u00e7\u00e3o vai colmatar a insufici\u00eancia de profissionais especializados na regi\u00e3o e refor\u00e7ar a efici\u00eancia das unidades de sa\u00fade familiar.<\/li>\n<li>As primeiras Jornadas Internacionais de Sa\u00fade Comunit\u00e1ria e Familiar realizam-se no IPG nos dias 16 e 17, com foco no envelhecimento da popula\u00e7\u00e3o, multimorbidade, desigualdades em sa\u00fade e literacia em sa\u00fade.<\/li>\n<li>Ser\u00e3o discutidos temas como multiculturalidade, preven\u00e7\u00e3o da viol\u00eancia ao longo do ciclo de vida, ontologias em enfermagem e integra\u00e7\u00e3o da terapia familiar nos cuidados, visando pr\u00e1ticas mais integradas e centradas na pessoa, na fam\u00edlia e na comunidade.<\/li>\n<li>O evento contempla confer\u00eancias, p\u00f3steres, mesas-redondas e a participa\u00e7\u00e3o de entidades como a Ordem dos Enfermeiros, a Sociedade Portuguesa de Enfermagem de Sa\u00fade Familiar e a Sociedade Portuguesa de Terapia Familiar.<\/li>\n<\/ul>\n","protected":false},"author":2,"featured_media":135562,"comment_status":"closed","ping_status":"closed","sticky":false,"template":"","format":"standard","meta":{"footnotes":""},"categories":[],"tags":[163,2662,972,2933,271,2932],"class_list":["post-135556","post","type-post","status-publish","format-standard","has-post-thumbnail","hentry","tag-educacao","tag-enfermagem","tag-literacia-em-saude","tag-ordem-dos-enfermeiros","tag-saude-publica","tag-terapia-familiar"],"yoast_head":"<!-- This site is optimized with the Yoast SEO plugin v27.2 - https:\/\/yoast.com\/product\/yoast-seo-wordpress\/ -->\n<title>Polit\u00e9cnico da Guarda discute enfermagem comunit\u00e1ria e sa\u00fade familiar - Portal Tela Portugal<\/title>\n<meta name=\"robots\" content=\"index, follow, max-snippet:-1, max-image-preview:large, max-video-preview:-1\" \/>\n<meta property=\"og:locale\" content=\"pt_PT\" \/>\n<meta property=\"og:type\" content=\"article\" \/>\n<meta property=\"og:title\" content=\"Polit\u00e9cnico da Guarda discute enfermagem comunit\u00e1ria e sa\u00fade familiar - Portal Tela Portugal\" \/>\n<meta property=\"og:description\" content=\"O Instituto Polit\u00e9cnico da Guarda criou a especializa\u00e7\u00e3o em Sa\u00fade Familiar no mestrado de Enfermagem Comunit\u00e1ria, devido \u00e0 escassez de enfermeiros com essa especialidade, o que tem aumentado o n\u00famero de candidatos. In\u00eas Fonseca, coordenadora do mestrado, afirma que a op\u00e7\u00e3o vai colmatar a insufici\u00eancia de profissionais especializados na regi\u00e3o e refor\u00e7ar a efici\u00eancia das unidades de sa\u00fade familiar. As primeiras Jornadas Internacionais de Sa\u00fade Comunit\u00e1ria e Familiar realizam-se no IPG nos dias 16 e 17, com foco no envelhecimento da popula\u00e7\u00e3o, multimorbidade, desigualdades em sa\u00fade e literacia em sa\u00fade. Ser\u00e3o discutidos temas como multiculturalidade, preven\u00e7\u00e3o da viol\u00eancia ao longo do ciclo de vida, ontologias em enfermagem e integra\u00e7\u00e3o da terapia familiar nos cuidados, visando pr\u00e1ticas mais integradas e centradas na pessoa, na fam\u00edlia e na comunidade. O evento contempla confer\u00eancias, p\u00f3steres, mesas-redondas e a participa\u00e7\u00e3o de entidades como a Ordem dos Enfermeiros, a Sociedade Portuguesa de Enfermagem de Sa\u00fade Familiar e a Sociedade Portuguesa de Terapia Familiar.\" \/>\n<meta property=\"og:url\" content=\"https:\/\/portaltela.pt\/noticias\/2026\/01\/12\/politecnico-da-guarda-discute-enfermagem-comunitaria-e-saude-familiar\/\" \/>\n<meta property=\"og:site_name\" content=\"Portal Tela Portugal\" \/>\n<meta property=\"article:published_time\" content=\"2026-01-12T14:22:00+00:00\" \/>\n<meta name=\"author\" content=\"Telinha\" \/>\n<meta name=\"twitter:card\" content=\"summary_large_image\" \/>\n<meta name=\"twitter:label1\" content=\"Escrito por\" \/>\n\t<meta name=\"twitter:data1\" content=\"Telinha\" \/>\n\t<meta name=\"twitter:label2\" content=\"Tempo estimado de leitura\" \/>\n\t<meta name=\"twitter:data2\" content=\"2 minutos\" \/>\n<script type=\"application\/ld+json\" class=\"yoast-schema-graph\">{\"@context\":\"https:\/\/schema.org\",\"@graph\":[{\"@type\":\"Article\",\"@id\":\"https:\/\/portaltela.pt\/noticias\/2026\/01\/12\/politecnico-da-guarda-discute-enfermagem-comunitaria-e-saude-familiar\/#article\",\"isPartOf\":{\"@id\":\"https:\/\/portaltela.pt\/noticias\/2026\/01\/12\/politecnico-da-guarda-discute-enfermagem-comunitaria-e-saude-familiar\/\"},\"author\":{\"name\":\"Telinha\",\"@id\":\"https:\/\/portaltela.pt\/#\/schema\/person\/c4278d4a6028830caff9ee44b42d32ed\"},\"headline\":\"Polit\u00e9cnico da Guarda discute enfermagem comunit\u00e1ria e sa\u00fade familiar\",\"datePublished\":\"2026-01-12T14:22:00+00:00\",\"mainEntityOfPage\":{\"@id\":\"https:\/\/portaltela.pt\/noticias\/2026\/01\/12\/politecnico-da-guarda-discute-enfermagem-comunitaria-e-saude-familiar\/\"},\"wordCount\":362,\"image\":{\"@id\":\"https:\/\/portaltela.pt\/noticias\/2026\/01\/12\/politecnico-da-guarda-discute-enfermagem-comunitaria-e-saude-familiar\/#primaryimage\"},\"thumbnailUrl\":\"https:\/\/portaltela.pt\/s.01k8rhncp4jt1\/2026\/01\/image-721.jpg\",\"keywords\":[\"educa\u00e7\u00e3o\",\"Enfermagem\",\"literacia em sa\u00fade\",\"Ordem dos Enfermeiros\",\"sa\u00fade p\u00fablica\",\"Terapia Familiar\"],\"inLanguage\":\"pt-PT\"},{\"@type\":\"WebPage\",\"@id\":\"https:\/\/portaltela.pt\/noticias\/2026\/01\/12\/politecnico-da-guarda-discute-enfermagem-comunitaria-e-saude-familiar\/\",\"url\":\"https:\/\/portaltela.pt\/noticias\/2026\/01\/12\/politecnico-da-guarda-discute-enfermagem-comunitaria-e-saude-familiar\/\",\"name\":\"Polit\u00e9cnico da Guarda discute enfermagem comunit\u00e1ria e sa\u00fade familiar - Portal Tela Portugal\",\"isPartOf\":{\"@id\":\"https:\/\/portaltela.pt\/#website\"},\"primaryImageOfPage\":{\"@id\":\"https:\/\/portaltela.pt\/noticias\/2026\/01\/12\/politecnico-da-guarda-discute-enfermagem-comunitaria-e-saude-familiar\/#primaryimage\"},\"image\":{\"@id\":\"https:\/\/portaltela.pt\/noticias\/2026\/01\/12\/politecnico-da-guarda-discute-enfermagem-comunitaria-e-saude-familiar\/#primaryimage\"},\"thumbnailUrl\":\"https:\/\/portaltela.pt\/s.01k8rhncp4jt1\/2026\/01\/image-721.jpg\",\"datePublished\":\"2026-01-12T14:22:00+00:00\",\"author\":{\"@id\":\"https:\/\/portaltela.pt\/#\/schema\/person\/c4278d4a6028830caff9ee44b42d32ed\"},\"breadcrumb\":{\"@id\":\"https:\/\/portaltela.pt\/noticias\/2026\/01\/12\/politecnico-da-guarda-discute-enfermagem-comunitaria-e-saude-familiar\/#breadcrumb\"},\"inLanguage\":\"pt-PT\",\"potentialAction\":[{\"@type\":\"ReadAction\",\"target\":[\"https:\/\/portaltela.pt\/noticias\/2026\/01\/12\/politecnico-da-guarda-discute-enfermagem-comunitaria-e-saude-familiar\/\"]}]},{\"@type\":\"ImageObject\",\"inLanguage\":\"pt-PT\",\"@id\":\"https:\/\/portaltela.pt\/noticias\/2026\/01\/12\/politecnico-da-guarda-discute-enfermagem-comunitaria-e-saude-familiar\/#primaryimage\",\"url\":\"https:\/\/portaltela.pt\/s.01k8rhncp4jt1\/2026\/01\/image-721.jpg\",\"contentUrl\":\"https:\/\/portaltela.pt\/s.01k8rhncp4jt1\/2026\/01\/image-721.jpg\",\"width\":796,\"height\":448,\"caption\":\"Instituto Polit\u00e9cnico da Guarda\"},{\"@type\":\"BreadcrumbList\",\"@id\":\"https:\/\/portaltela.pt\/noticias\/2026\/01\/12\/politecnico-da-guarda-discute-enfermagem-comunitaria-e-saude-familiar\/#breadcrumb\",\"itemListElement\":[{\"@type\":\"ListItem\",\"position\":1,\"name\":\"In\u00edcio\",\"item\":\"https:\/\/portaltela.pt\/\"},{\"@type\":\"ListItem\",\"position\":2,\"name\":\"Polit\u00e9cnico da Guarda discute enfermagem comunit\u00e1ria e sa\u00fade familiar\"}]},{\"@type\":\"WebSite\",\"@id\":\"https:\/\/portaltela.pt\/#website\",\"url\":\"https:\/\/portaltela.pt\/\",\"name\":\"Portal Tela Portugal\",\"description\":\"\",\"potentialAction\":[{\"@type\":\"SearchAction\",\"target\":{\"@type\":\"EntryPoint\",\"urlTemplate\":\"https:\/\/portaltela.pt\/?s={search_term_string}\"},\"query-input\":{\"@type\":\"PropertyValueSpecification\",\"valueRequired\":true,\"valueName\":\"search_term_string\"}}],\"inLanguage\":\"pt-PT\"},{\"@type\":\"Person\",\"@id\":\"https:\/\/portaltela.pt\/#\/schema\/person\/c4278d4a6028830caff9ee44b42d32ed\",\"name\":\"Telinha\",\"image\":{\"@type\":\"ImageObject\",\"inLanguage\":\"pt-PT\",\"@id\":\"https:\/\/portaltela.pt\/s.01k8rhncp4jt1\/2025\/11\/talking-bot-125x125.png\",\"url\":\"https:\/\/portaltela.pt\/s.01k8rhncp4jt1\/2025\/11\/talking-bot-125x125.png\",\"contentUrl\":\"https:\/\/portaltela.pt\/s.01k8rhncp4jt1\/2025\/11\/talking-bot-125x125.png\",\"caption\":\"Telinha\"},\"sameAs\":[\"https:\/\/portaltela.pt\/\"],\"url\":\"https:\/\/portaltela.pt\/por\/367410592786\/\"}]}<\/script>\n<!-- \/ Yoast SEO plugin. -->","yoast_head_json":{"title":"Polit\u00e9cnico da Guarda discute enfermagem comunit\u00e1ria e sa\u00fade familiar - Portal Tela Portugal","robots":{"index":"index","follow":"follow","max-snippet":"max-snippet:-1","max-image-preview":"max-image-preview:large","max-video-preview":"max-video-preview:-1"},"og_locale":"pt_PT","og_type":"article","og_title":"Polit\u00e9cnico da Guarda discute enfermagem comunit\u00e1ria e sa\u00fade familiar - Portal Tela Portugal","og_description":"O Instituto Polit\u00e9cnico da Guarda criou a especializa\u00e7\u00e3o em Sa\u00fade Familiar no mestrado de Enfermagem Comunit\u00e1ria, devido \u00e0 escassez de enfermeiros com essa especialidade, o que tem aumentado o n\u00famero de candidatos. In\u00eas Fonseca, coordenadora do mestrado, afirma que a op\u00e7\u00e3o vai colmatar a insufici\u00eancia de profissionais especializados na regi\u00e3o e refor\u00e7ar a efici\u00eancia das unidades de sa\u00fade familiar. As primeiras Jornadas Internacionais de Sa\u00fade Comunit\u00e1ria e Familiar realizam-se no IPG nos dias 16 e 17, com foco no envelhecimento da popula\u00e7\u00e3o, multimorbidade, desigualdades em sa\u00fade e literacia em sa\u00fade. Ser\u00e3o discutidos temas como multiculturalidade, preven\u00e7\u00e3o da viol\u00eancia ao longo do ciclo de vida, ontologias em enfermagem e integra\u00e7\u00e3o da terapia familiar nos cuidados, visando pr\u00e1ticas mais integradas e centradas na pessoa, na fam\u00edlia e na comunidade. O evento contempla confer\u00eancias, p\u00f3steres, mesas-redondas e a participa\u00e7\u00e3o de entidades como a Ordem dos Enfermeiros, a Sociedade Portuguesa de Enfermagem de Sa\u00fade Familiar e a Sociedade Portuguesa de Terapia Familiar.","og_url":"https:\/\/portaltela.pt\/noticias\/2026\/01\/12\/politecnico-da-guarda-discute-enfermagem-comunitaria-e-saude-familiar\/","og_site_name":"Portal Tela Portugal","article_published_time":"2026-01-12T14:22:00+00:00","author":"Telinha","twitter_card":"summary_large_image","twitter_misc":{"Escrito por":"Telinha","Tempo estimado de leitura":"2 minutos"},"schema":{"@context":"https:\/\/schema.org","@graph":[{"@type":"Article","@id":"https:\/\/portaltela.pt\/noticias\/2026\/01\/12\/politecnico-da-guarda-discute-enfermagem-comunitaria-e-saude-familiar\/#article","isPartOf":{"@id":"https:\/\/portaltela.pt\/noticias\/2026\/01\/12\/politecnico-da-guarda-discute-enfermagem-comunitaria-e-saude-familiar\/"},"author":{"name":"Telinha","@id":"https:\/\/portaltela.pt\/#\/schema\/person\/c4278d4a6028830caff9ee44b42d32ed"},"headline":"Polit\u00e9cnico da Guarda discute enfermagem comunit\u00e1ria e sa\u00fade familiar","datePublished":"2026-01-12T14:22:00+00:00","mainEntityOfPage":{"@id":"https:\/\/portaltela.pt\/noticias\/2026\/01\/12\/politecnico-da-guarda-discute-enfermagem-comunitaria-e-saude-familiar\/"},"wordCount":362,"image":{"@id":"https:\/\/portaltela.pt\/noticias\/2026\/01\/12\/politecnico-da-guarda-discute-enfermagem-comunitaria-e-saude-familiar\/#primaryimage"},"thumbnailUrl":"https:\/\/portaltela.pt\/s.01k8rhncp4jt1\/2026\/01\/image-721.jpg","keywords":["educa\u00e7\u00e3o","Enfermagem","literacia em sa\u00fade","Ordem dos Enfermeiros","sa\u00fade p\u00fablica","Terapia Familiar"],"inLanguage":"pt-PT"},{"@type":"WebPage","@id":"https:\/\/portaltela.pt\/noticias\/2026\/01\/12\/politecnico-da-guarda-discute-enfermagem-comunitaria-e-saude-familiar\/","url":"https:\/\/portaltela.pt\/noticias\/2026\/01\/12\/politecnico-da-guarda-discute-enfermagem-comunitaria-e-saude-familiar\/","name":"Polit\u00e9cnico da Guarda discute enfermagem comunit\u00e1ria e sa\u00fade familiar - Portal Tela Portugal","isPartOf":{"@id":"https:\/\/portaltela.pt\/#website"},"primaryImageOfPage":{"@id":"https:\/\/portaltela.pt\/noticias\/2026\/01\/12\/politecnico-da-guarda-discute-enfermagem-comunitaria-e-saude-familiar\/#primaryimage"},"image":{"@id":"https:\/\/portaltela.pt\/noticias\/2026\/01\/12\/politecnico-da-guarda-discute-enfermagem-comunitaria-e-saude-familiar\/#primaryimage"},"thumbnailUrl":"https:\/\/portaltela.pt\/s.01k8rhncp4jt1\/2026\/01\/image-721.jpg","datePublished":"2026-01-12T14:22:00+00:00","author":{"@id":"https:\/\/portaltela.pt\/#\/schema\/person\/c4278d4a6028830caff9ee44b42d32ed"},"breadcrumb":{"@id":"https:\/\/portaltela.pt\/noticias\/2026\/01\/12\/politecnico-da-guarda-discute-enfermagem-comunitaria-e-saude-familiar\/#breadcrumb"},"inLanguage":"pt-PT","potentialAction":[{"@type":"ReadAction","target":["https:\/\/portaltela.pt\/noticias\/2026\/01\/12\/politecnico-da-guarda-discute-enfermagem-comunitaria-e-saude-familiar\/"]}]},{"@type":"ImageObject","inLanguage":"pt-PT","@id":"https:\/\/portaltela.pt\/noticias\/2026\/01\/12\/politecnico-da-guarda-discute-enfermagem-comunitaria-e-saude-familiar\/#primaryimage","url":"https:\/\/portaltela.pt\/s.01k8rhncp4jt1\/2026\/01\/image-721.jpg","contentUrl":"https:\/\/portaltela.pt\/s.01k8rhncp4jt1\/2026\/01\/image-721.jpg","width":796,"height":448,"caption":"Instituto Polit\u00e9cnico da Guarda"},{"@type":"BreadcrumbList","@id":"https:\/\/portaltela.pt\/noticias\/2026\/01\/12\/politecnico-da-guarda-discute-enfermagem-comunitaria-e-saude-familiar\/#breadcrumb","itemListElement":[{"@type":"ListItem","position":1,"name":"In\u00edcio","item":"https:\/\/portaltela.pt\/"},{"@type":"ListItem","position":2,"name":"Polit\u00e9cnico da Guarda discute enfermagem comunit\u00e1ria e sa\u00fade familiar"}]},{"@type":"WebSite","@id":"https:\/\/portaltela.pt\/#website","url":"https:\/\/portaltela.pt\/","name":"Portal Tela Portugal","description":"","potentialAction":[{"@type":"SearchAction","target":{"@type":"EntryPoint","urlTemplate":"https:\/\/portaltela.pt\/?s={search_term_string}"},"query-input":{"@type":"PropertyValueSpecification","valueRequired":true,"valueName":"search_term_string"}}],"inLanguage":"pt-PT"},{"@type":"Person","@id":"https:\/\/portaltela.pt\/#\/schema\/person\/c4278d4a6028830caff9ee44b42d32ed","name":"Telinha","image":{"@type":"ImageObject","inLanguage":"pt-PT","@id":"https:\/\/portaltela.pt\/s.01k8rhncp4jt1\/2025\/11\/talking-bot-125x125.png","url":"https:\/\/portaltela.pt\/s.01k8rhncp4jt1\/2025\/11\/talking-bot-125x125.png","contentUrl":"https:\/\/portaltela.pt\/s.01k8rhncp4jt1\/2025\/11\/talking-bot-125x125.png","caption":"Telinha"},"sameAs":["https:\/\/portaltela.pt\/"],"url":"https:\/\/portaltela.pt\/por\/367410592786\/"}]}},"_links":{"self":[{"href":"https:\/\/portaltela.pt\/api\/wp\/v2\/posts\/135556","targetHints":{"allow":["GET"]}}],"collection":[{"href":"https:\/\/portaltela.pt\/api\/wp\/v2\/posts"}],"about":[{"href":"https:\/\/portaltela.pt\/api\/wp\/v2\/types\/post"}],"author":[{"embeddable":true,"href":"https:\/\/portaltela.pt\/api\/wp\/v2\/users\/2"}],"replies":[{"embeddable":true,"href":"https:\/\/portaltela.pt\/api\/wp\/v2\/comments?post=135556"}],"version-history":[{"count":0,"href":"https:\/\/portaltela.pt\/api\/wp\/v2\/posts\/135556\/revisions"}],"wp:featuredmedia":[{"embeddable":true,"href":"https:\/\/portaltela.pt\/api\/wp\/v2\/media\/135562"}],"wp:attachment":[{"href":"https:\/\/portaltela.pt\/api\/wp\/v2\/media?parent=135556"}],"wp:term":[{"taxonomy":"category","embeddable":true,"href":"https:\/\/portaltela.pt\/api\/wp\/v2\/categories?post=135556"},{"taxonomy":"post_tag","embeddable":true,"href":"https:\/\/portaltela.pt\/api\/wp\/v2\/tags?post=135556"}],"curies":[{"name":"wp","href":"https:\/\/api.w.org\/{rel}","templated":true}]}}