{"id":135543,"date":"2026-01-12T11:07:50","date_gmt":"2026-01-12T14:07:50","guid":{"rendered":"https:\/\/portaltela.pt\/noticias\/2026\/01\/12\/agrupamento-luisa-todi-distingue-merito-de-mais-de-200-alunos\/"},"modified":"2026-01-12T11:07:50","modified_gmt":"2026-01-12T14:07:50","slug":"agrupamento-luisa-todi-distingue-merito-de-mais-de-200-alunos","status":"publish","type":"post","link":"https:\/\/portaltela.pt\/noticias\/2026\/01\/12\/agrupamento-luisa-todi-distingue-merito-de-mais-de-200-alunos\/","title":{"rendered":"Agrupamento Lu\u00edsa Todi distingue m\u00e9rito de mais de 200 alunos"},"content":{"rendered":"<p>Mais de 200 alunos do Agrupamento de Escolas Lu\u00edsa Todi ficaram distingu\u00eddos pelos m\u00e9ritos acad\u00e9mico, art\u00edstico, desportivo e c\u00edvico. A cerim\u00f3nia ocorreu na tarde de sexta-feira, no gin\u00e1sio da escola sede, em Set\u00fabal, relativa ao ano letivo 2024\/2025. O objetivo foi reconhecer o m\u00e9rito e o comportamento c\u00edvico dos estudantes.<\/p>\n<p>Os Quadros de M\u00e9rito, que contemplaram v\u00e1rias \u00e1reas e ciclos, destacaram resultados de excel\u00eancia e atitudes respons\u00e1veis ao longo do ano. A iniciativa reuniu alunos, docentes, n\u00e3o docentes, familiares e restante comunidade educativa, fortalecendo o envolvimento coletivo.<\/p>\n<h3>Participa\u00e7\u00e3o institucional e significado<\/h3>\n<p>A C\u00e2mara Municipal de Set\u00fabal foi representada por Carlos Cunha e Lu\u00eds Liberato, respetivamente de Educa\u00e7\u00e3o e Bibliotecas, e de Cultura, Desporto, Direitos Sociais, Sa\u00fade e Juventude. A dire\u00e7\u00e3o do agrupamento tamb\u00e9m acompanhou a cerim\u00f3nia.<\/p>\n<p>Zita Rocha, presidente do Conselho Geral, sublinhou o valor de premiar m\u00e9rito, trabalho e sucesso. Destacou ainda a colabora\u00e7\u00e3o entre professores, fam\u00edlias e autarquia para objetivos comuns na escola p\u00fablica.<\/p>\n<h3>Momento art\u00edstico e entrega de distin\u00e7\u00f5es<\/h3>\n<p>A sess\u00e3o abriu com atua\u00e7\u00f5es musicais de docentes, incluindo uma pe\u00e7a de Jos\u00e9 Afonso na guitarra. Seguiu-se um grupo de docentes com um repert\u00f3rio de cantores e compositores norte-americanos. Os premiados receberam os diplomas correspondentes aos seus m\u00e9ritos.<\/p>\n","protected":false},"excerpt":{"rendered":"<ul>\n<li>Mais de 200 alunos do Agrupamento de Escolas Lu\u00edsa Todi foram distinguidos pelo m\u00e9rito acad\u00e9mico, art\u00edstico, desportivo e c\u00edvico no ano letivo 2024\/2025, numa cerim\u00f3nia realizada no gin\u00e1sio da escola sede, em Set\u00fabal.<\/li>\n<li>A cerim\u00f3nia, realizada na sexta-feira \u00e0 tarde, reuniu alunos, docentes, trabalhadores n\u00e3o docentes, pais, av\u00f3s e familiares para reconhecer o m\u00e9rito dos estudantes.<\/li>\n<li>Representantes da C\u00e2mara Municipal de Set\u00fabal marcaram presen\u00e7a, nomeadamente o diretor do Departamento de Educa\u00e7\u00e3o e Bibliotecas, Carlos Cunha, e o diretor do Departamento de Cultura, Desporto, Direitos Sociais, Sa\u00fade e Juventude, Lu\u00eds Liberato.<\/li>\n<li>A presidente do Conselho Geral, Zita Rocha, destacou que a cerim\u00f3nia premia o m\u00e9rito, o trabalho e o sucesso, sublinhando a valoriza\u00e7\u00e3o da escola p\u00fablica e a parceria entre professores, pais e autarquia.<\/li>\n<li>A sess\u00e3o incluiu momentos musicais de docentes e distinguiu alunos de v\u00e1rios ciclos com os Quadros de M\u00e9rito Acad\u00e9mico, Art\u00edstico, Desportivo e de Valor, reconhecendo resultados de excel\u00eancia e contributo para a comunidade escolar.<\/li>\n<\/ul>\n","protected":false},"author":2,"featured_media":135559,"comment_status":"closed","ping_status":"closed","sticky":false,"template":"","format":"standard","meta":{"footnotes":""},"categories":[1],"tags":[703,873,163,101,251,994],"class_list":["post-135543","post","type-post","status-publish","format-standard","has-post-thumbnail","hentry","category-noticias","tag-camara","tag-conselho-geral","tag-educacao","tag-escolas","tag-juventude","tag-setubal"],"yoast_head":"<!-- This site is optimized with the Yoast SEO plugin v27.2 - https:\/\/yoast.com\/product\/yoast-seo-wordpress\/ -->\n<title>Agrupamento Lu\u00edsa Todi distingue m\u00e9rito de mais de 200 alunos - Portal Tela Portugal<\/title>\n<meta name=\"robots\" content=\"index, follow, max-snippet:-1, max-image-preview:large, max-video-preview:-1\" \/>\n<meta property=\"og:locale\" content=\"pt_PT\" \/>\n<meta property=\"og:type\" content=\"article\" \/>\n<meta property=\"og:title\" content=\"Agrupamento Lu\u00edsa Todi distingue m\u00e9rito de mais de 200 alunos - Portal Tela Portugal\" \/>\n<meta property=\"og:description\" content=\"Mais de 200 alunos do Agrupamento de Escolas Lu\u00edsa Todi foram distinguidos pelo m\u00e9rito acad\u00e9mico, art\u00edstico, desportivo e c\u00edvico no ano letivo 2024\/2025, numa cerim\u00f3nia realizada no gin\u00e1sio da escola sede, em Set\u00fabal. A cerim\u00f3nia, realizada na sexta-feira \u00e0 tarde, reuniu alunos, docentes, trabalhadores n\u00e3o docentes, pais, av\u00f3s e familiares para reconhecer o m\u00e9rito dos estudantes. Representantes da C\u00e2mara Municipal de Set\u00fabal marcaram presen\u00e7a, nomeadamente o diretor do Departamento de Educa\u00e7\u00e3o e Bibliotecas, Carlos Cunha, e o diretor do Departamento de Cultura, Desporto, Direitos Sociais, Sa\u00fade e Juventude, Lu\u00eds Liberato. A presidente do Conselho Geral, Zita Rocha, destacou que a cerim\u00f3nia premia o m\u00e9rito, o trabalho e o sucesso, sublinhando a valoriza\u00e7\u00e3o da escola p\u00fablica e a parceria entre professores, pais e autarquia. A sess\u00e3o incluiu momentos musicais de docentes e distinguiu alunos de v\u00e1rios ciclos com os Quadros de M\u00e9rito Acad\u00e9mico, Art\u00edstico, Desportivo e de Valor, reconhecendo resultados de excel\u00eancia e contributo para a comunidade escolar.\" \/>\n<meta property=\"og:url\" content=\"https:\/\/portaltela.pt\/noticias\/2026\/01\/12\/agrupamento-luisa-todi-distingue-merito-de-mais-de-200-alunos\/\" \/>\n<meta property=\"og:site_name\" content=\"Portal Tela Portugal\" \/>\n<meta property=\"article:published_time\" content=\"2026-01-12T14:07:50+00:00\" \/>\n<meta name=\"author\" content=\"Telinha\" \/>\n<meta name=\"twitter:card\" content=\"summary_large_image\" \/>\n<meta name=\"twitter:label1\" content=\"Escrito por\" \/>\n\t<meta name=\"twitter:data1\" content=\"Telinha\" \/>\n\t<meta name=\"twitter:label2\" content=\"Tempo estimado de leitura\" \/>\n\t<meta name=\"twitter:data2\" content=\"1 minuto\" \/>\n<script type=\"application\/ld+json\" class=\"yoast-schema-graph\">{\"@context\":\"https:\/\/schema.org\",\"@graph\":[{\"@type\":\"Article\",\"@id\":\"https:\/\/portaltela.pt\/noticias\/2026\/01\/12\/agrupamento-luisa-todi-distingue-merito-de-mais-de-200-alunos\/#article\",\"isPartOf\":{\"@id\":\"https:\/\/portaltela.pt\/noticias\/2026\/01\/12\/agrupamento-luisa-todi-distingue-merito-de-mais-de-200-alunos\/\"},\"author\":{\"name\":\"Telinha\",\"@id\":\"https:\/\/portaltela.pt\/#\/schema\/person\/c4278d4a6028830caff9ee44b42d32ed\"},\"headline\":\"Agrupamento Lu\u00edsa Todi distingue m\u00e9rito de mais de 200 alunos\",\"datePublished\":\"2026-01-12T14:07:50+00:00\",\"mainEntityOfPage\":{\"@id\":\"https:\/\/portaltela.pt\/noticias\/2026\/01\/12\/agrupamento-luisa-todi-distingue-merito-de-mais-de-200-alunos\/\"},\"wordCount\":245,\"image\":{\"@id\":\"https:\/\/portaltela.pt\/noticias\/2026\/01\/12\/agrupamento-luisa-todi-distingue-merito-de-mais-de-200-alunos\/#primaryimage\"},\"thumbnailUrl\":\"https:\/\/portaltela.pt\/s.01k8rhncp4jt1\/2026\/01\/unnamed-file-2447.jpg\",\"keywords\":[\"c\u00e2mara\",\"Conselho Geral\",\"educa\u00e7\u00e3o\",\"escolas\",\"juventude\",\"Set\u00fabal\"],\"articleSection\":[\"Not\u00edcias\"],\"inLanguage\":\"pt-PT\"},{\"@type\":\"WebPage\",\"@id\":\"https:\/\/portaltela.pt\/noticias\/2026\/01\/12\/agrupamento-luisa-todi-distingue-merito-de-mais-de-200-alunos\/\",\"url\":\"https:\/\/portaltela.pt\/noticias\/2026\/01\/12\/agrupamento-luisa-todi-distingue-merito-de-mais-de-200-alunos\/\",\"name\":\"Agrupamento Lu\u00edsa Todi distingue m\u00e9rito de mais de 200 alunos - Portal Tela Portugal\",\"isPartOf\":{\"@id\":\"https:\/\/portaltela.pt\/#website\"},\"primaryImageOfPage\":{\"@id\":\"https:\/\/portaltela.pt\/noticias\/2026\/01\/12\/agrupamento-luisa-todi-distingue-merito-de-mais-de-200-alunos\/#primaryimage\"},\"image\":{\"@id\":\"https:\/\/portaltela.pt\/noticias\/2026\/01\/12\/agrupamento-luisa-todi-distingue-merito-de-mais-de-200-alunos\/#primaryimage\"},\"thumbnailUrl\":\"https:\/\/portaltela.pt\/s.01k8rhncp4jt1\/2026\/01\/unnamed-file-2447.jpg\",\"datePublished\":\"2026-01-12T14:07:50+00:00\",\"author\":{\"@id\":\"https:\/\/portaltela.pt\/#\/schema\/person\/c4278d4a6028830caff9ee44b42d32ed\"},\"breadcrumb\":{\"@id\":\"https:\/\/portaltela.pt\/noticias\/2026\/01\/12\/agrupamento-luisa-todi-distingue-merito-de-mais-de-200-alunos\/#breadcrumb\"},\"inLanguage\":\"pt-PT\",\"potentialAction\":[{\"@type\":\"ReadAction\",\"target\":[\"https:\/\/portaltela.pt\/noticias\/2026\/01\/12\/agrupamento-luisa-todi-distingue-merito-de-mais-de-200-alunos\/\"]}]},{\"@type\":\"ImageObject\",\"inLanguage\":\"pt-PT\",\"@id\":\"https:\/\/portaltela.pt\/noticias\/2026\/01\/12\/agrupamento-luisa-todi-distingue-merito-de-mais-de-200-alunos\/#primaryimage\",\"url\":\"https:\/\/portaltela.pt\/s.01k8rhncp4jt1\/2026\/01\/unnamed-file-2447.jpg\",\"contentUrl\":\"https:\/\/portaltela.pt\/s.01k8rhncp4jt1\/2026\/01\/unnamed-file-2447.jpg\",\"width\":796,\"height\":448,\"caption\":\"Agrupamento de Escolas Lu\u00edsa Todi distingue m\u00e9rito de mais de 200 alunos\"},{\"@type\":\"BreadcrumbList\",\"@id\":\"https:\/\/portaltela.pt\/noticias\/2026\/01\/12\/agrupamento-luisa-todi-distingue-merito-de-mais-de-200-alunos\/#breadcrumb\",\"itemListElement\":[{\"@type\":\"ListItem\",\"position\":1,\"name\":\"In\u00edcio\",\"item\":\"https:\/\/portaltela.pt\/\"},{\"@type\":\"ListItem\",\"position\":2,\"name\":\"Agrupamento Lu\u00edsa Todi distingue m\u00e9rito de mais de 200 alunos\"}]},{\"@type\":\"WebSite\",\"@id\":\"https:\/\/portaltela.pt\/#website\",\"url\":\"https:\/\/portaltela.pt\/\",\"name\":\"Portal Tela Portugal\",\"description\":\"\",\"potentialAction\":[{\"@type\":\"SearchAction\",\"target\":{\"@type\":\"EntryPoint\",\"urlTemplate\":\"https:\/\/portaltela.pt\/?s={search_term_string}\"},\"query-input\":{\"@type\":\"PropertyValueSpecification\",\"valueRequired\":true,\"valueName\":\"search_term_string\"}}],\"inLanguage\":\"pt-PT\"},{\"@type\":\"Person\",\"@id\":\"https:\/\/portaltela.pt\/#\/schema\/person\/c4278d4a6028830caff9ee44b42d32ed\",\"name\":\"Telinha\",\"image\":{\"@type\":\"ImageObject\",\"inLanguage\":\"pt-PT\",\"@id\":\"https:\/\/portaltela.pt\/s.01k8rhncp4jt1\/2025\/11\/talking-bot-125x125.png\",\"url\":\"https:\/\/portaltela.pt\/s.01k8rhncp4jt1\/2025\/11\/talking-bot-125x125.png\",\"contentUrl\":\"https:\/\/portaltela.pt\/s.01k8rhncp4jt1\/2025\/11\/talking-bot-125x125.png\",\"caption\":\"Telinha\"},\"sameAs\":[\"https:\/\/portaltela.pt\/\"],\"url\":\"https:\/\/portaltela.pt\/por\/367410592786\/\"}]}<\/script>\n<!-- \/ Yoast SEO plugin. -->","yoast_head_json":{"title":"Agrupamento Lu\u00edsa Todi distingue m\u00e9rito de mais de 200 alunos - Portal Tela Portugal","robots":{"index":"index","follow":"follow","max-snippet":"max-snippet:-1","max-image-preview":"max-image-preview:large","max-video-preview":"max-video-preview:-1"},"og_locale":"pt_PT","og_type":"article","og_title":"Agrupamento Lu\u00edsa Todi distingue m\u00e9rito de mais de 200 alunos - Portal Tela Portugal","og_description":"Mais de 200 alunos do Agrupamento de Escolas Lu\u00edsa Todi foram distinguidos pelo m\u00e9rito acad\u00e9mico, art\u00edstico, desportivo e c\u00edvico no ano letivo 2024\/2025, numa cerim\u00f3nia realizada no gin\u00e1sio da escola sede, em Set\u00fabal. A cerim\u00f3nia, realizada na sexta-feira \u00e0 tarde, reuniu alunos, docentes, trabalhadores n\u00e3o docentes, pais, av\u00f3s e familiares para reconhecer o m\u00e9rito dos estudantes. Representantes da C\u00e2mara Municipal de Set\u00fabal marcaram presen\u00e7a, nomeadamente o diretor do Departamento de Educa\u00e7\u00e3o e Bibliotecas, Carlos Cunha, e o diretor do Departamento de Cultura, Desporto, Direitos Sociais, Sa\u00fade e Juventude, Lu\u00eds Liberato. A presidente do Conselho Geral, Zita Rocha, destacou que a cerim\u00f3nia premia o m\u00e9rito, o trabalho e o sucesso, sublinhando a valoriza\u00e7\u00e3o da escola p\u00fablica e a parceria entre professores, pais e autarquia. A sess\u00e3o incluiu momentos musicais de docentes e distinguiu alunos de v\u00e1rios ciclos com os Quadros de M\u00e9rito Acad\u00e9mico, Art\u00edstico, Desportivo e de Valor, reconhecendo resultados de excel\u00eancia e contributo para a comunidade escolar.","og_url":"https:\/\/portaltela.pt\/noticias\/2026\/01\/12\/agrupamento-luisa-todi-distingue-merito-de-mais-de-200-alunos\/","og_site_name":"Portal Tela Portugal","article_published_time":"2026-01-12T14:07:50+00:00","author":"Telinha","twitter_card":"summary_large_image","twitter_misc":{"Escrito por":"Telinha","Tempo estimado de leitura":"1 minuto"},"schema":{"@context":"https:\/\/schema.org","@graph":[{"@type":"Article","@id":"https:\/\/portaltela.pt\/noticias\/2026\/01\/12\/agrupamento-luisa-todi-distingue-merito-de-mais-de-200-alunos\/#article","isPartOf":{"@id":"https:\/\/portaltela.pt\/noticias\/2026\/01\/12\/agrupamento-luisa-todi-distingue-merito-de-mais-de-200-alunos\/"},"author":{"name":"Telinha","@id":"https:\/\/portaltela.pt\/#\/schema\/person\/c4278d4a6028830caff9ee44b42d32ed"},"headline":"Agrupamento Lu\u00edsa Todi distingue m\u00e9rito de mais de 200 alunos","datePublished":"2026-01-12T14:07:50+00:00","mainEntityOfPage":{"@id":"https:\/\/portaltela.pt\/noticias\/2026\/01\/12\/agrupamento-luisa-todi-distingue-merito-de-mais-de-200-alunos\/"},"wordCount":245,"image":{"@id":"https:\/\/portaltela.pt\/noticias\/2026\/01\/12\/agrupamento-luisa-todi-distingue-merito-de-mais-de-200-alunos\/#primaryimage"},"thumbnailUrl":"https:\/\/portaltela.pt\/s.01k8rhncp4jt1\/2026\/01\/unnamed-file-2447.jpg","keywords":["c\u00e2mara","Conselho Geral","educa\u00e7\u00e3o","escolas","juventude","Set\u00fabal"],"articleSection":["Not\u00edcias"],"inLanguage":"pt-PT"},{"@type":"WebPage","@id":"https:\/\/portaltela.pt\/noticias\/2026\/01\/12\/agrupamento-luisa-todi-distingue-merito-de-mais-de-200-alunos\/","url":"https:\/\/portaltela.pt\/noticias\/2026\/01\/12\/agrupamento-luisa-todi-distingue-merito-de-mais-de-200-alunos\/","name":"Agrupamento Lu\u00edsa Todi distingue m\u00e9rito de mais de 200 alunos - Portal Tela Portugal","isPartOf":{"@id":"https:\/\/portaltela.pt\/#website"},"primaryImageOfPage":{"@id":"https:\/\/portaltela.pt\/noticias\/2026\/01\/12\/agrupamento-luisa-todi-distingue-merito-de-mais-de-200-alunos\/#primaryimage"},"image":{"@id":"https:\/\/portaltela.pt\/noticias\/2026\/01\/12\/agrupamento-luisa-todi-distingue-merito-de-mais-de-200-alunos\/#primaryimage"},"thumbnailUrl":"https:\/\/portaltela.pt\/s.01k8rhncp4jt1\/2026\/01\/unnamed-file-2447.jpg","datePublished":"2026-01-12T14:07:50+00:00","author":{"@id":"https:\/\/portaltela.pt\/#\/schema\/person\/c4278d4a6028830caff9ee44b42d32ed"},"breadcrumb":{"@id":"https:\/\/portaltela.pt\/noticias\/2026\/01\/12\/agrupamento-luisa-todi-distingue-merito-de-mais-de-200-alunos\/#breadcrumb"},"inLanguage":"pt-PT","potentialAction":[{"@type":"ReadAction","target":["https:\/\/portaltela.pt\/noticias\/2026\/01\/12\/agrupamento-luisa-todi-distingue-merito-de-mais-de-200-alunos\/"]}]},{"@type":"ImageObject","inLanguage":"pt-PT","@id":"https:\/\/portaltela.pt\/noticias\/2026\/01\/12\/agrupamento-luisa-todi-distingue-merito-de-mais-de-200-alunos\/#primaryimage","url":"https:\/\/portaltela.pt\/s.01k8rhncp4jt1\/2026\/01\/unnamed-file-2447.jpg","contentUrl":"https:\/\/portaltela.pt\/s.01k8rhncp4jt1\/2026\/01\/unnamed-file-2447.jpg","width":796,"height":448,"caption":"Agrupamento de Escolas Lu\u00edsa Todi distingue m\u00e9rito de mais de 200 alunos"},{"@type":"BreadcrumbList","@id":"https:\/\/portaltela.pt\/noticias\/2026\/01\/12\/agrupamento-luisa-todi-distingue-merito-de-mais-de-200-alunos\/#breadcrumb","itemListElement":[{"@type":"ListItem","position":1,"name":"In\u00edcio","item":"https:\/\/portaltela.pt\/"},{"@type":"ListItem","position":2,"name":"Agrupamento Lu\u00edsa Todi distingue m\u00e9rito de mais de 200 alunos"}]},{"@type":"WebSite","@id":"https:\/\/portaltela.pt\/#website","url":"https:\/\/portaltela.pt\/","name":"Portal Tela Portugal","description":"","potentialAction":[{"@type":"SearchAction","target":{"@type":"EntryPoint","urlTemplate":"https:\/\/portaltela.pt\/?s={search_term_string}"},"query-input":{"@type":"PropertyValueSpecification","valueRequired":true,"valueName":"search_term_string"}}],"inLanguage":"pt-PT"},{"@type":"Person","@id":"https:\/\/portaltela.pt\/#\/schema\/person\/c4278d4a6028830caff9ee44b42d32ed","name":"Telinha","image":{"@type":"ImageObject","inLanguage":"pt-PT","@id":"https:\/\/portaltela.pt\/s.01k8rhncp4jt1\/2025\/11\/talking-bot-125x125.png","url":"https:\/\/portaltela.pt\/s.01k8rhncp4jt1\/2025\/11\/talking-bot-125x125.png","contentUrl":"https:\/\/portaltela.pt\/s.01k8rhncp4jt1\/2025\/11\/talking-bot-125x125.png","caption":"Telinha"},"sameAs":["https:\/\/portaltela.pt\/"],"url":"https:\/\/portaltela.pt\/por\/367410592786\/"}]}},"_links":{"self":[{"href":"https:\/\/portaltela.pt\/api\/wp\/v2\/posts\/135543","targetHints":{"allow":["GET"]}}],"collection":[{"href":"https:\/\/portaltela.pt\/api\/wp\/v2\/posts"}],"about":[{"href":"https:\/\/portaltela.pt\/api\/wp\/v2\/types\/post"}],"author":[{"embeddable":true,"href":"https:\/\/portaltela.pt\/api\/wp\/v2\/users\/2"}],"replies":[{"embeddable":true,"href":"https:\/\/portaltela.pt\/api\/wp\/v2\/comments?post=135543"}],"version-history":[{"count":0,"href":"https:\/\/portaltela.pt\/api\/wp\/v2\/posts\/135543\/revisions"}],"wp:featuredmedia":[{"embeddable":true,"href":"https:\/\/portaltela.pt\/api\/wp\/v2\/media\/135559"}],"wp:attachment":[{"href":"https:\/\/portaltela.pt\/api\/wp\/v2\/media?parent=135543"}],"wp:term":[{"taxonomy":"category","embeddable":true,"href":"https:\/\/portaltela.pt\/api\/wp\/v2\/categories?post=135543"},{"taxonomy":"post_tag","embeddable":true,"href":"https:\/\/portaltela.pt\/api\/wp\/v2\/tags?post=135543"}],"curies":[{"name":"wp","href":"https:\/\/api.w.org\/{rel}","templated":true}]}}