{"id":135479,"date":"2026-01-12T10:54:00","date_gmt":"2026-01-12T13:54:00","guid":{"rendered":"https:\/\/portaltela.pt\/noticias\/2026\/01\/12\/sistema-de-controlo-de-fronteiras-testado-hoje-em-lisboa-apos-suspensao\/"},"modified":"2026-01-12T10:54:00","modified_gmt":"2026-01-12T13:54:00","slug":"sistema-de-controlo-de-fronteiras-testado-hoje-em-lisboa-apos-suspensao","status":"publish","type":"post","link":"https:\/\/portaltela.pt\/noticias\/2026\/01\/12\/sistema-de-controlo-de-fronteiras-testado-hoje-em-lisboa-apos-suspensao\/","title":{"rendered":"Sistema de controlo de fronteiras testado hoje em Lisboa ap\u00f3s suspens\u00e3o"},"content":{"rendered":"<p>O sistema europeu de controlo de fronteiras para cidad\u00e3os extracomunit\u00e1rios, suspenso no aeroporto de Lisboa por motivos de tempos de espera, vai ser reativado esta segunda-feira para testar as melhorias implementadas. A informa\u00e7\u00e3o foi confirmada \u00e0 Lusa por fonte policial.<\/p>\n<p>A reativa\u00e7\u00e3o ocorre ap\u00f3s altera\u00e7\u00f5es t\u00e9cnicas no sistema e refor\u00e7o do controlo com 24 militares da Guarda Nacional Republicana. O teste da tarde visa aferir as melhorias introduzidas e avaliar o funcionamento do sistema, que esteve suspenso no fim de dezembro.<\/p>\n<p>O EES entrou em funcionamento a 12 de outubro em Portugal e no espa\u00e7o Schengen, com tempos de espera que se t\u00eam agravado, sobretudo em Lisboa. No final de dezembro, o Governo suspendeu o sistema por tr\u00eas meses e criou uma task force de emerg\u00eancia para gerir a crise.<\/p>\n<h3>Reativa\u00e7\u00e3o e balanceamento operacional<\/h3>\n<p>Al\u00e9m dos 24 militares da GNR, est\u00e1 previsto o refor\u00e7o com 80 agentes da PSP no Aeroporto Humberto Delgado desde o per\u00edodo natal\u00edcio. O secret\u00e1rio de Estado garantiu, em sede parlamentar, que a suspens\u00e3o \u00e9 tempor\u00e1ria e n\u00e3o compromete a seguran\u00e7a nacional. Os dados da segunda fase de recolha biom\u00e9trica tamb\u00e9m t\u00eam influenciado a operacionalidade.<\/p>\n","protected":false},"excerpt":{"rendered":"<ul>\n<li>O sistema europeu de controlo de fronteiras para cidad\u00e3os extracomunit\u00e1rios foi reativado hoje no aeroporto de Lisboa para testar as melhorias introduzidas, ap\u00f3s ter sido suspenso no fim de dezembro.<\/li>\n<li>No local, 24 militares da Guarda Nacional Republica refor\u00e7am o controlo de passageiros e, desde o per\u00edodo de Natal, 80 pol\u00edcias da Pol\u00edcia de Seguran\u00e7a P\u00fablica tamb\u00e9m est\u00e3o no aeroporto.<\/li>\n<li>O EES entrou em funcionamento a 12 de outubro em Portugal e no espa\u00e7o Schengen, mas os tempos de espera agravaram-se, levando \u00e0 suspens\u00e3o tempor\u00e1ria no final de dezembro.<\/li>\n<li>O teste desta segunda-feira \u00e0 tarde serve para aferir as melhorias, com a avalia\u00e7\u00e3o a determinar se o sistema volta a ficar suspenso.<\/li>\n<li>A segunda fase de implementa\u00e7\u00e3o, desde 10 de dezembro, envolve a recolha de dados biom\u00e9tricos (fotografia e impress\u00f5es digitais) de passageiros, o que complicou ainda mais a opera\u00e7\u00e3o.<\/li>\n<\/ul>\n","protected":false},"author":2,"featured_media":135486,"comment_status":"closed","ping_status":"closed","sticky":false,"template":"","format":"standard","meta":{"footnotes":""},"categories":[1],"tags":[1573,1779,1380,981,1381,250],"class_list":["post-135479","post","type-post","status-publish","format-standard","has-post-thumbnail","hentry","category-noticias","tag-fiscalizacao-de-fronteiras","tag-forcas-armadas","tag-gnr","tag-lisboa","tag-psp","tag-seguranca-publica"],"yoast_head":"<!-- This site is optimized with the Yoast SEO plugin v27.2 - https:\/\/yoast.com\/product\/yoast-seo-wordpress\/ -->\n<title>Sistema de controlo de fronteiras testado hoje em Lisboa ap\u00f3s suspens\u00e3o - Portal Tela Portugal<\/title>\n<meta name=\"robots\" content=\"index, follow, max-snippet:-1, max-image-preview:large, max-video-preview:-1\" \/>\n<meta property=\"og:locale\" content=\"pt_PT\" \/>\n<meta property=\"og:type\" content=\"article\" \/>\n<meta property=\"og:title\" content=\"Sistema de controlo de fronteiras testado hoje em Lisboa ap\u00f3s suspens\u00e3o - Portal Tela Portugal\" \/>\n<meta property=\"og:description\" content=\"O sistema europeu de controlo de fronteiras para cidad\u00e3os extracomunit\u00e1rios foi reativado hoje no aeroporto de Lisboa para testar as melhorias introduzidas, ap\u00f3s ter sido suspenso no fim de dezembro. No local, 24 militares da Guarda Nacional Republica refor\u00e7am o controlo de passageiros e, desde o per\u00edodo de Natal, 80 pol\u00edcias da Pol\u00edcia de Seguran\u00e7a P\u00fablica tamb\u00e9m est\u00e3o no aeroporto. O EES entrou em funcionamento a 12 de outubro em Portugal e no espa\u00e7o Schengen, mas os tempos de espera agravaram-se, levando \u00e0 suspens\u00e3o tempor\u00e1ria no final de dezembro. O teste desta segunda-feira \u00e0 tarde serve para aferir as melhorias, com a avalia\u00e7\u00e3o a determinar se o sistema volta a ficar suspenso. A segunda fase de implementa\u00e7\u00e3o, desde 10 de dezembro, envolve a recolha de dados biom\u00e9tricos (fotografia e impress\u00f5es digitais) de passageiros, o que complicou ainda mais a opera\u00e7\u00e3o.\" \/>\n<meta property=\"og:url\" content=\"https:\/\/portaltela.pt\/noticias\/2026\/01\/12\/sistema-de-controlo-de-fronteiras-testado-hoje-em-lisboa-apos-suspensao\/\" \/>\n<meta property=\"og:site_name\" content=\"Portal Tela Portugal\" \/>\n<meta property=\"article:published_time\" content=\"2026-01-12T13:54:00+00:00\" \/>\n<meta name=\"author\" content=\"Telinha\" \/>\n<meta name=\"twitter:card\" content=\"summary_large_image\" \/>\n<meta name=\"twitter:label1\" content=\"Escrito por\" \/>\n\t<meta name=\"twitter:data1\" content=\"Telinha\" \/>\n\t<meta name=\"twitter:label2\" content=\"Tempo estimado de leitura\" \/>\n\t<meta name=\"twitter:data2\" content=\"1 minuto\" \/>\n<script type=\"application\/ld+json\" class=\"yoast-schema-graph\">{\"@context\":\"https:\/\/schema.org\",\"@graph\":[{\"@type\":\"Article\",\"@id\":\"https:\/\/portaltela.pt\/noticias\/2026\/01\/12\/sistema-de-controlo-de-fronteiras-testado-hoje-em-lisboa-apos-suspensao\/#article\",\"isPartOf\":{\"@id\":\"https:\/\/portaltela.pt\/noticias\/2026\/01\/12\/sistema-de-controlo-de-fronteiras-testado-hoje-em-lisboa-apos-suspensao\/\"},\"author\":{\"name\":\"Telinha\",\"@id\":\"https:\/\/portaltela.pt\/#\/schema\/person\/c4278d4a6028830caff9ee44b42d32ed\"},\"headline\":\"Sistema de controlo de fronteiras testado hoje em Lisboa ap\u00f3s suspens\u00e3o\",\"datePublished\":\"2026-01-12T13:54:00+00:00\",\"mainEntityOfPage\":{\"@id\":\"https:\/\/portaltela.pt\/noticias\/2026\/01\/12\/sistema-de-controlo-de-fronteiras-testado-hoje-em-lisboa-apos-suspensao\/\"},\"wordCount\":221,\"image\":{\"@id\":\"https:\/\/portaltela.pt\/noticias\/2026\/01\/12\/sistema-de-controlo-de-fronteiras-testado-hoje-em-lisboa-apos-suspensao\/#primaryimage\"},\"thumbnailUrl\":\"https:\/\/portaltela.pt\/s.01k8rhncp4jt1\/2026\/01\/img_1500x1000uu2025-12-18-20-16-16-2255189.jpg\",\"keywords\":[\"fiscaliza\u00e7\u00e3o de fronteiras\",\"For\u00e7as Armadas\",\"GNR\",\"Lisboa\",\"PSP\",\"seguran\u00e7a p\u00fablica\"],\"articleSection\":[\"Not\u00edcias\"],\"inLanguage\":\"pt-PT\"},{\"@type\":\"WebPage\",\"@id\":\"https:\/\/portaltela.pt\/noticias\/2026\/01\/12\/sistema-de-controlo-de-fronteiras-testado-hoje-em-lisboa-apos-suspensao\/\",\"url\":\"https:\/\/portaltela.pt\/noticias\/2026\/01\/12\/sistema-de-controlo-de-fronteiras-testado-hoje-em-lisboa-apos-suspensao\/\",\"name\":\"Sistema de controlo de fronteiras testado hoje em Lisboa ap\u00f3s suspens\u00e3o - Portal Tela Portugal\",\"isPartOf\":{\"@id\":\"https:\/\/portaltela.pt\/#website\"},\"primaryImageOfPage\":{\"@id\":\"https:\/\/portaltela.pt\/noticias\/2026\/01\/12\/sistema-de-controlo-de-fronteiras-testado-hoje-em-lisboa-apos-suspensao\/#primaryimage\"},\"image\":{\"@id\":\"https:\/\/portaltela.pt\/noticias\/2026\/01\/12\/sistema-de-controlo-de-fronteiras-testado-hoje-em-lisboa-apos-suspensao\/#primaryimage\"},\"thumbnailUrl\":\"https:\/\/portaltela.pt\/s.01k8rhncp4jt1\/2026\/01\/img_1500x1000uu2025-12-18-20-16-16-2255189.jpg\",\"datePublished\":\"2026-01-12T13:54:00+00:00\",\"author\":{\"@id\":\"https:\/\/portaltela.pt\/#\/schema\/person\/c4278d4a6028830caff9ee44b42d32ed\"},\"breadcrumb\":{\"@id\":\"https:\/\/portaltela.pt\/noticias\/2026\/01\/12\/sistema-de-controlo-de-fronteiras-testado-hoje-em-lisboa-apos-suspensao\/#breadcrumb\"},\"inLanguage\":\"pt-PT\",\"potentialAction\":[{\"@type\":\"ReadAction\",\"target\":[\"https:\/\/portaltela.pt\/noticias\/2026\/01\/12\/sistema-de-controlo-de-fronteiras-testado-hoje-em-lisboa-apos-suspensao\/\"]}]},{\"@type\":\"ImageObject\",\"inLanguage\":\"pt-PT\",\"@id\":\"https:\/\/portaltela.pt\/noticias\/2026\/01\/12\/sistema-de-controlo-de-fronteiras-testado-hoje-em-lisboa-apos-suspensao\/#primaryimage\",\"url\":\"https:\/\/portaltela.pt\/s.01k8rhncp4jt1\/2026\/01\/img_1500x1000uu2025-12-18-20-16-16-2255189.jpg\",\"contentUrl\":\"https:\/\/portaltela.pt\/s.01k8rhncp4jt1\/2026\/01\/img_1500x1000uu2025-12-18-20-16-16-2255189.jpg\",\"width\":796,\"height\":448,\"caption\":\"Sistema de controlo de fronteiras testado hoje no aerporto de Lisboa ap\u00f3s suspens\u00e3o\"},{\"@type\":\"BreadcrumbList\",\"@id\":\"https:\/\/portaltela.pt\/noticias\/2026\/01\/12\/sistema-de-controlo-de-fronteiras-testado-hoje-em-lisboa-apos-suspensao\/#breadcrumb\",\"itemListElement\":[{\"@type\":\"ListItem\",\"position\":1,\"name\":\"In\u00edcio\",\"item\":\"https:\/\/portaltela.pt\/\"},{\"@type\":\"ListItem\",\"position\":2,\"name\":\"Sistema de controlo de fronteiras testado hoje em Lisboa ap\u00f3s suspens\u00e3o\"}]},{\"@type\":\"WebSite\",\"@id\":\"https:\/\/portaltela.pt\/#website\",\"url\":\"https:\/\/portaltela.pt\/\",\"name\":\"Portal Tela Portugal\",\"description\":\"\",\"potentialAction\":[{\"@type\":\"SearchAction\",\"target\":{\"@type\":\"EntryPoint\",\"urlTemplate\":\"https:\/\/portaltela.pt\/?s={search_term_string}\"},\"query-input\":{\"@type\":\"PropertyValueSpecification\",\"valueRequired\":true,\"valueName\":\"search_term_string\"}}],\"inLanguage\":\"pt-PT\"},{\"@type\":\"Person\",\"@id\":\"https:\/\/portaltela.pt\/#\/schema\/person\/c4278d4a6028830caff9ee44b42d32ed\",\"name\":\"Telinha\",\"image\":{\"@type\":\"ImageObject\",\"inLanguage\":\"pt-PT\",\"@id\":\"https:\/\/portaltela.pt\/s.01k8rhncp4jt1\/2025\/11\/talking-bot-125x125.png\",\"url\":\"https:\/\/portaltela.pt\/s.01k8rhncp4jt1\/2025\/11\/talking-bot-125x125.png\",\"contentUrl\":\"https:\/\/portaltela.pt\/s.01k8rhncp4jt1\/2025\/11\/talking-bot-125x125.png\",\"caption\":\"Telinha\"},\"sameAs\":[\"https:\/\/portaltela.pt\/\"],\"url\":\"https:\/\/portaltela.pt\/por\/367410592786\/\"}]}<\/script>\n<!-- \/ Yoast SEO plugin. -->","yoast_head_json":{"title":"Sistema de controlo de fronteiras testado hoje em Lisboa ap\u00f3s suspens\u00e3o - Portal Tela Portugal","robots":{"index":"index","follow":"follow","max-snippet":"max-snippet:-1","max-image-preview":"max-image-preview:large","max-video-preview":"max-video-preview:-1"},"og_locale":"pt_PT","og_type":"article","og_title":"Sistema de controlo de fronteiras testado hoje em Lisboa ap\u00f3s suspens\u00e3o - Portal Tela Portugal","og_description":"O sistema europeu de controlo de fronteiras para cidad\u00e3os extracomunit\u00e1rios foi reativado hoje no aeroporto de Lisboa para testar as melhorias introduzidas, ap\u00f3s ter sido suspenso no fim de dezembro. No local, 24 militares da Guarda Nacional Republica refor\u00e7am o controlo de passageiros e, desde o per\u00edodo de Natal, 80 pol\u00edcias da Pol\u00edcia de Seguran\u00e7a P\u00fablica tamb\u00e9m est\u00e3o no aeroporto. O EES entrou em funcionamento a 12 de outubro em Portugal e no espa\u00e7o Schengen, mas os tempos de espera agravaram-se, levando \u00e0 suspens\u00e3o tempor\u00e1ria no final de dezembro. O teste desta segunda-feira \u00e0 tarde serve para aferir as melhorias, com a avalia\u00e7\u00e3o a determinar se o sistema volta a ficar suspenso. A segunda fase de implementa\u00e7\u00e3o, desde 10 de dezembro, envolve a recolha de dados biom\u00e9tricos (fotografia e impress\u00f5es digitais) de passageiros, o que complicou ainda mais a opera\u00e7\u00e3o.","og_url":"https:\/\/portaltela.pt\/noticias\/2026\/01\/12\/sistema-de-controlo-de-fronteiras-testado-hoje-em-lisboa-apos-suspensao\/","og_site_name":"Portal Tela Portugal","article_published_time":"2026-01-12T13:54:00+00:00","author":"Telinha","twitter_card":"summary_large_image","twitter_misc":{"Escrito por":"Telinha","Tempo estimado de leitura":"1 minuto"},"schema":{"@context":"https:\/\/schema.org","@graph":[{"@type":"Article","@id":"https:\/\/portaltela.pt\/noticias\/2026\/01\/12\/sistema-de-controlo-de-fronteiras-testado-hoje-em-lisboa-apos-suspensao\/#article","isPartOf":{"@id":"https:\/\/portaltela.pt\/noticias\/2026\/01\/12\/sistema-de-controlo-de-fronteiras-testado-hoje-em-lisboa-apos-suspensao\/"},"author":{"name":"Telinha","@id":"https:\/\/portaltela.pt\/#\/schema\/person\/c4278d4a6028830caff9ee44b42d32ed"},"headline":"Sistema de controlo de fronteiras testado hoje em Lisboa ap\u00f3s suspens\u00e3o","datePublished":"2026-01-12T13:54:00+00:00","mainEntityOfPage":{"@id":"https:\/\/portaltela.pt\/noticias\/2026\/01\/12\/sistema-de-controlo-de-fronteiras-testado-hoje-em-lisboa-apos-suspensao\/"},"wordCount":221,"image":{"@id":"https:\/\/portaltela.pt\/noticias\/2026\/01\/12\/sistema-de-controlo-de-fronteiras-testado-hoje-em-lisboa-apos-suspensao\/#primaryimage"},"thumbnailUrl":"https:\/\/portaltela.pt\/s.01k8rhncp4jt1\/2026\/01\/img_1500x1000uu2025-12-18-20-16-16-2255189.jpg","keywords":["fiscaliza\u00e7\u00e3o de fronteiras","For\u00e7as Armadas","GNR","Lisboa","PSP","seguran\u00e7a p\u00fablica"],"articleSection":["Not\u00edcias"],"inLanguage":"pt-PT"},{"@type":"WebPage","@id":"https:\/\/portaltela.pt\/noticias\/2026\/01\/12\/sistema-de-controlo-de-fronteiras-testado-hoje-em-lisboa-apos-suspensao\/","url":"https:\/\/portaltela.pt\/noticias\/2026\/01\/12\/sistema-de-controlo-de-fronteiras-testado-hoje-em-lisboa-apos-suspensao\/","name":"Sistema de controlo de fronteiras testado hoje em Lisboa ap\u00f3s suspens\u00e3o - Portal Tela Portugal","isPartOf":{"@id":"https:\/\/portaltela.pt\/#website"},"primaryImageOfPage":{"@id":"https:\/\/portaltela.pt\/noticias\/2026\/01\/12\/sistema-de-controlo-de-fronteiras-testado-hoje-em-lisboa-apos-suspensao\/#primaryimage"},"image":{"@id":"https:\/\/portaltela.pt\/noticias\/2026\/01\/12\/sistema-de-controlo-de-fronteiras-testado-hoje-em-lisboa-apos-suspensao\/#primaryimage"},"thumbnailUrl":"https:\/\/portaltela.pt\/s.01k8rhncp4jt1\/2026\/01\/img_1500x1000uu2025-12-18-20-16-16-2255189.jpg","datePublished":"2026-01-12T13:54:00+00:00","author":{"@id":"https:\/\/portaltela.pt\/#\/schema\/person\/c4278d4a6028830caff9ee44b42d32ed"},"breadcrumb":{"@id":"https:\/\/portaltela.pt\/noticias\/2026\/01\/12\/sistema-de-controlo-de-fronteiras-testado-hoje-em-lisboa-apos-suspensao\/#breadcrumb"},"inLanguage":"pt-PT","potentialAction":[{"@type":"ReadAction","target":["https:\/\/portaltela.pt\/noticias\/2026\/01\/12\/sistema-de-controlo-de-fronteiras-testado-hoje-em-lisboa-apos-suspensao\/"]}]},{"@type":"ImageObject","inLanguage":"pt-PT","@id":"https:\/\/portaltela.pt\/noticias\/2026\/01\/12\/sistema-de-controlo-de-fronteiras-testado-hoje-em-lisboa-apos-suspensao\/#primaryimage","url":"https:\/\/portaltela.pt\/s.01k8rhncp4jt1\/2026\/01\/img_1500x1000uu2025-12-18-20-16-16-2255189.jpg","contentUrl":"https:\/\/portaltela.pt\/s.01k8rhncp4jt1\/2026\/01\/img_1500x1000uu2025-12-18-20-16-16-2255189.jpg","width":796,"height":448,"caption":"Sistema de controlo de fronteiras testado hoje no aerporto de Lisboa ap\u00f3s suspens\u00e3o"},{"@type":"BreadcrumbList","@id":"https:\/\/portaltela.pt\/noticias\/2026\/01\/12\/sistema-de-controlo-de-fronteiras-testado-hoje-em-lisboa-apos-suspensao\/#breadcrumb","itemListElement":[{"@type":"ListItem","position":1,"name":"In\u00edcio","item":"https:\/\/portaltela.pt\/"},{"@type":"ListItem","position":2,"name":"Sistema de controlo de fronteiras testado hoje em Lisboa ap\u00f3s suspens\u00e3o"}]},{"@type":"WebSite","@id":"https:\/\/portaltela.pt\/#website","url":"https:\/\/portaltela.pt\/","name":"Portal Tela Portugal","description":"","potentialAction":[{"@type":"SearchAction","target":{"@type":"EntryPoint","urlTemplate":"https:\/\/portaltela.pt\/?s={search_term_string}"},"query-input":{"@type":"PropertyValueSpecification","valueRequired":true,"valueName":"search_term_string"}}],"inLanguage":"pt-PT"},{"@type":"Person","@id":"https:\/\/portaltela.pt\/#\/schema\/person\/c4278d4a6028830caff9ee44b42d32ed","name":"Telinha","image":{"@type":"ImageObject","inLanguage":"pt-PT","@id":"https:\/\/portaltela.pt\/s.01k8rhncp4jt1\/2025\/11\/talking-bot-125x125.png","url":"https:\/\/portaltela.pt\/s.01k8rhncp4jt1\/2025\/11\/talking-bot-125x125.png","contentUrl":"https:\/\/portaltela.pt\/s.01k8rhncp4jt1\/2025\/11\/talking-bot-125x125.png","caption":"Telinha"},"sameAs":["https:\/\/portaltela.pt\/"],"url":"https:\/\/portaltela.pt\/por\/367410592786\/"}]}},"_links":{"self":[{"href":"https:\/\/portaltela.pt\/api\/wp\/v2\/posts\/135479","targetHints":{"allow":["GET"]}}],"collection":[{"href":"https:\/\/portaltela.pt\/api\/wp\/v2\/posts"}],"about":[{"href":"https:\/\/portaltela.pt\/api\/wp\/v2\/types\/post"}],"author":[{"embeddable":true,"href":"https:\/\/portaltela.pt\/api\/wp\/v2\/users\/2"}],"replies":[{"embeddable":true,"href":"https:\/\/portaltela.pt\/api\/wp\/v2\/comments?post=135479"}],"version-history":[{"count":0,"href":"https:\/\/portaltela.pt\/api\/wp\/v2\/posts\/135479\/revisions"}],"wp:featuredmedia":[{"embeddable":true,"href":"https:\/\/portaltela.pt\/api\/wp\/v2\/media\/135486"}],"wp:attachment":[{"href":"https:\/\/portaltela.pt\/api\/wp\/v2\/media?parent=135479"}],"wp:term":[{"taxonomy":"category","embeddable":true,"href":"https:\/\/portaltela.pt\/api\/wp\/v2\/categories?post=135479"},{"taxonomy":"post_tag","embeddable":true,"href":"https:\/\/portaltela.pt\/api\/wp\/v2\/tags?post=135479"}],"curies":[{"name":"wp","href":"https:\/\/api.w.org\/{rel}","templated":true}]}}