{"id":135425,"date":"2026-01-12T10:24:00","date_gmt":"2026-01-12T13:24:00","guid":{"rendered":"https:\/\/portaltela.pt\/noticias\/2026\/01\/12\/enfermeiros-de-saude-familiar-passam-a-ser-centrais-na-melhoria-das-usf\/"},"modified":"2026-01-12T10:24:00","modified_gmt":"2026-01-12T13:24:00","slug":"enfermeiros-de-saude-familiar-passam-a-ser-centrais-na-melhoria-das-usf","status":"publish","type":"post","link":"https:\/\/portaltela.pt\/noticias\/2026\/01\/12\/enfermeiros-de-saude-familiar-passam-a-ser-centrais-na-melhoria-das-usf\/","title":{"rendered":"Enfermeiros de Sa\u00fade Familiar passam a ser centrais na melhoria das USF"},"content":{"rendered":"<p>O Instituto Polit\u00e9cnico da Guarda (IPG) abriu a \u00e1rea de Sa\u00fade Familiar no Mestrado em Enfermagem Comunit\u00e1ria, numa resposta \u00e0 escassez de profissionais com esta especialidade. A op\u00e7\u00e3o, criada na Escola Superior de Sa\u00fade, visa refor\u00e7ar as USF com cuidados integrados e cont\u00ednuos \u00e0s fam\u00edlias.<\/p>\n<p>A coordenadora do mestrado, In\u00eas Fonseca, explica que a novidade tem atra\u00eddo um n\u00famero crescente de candidaturas para a \u00e1rea de Sa\u00fade Familiar. Ela destaca que a especializa\u00e7\u00e3o \u00e9 central para melhorar a efici\u00eancia das Unidades de Sa\u00fade Familiar.<\/p>\n<p>A aposta surge face a uma necessidade regional de profissionais com esta forma\u00e7\u00e3o, integrando o mestrado com duas \u00e1reas de especializa\u00e7\u00e3o: Sa\u00fade P\u00fablica e Comunit\u00e1ria e Sa\u00fade Familiar. O objetivo \u00e9 colmatar a car\u00eancia de compet\u00eancias nesta \u00e1rea.<\/p>\n<h3>Jornadas Internacionais de Sa\u00fade Comunit\u00e1ria e Familiar<\/h3>\n<p>No \u00e2mbito desta aposta, realizam-se as primeiras Jornadas Internacionais de Sa\u00fade Comunit\u00e1ria e Familiar na Guarda, nos dias 16 e 17 de janeiro. O evento junta enfermeiros, investigadores, docentes e estudantes.<\/p>\n<p>As jornadas v\u00e3o debater desafios atuais da sa\u00fade comunit\u00e1ria, incluindo envelhecimento, multimorbilidade e literacia em sa\u00fade. Contam com a participa\u00e7\u00e3o de sociedades profissionais e da Ordem dos Enfermeiros.<\/p>\n<p>As confer\u00eancias e debates abordar\u00e3o multiculturalidade, preven\u00e7\u00e3o da viol\u00eancia ao longo do ciclo de vida, ontologias em enfermagem e a integra\u00e7\u00e3o da terapia familiar nos cuidados de sa\u00fade. O objetivo \u00e9 orientar pr\u00e1ticas mais integradas.<\/p>\n<h3>Organiza\u00e7\u00e3o e participa\u00e7\u00e3o<\/h3>\n<p>A organiza\u00e7\u00e3o envolve a Sociedade Portuguesa de Enfermagem de Sa\u00fade Familiar, a Sociedade Portuguesa de Terapia Familiar e a Ordem dos Enfermeiros. O evento promover\u00e1 um espa\u00e7o de di\u00e1logo multidisciplinar e partilha de conhecimento.<\/p>\n<p>A respons\u00e1vel sublinha que os enfermeiros especialistas em Sa\u00fade Familiar atuam junto de equipas multidisciplinares nos Cuidados de Sa\u00fade Prim\u00e1rios, assegurando continuidade e qualidade dos cuidados ao ciclo de vida.<\/p>\n<p>As Jornadas contam com sess\u00f5es de comunica\u00e7\u00f5es orais, apresenta\u00e7\u00e3o de posteres e uma confer\u00eancia dedicada \u00e0s ontologias em enfermagem e \u00e0 pr\u00e1tica da terap\u00eautica familiar. O encontro refor\u00e7a a forma\u00e7\u00e3o e a interven\u00e7\u00e3o na sa\u00fade comunit\u00e1ria.<\/p>\n<h3>Compromisso com a forma\u00e7\u00e3o e a pr\u00e1tica<\/h3>\n<p>In\u00eas Fonseca afirma que o foco no trabalho dos enfermeiros de Sa\u00fade Familiar, em articula\u00e7\u00e3o com especialistas em Sa\u00fade P\u00fablica, reflete o quadro legislativo que regula as USF. A ideia \u00e9 fortalecer interven\u00e7\u00f5es centradas na pessoa, na fam\u00edlia e na comunidade.<\/p>\n<p>O IPG pretende, com estas iniciativas, aumentar a qualidade e a sustentabilidade dos servi\u00e7os de sa\u00fade comunit\u00e1ria, apoiando uma resposta mais eficaz \u00e0s necessidades da popula\u00e7\u00e3o. As jornadas representam, segundo a organiza\u00e7\u00e3o, um momento de encontro entre perspetivas.<\/p>\n","protected":false},"excerpt":{"rendered":"<ul>\n<li>O Instituto Polit\u00e9cnico da Guarda (IPG) abriu uma \u00e1rea de especializa\u00e7\u00e3o em Sa\u00fade Familiar no Mestrado em Enfermagem Comunit\u00e1ria, com impacto no aumento de candidaturas para esta \u00e1rea.<\/li>\n<li>A op\u00e7\u00e3o, criada pela Escola Superior de Sa\u00fade do IPG, visa colmatar a insufici\u00eancia de enfermeiros especialistas em Sa\u00fade Familiar na regi\u00e3o.<\/li>\n<li>Os enfermeiros especialistas em Sa\u00fade Familiar v\u00e3o ter papel central nas Unidades de Sa\u00fade Familiar para cuidados integrados e cont\u00ednuos \u00e0s fam\u00edlias e comunidades.<\/li>\n<li>As I Jornadas Internacionais de Sa\u00fade Comunit\u00e1ria e Familiar realizam-se na Guarda nos dias 16 e 17 de janeiro, com participa\u00e7\u00e3o de enfermeiros, investigadores, docentes e estudantes.<\/li>\n<li>O programa aborda tem\u00e1ticas como envelhecimento, multimorbidade, desigualdades em sa\u00fade, literacia em sa\u00fade e a integra\u00e7\u00e3o da terapia familiar nos cuidados, com foco em pr\u00e1ticas mais centradas na pessoa, na fam\u00edlia e na comunidade.<\/li>\n<\/ul>\n","protected":false},"author":2,"featured_media":135452,"comment_status":"closed","ping_status":"closed","sticky":false,"template":"","format":"standard","meta":{"footnotes":""},"categories":[],"tags":[2654,2662,2934,2933,271,2932],"class_list":["post-135425","post","type-post","status-publish","format-standard","has-post-thumbnail","hentry","tag-cuidados-de-saude-primarios","tag-enfermagem","tag-multiculturalidade","tag-ordem-dos-enfermeiros","tag-saude-publica","tag-terapia-familiar"],"yoast_head":"<!-- This site is optimized with the Yoast SEO plugin v27.2 - https:\/\/yoast.com\/product\/yoast-seo-wordpress\/ -->\n<title>Enfermeiros de Sa\u00fade Familiar passam a ser centrais na melhoria das USF - Portal Tela Portugal<\/title>\n<meta name=\"robots\" content=\"index, follow, max-snippet:-1, max-image-preview:large, max-video-preview:-1\" \/>\n<meta property=\"og:locale\" content=\"pt_PT\" \/>\n<meta property=\"og:type\" content=\"article\" \/>\n<meta property=\"og:title\" content=\"Enfermeiros de Sa\u00fade Familiar passam a ser centrais na melhoria das USF - Portal Tela Portugal\" \/>\n<meta property=\"og:description\" content=\"O Instituto Polit\u00e9cnico da Guarda (IPG) abriu uma \u00e1rea de especializa\u00e7\u00e3o em Sa\u00fade Familiar no Mestrado em Enfermagem Comunit\u00e1ria, com impacto no aumento de candidaturas para esta \u00e1rea. A op\u00e7\u00e3o, criada pela Escola Superior de Sa\u00fade do IPG, visa colmatar a insufici\u00eancia de enfermeiros especialistas em Sa\u00fade Familiar na regi\u00e3o. Os enfermeiros especialistas em Sa\u00fade Familiar v\u00e3o ter papel central nas Unidades de Sa\u00fade Familiar para cuidados integrados e cont\u00ednuos \u00e0s fam\u00edlias e comunidades. As I Jornadas Internacionais de Sa\u00fade Comunit\u00e1ria e Familiar realizam-se na Guarda nos dias 16 e 17 de janeiro, com participa\u00e7\u00e3o de enfermeiros, investigadores, docentes e estudantes. O programa aborda tem\u00e1ticas como envelhecimento, multimorbidade, desigualdades em sa\u00fade, literacia em sa\u00fade e a integra\u00e7\u00e3o da terapia familiar nos cuidados, com foco em pr\u00e1ticas mais centradas na pessoa, na fam\u00edlia e na comunidade.\" \/>\n<meta property=\"og:url\" content=\"https:\/\/portaltela.pt\/noticias\/2026\/01\/12\/enfermeiros-de-saude-familiar-passam-a-ser-centrais-na-melhoria-das-usf\/\" \/>\n<meta property=\"og:site_name\" content=\"Portal Tela Portugal\" \/>\n<meta property=\"article:published_time\" content=\"2026-01-12T13:24:00+00:00\" \/>\n<meta name=\"author\" content=\"Telinha\" \/>\n<meta name=\"twitter:card\" content=\"summary_large_image\" \/>\n<meta name=\"twitter:label1\" content=\"Escrito por\" \/>\n\t<meta name=\"twitter:data1\" content=\"Telinha\" \/>\n\t<meta name=\"twitter:label2\" content=\"Tempo estimado de leitura\" \/>\n\t<meta name=\"twitter:data2\" content=\"2 minutos\" \/>\n<script type=\"application\/ld+json\" class=\"yoast-schema-graph\">{\"@context\":\"https:\/\/schema.org\",\"@graph\":[{\"@type\":\"Article\",\"@id\":\"https:\/\/portaltela.pt\/noticias\/2026\/01\/12\/enfermeiros-de-saude-familiar-passam-a-ser-centrais-na-melhoria-das-usf\/#article\",\"isPartOf\":{\"@id\":\"https:\/\/portaltela.pt\/noticias\/2026\/01\/12\/enfermeiros-de-saude-familiar-passam-a-ser-centrais-na-melhoria-das-usf\/\"},\"author\":{\"name\":\"Telinha\",\"@id\":\"https:\/\/portaltela.pt\/#\/schema\/person\/c4278d4a6028830caff9ee44b42d32ed\"},\"headline\":\"Enfermeiros de Sa\u00fade Familiar passam a ser centrais na melhoria das USF\",\"datePublished\":\"2026-01-12T13:24:00+00:00\",\"mainEntityOfPage\":{\"@id\":\"https:\/\/portaltela.pt\/noticias\/2026\/01\/12\/enfermeiros-de-saude-familiar-passam-a-ser-centrais-na-melhoria-das-usf\/\"},\"wordCount\":491,\"image\":{\"@id\":\"https:\/\/portaltela.pt\/noticias\/2026\/01\/12\/enfermeiros-de-saude-familiar-passam-a-ser-centrais-na-melhoria-das-usf\/#primaryimage\"},\"thumbnailUrl\":\"https:\/\/portaltela.pt\/s.01k8rhncp4jt1\/2026\/01\/unnamed-file-2437.jpg\",\"keywords\":[\"Cuidados de Sa\u00fade Prim\u00e1rios\",\"Enfermagem\",\"multiculturalidade\",\"Ordem dos Enfermeiros\",\"sa\u00fade p\u00fablica\",\"Terapia Familiar\"],\"inLanguage\":\"pt-PT\"},{\"@type\":\"WebPage\",\"@id\":\"https:\/\/portaltela.pt\/noticias\/2026\/01\/12\/enfermeiros-de-saude-familiar-passam-a-ser-centrais-na-melhoria-das-usf\/\",\"url\":\"https:\/\/portaltela.pt\/noticias\/2026\/01\/12\/enfermeiros-de-saude-familiar-passam-a-ser-centrais-na-melhoria-das-usf\/\",\"name\":\"Enfermeiros de Sa\u00fade Familiar passam a ser centrais na melhoria das USF - Portal Tela Portugal\",\"isPartOf\":{\"@id\":\"https:\/\/portaltela.pt\/#website\"},\"primaryImageOfPage\":{\"@id\":\"https:\/\/portaltela.pt\/noticias\/2026\/01\/12\/enfermeiros-de-saude-familiar-passam-a-ser-centrais-na-melhoria-das-usf\/#primaryimage\"},\"image\":{\"@id\":\"https:\/\/portaltela.pt\/noticias\/2026\/01\/12\/enfermeiros-de-saude-familiar-passam-a-ser-centrais-na-melhoria-das-usf\/#primaryimage\"},\"thumbnailUrl\":\"https:\/\/portaltela.pt\/s.01k8rhncp4jt1\/2026\/01\/unnamed-file-2437.jpg\",\"datePublished\":\"2026-01-12T13:24:00+00:00\",\"author\":{\"@id\":\"https:\/\/portaltela.pt\/#\/schema\/person\/c4278d4a6028830caff9ee44b42d32ed\"},\"breadcrumb\":{\"@id\":\"https:\/\/portaltela.pt\/noticias\/2026\/01\/12\/enfermeiros-de-saude-familiar-passam-a-ser-centrais-na-melhoria-das-usf\/#breadcrumb\"},\"inLanguage\":\"pt-PT\",\"potentialAction\":[{\"@type\":\"ReadAction\",\"target\":[\"https:\/\/portaltela.pt\/noticias\/2026\/01\/12\/enfermeiros-de-saude-familiar-passam-a-ser-centrais-na-melhoria-das-usf\/\"]}]},{\"@type\":\"ImageObject\",\"inLanguage\":\"pt-PT\",\"@id\":\"https:\/\/portaltela.pt\/noticias\/2026\/01\/12\/enfermeiros-de-saude-familiar-passam-a-ser-centrais-na-melhoria-das-usf\/#primaryimage\",\"url\":\"https:\/\/portaltela.pt\/s.01k8rhncp4jt1\/2026\/01\/unnamed-file-2437.jpg\",\"contentUrl\":\"https:\/\/portaltela.pt\/s.01k8rhncp4jt1\/2026\/01\/unnamed-file-2437.jpg\",\"width\":796,\"height\":448,\"caption\":\"Instituto Politecnico da Guarda: Enfermeiros especialistas em Sa\u00fade Familiar v\u00e3o ser \u201ccentrais\u201d para tornar USF mais eficientes\"},{\"@type\":\"BreadcrumbList\",\"@id\":\"https:\/\/portaltela.pt\/noticias\/2026\/01\/12\/enfermeiros-de-saude-familiar-passam-a-ser-centrais-na-melhoria-das-usf\/#breadcrumb\",\"itemListElement\":[{\"@type\":\"ListItem\",\"position\":1,\"name\":\"In\u00edcio\",\"item\":\"https:\/\/portaltela.pt\/\"},{\"@type\":\"ListItem\",\"position\":2,\"name\":\"Enfermeiros de Sa\u00fade Familiar passam a ser centrais na melhoria das USF\"}]},{\"@type\":\"WebSite\",\"@id\":\"https:\/\/portaltela.pt\/#website\",\"url\":\"https:\/\/portaltela.pt\/\",\"name\":\"Portal Tela Portugal\",\"description\":\"\",\"potentialAction\":[{\"@type\":\"SearchAction\",\"target\":{\"@type\":\"EntryPoint\",\"urlTemplate\":\"https:\/\/portaltela.pt\/?s={search_term_string}\"},\"query-input\":{\"@type\":\"PropertyValueSpecification\",\"valueRequired\":true,\"valueName\":\"search_term_string\"}}],\"inLanguage\":\"pt-PT\"},{\"@type\":\"Person\",\"@id\":\"https:\/\/portaltela.pt\/#\/schema\/person\/c4278d4a6028830caff9ee44b42d32ed\",\"name\":\"Telinha\",\"image\":{\"@type\":\"ImageObject\",\"inLanguage\":\"pt-PT\",\"@id\":\"https:\/\/portaltela.pt\/s.01k8rhncp4jt1\/2025\/11\/talking-bot-125x125.png\",\"url\":\"https:\/\/portaltela.pt\/s.01k8rhncp4jt1\/2025\/11\/talking-bot-125x125.png\",\"contentUrl\":\"https:\/\/portaltela.pt\/s.01k8rhncp4jt1\/2025\/11\/talking-bot-125x125.png\",\"caption\":\"Telinha\"},\"sameAs\":[\"https:\/\/portaltela.pt\/\"],\"url\":\"https:\/\/portaltela.pt\/por\/367410592786\/\"}]}<\/script>\n<!-- \/ Yoast SEO plugin. -->","yoast_head_json":{"title":"Enfermeiros de Sa\u00fade Familiar passam a ser centrais na melhoria das USF - Portal Tela Portugal","robots":{"index":"index","follow":"follow","max-snippet":"max-snippet:-1","max-image-preview":"max-image-preview:large","max-video-preview":"max-video-preview:-1"},"og_locale":"pt_PT","og_type":"article","og_title":"Enfermeiros de Sa\u00fade Familiar passam a ser centrais na melhoria das USF - Portal Tela Portugal","og_description":"O Instituto Polit\u00e9cnico da Guarda (IPG) abriu uma \u00e1rea de especializa\u00e7\u00e3o em Sa\u00fade Familiar no Mestrado em Enfermagem Comunit\u00e1ria, com impacto no aumento de candidaturas para esta \u00e1rea. A op\u00e7\u00e3o, criada pela Escola Superior de Sa\u00fade do IPG, visa colmatar a insufici\u00eancia de enfermeiros especialistas em Sa\u00fade Familiar na regi\u00e3o. Os enfermeiros especialistas em Sa\u00fade Familiar v\u00e3o ter papel central nas Unidades de Sa\u00fade Familiar para cuidados integrados e cont\u00ednuos \u00e0s fam\u00edlias e comunidades. As I Jornadas Internacionais de Sa\u00fade Comunit\u00e1ria e Familiar realizam-se na Guarda nos dias 16 e 17 de janeiro, com participa\u00e7\u00e3o de enfermeiros, investigadores, docentes e estudantes. O programa aborda tem\u00e1ticas como envelhecimento, multimorbidade, desigualdades em sa\u00fade, literacia em sa\u00fade e a integra\u00e7\u00e3o da terapia familiar nos cuidados, com foco em pr\u00e1ticas mais centradas na pessoa, na fam\u00edlia e na comunidade.","og_url":"https:\/\/portaltela.pt\/noticias\/2026\/01\/12\/enfermeiros-de-saude-familiar-passam-a-ser-centrais-na-melhoria-das-usf\/","og_site_name":"Portal Tela Portugal","article_published_time":"2026-01-12T13:24:00+00:00","author":"Telinha","twitter_card":"summary_large_image","twitter_misc":{"Escrito por":"Telinha","Tempo estimado de leitura":"2 minutos"},"schema":{"@context":"https:\/\/schema.org","@graph":[{"@type":"Article","@id":"https:\/\/portaltela.pt\/noticias\/2026\/01\/12\/enfermeiros-de-saude-familiar-passam-a-ser-centrais-na-melhoria-das-usf\/#article","isPartOf":{"@id":"https:\/\/portaltela.pt\/noticias\/2026\/01\/12\/enfermeiros-de-saude-familiar-passam-a-ser-centrais-na-melhoria-das-usf\/"},"author":{"name":"Telinha","@id":"https:\/\/portaltela.pt\/#\/schema\/person\/c4278d4a6028830caff9ee44b42d32ed"},"headline":"Enfermeiros de Sa\u00fade Familiar passam a ser centrais na melhoria das USF","datePublished":"2026-01-12T13:24:00+00:00","mainEntityOfPage":{"@id":"https:\/\/portaltela.pt\/noticias\/2026\/01\/12\/enfermeiros-de-saude-familiar-passam-a-ser-centrais-na-melhoria-das-usf\/"},"wordCount":491,"image":{"@id":"https:\/\/portaltela.pt\/noticias\/2026\/01\/12\/enfermeiros-de-saude-familiar-passam-a-ser-centrais-na-melhoria-das-usf\/#primaryimage"},"thumbnailUrl":"https:\/\/portaltela.pt\/s.01k8rhncp4jt1\/2026\/01\/unnamed-file-2437.jpg","keywords":["Cuidados de Sa\u00fade Prim\u00e1rios","Enfermagem","multiculturalidade","Ordem dos Enfermeiros","sa\u00fade p\u00fablica","Terapia Familiar"],"inLanguage":"pt-PT"},{"@type":"WebPage","@id":"https:\/\/portaltela.pt\/noticias\/2026\/01\/12\/enfermeiros-de-saude-familiar-passam-a-ser-centrais-na-melhoria-das-usf\/","url":"https:\/\/portaltela.pt\/noticias\/2026\/01\/12\/enfermeiros-de-saude-familiar-passam-a-ser-centrais-na-melhoria-das-usf\/","name":"Enfermeiros de Sa\u00fade Familiar passam a ser centrais na melhoria das USF - Portal Tela Portugal","isPartOf":{"@id":"https:\/\/portaltela.pt\/#website"},"primaryImageOfPage":{"@id":"https:\/\/portaltela.pt\/noticias\/2026\/01\/12\/enfermeiros-de-saude-familiar-passam-a-ser-centrais-na-melhoria-das-usf\/#primaryimage"},"image":{"@id":"https:\/\/portaltela.pt\/noticias\/2026\/01\/12\/enfermeiros-de-saude-familiar-passam-a-ser-centrais-na-melhoria-das-usf\/#primaryimage"},"thumbnailUrl":"https:\/\/portaltela.pt\/s.01k8rhncp4jt1\/2026\/01\/unnamed-file-2437.jpg","datePublished":"2026-01-12T13:24:00+00:00","author":{"@id":"https:\/\/portaltela.pt\/#\/schema\/person\/c4278d4a6028830caff9ee44b42d32ed"},"breadcrumb":{"@id":"https:\/\/portaltela.pt\/noticias\/2026\/01\/12\/enfermeiros-de-saude-familiar-passam-a-ser-centrais-na-melhoria-das-usf\/#breadcrumb"},"inLanguage":"pt-PT","potentialAction":[{"@type":"ReadAction","target":["https:\/\/portaltela.pt\/noticias\/2026\/01\/12\/enfermeiros-de-saude-familiar-passam-a-ser-centrais-na-melhoria-das-usf\/"]}]},{"@type":"ImageObject","inLanguage":"pt-PT","@id":"https:\/\/portaltela.pt\/noticias\/2026\/01\/12\/enfermeiros-de-saude-familiar-passam-a-ser-centrais-na-melhoria-das-usf\/#primaryimage","url":"https:\/\/portaltela.pt\/s.01k8rhncp4jt1\/2026\/01\/unnamed-file-2437.jpg","contentUrl":"https:\/\/portaltela.pt\/s.01k8rhncp4jt1\/2026\/01\/unnamed-file-2437.jpg","width":796,"height":448,"caption":"Instituto Politecnico da Guarda: Enfermeiros especialistas em Sa\u00fade Familiar v\u00e3o ser \u201ccentrais\u201d para tornar USF mais eficientes"},{"@type":"BreadcrumbList","@id":"https:\/\/portaltela.pt\/noticias\/2026\/01\/12\/enfermeiros-de-saude-familiar-passam-a-ser-centrais-na-melhoria-das-usf\/#breadcrumb","itemListElement":[{"@type":"ListItem","position":1,"name":"In\u00edcio","item":"https:\/\/portaltela.pt\/"},{"@type":"ListItem","position":2,"name":"Enfermeiros de Sa\u00fade Familiar passam a ser centrais na melhoria das USF"}]},{"@type":"WebSite","@id":"https:\/\/portaltela.pt\/#website","url":"https:\/\/portaltela.pt\/","name":"Portal Tela Portugal","description":"","potentialAction":[{"@type":"SearchAction","target":{"@type":"EntryPoint","urlTemplate":"https:\/\/portaltela.pt\/?s={search_term_string}"},"query-input":{"@type":"PropertyValueSpecification","valueRequired":true,"valueName":"search_term_string"}}],"inLanguage":"pt-PT"},{"@type":"Person","@id":"https:\/\/portaltela.pt\/#\/schema\/person\/c4278d4a6028830caff9ee44b42d32ed","name":"Telinha","image":{"@type":"ImageObject","inLanguage":"pt-PT","@id":"https:\/\/portaltela.pt\/s.01k8rhncp4jt1\/2025\/11\/talking-bot-125x125.png","url":"https:\/\/portaltela.pt\/s.01k8rhncp4jt1\/2025\/11\/talking-bot-125x125.png","contentUrl":"https:\/\/portaltela.pt\/s.01k8rhncp4jt1\/2025\/11\/talking-bot-125x125.png","caption":"Telinha"},"sameAs":["https:\/\/portaltela.pt\/"],"url":"https:\/\/portaltela.pt\/por\/367410592786\/"}]}},"_links":{"self":[{"href":"https:\/\/portaltela.pt\/api\/wp\/v2\/posts\/135425","targetHints":{"allow":["GET"]}}],"collection":[{"href":"https:\/\/portaltela.pt\/api\/wp\/v2\/posts"}],"about":[{"href":"https:\/\/portaltela.pt\/api\/wp\/v2\/types\/post"}],"author":[{"embeddable":true,"href":"https:\/\/portaltela.pt\/api\/wp\/v2\/users\/2"}],"replies":[{"embeddable":true,"href":"https:\/\/portaltela.pt\/api\/wp\/v2\/comments?post=135425"}],"version-history":[{"count":0,"href":"https:\/\/portaltela.pt\/api\/wp\/v2\/posts\/135425\/revisions"}],"wp:featuredmedia":[{"embeddable":true,"href":"https:\/\/portaltela.pt\/api\/wp\/v2\/media\/135452"}],"wp:attachment":[{"href":"https:\/\/portaltela.pt\/api\/wp\/v2\/media?parent=135425"}],"wp:term":[{"taxonomy":"category","embeddable":true,"href":"https:\/\/portaltela.pt\/api\/wp\/v2\/categories?post=135425"},{"taxonomy":"post_tag","embeddable":true,"href":"https:\/\/portaltela.pt\/api\/wp\/v2\/tags?post=135425"}],"curies":[{"name":"wp","href":"https:\/\/api.w.org\/{rel}","templated":true}]}}