{"id":135401,"date":"2026-01-12T10:17:07","date_gmt":"2026-01-12T13:17:07","guid":{"rendered":"https:\/\/portaltela.pt\/noticias\/2026\/01\/12\/medidas-fiscais-do-governo-nao-conseguem-travar-crise-da-habitacao\/"},"modified":"2026-01-12T10:17:07","modified_gmt":"2026-01-12T13:17:07","slug":"medidas-fiscais-do-governo-nao-conseguem-travar-crise-da-habitacao","status":"publish","type":"post","link":"https:\/\/portaltela.pt\/noticias\/2026\/01\/12\/medidas-fiscais-do-governo-nao-conseguem-travar-crise-da-habitacao\/","title":{"rendered":"Medidas fiscais do Governo n\u00e3o conseguem travar crise da habita\u00e7\u00e3o"},"content":{"rendered":"<p>Na sexta-feira, o parlamento aprovou um conjunto de medidas fiscais que a Associa\u00e7\u00e3o dos Inquilinos Lisbonenses (AIL) classifica como insuficientes para travar a crise da habita\u00e7\u00e3o em Portugal. AIL acusa o Governo de continuar a ser o principal impulsionador do problema.<\/p>\n<p>Segundo a associa\u00e7\u00e3o, as medidas mant\u00eam uma fiscalidade preservadora dos interesses de propriet\u00e1rios e construtores, sem promover descidas r\u00e1pidas de rendas nem facilitar o arrendamento. AIL alerta que um mercado liberalizado com apenas 2% de habita\u00e7\u00e3o p\u00fablica n\u00e3o responde \u00e0s necessidades.<\/p>\n<p>A dire\u00e7\u00e3o liderada por Pedro Ventura ressalva que a subida do teto da dedu\u00e7\u00e3o das rendas pagas, de 600 para 900 euros, \u00e9 desfavor\u00e1vel aos inquilinos quando comparada com benef\u00edcios dispon\u00edveis a propriet\u00e1rios, por exemplo no IRS, IMI e IVA.<\/p>\n<p>O comunicado aponta ainda a falta de garantias de estabilidade nos contratos de arrendamento e a persist\u00eancia de informalidade no mercado. AIL critica a aus\u00eancia de registo, fiscaliza\u00e7\u00e3o e uma regula\u00e7\u00e3o mais eficaz do alojamento local.<\/p>\n<p>Ao defender sete princ\u00edpios para enfrentar a crise, a associa\u00e7\u00e3o prop\u00f5e regula\u00e7\u00e3o, registo e fiscaliza\u00e7\u00e3o mais exigentes, contratos duradouros com rendas acess\u00edveis e a capta\u00e7\u00e3o de casas vagas para o arrendamento.<\/p>\n","protected":false},"excerpt":{"rendered":"<ul>\n<li>A AIL afirma que as medidas fiscais aprovadas no parlamento n\u00e3o conseguem travar a espiral da crise da habita\u00e7\u00e3o em Portugal.<\/li>\n<li>A associa\u00e7\u00e3o acusa o Governo de ser o principal impulsionador da crise, afirmando que o pacote fiscal n\u00e3o reduz pre\u00e7os de arrendamento nem de compra.<\/li>\n<li>Considera que elevar o limite da dedu\u00e7\u00e3o das rendas de seiscentos para novecentos euros \u00e9 desfavor\u00e1vel aos inquilinos, face a benef\u00edcios para propriet\u00e1rios e construtores.<\/li>\n<li>Critica a prote\u00e7\u00e3o excessiva \u00e0 propriedade e a aus\u00eancia de a\u00e7\u00f5es para captar casas vagas, bem como a falta de garantias de estabilidade nos contratos de arrendamento.<\/li>\n<li>Defende sete princ\u00edpios para resolver a crise, incluindo regula\u00e7\u00e3o, registo e fiscaliza\u00e7\u00e3o, seguran\u00e7a jur\u00eddica, seguros de renda, contratos duradouros e a capta\u00e7\u00e3o de habita\u00e7\u00e3o p\u00fablica, al\u00e9m da regula\u00e7\u00e3o do alojamento local.<\/li>\n<\/ul>\n","protected":false},"author":2,"featured_media":135405,"comment_status":"closed","ping_status":"closed","sticky":false,"template":"","format":"standard","meta":{"footnotes":""},"categories":[1],"tags":[2310,2531,695,34,150,1010],"class_list":["post-135401","post","type-post","status-publish","format-standard","has-post-thumbnail","hentry","category-noticias","tag-arrendamento-apoiado","tag-arrendamentos","tag-fiscalizacao","tag-governo","tag-habitacao","tag-habitacao-publica"],"yoast_head":"<!-- This site is optimized with the Yoast SEO plugin v27.2 - https:\/\/yoast.com\/product\/yoast-seo-wordpress\/ -->\n<title>Medidas fiscais do Governo n\u00e3o conseguem travar crise da habita\u00e7\u00e3o - Portal Tela Portugal<\/title>\n<meta name=\"robots\" content=\"index, follow, max-snippet:-1, max-image-preview:large, max-video-preview:-1\" \/>\n<meta property=\"og:locale\" content=\"pt_PT\" \/>\n<meta property=\"og:type\" content=\"article\" \/>\n<meta property=\"og:title\" content=\"Medidas fiscais do Governo n\u00e3o conseguem travar crise da habita\u00e7\u00e3o - Portal Tela Portugal\" \/>\n<meta property=\"og:description\" content=\"A AIL afirma que as medidas fiscais aprovadas no parlamento n\u00e3o conseguem travar a espiral da crise da habita\u00e7\u00e3o em Portugal. A associa\u00e7\u00e3o acusa o Governo de ser o principal impulsionador da crise, afirmando que o pacote fiscal n\u00e3o reduz pre\u00e7os de arrendamento nem de compra. Considera que elevar o limite da dedu\u00e7\u00e3o das rendas de seiscentos para novecentos euros \u00e9 desfavor\u00e1vel aos inquilinos, face a benef\u00edcios para propriet\u00e1rios e construtores. Critica a prote\u00e7\u00e3o excessiva \u00e0 propriedade e a aus\u00eancia de a\u00e7\u00f5es para captar casas vagas, bem como a falta de garantias de estabilidade nos contratos de arrendamento. Defende sete princ\u00edpios para resolver a crise, incluindo regula\u00e7\u00e3o, registo e fiscaliza\u00e7\u00e3o, seguran\u00e7a jur\u00eddica, seguros de renda, contratos duradouros e a capta\u00e7\u00e3o de habita\u00e7\u00e3o p\u00fablica, al\u00e9m da regula\u00e7\u00e3o do alojamento local.\" \/>\n<meta property=\"og:url\" content=\"https:\/\/portaltela.pt\/noticias\/2026\/01\/12\/medidas-fiscais-do-governo-nao-conseguem-travar-crise-da-habitacao\/\" \/>\n<meta property=\"og:site_name\" content=\"Portal Tela Portugal\" \/>\n<meta property=\"article:published_time\" content=\"2026-01-12T13:17:07+00:00\" \/>\n<meta name=\"author\" content=\"Telinha\" \/>\n<meta name=\"twitter:card\" content=\"summary_large_image\" \/>\n<meta name=\"twitter:label1\" content=\"Escrito por\" \/>\n\t<meta name=\"twitter:data1\" content=\"Telinha\" \/>\n\t<meta name=\"twitter:label2\" content=\"Tempo estimado de leitura\" \/>\n\t<meta name=\"twitter:data2\" content=\"1 minuto\" \/>\n<script type=\"application\/ld+json\" class=\"yoast-schema-graph\">{\"@context\":\"https:\/\/schema.org\",\"@graph\":[{\"@type\":\"Article\",\"@id\":\"https:\/\/portaltela.pt\/noticias\/2026\/01\/12\/medidas-fiscais-do-governo-nao-conseguem-travar-crise-da-habitacao\/#article\",\"isPartOf\":{\"@id\":\"https:\/\/portaltela.pt\/noticias\/2026\/01\/12\/medidas-fiscais-do-governo-nao-conseguem-travar-crise-da-habitacao\/\"},\"author\":{\"name\":\"Telinha\",\"@id\":\"https:\/\/portaltela.pt\/#\/schema\/person\/c4278d4a6028830caff9ee44b42d32ed\"},\"headline\":\"Medidas fiscais do Governo n\u00e3o conseguem travar crise da habita\u00e7\u00e3o\",\"datePublished\":\"2026-01-12T13:17:07+00:00\",\"mainEntityOfPage\":{\"@id\":\"https:\/\/portaltela.pt\/noticias\/2026\/01\/12\/medidas-fiscais-do-governo-nao-conseguem-travar-crise-da-habitacao\/\"},\"wordCount\":223,\"image\":{\"@id\":\"https:\/\/portaltela.pt\/noticias\/2026\/01\/12\/medidas-fiscais-do-governo-nao-conseguem-travar-crise-da-habitacao\/#primaryimage\"},\"thumbnailUrl\":\"https:\/\/portaltela.pt\/s.01k8rhncp4jt1\/2026\/01\/img_1500x1000uu2024-11-24-22-14-46-2179220-3.jpg\",\"keywords\":[\"arrendamento apoiado\",\"arrendamentos\",\"fiscaliza\u00e7\u00e3o\",\"governo\",\"habita\u00e7\u00e3o\",\"habita\u00e7\u00e3o p\u00fablica\"],\"articleSection\":[\"Not\u00edcias\"],\"inLanguage\":\"pt-PT\"},{\"@type\":\"WebPage\",\"@id\":\"https:\/\/portaltela.pt\/noticias\/2026\/01\/12\/medidas-fiscais-do-governo-nao-conseguem-travar-crise-da-habitacao\/\",\"url\":\"https:\/\/portaltela.pt\/noticias\/2026\/01\/12\/medidas-fiscais-do-governo-nao-conseguem-travar-crise-da-habitacao\/\",\"name\":\"Medidas fiscais do Governo n\u00e3o conseguem travar crise da habita\u00e7\u00e3o - Portal Tela Portugal\",\"isPartOf\":{\"@id\":\"https:\/\/portaltela.pt\/#website\"},\"primaryImageOfPage\":{\"@id\":\"https:\/\/portaltela.pt\/noticias\/2026\/01\/12\/medidas-fiscais-do-governo-nao-conseguem-travar-crise-da-habitacao\/#primaryimage\"},\"image\":{\"@id\":\"https:\/\/portaltela.pt\/noticias\/2026\/01\/12\/medidas-fiscais-do-governo-nao-conseguem-travar-crise-da-habitacao\/#primaryimage\"},\"thumbnailUrl\":\"https:\/\/portaltela.pt\/s.01k8rhncp4jt1\/2026\/01\/img_1500x1000uu2024-11-24-22-14-46-2179220-3.jpg\",\"datePublished\":\"2026-01-12T13:17:07+00:00\",\"author\":{\"@id\":\"https:\/\/portaltela.pt\/#\/schema\/person\/c4278d4a6028830caff9ee44b42d32ed\"},\"breadcrumb\":{\"@id\":\"https:\/\/portaltela.pt\/noticias\/2026\/01\/12\/medidas-fiscais-do-governo-nao-conseguem-travar-crise-da-habitacao\/#breadcrumb\"},\"inLanguage\":\"pt-PT\",\"potentialAction\":[{\"@type\":\"ReadAction\",\"target\":[\"https:\/\/portaltela.pt\/noticias\/2026\/01\/12\/medidas-fiscais-do-governo-nao-conseguem-travar-crise-da-habitacao\/\"]}]},{\"@type\":\"ImageObject\",\"inLanguage\":\"pt-PT\",\"@id\":\"https:\/\/portaltela.pt\/noticias\/2026\/01\/12\/medidas-fiscais-do-governo-nao-conseguem-travar-crise-da-habitacao\/#primaryimage\",\"url\":\"https:\/\/portaltela.pt\/s.01k8rhncp4jt1\/2026\/01\/img_1500x1000uu2024-11-24-22-14-46-2179220-3.jpg\",\"contentUrl\":\"https:\/\/portaltela.pt\/s.01k8rhncp4jt1\/2026\/01\/img_1500x1000uu2024-11-24-22-14-46-2179220-3.jpg\",\"width\":796,\"height\":448,\"caption\":\"Habita\u00e7\u00e3o, Lisboa\"},{\"@type\":\"BreadcrumbList\",\"@id\":\"https:\/\/portaltela.pt\/noticias\/2026\/01\/12\/medidas-fiscais-do-governo-nao-conseguem-travar-crise-da-habitacao\/#breadcrumb\",\"itemListElement\":[{\"@type\":\"ListItem\",\"position\":1,\"name\":\"In\u00edcio\",\"item\":\"https:\/\/portaltela.pt\/\"},{\"@type\":\"ListItem\",\"position\":2,\"name\":\"Medidas fiscais do Governo n\u00e3o conseguem travar crise da habita\u00e7\u00e3o\"}]},{\"@type\":\"WebSite\",\"@id\":\"https:\/\/portaltela.pt\/#website\",\"url\":\"https:\/\/portaltela.pt\/\",\"name\":\"Portal Tela Portugal\",\"description\":\"\",\"potentialAction\":[{\"@type\":\"SearchAction\",\"target\":{\"@type\":\"EntryPoint\",\"urlTemplate\":\"https:\/\/portaltela.pt\/?s={search_term_string}\"},\"query-input\":{\"@type\":\"PropertyValueSpecification\",\"valueRequired\":true,\"valueName\":\"search_term_string\"}}],\"inLanguage\":\"pt-PT\"},{\"@type\":\"Person\",\"@id\":\"https:\/\/portaltela.pt\/#\/schema\/person\/c4278d4a6028830caff9ee44b42d32ed\",\"name\":\"Telinha\",\"image\":{\"@type\":\"ImageObject\",\"inLanguage\":\"pt-PT\",\"@id\":\"https:\/\/portaltela.pt\/s.01k8rhncp4jt1\/2025\/11\/talking-bot-125x125.png\",\"url\":\"https:\/\/portaltela.pt\/s.01k8rhncp4jt1\/2025\/11\/talking-bot-125x125.png\",\"contentUrl\":\"https:\/\/portaltela.pt\/s.01k8rhncp4jt1\/2025\/11\/talking-bot-125x125.png\",\"caption\":\"Telinha\"},\"sameAs\":[\"https:\/\/portaltela.pt\/\"],\"url\":\"https:\/\/portaltela.pt\/por\/367410592786\/\"}]}<\/script>\n<!-- \/ Yoast SEO plugin. -->","yoast_head_json":{"title":"Medidas fiscais do Governo n\u00e3o conseguem travar crise da habita\u00e7\u00e3o - Portal Tela Portugal","robots":{"index":"index","follow":"follow","max-snippet":"max-snippet:-1","max-image-preview":"max-image-preview:large","max-video-preview":"max-video-preview:-1"},"og_locale":"pt_PT","og_type":"article","og_title":"Medidas fiscais do Governo n\u00e3o conseguem travar crise da habita\u00e7\u00e3o - Portal Tela Portugal","og_description":"A AIL afirma que as medidas fiscais aprovadas no parlamento n\u00e3o conseguem travar a espiral da crise da habita\u00e7\u00e3o em Portugal. A associa\u00e7\u00e3o acusa o Governo de ser o principal impulsionador da crise, afirmando que o pacote fiscal n\u00e3o reduz pre\u00e7os de arrendamento nem de compra. Considera que elevar o limite da dedu\u00e7\u00e3o das rendas de seiscentos para novecentos euros \u00e9 desfavor\u00e1vel aos inquilinos, face a benef\u00edcios para propriet\u00e1rios e construtores. Critica a prote\u00e7\u00e3o excessiva \u00e0 propriedade e a aus\u00eancia de a\u00e7\u00f5es para captar casas vagas, bem como a falta de garantias de estabilidade nos contratos de arrendamento. Defende sete princ\u00edpios para resolver a crise, incluindo regula\u00e7\u00e3o, registo e fiscaliza\u00e7\u00e3o, seguran\u00e7a jur\u00eddica, seguros de renda, contratos duradouros e a capta\u00e7\u00e3o de habita\u00e7\u00e3o p\u00fablica, al\u00e9m da regula\u00e7\u00e3o do alojamento local.","og_url":"https:\/\/portaltela.pt\/noticias\/2026\/01\/12\/medidas-fiscais-do-governo-nao-conseguem-travar-crise-da-habitacao\/","og_site_name":"Portal Tela Portugal","article_published_time":"2026-01-12T13:17:07+00:00","author":"Telinha","twitter_card":"summary_large_image","twitter_misc":{"Escrito por":"Telinha","Tempo estimado de leitura":"1 minuto"},"schema":{"@context":"https:\/\/schema.org","@graph":[{"@type":"Article","@id":"https:\/\/portaltela.pt\/noticias\/2026\/01\/12\/medidas-fiscais-do-governo-nao-conseguem-travar-crise-da-habitacao\/#article","isPartOf":{"@id":"https:\/\/portaltela.pt\/noticias\/2026\/01\/12\/medidas-fiscais-do-governo-nao-conseguem-travar-crise-da-habitacao\/"},"author":{"name":"Telinha","@id":"https:\/\/portaltela.pt\/#\/schema\/person\/c4278d4a6028830caff9ee44b42d32ed"},"headline":"Medidas fiscais do Governo n\u00e3o conseguem travar crise da habita\u00e7\u00e3o","datePublished":"2026-01-12T13:17:07+00:00","mainEntityOfPage":{"@id":"https:\/\/portaltela.pt\/noticias\/2026\/01\/12\/medidas-fiscais-do-governo-nao-conseguem-travar-crise-da-habitacao\/"},"wordCount":223,"image":{"@id":"https:\/\/portaltela.pt\/noticias\/2026\/01\/12\/medidas-fiscais-do-governo-nao-conseguem-travar-crise-da-habitacao\/#primaryimage"},"thumbnailUrl":"https:\/\/portaltela.pt\/s.01k8rhncp4jt1\/2026\/01\/img_1500x1000uu2024-11-24-22-14-46-2179220-3.jpg","keywords":["arrendamento apoiado","arrendamentos","fiscaliza\u00e7\u00e3o","governo","habita\u00e7\u00e3o","habita\u00e7\u00e3o p\u00fablica"],"articleSection":["Not\u00edcias"],"inLanguage":"pt-PT"},{"@type":"WebPage","@id":"https:\/\/portaltela.pt\/noticias\/2026\/01\/12\/medidas-fiscais-do-governo-nao-conseguem-travar-crise-da-habitacao\/","url":"https:\/\/portaltela.pt\/noticias\/2026\/01\/12\/medidas-fiscais-do-governo-nao-conseguem-travar-crise-da-habitacao\/","name":"Medidas fiscais do Governo n\u00e3o conseguem travar crise da habita\u00e7\u00e3o - Portal Tela Portugal","isPartOf":{"@id":"https:\/\/portaltela.pt\/#website"},"primaryImageOfPage":{"@id":"https:\/\/portaltela.pt\/noticias\/2026\/01\/12\/medidas-fiscais-do-governo-nao-conseguem-travar-crise-da-habitacao\/#primaryimage"},"image":{"@id":"https:\/\/portaltela.pt\/noticias\/2026\/01\/12\/medidas-fiscais-do-governo-nao-conseguem-travar-crise-da-habitacao\/#primaryimage"},"thumbnailUrl":"https:\/\/portaltela.pt\/s.01k8rhncp4jt1\/2026\/01\/img_1500x1000uu2024-11-24-22-14-46-2179220-3.jpg","datePublished":"2026-01-12T13:17:07+00:00","author":{"@id":"https:\/\/portaltela.pt\/#\/schema\/person\/c4278d4a6028830caff9ee44b42d32ed"},"breadcrumb":{"@id":"https:\/\/portaltela.pt\/noticias\/2026\/01\/12\/medidas-fiscais-do-governo-nao-conseguem-travar-crise-da-habitacao\/#breadcrumb"},"inLanguage":"pt-PT","potentialAction":[{"@type":"ReadAction","target":["https:\/\/portaltela.pt\/noticias\/2026\/01\/12\/medidas-fiscais-do-governo-nao-conseguem-travar-crise-da-habitacao\/"]}]},{"@type":"ImageObject","inLanguage":"pt-PT","@id":"https:\/\/portaltela.pt\/noticias\/2026\/01\/12\/medidas-fiscais-do-governo-nao-conseguem-travar-crise-da-habitacao\/#primaryimage","url":"https:\/\/portaltela.pt\/s.01k8rhncp4jt1\/2026\/01\/img_1500x1000uu2024-11-24-22-14-46-2179220-3.jpg","contentUrl":"https:\/\/portaltela.pt\/s.01k8rhncp4jt1\/2026\/01\/img_1500x1000uu2024-11-24-22-14-46-2179220-3.jpg","width":796,"height":448,"caption":"Habita\u00e7\u00e3o, Lisboa"},{"@type":"BreadcrumbList","@id":"https:\/\/portaltela.pt\/noticias\/2026\/01\/12\/medidas-fiscais-do-governo-nao-conseguem-travar-crise-da-habitacao\/#breadcrumb","itemListElement":[{"@type":"ListItem","position":1,"name":"In\u00edcio","item":"https:\/\/portaltela.pt\/"},{"@type":"ListItem","position":2,"name":"Medidas fiscais do Governo n\u00e3o conseguem travar crise da habita\u00e7\u00e3o"}]},{"@type":"WebSite","@id":"https:\/\/portaltela.pt\/#website","url":"https:\/\/portaltela.pt\/","name":"Portal Tela Portugal","description":"","potentialAction":[{"@type":"SearchAction","target":{"@type":"EntryPoint","urlTemplate":"https:\/\/portaltela.pt\/?s={search_term_string}"},"query-input":{"@type":"PropertyValueSpecification","valueRequired":true,"valueName":"search_term_string"}}],"inLanguage":"pt-PT"},{"@type":"Person","@id":"https:\/\/portaltela.pt\/#\/schema\/person\/c4278d4a6028830caff9ee44b42d32ed","name":"Telinha","image":{"@type":"ImageObject","inLanguage":"pt-PT","@id":"https:\/\/portaltela.pt\/s.01k8rhncp4jt1\/2025\/11\/talking-bot-125x125.png","url":"https:\/\/portaltela.pt\/s.01k8rhncp4jt1\/2025\/11\/talking-bot-125x125.png","contentUrl":"https:\/\/portaltela.pt\/s.01k8rhncp4jt1\/2025\/11\/talking-bot-125x125.png","caption":"Telinha"},"sameAs":["https:\/\/portaltela.pt\/"],"url":"https:\/\/portaltela.pt\/por\/367410592786\/"}]}},"_links":{"self":[{"href":"https:\/\/portaltela.pt\/api\/wp\/v2\/posts\/135401","targetHints":{"allow":["GET"]}}],"collection":[{"href":"https:\/\/portaltela.pt\/api\/wp\/v2\/posts"}],"about":[{"href":"https:\/\/portaltela.pt\/api\/wp\/v2\/types\/post"}],"author":[{"embeddable":true,"href":"https:\/\/portaltela.pt\/api\/wp\/v2\/users\/2"}],"replies":[{"embeddable":true,"href":"https:\/\/portaltela.pt\/api\/wp\/v2\/comments?post=135401"}],"version-history":[{"count":0,"href":"https:\/\/portaltela.pt\/api\/wp\/v2\/posts\/135401\/revisions"}],"wp:featuredmedia":[{"embeddable":true,"href":"https:\/\/portaltela.pt\/api\/wp\/v2\/media\/135405"}],"wp:attachment":[{"href":"https:\/\/portaltela.pt\/api\/wp\/v2\/media?parent=135401"}],"wp:term":[{"taxonomy":"category","embeddable":true,"href":"https:\/\/portaltela.pt\/api\/wp\/v2\/categories?post=135401"},{"taxonomy":"post_tag","embeddable":true,"href":"https:\/\/portaltela.pt\/api\/wp\/v2\/tags?post=135401"}],"curies":[{"name":"wp","href":"https:\/\/api.w.org\/{rel}","templated":true}]}}