{"id":135352,"date":"2026-01-12T09:48:07","date_gmt":"2026-01-12T12:48:07","guid":{"rendered":"https:\/\/portaltela.pt\/noticias\/2026\/01\/12\/globos-de-ouro-looks-marcantes-entre-transparencia-e-extravagancia\/"},"modified":"2026-01-12T09:48:07","modified_gmt":"2026-01-12T12:48:07","slug":"globos-de-ouro-looks-marcantes-entre-transparencia-e-extravagancia","status":"publish","type":"post","link":"https:\/\/portaltela.pt\/noticias\/2026\/01\/12\/globos-de-ouro-looks-marcantes-entre-transparencia-e-extravagancia\/","title":{"rendered":"Globos de Ouro: looks marcantes entre transpar\u00eancia e extravag\u00e2ncia"},"content":{"rendered":"<p>Os Globos de Ouro distinguiram esta madrugada, em Los Angeles, os melhores da televis\u00e3o na 83\u00aa edi\u00e7\u00e3o. A cerim\u00f3nia decorreu com transmiss\u00e3o internacional e numa passadeira vermelha marcada por escolhas ousadas e estilos cl\u00e1ssicos. A entrega manteve o tom de gala habitual, com aten\u00e7\u00f5es voltadas para as s\u00e9ries em competi\u00e7\u00e3o.<\/p>\n<p>The Pitt foi reconhecida como Melhor S\u00e9rie Dram\u00e1tica, numa noite em que a fic\u00e7\u00e3o dominou a categoria. A produ\u00e7\u00e3o destacou-se pela narrativa e pela rece\u00e7\u00e3o cr\u00edtica, consolidando o t\u00edtulo entre os principais reconhecimentos da noite. O an\u00fancio ocorreu durante a cerim\u00f3nia de apresenta\u00e7\u00e3o dos pr\u00e9mios.<\/p>\n<p>Adolesc\u00eancia sagrou-se vencedora em quase toda a categoria de Miniss\u00e9rie, fortalecendo a posi\u00e7\u00e3o da obra na celebra\u00e7\u00e3o. A produ\u00e7\u00e3o destacou-se pela qualidade de produ\u00e7\u00e3o e pela performance do elenco, refor\u00e7ando o peso da plataforma na qual esteve dispon\u00edvel.<\/p>\n<h3>Vencedores e momentos da noite<\/h3>\n<p>A lista de premiados confirmou v\u00e1rias escolhas de refer\u00eancia, com distin\u00e7\u00f5es adicionais para outras s\u00e9ries e criadores presentes. O evento manteve o equil\u00edbrio entre reconhecimento art\u00edstico e espect\u00e1culo na passadeira, com a atmosfera a refletir a maior parte dos galard\u00f5es a premiar o conjunto de trabalhos apresentados.<\/p>\n<h3>Passadeira vermelha e tend\u00eancias<\/h3>\n<p>Os looks na passadeira replicaram a mistura de glamour e inova\u00e7\u00e3o que marca os Globos de Ouro. Trajes cl\u00e1ssicos conviveram com propostas mais arrojadas, destacando-se escolhas de estilistas e tend\u00eancias de moda associadas \u00e0s obras premiadas.<\/p>\n","protected":false},"excerpt":{"rendered":"<ul>\n<li>A 83.\u00aa edi\u00e7\u00e3o dos Globos de Ouro decorreu de madrugada em Los Angeles.<\/li>\n<li>&#8220;The Pitt&#8221; foi distinguida como Melhor S\u00e9rie Dram\u00e1tica do ano.<\/li>\n<li>&#8220;Adolesc\u00eancia&#8221; venceu quase tudo na categoria de Miniss\u00e9rie.<\/li>\n<li>A passadeira vermelha acompanhou looks tradicionais antes da cerim\u00f3nia.<\/li>\n<li>O evento destacou uma combina\u00e7\u00e3o de transpar\u00eancias e pe\u00e7as mais extravagantes.<\/li>\n<\/ul>\n","protected":false},"author":2,"featured_media":135355,"comment_status":"closed","ping_status":"closed","sticky":false,"template":"","format":"standard","meta":{"footnotes":""},"categories":[12,1],"tags":[1858,76,1009,2927,135,1462],"class_list":["post-135352","post","type-post","status-publish","format-standard","has-post-thumbnail","hentry","category-entretenimento","category-noticias","tag-arte-teatro","tag-celebridades","tag-globos-de-ouro","tag-minisserie","tag-moda","tag-producao-de-conteudos-com-menores"],"yoast_head":"<!-- This site is optimized with the Yoast SEO plugin v27.2 - https:\/\/yoast.com\/product\/yoast-seo-wordpress\/ -->\n<title>Globos de Ouro: looks marcantes entre transpar\u00eancia e extravag\u00e2ncia - Portal Tela Portugal<\/title>\n<meta name=\"robots\" content=\"index, follow, max-snippet:-1, max-image-preview:large, max-video-preview:-1\" \/>\n<meta property=\"og:locale\" content=\"pt_PT\" \/>\n<meta property=\"og:type\" content=\"article\" \/>\n<meta property=\"og:title\" content=\"Globos de Ouro: looks marcantes entre transpar\u00eancia e extravag\u00e2ncia - Portal Tela Portugal\" \/>\n<meta property=\"og:description\" content=\"A 83.\u00aa edi\u00e7\u00e3o dos Globos de Ouro decorreu de madrugada em Los Angeles. &quot;The Pitt&quot; foi distinguida como Melhor S\u00e9rie Dram\u00e1tica do ano. &quot;Adolesc\u00eancia&quot; venceu quase tudo na categoria de Miniss\u00e9rie. A passadeira vermelha acompanhou looks tradicionais antes da cerim\u00f3nia. O evento destacou uma combina\u00e7\u00e3o de transpar\u00eancias e pe\u00e7as mais extravagantes.\" \/>\n<meta property=\"og:url\" content=\"https:\/\/portaltela.pt\/noticias\/2026\/01\/12\/globos-de-ouro-looks-marcantes-entre-transparencia-e-extravagancia\/\" \/>\n<meta property=\"og:site_name\" content=\"Portal Tela Portugal\" \/>\n<meta property=\"article:published_time\" content=\"2026-01-12T12:48:07+00:00\" \/>\n<meta name=\"author\" content=\"Telinha\" \/>\n<meta name=\"twitter:card\" content=\"summary_large_image\" \/>\n<meta name=\"twitter:label1\" content=\"Escrito por\" \/>\n\t<meta name=\"twitter:data1\" content=\"Telinha\" \/>\n\t<meta name=\"twitter:label2\" content=\"Tempo estimado de leitura\" \/>\n\t<meta name=\"twitter:data2\" content=\"1 minuto\" \/>\n<script type=\"application\/ld+json\" class=\"yoast-schema-graph\">{\"@context\":\"https:\/\/schema.org\",\"@graph\":[{\"@type\":\"Article\",\"@id\":\"https:\/\/portaltela.pt\/noticias\/2026\/01\/12\/globos-de-ouro-looks-marcantes-entre-transparencia-e-extravagancia\/#article\",\"isPartOf\":{\"@id\":\"https:\/\/portaltela.pt\/noticias\/2026\/01\/12\/globos-de-ouro-looks-marcantes-entre-transparencia-e-extravagancia\/\"},\"author\":{\"name\":\"Telinha\",\"@id\":\"https:\/\/portaltela.pt\/#\/schema\/person\/c4278d4a6028830caff9ee44b42d32ed\"},\"headline\":\"Globos de Ouro: looks marcantes entre transpar\u00eancia e extravag\u00e2ncia\",\"datePublished\":\"2026-01-12T12:48:07+00:00\",\"mainEntityOfPage\":{\"@id\":\"https:\/\/portaltela.pt\/noticias\/2026\/01\/12\/globos-de-ouro-looks-marcantes-entre-transparencia-e-extravagancia\/\"},\"wordCount\":274,\"image\":{\"@id\":\"https:\/\/portaltela.pt\/noticias\/2026\/01\/12\/globos-de-ouro-looks-marcantes-entre-transparencia-e-extravagancia\/#primaryimage\"},\"thumbnailUrl\":\"https:\/\/portaltela.pt\/s.01k8rhncp4jt1\/2026\/01\/img_1200x721uu2026-01-12-12-20-22-2414297-1.jpg\",\"keywords\":[\"arte\/teatro\",\"celebridades\",\"globos de ouro\",\"miniss\u00e9rie\",\"moda\",\"produ\u00e7\u00e3o de conte\u00fados com menores\"],\"articleSection\":[\"Entretenimento\",\"Not\u00edcias\"],\"inLanguage\":\"pt-PT\"},{\"@type\":\"WebPage\",\"@id\":\"https:\/\/portaltela.pt\/noticias\/2026\/01\/12\/globos-de-ouro-looks-marcantes-entre-transparencia-e-extravagancia\/\",\"url\":\"https:\/\/portaltela.pt\/noticias\/2026\/01\/12\/globos-de-ouro-looks-marcantes-entre-transparencia-e-extravagancia\/\",\"name\":\"Globos de Ouro: looks marcantes entre transpar\u00eancia e extravag\u00e2ncia - Portal Tela Portugal\",\"isPartOf\":{\"@id\":\"https:\/\/portaltela.pt\/#website\"},\"primaryImageOfPage\":{\"@id\":\"https:\/\/portaltela.pt\/noticias\/2026\/01\/12\/globos-de-ouro-looks-marcantes-entre-transparencia-e-extravagancia\/#primaryimage\"},\"image\":{\"@id\":\"https:\/\/portaltela.pt\/noticias\/2026\/01\/12\/globos-de-ouro-looks-marcantes-entre-transparencia-e-extravagancia\/#primaryimage\"},\"thumbnailUrl\":\"https:\/\/portaltela.pt\/s.01k8rhncp4jt1\/2026\/01\/img_1200x721uu2026-01-12-12-20-22-2414297-1.jpg\",\"datePublished\":\"2026-01-12T12:48:07+00:00\",\"author\":{\"@id\":\"https:\/\/portaltela.pt\/#\/schema\/person\/c4278d4a6028830caff9ee44b42d32ed\"},\"breadcrumb\":{\"@id\":\"https:\/\/portaltela.pt\/noticias\/2026\/01\/12\/globos-de-ouro-looks-marcantes-entre-transparencia-e-extravagancia\/#breadcrumb\"},\"inLanguage\":\"pt-PT\",\"potentialAction\":[{\"@type\":\"ReadAction\",\"target\":[\"https:\/\/portaltela.pt\/noticias\/2026\/01\/12\/globos-de-ouro-looks-marcantes-entre-transparencia-e-extravagancia\/\"]}]},{\"@type\":\"ImageObject\",\"inLanguage\":\"pt-PT\",\"@id\":\"https:\/\/portaltela.pt\/noticias\/2026\/01\/12\/globos-de-ouro-looks-marcantes-entre-transparencia-e-extravagancia\/#primaryimage\",\"url\":\"https:\/\/portaltela.pt\/s.01k8rhncp4jt1\/2026\/01\/img_1200x721uu2026-01-12-12-20-22-2414297-1.jpg\",\"contentUrl\":\"https:\/\/portaltela.pt\/s.01k8rhncp4jt1\/2026\/01\/img_1200x721uu2026-01-12-12-20-22-2414297-1.jpg\",\"width\":796,\"height\":448,\"caption\":\"Das transpar\u00eancias \u00e0 extravag\u00e2ncia: os looks que marcaram os Globos de Ouro\"},{\"@type\":\"BreadcrumbList\",\"@id\":\"https:\/\/portaltela.pt\/noticias\/2026\/01\/12\/globos-de-ouro-looks-marcantes-entre-transparencia-e-extravagancia\/#breadcrumb\",\"itemListElement\":[{\"@type\":\"ListItem\",\"position\":1,\"name\":\"In\u00edcio\",\"item\":\"https:\/\/portaltela.pt\/\"},{\"@type\":\"ListItem\",\"position\":2,\"name\":\"Globos de Ouro: looks marcantes entre transpar\u00eancia e extravag\u00e2ncia\"}]},{\"@type\":\"WebSite\",\"@id\":\"https:\/\/portaltela.pt\/#website\",\"url\":\"https:\/\/portaltela.pt\/\",\"name\":\"Portal Tela Portugal\",\"description\":\"\",\"potentialAction\":[{\"@type\":\"SearchAction\",\"target\":{\"@type\":\"EntryPoint\",\"urlTemplate\":\"https:\/\/portaltela.pt\/?s={search_term_string}\"},\"query-input\":{\"@type\":\"PropertyValueSpecification\",\"valueRequired\":true,\"valueName\":\"search_term_string\"}}],\"inLanguage\":\"pt-PT\"},{\"@type\":\"Person\",\"@id\":\"https:\/\/portaltela.pt\/#\/schema\/person\/c4278d4a6028830caff9ee44b42d32ed\",\"name\":\"Telinha\",\"image\":{\"@type\":\"ImageObject\",\"inLanguage\":\"pt-PT\",\"@id\":\"https:\/\/portaltela.pt\/s.01k8rhncp4jt1\/2025\/11\/talking-bot-125x125.png\",\"url\":\"https:\/\/portaltela.pt\/s.01k8rhncp4jt1\/2025\/11\/talking-bot-125x125.png\",\"contentUrl\":\"https:\/\/portaltela.pt\/s.01k8rhncp4jt1\/2025\/11\/talking-bot-125x125.png\",\"caption\":\"Telinha\"},\"sameAs\":[\"https:\/\/portaltela.pt\/\"],\"url\":\"https:\/\/portaltela.pt\/por\/367410592786\/\"}]}<\/script>\n<!-- \/ Yoast SEO plugin. -->","yoast_head_json":{"title":"Globos de Ouro: looks marcantes entre transpar\u00eancia e extravag\u00e2ncia - Portal Tela Portugal","robots":{"index":"index","follow":"follow","max-snippet":"max-snippet:-1","max-image-preview":"max-image-preview:large","max-video-preview":"max-video-preview:-1"},"og_locale":"pt_PT","og_type":"article","og_title":"Globos de Ouro: looks marcantes entre transpar\u00eancia e extravag\u00e2ncia - Portal Tela Portugal","og_description":"A 83.\u00aa edi\u00e7\u00e3o dos Globos de Ouro decorreu de madrugada em Los Angeles. \"The Pitt\" foi distinguida como Melhor S\u00e9rie Dram\u00e1tica do ano. \"Adolesc\u00eancia\" venceu quase tudo na categoria de Miniss\u00e9rie. A passadeira vermelha acompanhou looks tradicionais antes da cerim\u00f3nia. O evento destacou uma combina\u00e7\u00e3o de transpar\u00eancias e pe\u00e7as mais extravagantes.","og_url":"https:\/\/portaltela.pt\/noticias\/2026\/01\/12\/globos-de-ouro-looks-marcantes-entre-transparencia-e-extravagancia\/","og_site_name":"Portal Tela Portugal","article_published_time":"2026-01-12T12:48:07+00:00","author":"Telinha","twitter_card":"summary_large_image","twitter_misc":{"Escrito por":"Telinha","Tempo estimado de leitura":"1 minuto"},"schema":{"@context":"https:\/\/schema.org","@graph":[{"@type":"Article","@id":"https:\/\/portaltela.pt\/noticias\/2026\/01\/12\/globos-de-ouro-looks-marcantes-entre-transparencia-e-extravagancia\/#article","isPartOf":{"@id":"https:\/\/portaltela.pt\/noticias\/2026\/01\/12\/globos-de-ouro-looks-marcantes-entre-transparencia-e-extravagancia\/"},"author":{"name":"Telinha","@id":"https:\/\/portaltela.pt\/#\/schema\/person\/c4278d4a6028830caff9ee44b42d32ed"},"headline":"Globos de Ouro: looks marcantes entre transpar\u00eancia e extravag\u00e2ncia","datePublished":"2026-01-12T12:48:07+00:00","mainEntityOfPage":{"@id":"https:\/\/portaltela.pt\/noticias\/2026\/01\/12\/globos-de-ouro-looks-marcantes-entre-transparencia-e-extravagancia\/"},"wordCount":274,"image":{"@id":"https:\/\/portaltela.pt\/noticias\/2026\/01\/12\/globos-de-ouro-looks-marcantes-entre-transparencia-e-extravagancia\/#primaryimage"},"thumbnailUrl":"https:\/\/portaltela.pt\/s.01k8rhncp4jt1\/2026\/01\/img_1200x721uu2026-01-12-12-20-22-2414297-1.jpg","keywords":["arte\/teatro","celebridades","globos de ouro","miniss\u00e9rie","moda","produ\u00e7\u00e3o de conte\u00fados com menores"],"articleSection":["Entretenimento","Not\u00edcias"],"inLanguage":"pt-PT"},{"@type":"WebPage","@id":"https:\/\/portaltela.pt\/noticias\/2026\/01\/12\/globos-de-ouro-looks-marcantes-entre-transparencia-e-extravagancia\/","url":"https:\/\/portaltela.pt\/noticias\/2026\/01\/12\/globos-de-ouro-looks-marcantes-entre-transparencia-e-extravagancia\/","name":"Globos de Ouro: looks marcantes entre transpar\u00eancia e extravag\u00e2ncia - Portal Tela Portugal","isPartOf":{"@id":"https:\/\/portaltela.pt\/#website"},"primaryImageOfPage":{"@id":"https:\/\/portaltela.pt\/noticias\/2026\/01\/12\/globos-de-ouro-looks-marcantes-entre-transparencia-e-extravagancia\/#primaryimage"},"image":{"@id":"https:\/\/portaltela.pt\/noticias\/2026\/01\/12\/globos-de-ouro-looks-marcantes-entre-transparencia-e-extravagancia\/#primaryimage"},"thumbnailUrl":"https:\/\/portaltela.pt\/s.01k8rhncp4jt1\/2026\/01\/img_1200x721uu2026-01-12-12-20-22-2414297-1.jpg","datePublished":"2026-01-12T12:48:07+00:00","author":{"@id":"https:\/\/portaltela.pt\/#\/schema\/person\/c4278d4a6028830caff9ee44b42d32ed"},"breadcrumb":{"@id":"https:\/\/portaltela.pt\/noticias\/2026\/01\/12\/globos-de-ouro-looks-marcantes-entre-transparencia-e-extravagancia\/#breadcrumb"},"inLanguage":"pt-PT","potentialAction":[{"@type":"ReadAction","target":["https:\/\/portaltela.pt\/noticias\/2026\/01\/12\/globos-de-ouro-looks-marcantes-entre-transparencia-e-extravagancia\/"]}]},{"@type":"ImageObject","inLanguage":"pt-PT","@id":"https:\/\/portaltela.pt\/noticias\/2026\/01\/12\/globos-de-ouro-looks-marcantes-entre-transparencia-e-extravagancia\/#primaryimage","url":"https:\/\/portaltela.pt\/s.01k8rhncp4jt1\/2026\/01\/img_1200x721uu2026-01-12-12-20-22-2414297-1.jpg","contentUrl":"https:\/\/portaltela.pt\/s.01k8rhncp4jt1\/2026\/01\/img_1200x721uu2026-01-12-12-20-22-2414297-1.jpg","width":796,"height":448,"caption":"Das transpar\u00eancias \u00e0 extravag\u00e2ncia: os looks que marcaram os Globos de Ouro"},{"@type":"BreadcrumbList","@id":"https:\/\/portaltela.pt\/noticias\/2026\/01\/12\/globos-de-ouro-looks-marcantes-entre-transparencia-e-extravagancia\/#breadcrumb","itemListElement":[{"@type":"ListItem","position":1,"name":"In\u00edcio","item":"https:\/\/portaltela.pt\/"},{"@type":"ListItem","position":2,"name":"Globos de Ouro: looks marcantes entre transpar\u00eancia e extravag\u00e2ncia"}]},{"@type":"WebSite","@id":"https:\/\/portaltela.pt\/#website","url":"https:\/\/portaltela.pt\/","name":"Portal Tela Portugal","description":"","potentialAction":[{"@type":"SearchAction","target":{"@type":"EntryPoint","urlTemplate":"https:\/\/portaltela.pt\/?s={search_term_string}"},"query-input":{"@type":"PropertyValueSpecification","valueRequired":true,"valueName":"search_term_string"}}],"inLanguage":"pt-PT"},{"@type":"Person","@id":"https:\/\/portaltela.pt\/#\/schema\/person\/c4278d4a6028830caff9ee44b42d32ed","name":"Telinha","image":{"@type":"ImageObject","inLanguage":"pt-PT","@id":"https:\/\/portaltela.pt\/s.01k8rhncp4jt1\/2025\/11\/talking-bot-125x125.png","url":"https:\/\/portaltela.pt\/s.01k8rhncp4jt1\/2025\/11\/talking-bot-125x125.png","contentUrl":"https:\/\/portaltela.pt\/s.01k8rhncp4jt1\/2025\/11\/talking-bot-125x125.png","caption":"Telinha"},"sameAs":["https:\/\/portaltela.pt\/"],"url":"https:\/\/portaltela.pt\/por\/367410592786\/"}]}},"_links":{"self":[{"href":"https:\/\/portaltela.pt\/api\/wp\/v2\/posts\/135352","targetHints":{"allow":["GET"]}}],"collection":[{"href":"https:\/\/portaltela.pt\/api\/wp\/v2\/posts"}],"about":[{"href":"https:\/\/portaltela.pt\/api\/wp\/v2\/types\/post"}],"author":[{"embeddable":true,"href":"https:\/\/portaltela.pt\/api\/wp\/v2\/users\/2"}],"replies":[{"embeddable":true,"href":"https:\/\/portaltela.pt\/api\/wp\/v2\/comments?post=135352"}],"version-history":[{"count":0,"href":"https:\/\/portaltela.pt\/api\/wp\/v2\/posts\/135352\/revisions"}],"wp:featuredmedia":[{"embeddable":true,"href":"https:\/\/portaltela.pt\/api\/wp\/v2\/media\/135355"}],"wp:attachment":[{"href":"https:\/\/portaltela.pt\/api\/wp\/v2\/media?parent=135352"}],"wp:term":[{"taxonomy":"category","embeddable":true,"href":"https:\/\/portaltela.pt\/api\/wp\/v2\/categories?post=135352"},{"taxonomy":"post_tag","embeddable":true,"href":"https:\/\/portaltela.pt\/api\/wp\/v2\/tags?post=135352"}],"curies":[{"name":"wp","href":"https:\/\/api.w.org\/{rel}","templated":true}]}}