{"id":135180,"date":"2026-01-12T09:01:58","date_gmt":"2026-01-12T12:01:58","guid":{"rendered":"https:\/\/portaltela.pt\/noticias\/2026\/01\/12\/vitimas-do-burlao-da-gnr-que-se-barricou-em-felgueiras-falam-pela-primeira-vez\/"},"modified":"2026-01-12T09:01:58","modified_gmt":"2026-01-12T12:01:58","slug":"vitimas-do-burlao-da-gnr-que-se-barricou-em-felgueiras-falam-pela-primeira-vez","status":"publish","type":"post","link":"https:\/\/portaltela.pt\/noticias\/2026\/01\/12\/vitimas-do-burlao-da-gnr-que-se-barricou-em-felgueiras-falam-pela-primeira-vez\/","title":{"rendered":"V\u00edtimas do burl\u00e3o da GNR que se barricou em Felgueiras falam pela primeira vez"},"content":{"rendered":"<p>Um alegado burl\u00e3o que afirmava ser da GNR ficou barricado numa habita\u00e7\u00e3o em Felgueiras, no norte de Portugal, durante a tarde de 12 de janeiro de 2026. O incidente envolveu idosos alvo de golpes, segundo informa\u00e7\u00f5es apuradas pela nossa reda\u00e7\u00e3o.<\/p>\n<p>As v\u00edtimas contaram, pela primeira vez, o que viveram durante as burlas que levaram \u00e0 interven\u00e7\u00e3o policial. O caso ganhou destaque ao revelar situa\u00e7\u00f5es de intimida\u00e7\u00e3o e falsas abordagens com o intuito de obter vantagens financeiras.<\/p>\n<p>Conforme o relatado, o suspeito manteve-se no local sob vigil\u00e2ncia das for\u00e7as de seguran\u00e7a, que tentaram negociar a rendi\u00e7\u00e3o. A ocorr\u00eancia ocorreu na hora especificada de 12:01, e as autoridades seguem com os procedimentos de investiga\u00e7\u00e3o para esclarecer a sequ\u00eancia de alegadas fraudes.<\/p>\n<h3>Envolvidos e declara\u00e7\u00f5es<\/h3>\n<p>Pai e m\u00e3e de S\u00e9rgio Ribeiro, indiv\u00edduo j\u00e1 ligado \u00e0s burlas a idosos, recusaram falar ao programa Doa a Quem Doer. A defesa de familiares n\u00e3o forneceu coment\u00e1rios adicionais at\u00e9 ao momento, mantendo-se em sil\u00eancio sobre o caso.<\/p>\n<p>As autoridades n\u00e3o confirmaram pormenores adicionais sobre o desfecho da situa\u00e7\u00e3o ou sobre eventuais deten\u00e7\u00f5es. A investiga\u00e7\u00e3o prossegue para verificar o alcance das burlas e a potencial participa\u00e7\u00e3o de terceiros envolvendo as v\u00edtimas.<\/p>\n","protected":false},"excerpt":{"rendered":"<ul>\n<li>V\u00edtimas do burl\u00e3o da GNR que se barricou em Felgueiras quebraram o sil\u00eancio.<\/li>\n<li>O pai de S\u00e9rgio Ribeiro recusou falar ao programa Doa a Quem Doer, e a m\u00e3e tamb\u00e9m n\u00e3o deu declara\u00e7\u00f5es.<\/li>\n<li>S\u00e9rgio Ribeiro \u00e9 referido como envolvido nas burlas a idosos.<\/li>\n<li>O epis\u00f3dio ocorreu em Felgueiras, com relatos das v\u00edtimas.<\/li>\n<li>A not\u00edcia foi publicada em 12 de janeiro de 2026 \u00e0s 12:01.<\/li>\n<\/ul>\n","protected":false},"author":2,"featured_media":135191,"comment_status":"closed","ping_status":"closed","sticky":false,"template":"","format":"standard","meta":{"footnotes":""},"categories":[1],"tags":[470,746,2210,2736,215,250],"class_list":["post-135180","post","type-post","status-publish","format-standard","has-post-thumbnail","hentry","category-noticias","tag-abuso-de-autoridade","tag-abuso-de-confianca","tag-felgueiras","tag-idosos","tag-investigacao","tag-seguranca-publica"],"yoast_head":"<!-- This site is optimized with the Yoast SEO plugin v27.2 - https:\/\/yoast.com\/product\/yoast-seo-wordpress\/ -->\n<title>V\u00edtimas do burl\u00e3o da GNR que se barricou em Felgueiras falam pela primeira vez - Portal Tela Portugal<\/title>\n<meta name=\"robots\" content=\"index, follow, max-snippet:-1, max-image-preview:large, max-video-preview:-1\" \/>\n<meta property=\"og:locale\" content=\"pt_PT\" \/>\n<meta property=\"og:type\" content=\"article\" \/>\n<meta property=\"og:title\" content=\"V\u00edtimas do burl\u00e3o da GNR que se barricou em Felgueiras falam pela primeira vez - Portal Tela Portugal\" \/>\n<meta property=\"og:description\" content=\"V\u00edtimas do burl\u00e3o da GNR que se barricou em Felgueiras quebraram o sil\u00eancio. O pai de S\u00e9rgio Ribeiro recusou falar ao programa Doa a Quem Doer, e a m\u00e3e tamb\u00e9m n\u00e3o deu declara\u00e7\u00f5es. S\u00e9rgio Ribeiro \u00e9 referido como envolvido nas burlas a idosos. O epis\u00f3dio ocorreu em Felgueiras, com relatos das v\u00edtimas. A not\u00edcia foi publicada em 12 de janeiro de 2026 \u00e0s 12:01.\" \/>\n<meta property=\"og:url\" content=\"https:\/\/portaltela.pt\/noticias\/2026\/01\/12\/vitimas-do-burlao-da-gnr-que-se-barricou-em-felgueiras-falam-pela-primeira-vez\/\" \/>\n<meta property=\"og:site_name\" content=\"Portal Tela Portugal\" \/>\n<meta property=\"article:published_time\" content=\"2026-01-12T12:01:58+00:00\" \/>\n<meta name=\"author\" content=\"Telinha\" \/>\n<meta name=\"twitter:card\" content=\"summary_large_image\" \/>\n<meta name=\"twitter:label1\" content=\"Escrito por\" \/>\n\t<meta name=\"twitter:data1\" content=\"Telinha\" \/>\n\t<meta name=\"twitter:label2\" content=\"Tempo estimado de leitura\" \/>\n\t<meta name=\"twitter:data2\" content=\"1 minuto\" \/>\n<script type=\"application\/ld+json\" class=\"yoast-schema-graph\">{\"@context\":\"https:\/\/schema.org\",\"@graph\":[{\"@type\":\"Article\",\"@id\":\"https:\/\/portaltela.pt\/noticias\/2026\/01\/12\/vitimas-do-burlao-da-gnr-que-se-barricou-em-felgueiras-falam-pela-primeira-vez\/#article\",\"isPartOf\":{\"@id\":\"https:\/\/portaltela.pt\/noticias\/2026\/01\/12\/vitimas-do-burlao-da-gnr-que-se-barricou-em-felgueiras-falam-pela-primeira-vez\/\"},\"author\":{\"name\":\"Telinha\",\"@id\":\"https:\/\/portaltela.pt\/#\/schema\/person\/c4278d4a6028830caff9ee44b42d32ed\"},\"headline\":\"V\u00edtimas do burl\u00e3o da GNR que se barricou em Felgueiras falam pela primeira vez\",\"datePublished\":\"2026-01-12T12:01:58+00:00\",\"mainEntityOfPage\":{\"@id\":\"https:\/\/portaltela.pt\/noticias\/2026\/01\/12\/vitimas-do-burlao-da-gnr-que-se-barricou-em-felgueiras-falam-pela-primeira-vez\/\"},\"wordCount\":233,\"image\":{\"@id\":\"https:\/\/portaltela.pt\/noticias\/2026\/01\/12\/vitimas-do-burlao-da-gnr-que-se-barricou-em-felgueiras-falam-pela-primeira-vez\/#primaryimage\"},\"thumbnailUrl\":\"https:\/\/portaltela.pt\/s.01k8rhncp4jt1\/2026\/01\/img_1280x722uu2026-01-09-20-16-13-2259139.jpg\",\"keywords\":[\"abuso de autoridade\",\"abuso de confian\u00e7a\",\"Felgueiras\",\"idosos\",\"investiga\u00e7\u00e3o\",\"seguran\u00e7a p\u00fablica\"],\"articleSection\":[\"Not\u00edcias\"],\"inLanguage\":\"pt-PT\"},{\"@type\":\"WebPage\",\"@id\":\"https:\/\/portaltela.pt\/noticias\/2026\/01\/12\/vitimas-do-burlao-da-gnr-que-se-barricou-em-felgueiras-falam-pela-primeira-vez\/\",\"url\":\"https:\/\/portaltela.pt\/noticias\/2026\/01\/12\/vitimas-do-burlao-da-gnr-que-se-barricou-em-felgueiras-falam-pela-primeira-vez\/\",\"name\":\"V\u00edtimas do burl\u00e3o da GNR que se barricou em Felgueiras falam pela primeira vez - Portal Tela Portugal\",\"isPartOf\":{\"@id\":\"https:\/\/portaltela.pt\/#website\"},\"primaryImageOfPage\":{\"@id\":\"https:\/\/portaltela.pt\/noticias\/2026\/01\/12\/vitimas-do-burlao-da-gnr-que-se-barricou-em-felgueiras-falam-pela-primeira-vez\/#primaryimage\"},\"image\":{\"@id\":\"https:\/\/portaltela.pt\/noticias\/2026\/01\/12\/vitimas-do-burlao-da-gnr-que-se-barricou-em-felgueiras-falam-pela-primeira-vez\/#primaryimage\"},\"thumbnailUrl\":\"https:\/\/portaltela.pt\/s.01k8rhncp4jt1\/2026\/01\/img_1280x722uu2026-01-09-20-16-13-2259139.jpg\",\"datePublished\":\"2026-01-12T12:01:58+00:00\",\"author\":{\"@id\":\"https:\/\/portaltela.pt\/#\/schema\/person\/c4278d4a6028830caff9ee44b42d32ed\"},\"breadcrumb\":{\"@id\":\"https:\/\/portaltela.pt\/noticias\/2026\/01\/12\/vitimas-do-burlao-da-gnr-que-se-barricou-em-felgueiras-falam-pela-primeira-vez\/#breadcrumb\"},\"inLanguage\":\"pt-PT\",\"potentialAction\":[{\"@type\":\"ReadAction\",\"target\":[\"https:\/\/portaltela.pt\/noticias\/2026\/01\/12\/vitimas-do-burlao-da-gnr-que-se-barricou-em-felgueiras-falam-pela-primeira-vez\/\"]}]},{\"@type\":\"ImageObject\",\"inLanguage\":\"pt-PT\",\"@id\":\"https:\/\/portaltela.pt\/noticias\/2026\/01\/12\/vitimas-do-burlao-da-gnr-que-se-barricou-em-felgueiras-falam-pela-primeira-vez\/#primaryimage\",\"url\":\"https:\/\/portaltela.pt\/s.01k8rhncp4jt1\/2026\/01\/img_1280x722uu2026-01-09-20-16-13-2259139.jpg\",\"contentUrl\":\"https:\/\/portaltela.pt\/s.01k8rhncp4jt1\/2026\/01\/img_1280x722uu2026-01-09-20-16-13-2259139.jpg\",\"width\":796,\"height\":448,\"caption\":\"Photo\"},{\"@type\":\"BreadcrumbList\",\"@id\":\"https:\/\/portaltela.pt\/noticias\/2026\/01\/12\/vitimas-do-burlao-da-gnr-que-se-barricou-em-felgueiras-falam-pela-primeira-vez\/#breadcrumb\",\"itemListElement\":[{\"@type\":\"ListItem\",\"position\":1,\"name\":\"In\u00edcio\",\"item\":\"https:\/\/portaltela.pt\/\"},{\"@type\":\"ListItem\",\"position\":2,\"name\":\"V\u00edtimas do burl\u00e3o da GNR que se barricou em Felgueiras falam pela primeira vez\"}]},{\"@type\":\"WebSite\",\"@id\":\"https:\/\/portaltela.pt\/#website\",\"url\":\"https:\/\/portaltela.pt\/\",\"name\":\"Portal Tela Portugal\",\"description\":\"\",\"potentialAction\":[{\"@type\":\"SearchAction\",\"target\":{\"@type\":\"EntryPoint\",\"urlTemplate\":\"https:\/\/portaltela.pt\/?s={search_term_string}\"},\"query-input\":{\"@type\":\"PropertyValueSpecification\",\"valueRequired\":true,\"valueName\":\"search_term_string\"}}],\"inLanguage\":\"pt-PT\"},{\"@type\":\"Person\",\"@id\":\"https:\/\/portaltela.pt\/#\/schema\/person\/c4278d4a6028830caff9ee44b42d32ed\",\"name\":\"Telinha\",\"image\":{\"@type\":\"ImageObject\",\"inLanguage\":\"pt-PT\",\"@id\":\"https:\/\/portaltela.pt\/s.01k8rhncp4jt1\/2025\/11\/talking-bot-125x125.png\",\"url\":\"https:\/\/portaltela.pt\/s.01k8rhncp4jt1\/2025\/11\/talking-bot-125x125.png\",\"contentUrl\":\"https:\/\/portaltela.pt\/s.01k8rhncp4jt1\/2025\/11\/talking-bot-125x125.png\",\"caption\":\"Telinha\"},\"sameAs\":[\"https:\/\/portaltela.pt\/\"],\"url\":\"https:\/\/portaltela.pt\/por\/367410592786\/\"}]}<\/script>\n<!-- \/ Yoast SEO plugin. -->","yoast_head_json":{"title":"V\u00edtimas do burl\u00e3o da GNR que se barricou em Felgueiras falam pela primeira vez - Portal Tela Portugal","robots":{"index":"index","follow":"follow","max-snippet":"max-snippet:-1","max-image-preview":"max-image-preview:large","max-video-preview":"max-video-preview:-1"},"og_locale":"pt_PT","og_type":"article","og_title":"V\u00edtimas do burl\u00e3o da GNR que se barricou em Felgueiras falam pela primeira vez - Portal Tela Portugal","og_description":"V\u00edtimas do burl\u00e3o da GNR que se barricou em Felgueiras quebraram o sil\u00eancio. O pai de S\u00e9rgio Ribeiro recusou falar ao programa Doa a Quem Doer, e a m\u00e3e tamb\u00e9m n\u00e3o deu declara\u00e7\u00f5es. S\u00e9rgio Ribeiro \u00e9 referido como envolvido nas burlas a idosos. O epis\u00f3dio ocorreu em Felgueiras, com relatos das v\u00edtimas. A not\u00edcia foi publicada em 12 de janeiro de 2026 \u00e0s 12:01.","og_url":"https:\/\/portaltela.pt\/noticias\/2026\/01\/12\/vitimas-do-burlao-da-gnr-que-se-barricou-em-felgueiras-falam-pela-primeira-vez\/","og_site_name":"Portal Tela Portugal","article_published_time":"2026-01-12T12:01:58+00:00","author":"Telinha","twitter_card":"summary_large_image","twitter_misc":{"Escrito por":"Telinha","Tempo estimado de leitura":"1 minuto"},"schema":{"@context":"https:\/\/schema.org","@graph":[{"@type":"Article","@id":"https:\/\/portaltela.pt\/noticias\/2026\/01\/12\/vitimas-do-burlao-da-gnr-que-se-barricou-em-felgueiras-falam-pela-primeira-vez\/#article","isPartOf":{"@id":"https:\/\/portaltela.pt\/noticias\/2026\/01\/12\/vitimas-do-burlao-da-gnr-que-se-barricou-em-felgueiras-falam-pela-primeira-vez\/"},"author":{"name":"Telinha","@id":"https:\/\/portaltela.pt\/#\/schema\/person\/c4278d4a6028830caff9ee44b42d32ed"},"headline":"V\u00edtimas do burl\u00e3o da GNR que se barricou em Felgueiras falam pela primeira vez","datePublished":"2026-01-12T12:01:58+00:00","mainEntityOfPage":{"@id":"https:\/\/portaltela.pt\/noticias\/2026\/01\/12\/vitimas-do-burlao-da-gnr-que-se-barricou-em-felgueiras-falam-pela-primeira-vez\/"},"wordCount":233,"image":{"@id":"https:\/\/portaltela.pt\/noticias\/2026\/01\/12\/vitimas-do-burlao-da-gnr-que-se-barricou-em-felgueiras-falam-pela-primeira-vez\/#primaryimage"},"thumbnailUrl":"https:\/\/portaltela.pt\/s.01k8rhncp4jt1\/2026\/01\/img_1280x722uu2026-01-09-20-16-13-2259139.jpg","keywords":["abuso de autoridade","abuso de confian\u00e7a","Felgueiras","idosos","investiga\u00e7\u00e3o","seguran\u00e7a p\u00fablica"],"articleSection":["Not\u00edcias"],"inLanguage":"pt-PT"},{"@type":"WebPage","@id":"https:\/\/portaltela.pt\/noticias\/2026\/01\/12\/vitimas-do-burlao-da-gnr-que-se-barricou-em-felgueiras-falam-pela-primeira-vez\/","url":"https:\/\/portaltela.pt\/noticias\/2026\/01\/12\/vitimas-do-burlao-da-gnr-que-se-barricou-em-felgueiras-falam-pela-primeira-vez\/","name":"V\u00edtimas do burl\u00e3o da GNR que se barricou em Felgueiras falam pela primeira vez - Portal Tela Portugal","isPartOf":{"@id":"https:\/\/portaltela.pt\/#website"},"primaryImageOfPage":{"@id":"https:\/\/portaltela.pt\/noticias\/2026\/01\/12\/vitimas-do-burlao-da-gnr-que-se-barricou-em-felgueiras-falam-pela-primeira-vez\/#primaryimage"},"image":{"@id":"https:\/\/portaltela.pt\/noticias\/2026\/01\/12\/vitimas-do-burlao-da-gnr-que-se-barricou-em-felgueiras-falam-pela-primeira-vez\/#primaryimage"},"thumbnailUrl":"https:\/\/portaltela.pt\/s.01k8rhncp4jt1\/2026\/01\/img_1280x722uu2026-01-09-20-16-13-2259139.jpg","datePublished":"2026-01-12T12:01:58+00:00","author":{"@id":"https:\/\/portaltela.pt\/#\/schema\/person\/c4278d4a6028830caff9ee44b42d32ed"},"breadcrumb":{"@id":"https:\/\/portaltela.pt\/noticias\/2026\/01\/12\/vitimas-do-burlao-da-gnr-que-se-barricou-em-felgueiras-falam-pela-primeira-vez\/#breadcrumb"},"inLanguage":"pt-PT","potentialAction":[{"@type":"ReadAction","target":["https:\/\/portaltela.pt\/noticias\/2026\/01\/12\/vitimas-do-burlao-da-gnr-que-se-barricou-em-felgueiras-falam-pela-primeira-vez\/"]}]},{"@type":"ImageObject","inLanguage":"pt-PT","@id":"https:\/\/portaltela.pt\/noticias\/2026\/01\/12\/vitimas-do-burlao-da-gnr-que-se-barricou-em-felgueiras-falam-pela-primeira-vez\/#primaryimage","url":"https:\/\/portaltela.pt\/s.01k8rhncp4jt1\/2026\/01\/img_1280x722uu2026-01-09-20-16-13-2259139.jpg","contentUrl":"https:\/\/portaltela.pt\/s.01k8rhncp4jt1\/2026\/01\/img_1280x722uu2026-01-09-20-16-13-2259139.jpg","width":796,"height":448,"caption":"Photo"},{"@type":"BreadcrumbList","@id":"https:\/\/portaltela.pt\/noticias\/2026\/01\/12\/vitimas-do-burlao-da-gnr-que-se-barricou-em-felgueiras-falam-pela-primeira-vez\/#breadcrumb","itemListElement":[{"@type":"ListItem","position":1,"name":"In\u00edcio","item":"https:\/\/portaltela.pt\/"},{"@type":"ListItem","position":2,"name":"V\u00edtimas do burl\u00e3o da GNR que se barricou em Felgueiras falam pela primeira vez"}]},{"@type":"WebSite","@id":"https:\/\/portaltela.pt\/#website","url":"https:\/\/portaltela.pt\/","name":"Portal Tela Portugal","description":"","potentialAction":[{"@type":"SearchAction","target":{"@type":"EntryPoint","urlTemplate":"https:\/\/portaltela.pt\/?s={search_term_string}"},"query-input":{"@type":"PropertyValueSpecification","valueRequired":true,"valueName":"search_term_string"}}],"inLanguage":"pt-PT"},{"@type":"Person","@id":"https:\/\/portaltela.pt\/#\/schema\/person\/c4278d4a6028830caff9ee44b42d32ed","name":"Telinha","image":{"@type":"ImageObject","inLanguage":"pt-PT","@id":"https:\/\/portaltela.pt\/s.01k8rhncp4jt1\/2025\/11\/talking-bot-125x125.png","url":"https:\/\/portaltela.pt\/s.01k8rhncp4jt1\/2025\/11\/talking-bot-125x125.png","contentUrl":"https:\/\/portaltela.pt\/s.01k8rhncp4jt1\/2025\/11\/talking-bot-125x125.png","caption":"Telinha"},"sameAs":["https:\/\/portaltela.pt\/"],"url":"https:\/\/portaltela.pt\/por\/367410592786\/"}]}},"_links":{"self":[{"href":"https:\/\/portaltela.pt\/api\/wp\/v2\/posts\/135180","targetHints":{"allow":["GET"]}}],"collection":[{"href":"https:\/\/portaltela.pt\/api\/wp\/v2\/posts"}],"about":[{"href":"https:\/\/portaltela.pt\/api\/wp\/v2\/types\/post"}],"author":[{"embeddable":true,"href":"https:\/\/portaltela.pt\/api\/wp\/v2\/users\/2"}],"replies":[{"embeddable":true,"href":"https:\/\/portaltela.pt\/api\/wp\/v2\/comments?post=135180"}],"version-history":[{"count":0,"href":"https:\/\/portaltela.pt\/api\/wp\/v2\/posts\/135180\/revisions"}],"wp:featuredmedia":[{"embeddable":true,"href":"https:\/\/portaltela.pt\/api\/wp\/v2\/media\/135191"}],"wp:attachment":[{"href":"https:\/\/portaltela.pt\/api\/wp\/v2\/media?parent=135180"}],"wp:term":[{"taxonomy":"category","embeddable":true,"href":"https:\/\/portaltela.pt\/api\/wp\/v2\/categories?post=135180"},{"taxonomy":"post_tag","embeddable":true,"href":"https:\/\/portaltela.pt\/api\/wp\/v2\/tags?post=135180"}],"curies":[{"name":"wp","href":"https:\/\/api.w.org\/{rel}","templated":true}]}}