{"id":135171,"date":"2026-01-11T21:00:00","date_gmt":"2026-01-12T00:00:00","guid":{"rendered":"https:\/\/portaltela.pt\/noticias\/2026\/01\/11\/primal-temporada-3-chega-aos-fas-com-novas-aventuras\/"},"modified":"2026-01-11T21:00:00","modified_gmt":"2026-01-12T00:00:00","slug":"primal-temporada-3-chega-aos-fas-com-novas-aventuras","status":"publish","type":"post","link":"https:\/\/portaltela.pt\/noticias\/2026\/01\/11\/primal-temporada-3-chega-aos-fas-com-novas-aventuras\/","title":{"rendered":"Primal, temporada 3 chega aos f\u00e3s com novas aventuras"},"content":{"rendered":"<p>Genndy Tartakovsky volta a dominar a programa\u00e7\u00e3o de anima\u00e7\u00e3o com Primal, enquanto Industry mant\u00e9m a fasquia alta em drama corporativo. A costa de estreias em plataformas de streaming j\u00e1 est\u00e1 definida para a semana de 12 a 15 de janeiro. O foco \u00e9 informar de forma objetiva as novidades e datas.<\/p>\n<p>No conjunto, s\u00e3o lan\u00e7amentos que abrangem territ\u00f3rio de fic\u00e7\u00e3o, thriller e document\u00e1rios. A sele\u00e7\u00e3o revela produ\u00e7\u00f5es variadas, com destaque para s\u00e9ries que marcaram j\u00e1 o primeiro semestre de 2026 e que chegam aos servi\u00e7os de streaming em Portugal.<\/p>\n<h3>Primal, temporada 3<\/h3>\n<h2>HBO Max, segunda-feira, 12 de janeiro<\/h2>\n<p>Genndy Tartakovsky desenvolve uma anima\u00e7\u00e3o que mistura humanos e dinossauros, numa vers\u00e3o pr\u00e9-hist\u00f3rica anacr\u00f3nica. Conta a hist\u00f3ria de um humano e de um dinossauro que o acompanha em sobreviv\u00eancia.<\/p>\n<h3>Industry, temporada 4<\/h3>\n<h2>HBO Max, segunda-feira, 12 de janeiro<\/h2>\n<p>A s\u00e9rie mant\u00e9m o tom de poder e fortuna, agora com din\u00e2micas de tomada de decis\u00e3o mais complexas. Mickey Down e Konrad Kay continuam a explorar o mundo da alta finan\u00e7a, tecnologia e aristocracia inglesa.<\/p>\n<h3>Mente-me, temporada 3<\/h3>\n<h2>Disney+, ter\u00e7a-feira, 13 de janeiro<\/h2>\n<p>Adapta\u00e7\u00e3o de Meaghan Oppenheimer, a partir de Carola Lovering. Drama rom\u00e2ntico entre Lucy Albright e Stephen DeMarco em Nova Iorque, com p\u00fablico jovem adulto.<\/p>\n<h3>Hijack, temporada 2<\/h3>\n<h2>Apple TV+, quarta-feira, 14 de janeiro<\/h2>\n<p>Sam Nelson, negociador de resgates, volta a agir em uma crise de sequestro. Desta vez, em Berlim, no metro. O enredo mant\u00e9m o suspense da temporada anterior.<\/p>\n<h3>De Polo a Polo Com Will Smith<\/h3>\n<h2>Disney+, quarta-feira, 14 de janeiro<\/h2>\n<p>Document\u00e1rio da National Geographic segue Will Smith numa viagem de cem dias, desde o Polo Sul at\u00e9 ao Polo Norte, passando pela Amaz\u00f3nia e Himalaias, com v\u00e1rias experi\u00eancias.<\/p>\n<h3>O Golpe<\/h3>\n<h2>Filmin, quinta-feira, 15 de janeiro<\/h2>\n<p>Thriller de Nelicia Low estreia em exclusivo. Han sai de uma pris\u00e3o de menores e procura provar a sua inoc\u00eancia, ao lado do irm\u00e3o Jie, que treina para um campeonato.<\/p>\n<h3>Os Sete Rel\u00f3gios de Agatha Christie<\/h3>\n<h2>Netflix, quinta-feira, 15 de janeiro<\/h2>\n<p>Miniss\u00e9rie com tr\u00eas epis\u00f3dios adapta novela de 1929. Contam com Mia McKenna-Bruce, Helena Bonham Carter e Martin Freeman, numa altura em que se assinalam 50 anos sem a autora.<\/p>\n<h3>The Upshaws, parte 7<\/h3>\n<h2>Netflix, quinta-feira, 15 de janeiro<\/h2>\n<p>S\u00e9rie de com\u00e9dia sobre uma fam\u00edlia afro-americana do Indiana encerra com doze epis\u00f3dios. Elenco principal inclui Mike Epps, Wanda Sykes e Kim Fields.<\/p>\n","protected":false},"excerpt":{"rendered":"<ul>\n<li>Primal, temporada 3 \u2014 HBO Max, 12 de janeiro; cria\u00e7\u00e3o de Genndy Tartakovsky; anima\u00e7\u00e3o ambientada numa vers\u00e3o pr\u00e9-hist\u00f3rica onde humanos e dinossauros convivem, focada na sobreviv\u00eancia de um humano e do dinossauro que o acompanha.<\/li>\n<li>Industry, temporada 4 \u2014 HBO Max, 12 de janeiro; continua a explorar lutas de poder na alta finan\u00e7a e tecnologia, com din\u00e2micas menos familiares e novas perspetivas sobre riqueza e influ\u00eancia.<\/li>\n<li>Mente-me, temporada 3 \u2014 Disney+, 13 de janeiro; adapta\u00e7\u00e3o de Meaghan Oppenheimer a partir de um romance de Carola Lovering; acompanha Lucy Albright e Stephen DeMarco em Nova Iorque.<\/li>\n<li>Hijack, temporada 2 \u2014 Apple TV+, 14 de janeiro; continua\u00e7\u00e3o da s\u00e9rie com Sam Nelson, desta vez num sequestro no metro de Berlim, com oito horas de suspense em terra firme.<\/li>\n<li>Os Sete Rel\u00f3gios de Agatha Christie \u2014 Netflix, 15 de janeiro; miniss\u00e9rie de tr\u00eas epis\u00f3dios adaptando uma hist\u00f3ria de Christie (publicada em 1929), com Mia McKenna-Bruce, Helena Bonham Carter e Martin Freeman.<\/li>\n<\/ul>\n","protected":false},"author":2,"featured_media":135205,"comment_status":"closed","ping_status":"closed","sticky":false,"template":"","format":"standard","meta":{"footnotes":""},"categories":[12,1],"tags":[2912,2924,196,2925,2913,2921],"class_list":["post-135171","post","type-post","status-publish","format-standard","has-post-thumbnail","hentry","category-entretenimento","category-noticias","tag-apple-tv","tag-disney","tag-documentarios","tag-filmin","tag-hbo-max","tag-netflix"],"yoast_head":"<!-- This site is optimized with the Yoast SEO plugin v27.2 - https:\/\/yoast.com\/product\/yoast-seo-wordpress\/ -->\n<title>Primal, temporada 3 chega aos f\u00e3s com novas aventuras - Portal Tela Portugal<\/title>\n<meta name=\"robots\" content=\"index, follow, max-snippet:-1, max-image-preview:large, max-video-preview:-1\" \/>\n<meta property=\"og:locale\" content=\"pt_PT\" \/>\n<meta property=\"og:type\" content=\"article\" \/>\n<meta property=\"og:title\" content=\"Primal, temporada 3 chega aos f\u00e3s com novas aventuras - Portal Tela Portugal\" \/>\n<meta property=\"og:description\" content=\"Primal, temporada 3 \u2014 HBO Max, 12 de janeiro; cria\u00e7\u00e3o de Genndy Tartakovsky; anima\u00e7\u00e3o ambientada numa vers\u00e3o pr\u00e9-hist\u00f3rica onde humanos e dinossauros convivem, focada na sobreviv\u00eancia de um humano e do dinossauro que o acompanha. Industry, temporada 4 \u2014 HBO Max, 12 de janeiro; continua a explorar lutas de poder na alta finan\u00e7a e tecnologia, com din\u00e2micas menos familiares e novas perspetivas sobre riqueza e influ\u00eancia. Mente-me, temporada 3 \u2014 Disney+, 13 de janeiro; adapta\u00e7\u00e3o de Meaghan Oppenheimer a partir de um romance de Carola Lovering; acompanha Lucy Albright e Stephen DeMarco em Nova Iorque. Hijack, temporada 2 \u2014 Apple TV+, 14 de janeiro; continua\u00e7\u00e3o da s\u00e9rie com Sam Nelson, desta vez num sequestro no metro de Berlim, com oito horas de suspense em terra firme. Os Sete Rel\u00f3gios de Agatha Christie \u2014 Netflix, 15 de janeiro; miniss\u00e9rie de tr\u00eas epis\u00f3dios adaptando uma hist\u00f3ria de Christie (publicada em 1929), com Mia McKenna-Bruce, Helena Bonham Carter e Martin Freeman.\" \/>\n<meta property=\"og:url\" content=\"https:\/\/portaltela.pt\/noticias\/2026\/01\/11\/primal-temporada-3-chega-aos-fas-com-novas-aventuras\/\" \/>\n<meta property=\"og:site_name\" content=\"Portal Tela Portugal\" \/>\n<meta property=\"article:published_time\" content=\"2026-01-12T00:00:00+00:00\" \/>\n<meta name=\"author\" content=\"Telinha\" \/>\n<meta name=\"twitter:card\" content=\"summary_large_image\" \/>\n<meta name=\"twitter:label1\" content=\"Escrito por\" \/>\n\t<meta name=\"twitter:data1\" content=\"Telinha\" \/>\n\t<meta name=\"twitter:label2\" content=\"Tempo estimado de leitura\" \/>\n\t<meta name=\"twitter:data2\" content=\"2 minutos\" \/>\n<script type=\"application\/ld+json\" class=\"yoast-schema-graph\">{\"@context\":\"https:\/\/schema.org\",\"@graph\":[{\"@type\":\"Article\",\"@id\":\"https:\/\/portaltela.pt\/noticias\/2026\/01\/11\/primal-temporada-3-chega-aos-fas-com-novas-aventuras\/#article\",\"isPartOf\":{\"@id\":\"https:\/\/portaltela.pt\/noticias\/2026\/01\/11\/primal-temporada-3-chega-aos-fas-com-novas-aventuras\/\"},\"author\":{\"name\":\"Telinha\",\"@id\":\"https:\/\/portaltela.pt\/#\/schema\/person\/c4278d4a6028830caff9ee44b42d32ed\"},\"headline\":\"Primal, temporada 3 chega aos f\u00e3s com novas aventuras\",\"datePublished\":\"2026-01-12T00:00:00+00:00\",\"mainEntityOfPage\":{\"@id\":\"https:\/\/portaltela.pt\/noticias\/2026\/01\/11\/primal-temporada-3-chega-aos-fas-com-novas-aventuras\/\"},\"wordCount\":422,\"image\":{\"@id\":\"https:\/\/portaltela.pt\/noticias\/2026\/01\/11\/primal-temporada-3-chega-aos-fas-com-novas-aventuras\/#primaryimage\"},\"thumbnailUrl\":\"https:\/\/portaltela.pt\/s.01k8rhncp4jt1\/2026\/01\/tell-me-lies-season-3.jpg\",\"keywords\":[\"Apple TV\",\"Disney+\",\"document\u00e1rios\",\"Filmin\",\"HBO Max\",\"Netflix\"],\"articleSection\":[\"Entretenimento\",\"Not\u00edcias\"],\"inLanguage\":\"pt-PT\"},{\"@type\":\"WebPage\",\"@id\":\"https:\/\/portaltela.pt\/noticias\/2026\/01\/11\/primal-temporada-3-chega-aos-fas-com-novas-aventuras\/\",\"url\":\"https:\/\/portaltela.pt\/noticias\/2026\/01\/11\/primal-temporada-3-chega-aos-fas-com-novas-aventuras\/\",\"name\":\"Primal, temporada 3 chega aos f\u00e3s com novas aventuras - Portal Tela Portugal\",\"isPartOf\":{\"@id\":\"https:\/\/portaltela.pt\/#website\"},\"primaryImageOfPage\":{\"@id\":\"https:\/\/portaltela.pt\/noticias\/2026\/01\/11\/primal-temporada-3-chega-aos-fas-com-novas-aventuras\/#primaryimage\"},\"image\":{\"@id\":\"https:\/\/portaltela.pt\/noticias\/2026\/01\/11\/primal-temporada-3-chega-aos-fas-com-novas-aventuras\/#primaryimage\"},\"thumbnailUrl\":\"https:\/\/portaltela.pt\/s.01k8rhncp4jt1\/2026\/01\/tell-me-lies-season-3.jpg\",\"datePublished\":\"2026-01-12T00:00:00+00:00\",\"author\":{\"@id\":\"https:\/\/portaltela.pt\/#\/schema\/person\/c4278d4a6028830caff9ee44b42d32ed\"},\"breadcrumb\":{\"@id\":\"https:\/\/portaltela.pt\/noticias\/2026\/01\/11\/primal-temporada-3-chega-aos-fas-com-novas-aventuras\/#breadcrumb\"},\"inLanguage\":\"pt-PT\",\"potentialAction\":[{\"@type\":\"ReadAction\",\"target\":[\"https:\/\/portaltela.pt\/noticias\/2026\/01\/11\/primal-temporada-3-chega-aos-fas-com-novas-aventuras\/\"]}]},{\"@type\":\"ImageObject\",\"inLanguage\":\"pt-PT\",\"@id\":\"https:\/\/portaltela.pt\/noticias\/2026\/01\/11\/primal-temporada-3-chega-aos-fas-com-novas-aventuras\/#primaryimage\",\"url\":\"https:\/\/portaltela.pt\/s.01k8rhncp4jt1\/2026\/01\/tell-me-lies-season-3.jpg\",\"contentUrl\":\"https:\/\/portaltela.pt\/s.01k8rhncp4jt1\/2026\/01\/tell-me-lies-season-3.jpg\",\"width\":796,\"height\":448,\"caption\":\"Photo\"},{\"@type\":\"BreadcrumbList\",\"@id\":\"https:\/\/portaltela.pt\/noticias\/2026\/01\/11\/primal-temporada-3-chega-aos-fas-com-novas-aventuras\/#breadcrumb\",\"itemListElement\":[{\"@type\":\"ListItem\",\"position\":1,\"name\":\"In\u00edcio\",\"item\":\"https:\/\/portaltela.pt\/\"},{\"@type\":\"ListItem\",\"position\":2,\"name\":\"Primal, temporada 3 chega aos f\u00e3s com novas aventuras\"}]},{\"@type\":\"WebSite\",\"@id\":\"https:\/\/portaltela.pt\/#website\",\"url\":\"https:\/\/portaltela.pt\/\",\"name\":\"Portal Tela Portugal\",\"description\":\"\",\"potentialAction\":[{\"@type\":\"SearchAction\",\"target\":{\"@type\":\"EntryPoint\",\"urlTemplate\":\"https:\/\/portaltela.pt\/?s={search_term_string}\"},\"query-input\":{\"@type\":\"PropertyValueSpecification\",\"valueRequired\":true,\"valueName\":\"search_term_string\"}}],\"inLanguage\":\"pt-PT\"},{\"@type\":\"Person\",\"@id\":\"https:\/\/portaltela.pt\/#\/schema\/person\/c4278d4a6028830caff9ee44b42d32ed\",\"name\":\"Telinha\",\"image\":{\"@type\":\"ImageObject\",\"inLanguage\":\"pt-PT\",\"@id\":\"https:\/\/portaltela.pt\/s.01k8rhncp4jt1\/2025\/11\/talking-bot-125x125.png\",\"url\":\"https:\/\/portaltela.pt\/s.01k8rhncp4jt1\/2025\/11\/talking-bot-125x125.png\",\"contentUrl\":\"https:\/\/portaltela.pt\/s.01k8rhncp4jt1\/2025\/11\/talking-bot-125x125.png\",\"caption\":\"Telinha\"},\"sameAs\":[\"https:\/\/portaltela.pt\/\"],\"url\":\"https:\/\/portaltela.pt\/por\/367410592786\/\"}]}<\/script>\n<!-- \/ Yoast SEO plugin. -->","yoast_head_json":{"title":"Primal, temporada 3 chega aos f\u00e3s com novas aventuras - Portal Tela Portugal","robots":{"index":"index","follow":"follow","max-snippet":"max-snippet:-1","max-image-preview":"max-image-preview:large","max-video-preview":"max-video-preview:-1"},"og_locale":"pt_PT","og_type":"article","og_title":"Primal, temporada 3 chega aos f\u00e3s com novas aventuras - Portal Tela Portugal","og_description":"Primal, temporada 3 \u2014 HBO Max, 12 de janeiro; cria\u00e7\u00e3o de Genndy Tartakovsky; anima\u00e7\u00e3o ambientada numa vers\u00e3o pr\u00e9-hist\u00f3rica onde humanos e dinossauros convivem, focada na sobreviv\u00eancia de um humano e do dinossauro que o acompanha. Industry, temporada 4 \u2014 HBO Max, 12 de janeiro; continua a explorar lutas de poder na alta finan\u00e7a e tecnologia, com din\u00e2micas menos familiares e novas perspetivas sobre riqueza e influ\u00eancia. Mente-me, temporada 3 \u2014 Disney+, 13 de janeiro; adapta\u00e7\u00e3o de Meaghan Oppenheimer a partir de um romance de Carola Lovering; acompanha Lucy Albright e Stephen DeMarco em Nova Iorque. Hijack, temporada 2 \u2014 Apple TV+, 14 de janeiro; continua\u00e7\u00e3o da s\u00e9rie com Sam Nelson, desta vez num sequestro no metro de Berlim, com oito horas de suspense em terra firme. Os Sete Rel\u00f3gios de Agatha Christie \u2014 Netflix, 15 de janeiro; miniss\u00e9rie de tr\u00eas epis\u00f3dios adaptando uma hist\u00f3ria de Christie (publicada em 1929), com Mia McKenna-Bruce, Helena Bonham Carter e Martin Freeman.","og_url":"https:\/\/portaltela.pt\/noticias\/2026\/01\/11\/primal-temporada-3-chega-aos-fas-com-novas-aventuras\/","og_site_name":"Portal Tela Portugal","article_published_time":"2026-01-12T00:00:00+00:00","author":"Telinha","twitter_card":"summary_large_image","twitter_misc":{"Escrito por":"Telinha","Tempo estimado de leitura":"2 minutos"},"schema":{"@context":"https:\/\/schema.org","@graph":[{"@type":"Article","@id":"https:\/\/portaltela.pt\/noticias\/2026\/01\/11\/primal-temporada-3-chega-aos-fas-com-novas-aventuras\/#article","isPartOf":{"@id":"https:\/\/portaltela.pt\/noticias\/2026\/01\/11\/primal-temporada-3-chega-aos-fas-com-novas-aventuras\/"},"author":{"name":"Telinha","@id":"https:\/\/portaltela.pt\/#\/schema\/person\/c4278d4a6028830caff9ee44b42d32ed"},"headline":"Primal, temporada 3 chega aos f\u00e3s com novas aventuras","datePublished":"2026-01-12T00:00:00+00:00","mainEntityOfPage":{"@id":"https:\/\/portaltela.pt\/noticias\/2026\/01\/11\/primal-temporada-3-chega-aos-fas-com-novas-aventuras\/"},"wordCount":422,"image":{"@id":"https:\/\/portaltela.pt\/noticias\/2026\/01\/11\/primal-temporada-3-chega-aos-fas-com-novas-aventuras\/#primaryimage"},"thumbnailUrl":"https:\/\/portaltela.pt\/s.01k8rhncp4jt1\/2026\/01\/tell-me-lies-season-3.jpg","keywords":["Apple TV","Disney+","document\u00e1rios","Filmin","HBO Max","Netflix"],"articleSection":["Entretenimento","Not\u00edcias"],"inLanguage":"pt-PT"},{"@type":"WebPage","@id":"https:\/\/portaltela.pt\/noticias\/2026\/01\/11\/primal-temporada-3-chega-aos-fas-com-novas-aventuras\/","url":"https:\/\/portaltela.pt\/noticias\/2026\/01\/11\/primal-temporada-3-chega-aos-fas-com-novas-aventuras\/","name":"Primal, temporada 3 chega aos f\u00e3s com novas aventuras - Portal Tela Portugal","isPartOf":{"@id":"https:\/\/portaltela.pt\/#website"},"primaryImageOfPage":{"@id":"https:\/\/portaltela.pt\/noticias\/2026\/01\/11\/primal-temporada-3-chega-aos-fas-com-novas-aventuras\/#primaryimage"},"image":{"@id":"https:\/\/portaltela.pt\/noticias\/2026\/01\/11\/primal-temporada-3-chega-aos-fas-com-novas-aventuras\/#primaryimage"},"thumbnailUrl":"https:\/\/portaltela.pt\/s.01k8rhncp4jt1\/2026\/01\/tell-me-lies-season-3.jpg","datePublished":"2026-01-12T00:00:00+00:00","author":{"@id":"https:\/\/portaltela.pt\/#\/schema\/person\/c4278d4a6028830caff9ee44b42d32ed"},"breadcrumb":{"@id":"https:\/\/portaltela.pt\/noticias\/2026\/01\/11\/primal-temporada-3-chega-aos-fas-com-novas-aventuras\/#breadcrumb"},"inLanguage":"pt-PT","potentialAction":[{"@type":"ReadAction","target":["https:\/\/portaltela.pt\/noticias\/2026\/01\/11\/primal-temporada-3-chega-aos-fas-com-novas-aventuras\/"]}]},{"@type":"ImageObject","inLanguage":"pt-PT","@id":"https:\/\/portaltela.pt\/noticias\/2026\/01\/11\/primal-temporada-3-chega-aos-fas-com-novas-aventuras\/#primaryimage","url":"https:\/\/portaltela.pt\/s.01k8rhncp4jt1\/2026\/01\/tell-me-lies-season-3.jpg","contentUrl":"https:\/\/portaltela.pt\/s.01k8rhncp4jt1\/2026\/01\/tell-me-lies-season-3.jpg","width":796,"height":448,"caption":"Photo"},{"@type":"BreadcrumbList","@id":"https:\/\/portaltela.pt\/noticias\/2026\/01\/11\/primal-temporada-3-chega-aos-fas-com-novas-aventuras\/#breadcrumb","itemListElement":[{"@type":"ListItem","position":1,"name":"In\u00edcio","item":"https:\/\/portaltela.pt\/"},{"@type":"ListItem","position":2,"name":"Primal, temporada 3 chega aos f\u00e3s com novas aventuras"}]},{"@type":"WebSite","@id":"https:\/\/portaltela.pt\/#website","url":"https:\/\/portaltela.pt\/","name":"Portal Tela Portugal","description":"","potentialAction":[{"@type":"SearchAction","target":{"@type":"EntryPoint","urlTemplate":"https:\/\/portaltela.pt\/?s={search_term_string}"},"query-input":{"@type":"PropertyValueSpecification","valueRequired":true,"valueName":"search_term_string"}}],"inLanguage":"pt-PT"},{"@type":"Person","@id":"https:\/\/portaltela.pt\/#\/schema\/person\/c4278d4a6028830caff9ee44b42d32ed","name":"Telinha","image":{"@type":"ImageObject","inLanguage":"pt-PT","@id":"https:\/\/portaltela.pt\/s.01k8rhncp4jt1\/2025\/11\/talking-bot-125x125.png","url":"https:\/\/portaltela.pt\/s.01k8rhncp4jt1\/2025\/11\/talking-bot-125x125.png","contentUrl":"https:\/\/portaltela.pt\/s.01k8rhncp4jt1\/2025\/11\/talking-bot-125x125.png","caption":"Telinha"},"sameAs":["https:\/\/portaltela.pt\/"],"url":"https:\/\/portaltela.pt\/por\/367410592786\/"}]}},"_links":{"self":[{"href":"https:\/\/portaltela.pt\/api\/wp\/v2\/posts\/135171","targetHints":{"allow":["GET"]}}],"collection":[{"href":"https:\/\/portaltela.pt\/api\/wp\/v2\/posts"}],"about":[{"href":"https:\/\/portaltela.pt\/api\/wp\/v2\/types\/post"}],"author":[{"embeddable":true,"href":"https:\/\/portaltela.pt\/api\/wp\/v2\/users\/2"}],"replies":[{"embeddable":true,"href":"https:\/\/portaltela.pt\/api\/wp\/v2\/comments?post=135171"}],"version-history":[{"count":0,"href":"https:\/\/portaltela.pt\/api\/wp\/v2\/posts\/135171\/revisions"}],"wp:featuredmedia":[{"embeddable":true,"href":"https:\/\/portaltela.pt\/api\/wp\/v2\/media\/135205"}],"wp:attachment":[{"href":"https:\/\/portaltela.pt\/api\/wp\/v2\/media?parent=135171"}],"wp:term":[{"taxonomy":"category","embeddable":true,"href":"https:\/\/portaltela.pt\/api\/wp\/v2\/categories?post=135171"},{"taxonomy":"post_tag","embeddable":true,"href":"https:\/\/portaltela.pt\/api\/wp\/v2\/tags?post=135171"}],"curies":[{"name":"wp","href":"https:\/\/api.w.org\/{rel}","templated":true}]}}