{"id":135092,"date":"2026-01-12T08:15:00","date_gmt":"2026-01-12T11:15:00","guid":{"rendered":"https:\/\/portaltela.pt\/noticias\/2026\/01\/12\/portugal-unico-pais-europeu-com-excesso-de-mortalidade-no-final-do-ano\/"},"modified":"2026-01-12T08:15:00","modified_gmt":"2026-01-12T11:15:00","slug":"portugal-unico-pais-europeu-com-excesso-de-mortalidade-no-final-do-ano","status":"publish","type":"post","link":"https:\/\/portaltela.pt\/noticias\/2026\/01\/12\/portugal-unico-pais-europeu-com-excesso-de-mortalidade-no-final-do-ano\/","title":{"rendered":"Portugal \u00fanico pa\u00eds europeu com excesso de mortalidade no final do ano"},"content":{"rendered":"<p>Portugal registou 30 dias consecutivos de mortalidade acima do esperado, com o in\u00edcio de 2026 marcado por mais de 500 \u00f3bitos di\u00e1rios. No dia 2 de janeiro foram contabilizados 540 \u00f3bitos, representando um excesso de mortalidade de 52% face ao esperado para aquela data.<\/p>\n<p>Na \u00faltima semana de 2025, Portugal foi o \u00fanico pa\u00eds europeu a indicar excesso de mortalidade, segundo dados da EuroMOMO, plataforma que monitoriza a mortalidade no continente. O <strong>Expresso<\/strong> cita estes dados para sustentar a leitura de um pior desempenho relativo no conjunto da Europa.<\/p>\n<h3>Explica\u00e7\u00f5es oficiais<\/h3>\n<p>A DGS e o INSA apontam como fatores o frio extremo e a gripe sazional em fase epid\u00e9mica. O excesso de mortalidade manteve-se desde a primeira semana de dezembro, com uma eleva\u00e7\u00e3o de cerca de 22% face \u00e0 mortalidade esperada para aquele per\u00edodo do ano. A epidemia gripal atingiu um n\u00edvel epid\u00e9mico no final de novembro.<\/p>\n<p>Os t\u00e9cnicos explicam que a gripe se iniciou mais cedo em 2025 e deslocou-se rapidamente para grupos et\u00e1rios mais velhos, os mais vulner\u00e1veis. O subtipo H3N1 contribuiu para o aumento da mortalidade, associado \u00e0 transmiss\u00e3o acelerada entre idosos.<\/p>\n<p>As temperaturas baixas no fim de 2025 agravaram doen\u00e7as cr\u00f3nicas, com impacto especial em doen\u00e7as respirat\u00f3rias e cardiovasculares. As regi\u00f5es do Alentejo e do Algarve registaram os maiores excessos proporcionais de mortalidade, influenciados por fatores demogr\u00e1ficos e socioecon\u00f3micos.<\/p>\n<p>Em 2025, Portugal somou 122 mil \u00f3bitos, acima dos 116 mil de 2024, com dezembro a destacar-se pelos n\u00fameros superiores ao normal. Especialistas citados pelo <strong>Expresso<\/strong> apontam que o prolongamento deste cen\u00e1rio n\u00e3o surpreende, dada a estirpe gripal em circula\u00e7\u00e3o, o envelhecimento populacional e vulnerabilidades sociais que amplificam riscos em ondas de frio.<\/p>\n","protected":false},"excerpt":{"rendered":"<ul>\n<li>Portugal regista uma sequ\u00eancia de trinta dias com mortalidade acima do esperado, agravada a partir do in\u00edcio de janeiro, com 540 \u00f3bitos num \u00fanico dia (2 de janeiro) e erro (excesso) de 52%.<\/li>\n<li>Na \u00faltima semana de 2025, Portugal foi o \u00fanico pa\u00eds europeu a apresentar excesso de mortalidade segundo a plataforma EuroMOMO, segundo dados citados pelo Expresso.<\/li>\n<li>As autoridades explicam o fen\u00f3meno como resultado de temperaturas baixas combinadas com a epidemia de gripe, que atingiu n\u00edvel epid\u00e9mico no final de novembro, e da transmiss\u00e3o acelerar-se para grupos et\u00e1rios mais velhos.<\/li>\n<li>A gripe sazonal, especialmente o subtipo H3N1, e as baixas temperaturas contribu\u00edram para o aumento de mortes por doen\u00e7as cr\u00f3nicas, sobretudo respirat\u00f3rias e cardiovasculares, com maiores impactos no Alentejo e no Algarve.<\/li>\n<li>Em 2025, Portugal registou 122 mil mortes, acima das 116 mil de 2024, com dezembro a apresentar n\u00fameros acima do normal.<\/li>\n<\/ul>\n","protected":false},"author":2,"featured_media":135102,"comment_status":"closed","ping_status":"closed","sticky":false,"template":"","format":"standard","meta":{"footnotes":""},"categories":[1],"tags":[883,928,2788,1905,841,1014],"class_list":["post-135092","post","type-post","status-publish","format-standard","has-post-thumbnail","hentry","category-noticias","tag-alentejo","tag-algarve","tag-envelhecimento","tag-gripe","tag-infecao-respiratoria-aguda","tag-portugal"],"yoast_head":"<!-- This site is optimized with the Yoast SEO plugin v27.2 - https:\/\/yoast.com\/product\/yoast-seo-wordpress\/ -->\n<title>Portugal \u00fanico pa\u00eds europeu com excesso de mortalidade no final do ano - Portal Tela Portugal<\/title>\n<meta name=\"robots\" content=\"index, follow, max-snippet:-1, max-image-preview:large, max-video-preview:-1\" \/>\n<meta property=\"og:locale\" content=\"pt_PT\" \/>\n<meta property=\"og:type\" content=\"article\" \/>\n<meta property=\"og:title\" content=\"Portugal \u00fanico pa\u00eds europeu com excesso de mortalidade no final do ano - Portal Tela Portugal\" \/>\n<meta property=\"og:description\" content=\"Portugal regista uma sequ\u00eancia de trinta dias com mortalidade acima do esperado, agravada a partir do in\u00edcio de janeiro, com 540 \u00f3bitos num \u00fanico dia (2 de janeiro) e erro (excesso) de 52%. Na \u00faltima semana de 2025, Portugal foi o \u00fanico pa\u00eds europeu a apresentar excesso de mortalidade segundo a plataforma EuroMOMO, segundo dados citados pelo Expresso. As autoridades explicam o fen\u00f3meno como resultado de temperaturas baixas combinadas com a epidemia de gripe, que atingiu n\u00edvel epid\u00e9mico no final de novembro, e da transmiss\u00e3o acelerar-se para grupos et\u00e1rios mais velhos. A gripe sazonal, especialmente o subtipo H3N1, e as baixas temperaturas contribu\u00edram para o aumento de mortes por doen\u00e7as cr\u00f3nicas, sobretudo respirat\u00f3rias e cardiovasculares, com maiores impactos no Alentejo e no Algarve. Em 2025, Portugal registou 122 mil mortes, acima das 116 mil de 2024, com dezembro a apresentar n\u00fameros acima do normal.\" \/>\n<meta property=\"og:url\" content=\"https:\/\/portaltela.pt\/noticias\/2026\/01\/12\/portugal-unico-pais-europeu-com-excesso-de-mortalidade-no-final-do-ano\/\" \/>\n<meta property=\"og:site_name\" content=\"Portal Tela Portugal\" \/>\n<meta property=\"article:published_time\" content=\"2026-01-12T11:15:00+00:00\" \/>\n<meta name=\"author\" content=\"Telinha\" \/>\n<meta name=\"twitter:card\" content=\"summary_large_image\" \/>\n<meta name=\"twitter:label1\" content=\"Escrito por\" \/>\n\t<meta name=\"twitter:data1\" content=\"Telinha\" \/>\n\t<meta name=\"twitter:label2\" content=\"Tempo estimado de leitura\" \/>\n\t<meta name=\"twitter:data2\" content=\"1 minuto\" \/>\n<script type=\"application\/ld+json\" class=\"yoast-schema-graph\">{\"@context\":\"https:\/\/schema.org\",\"@graph\":[{\"@type\":\"Article\",\"@id\":\"https:\/\/portaltela.pt\/noticias\/2026\/01\/12\/portugal-unico-pais-europeu-com-excesso-de-mortalidade-no-final-do-ano\/#article\",\"isPartOf\":{\"@id\":\"https:\/\/portaltela.pt\/noticias\/2026\/01\/12\/portugal-unico-pais-europeu-com-excesso-de-mortalidade-no-final-do-ano\/\"},\"author\":{\"name\":\"Telinha\",\"@id\":\"https:\/\/portaltela.pt\/#\/schema\/person\/c4278d4a6028830caff9ee44b42d32ed\"},\"headline\":\"Portugal \u00fanico pa\u00eds europeu com excesso de mortalidade no final do ano\",\"datePublished\":\"2026-01-12T11:15:00+00:00\",\"mainEntityOfPage\":{\"@id\":\"https:\/\/portaltela.pt\/noticias\/2026\/01\/12\/portugal-unico-pais-europeu-com-excesso-de-mortalidade-no-final-do-ano\/\"},\"wordCount\":298,\"image\":{\"@id\":\"https:\/\/portaltela.pt\/noticias\/2026\/01\/12\/portugal-unico-pais-europeu-com-excesso-de-mortalidade-no-final-do-ano\/#primaryimage\"},\"thumbnailUrl\":\"https:\/\/portaltela.pt\/s.01k8rhncp4jt1\/2026\/01\/2058521.jpg\",\"keywords\":[\"Alentejo\",\"Algarve\",\"envelhecimento\",\"gripe\",\"infe\u00e7\u00e3o respirat\u00f3ria aguda\",\"Portugal\"],\"articleSection\":[\"Not\u00edcias\"],\"inLanguage\":\"pt-PT\"},{\"@type\":\"WebPage\",\"@id\":\"https:\/\/portaltela.pt\/noticias\/2026\/01\/12\/portugal-unico-pais-europeu-com-excesso-de-mortalidade-no-final-do-ano\/\",\"url\":\"https:\/\/portaltela.pt\/noticias\/2026\/01\/12\/portugal-unico-pais-europeu-com-excesso-de-mortalidade-no-final-do-ano\/\",\"name\":\"Portugal \u00fanico pa\u00eds europeu com excesso de mortalidade no final do ano - Portal Tela Portugal\",\"isPartOf\":{\"@id\":\"https:\/\/portaltela.pt\/#website\"},\"primaryImageOfPage\":{\"@id\":\"https:\/\/portaltela.pt\/noticias\/2026\/01\/12\/portugal-unico-pais-europeu-com-excesso-de-mortalidade-no-final-do-ano\/#primaryimage\"},\"image\":{\"@id\":\"https:\/\/portaltela.pt\/noticias\/2026\/01\/12\/portugal-unico-pais-europeu-com-excesso-de-mortalidade-no-final-do-ano\/#primaryimage\"},\"thumbnailUrl\":\"https:\/\/portaltela.pt\/s.01k8rhncp4jt1\/2026\/01\/2058521.jpg\",\"datePublished\":\"2026-01-12T11:15:00+00:00\",\"author\":{\"@id\":\"https:\/\/portaltela.pt\/#\/schema\/person\/c4278d4a6028830caff9ee44b42d32ed\"},\"breadcrumb\":{\"@id\":\"https:\/\/portaltela.pt\/noticias\/2026\/01\/12\/portugal-unico-pais-europeu-com-excesso-de-mortalidade-no-final-do-ano\/#breadcrumb\"},\"inLanguage\":\"pt-PT\",\"potentialAction\":[{\"@type\":\"ReadAction\",\"target\":[\"https:\/\/portaltela.pt\/noticias\/2026\/01\/12\/portugal-unico-pais-europeu-com-excesso-de-mortalidade-no-final-do-ano\/\"]}]},{\"@type\":\"ImageObject\",\"inLanguage\":\"pt-PT\",\"@id\":\"https:\/\/portaltela.pt\/noticias\/2026\/01\/12\/portugal-unico-pais-europeu-com-excesso-de-mortalidade-no-final-do-ano\/#primaryimage\",\"url\":\"https:\/\/portaltela.pt\/s.01k8rhncp4jt1\/2026\/01\/2058521.jpg\",\"contentUrl\":\"https:\/\/portaltela.pt\/s.01k8rhncp4jt1\/2026\/01\/2058521.jpg\",\"width\":796,\"height\":448,\"caption\":\"Portugal registou excesso de mortalidade \\\"muito elevado\\\" no final de 2025\"},{\"@type\":\"BreadcrumbList\",\"@id\":\"https:\/\/portaltela.pt\/noticias\/2026\/01\/12\/portugal-unico-pais-europeu-com-excesso-de-mortalidade-no-final-do-ano\/#breadcrumb\",\"itemListElement\":[{\"@type\":\"ListItem\",\"position\":1,\"name\":\"In\u00edcio\",\"item\":\"https:\/\/portaltela.pt\/\"},{\"@type\":\"ListItem\",\"position\":2,\"name\":\"Portugal \u00fanico pa\u00eds europeu com excesso de mortalidade no final do ano\"}]},{\"@type\":\"WebSite\",\"@id\":\"https:\/\/portaltela.pt\/#website\",\"url\":\"https:\/\/portaltela.pt\/\",\"name\":\"Portal Tela Portugal\",\"description\":\"\",\"potentialAction\":[{\"@type\":\"SearchAction\",\"target\":{\"@type\":\"EntryPoint\",\"urlTemplate\":\"https:\/\/portaltela.pt\/?s={search_term_string}\"},\"query-input\":{\"@type\":\"PropertyValueSpecification\",\"valueRequired\":true,\"valueName\":\"search_term_string\"}}],\"inLanguage\":\"pt-PT\"},{\"@type\":\"Person\",\"@id\":\"https:\/\/portaltela.pt\/#\/schema\/person\/c4278d4a6028830caff9ee44b42d32ed\",\"name\":\"Telinha\",\"image\":{\"@type\":\"ImageObject\",\"inLanguage\":\"pt-PT\",\"@id\":\"https:\/\/portaltela.pt\/s.01k8rhncp4jt1\/2025\/11\/talking-bot-125x125.png\",\"url\":\"https:\/\/portaltela.pt\/s.01k8rhncp4jt1\/2025\/11\/talking-bot-125x125.png\",\"contentUrl\":\"https:\/\/portaltela.pt\/s.01k8rhncp4jt1\/2025\/11\/talking-bot-125x125.png\",\"caption\":\"Telinha\"},\"sameAs\":[\"https:\/\/portaltela.pt\/\"],\"url\":\"https:\/\/portaltela.pt\/por\/367410592786\/\"}]}<\/script>\n<!-- \/ Yoast SEO plugin. -->","yoast_head_json":{"title":"Portugal \u00fanico pa\u00eds europeu com excesso de mortalidade no final do ano - Portal Tela Portugal","robots":{"index":"index","follow":"follow","max-snippet":"max-snippet:-1","max-image-preview":"max-image-preview:large","max-video-preview":"max-video-preview:-1"},"og_locale":"pt_PT","og_type":"article","og_title":"Portugal \u00fanico pa\u00eds europeu com excesso de mortalidade no final do ano - Portal Tela Portugal","og_description":"Portugal regista uma sequ\u00eancia de trinta dias com mortalidade acima do esperado, agravada a partir do in\u00edcio de janeiro, com 540 \u00f3bitos num \u00fanico dia (2 de janeiro) e erro (excesso) de 52%. Na \u00faltima semana de 2025, Portugal foi o \u00fanico pa\u00eds europeu a apresentar excesso de mortalidade segundo a plataforma EuroMOMO, segundo dados citados pelo Expresso. As autoridades explicam o fen\u00f3meno como resultado de temperaturas baixas combinadas com a epidemia de gripe, que atingiu n\u00edvel epid\u00e9mico no final de novembro, e da transmiss\u00e3o acelerar-se para grupos et\u00e1rios mais velhos. A gripe sazonal, especialmente o subtipo H3N1, e as baixas temperaturas contribu\u00edram para o aumento de mortes por doen\u00e7as cr\u00f3nicas, sobretudo respirat\u00f3rias e cardiovasculares, com maiores impactos no Alentejo e no Algarve. Em 2025, Portugal registou 122 mil mortes, acima das 116 mil de 2024, com dezembro a apresentar n\u00fameros acima do normal.","og_url":"https:\/\/portaltela.pt\/noticias\/2026\/01\/12\/portugal-unico-pais-europeu-com-excesso-de-mortalidade-no-final-do-ano\/","og_site_name":"Portal Tela Portugal","article_published_time":"2026-01-12T11:15:00+00:00","author":"Telinha","twitter_card":"summary_large_image","twitter_misc":{"Escrito por":"Telinha","Tempo estimado de leitura":"1 minuto"},"schema":{"@context":"https:\/\/schema.org","@graph":[{"@type":"Article","@id":"https:\/\/portaltela.pt\/noticias\/2026\/01\/12\/portugal-unico-pais-europeu-com-excesso-de-mortalidade-no-final-do-ano\/#article","isPartOf":{"@id":"https:\/\/portaltela.pt\/noticias\/2026\/01\/12\/portugal-unico-pais-europeu-com-excesso-de-mortalidade-no-final-do-ano\/"},"author":{"name":"Telinha","@id":"https:\/\/portaltela.pt\/#\/schema\/person\/c4278d4a6028830caff9ee44b42d32ed"},"headline":"Portugal \u00fanico pa\u00eds europeu com excesso de mortalidade no final do ano","datePublished":"2026-01-12T11:15:00+00:00","mainEntityOfPage":{"@id":"https:\/\/portaltela.pt\/noticias\/2026\/01\/12\/portugal-unico-pais-europeu-com-excesso-de-mortalidade-no-final-do-ano\/"},"wordCount":298,"image":{"@id":"https:\/\/portaltela.pt\/noticias\/2026\/01\/12\/portugal-unico-pais-europeu-com-excesso-de-mortalidade-no-final-do-ano\/#primaryimage"},"thumbnailUrl":"https:\/\/portaltela.pt\/s.01k8rhncp4jt1\/2026\/01\/2058521.jpg","keywords":["Alentejo","Algarve","envelhecimento","gripe","infe\u00e7\u00e3o respirat\u00f3ria aguda","Portugal"],"articleSection":["Not\u00edcias"],"inLanguage":"pt-PT"},{"@type":"WebPage","@id":"https:\/\/portaltela.pt\/noticias\/2026\/01\/12\/portugal-unico-pais-europeu-com-excesso-de-mortalidade-no-final-do-ano\/","url":"https:\/\/portaltela.pt\/noticias\/2026\/01\/12\/portugal-unico-pais-europeu-com-excesso-de-mortalidade-no-final-do-ano\/","name":"Portugal \u00fanico pa\u00eds europeu com excesso de mortalidade no final do ano - Portal Tela Portugal","isPartOf":{"@id":"https:\/\/portaltela.pt\/#website"},"primaryImageOfPage":{"@id":"https:\/\/portaltela.pt\/noticias\/2026\/01\/12\/portugal-unico-pais-europeu-com-excesso-de-mortalidade-no-final-do-ano\/#primaryimage"},"image":{"@id":"https:\/\/portaltela.pt\/noticias\/2026\/01\/12\/portugal-unico-pais-europeu-com-excesso-de-mortalidade-no-final-do-ano\/#primaryimage"},"thumbnailUrl":"https:\/\/portaltela.pt\/s.01k8rhncp4jt1\/2026\/01\/2058521.jpg","datePublished":"2026-01-12T11:15:00+00:00","author":{"@id":"https:\/\/portaltela.pt\/#\/schema\/person\/c4278d4a6028830caff9ee44b42d32ed"},"breadcrumb":{"@id":"https:\/\/portaltela.pt\/noticias\/2026\/01\/12\/portugal-unico-pais-europeu-com-excesso-de-mortalidade-no-final-do-ano\/#breadcrumb"},"inLanguage":"pt-PT","potentialAction":[{"@type":"ReadAction","target":["https:\/\/portaltela.pt\/noticias\/2026\/01\/12\/portugal-unico-pais-europeu-com-excesso-de-mortalidade-no-final-do-ano\/"]}]},{"@type":"ImageObject","inLanguage":"pt-PT","@id":"https:\/\/portaltela.pt\/noticias\/2026\/01\/12\/portugal-unico-pais-europeu-com-excesso-de-mortalidade-no-final-do-ano\/#primaryimage","url":"https:\/\/portaltela.pt\/s.01k8rhncp4jt1\/2026\/01\/2058521.jpg","contentUrl":"https:\/\/portaltela.pt\/s.01k8rhncp4jt1\/2026\/01\/2058521.jpg","width":796,"height":448,"caption":"Portugal registou excesso de mortalidade \"muito elevado\" no final de 2025"},{"@type":"BreadcrumbList","@id":"https:\/\/portaltela.pt\/noticias\/2026\/01\/12\/portugal-unico-pais-europeu-com-excesso-de-mortalidade-no-final-do-ano\/#breadcrumb","itemListElement":[{"@type":"ListItem","position":1,"name":"In\u00edcio","item":"https:\/\/portaltela.pt\/"},{"@type":"ListItem","position":2,"name":"Portugal \u00fanico pa\u00eds europeu com excesso de mortalidade no final do ano"}]},{"@type":"WebSite","@id":"https:\/\/portaltela.pt\/#website","url":"https:\/\/portaltela.pt\/","name":"Portal Tela Portugal","description":"","potentialAction":[{"@type":"SearchAction","target":{"@type":"EntryPoint","urlTemplate":"https:\/\/portaltela.pt\/?s={search_term_string}"},"query-input":{"@type":"PropertyValueSpecification","valueRequired":true,"valueName":"search_term_string"}}],"inLanguage":"pt-PT"},{"@type":"Person","@id":"https:\/\/portaltela.pt\/#\/schema\/person\/c4278d4a6028830caff9ee44b42d32ed","name":"Telinha","image":{"@type":"ImageObject","inLanguage":"pt-PT","@id":"https:\/\/portaltela.pt\/s.01k8rhncp4jt1\/2025\/11\/talking-bot-125x125.png","url":"https:\/\/portaltela.pt\/s.01k8rhncp4jt1\/2025\/11\/talking-bot-125x125.png","contentUrl":"https:\/\/portaltela.pt\/s.01k8rhncp4jt1\/2025\/11\/talking-bot-125x125.png","caption":"Telinha"},"sameAs":["https:\/\/portaltela.pt\/"],"url":"https:\/\/portaltela.pt\/por\/367410592786\/"}]}},"_links":{"self":[{"href":"https:\/\/portaltela.pt\/api\/wp\/v2\/posts\/135092","targetHints":{"allow":["GET"]}}],"collection":[{"href":"https:\/\/portaltela.pt\/api\/wp\/v2\/posts"}],"about":[{"href":"https:\/\/portaltela.pt\/api\/wp\/v2\/types\/post"}],"author":[{"embeddable":true,"href":"https:\/\/portaltela.pt\/api\/wp\/v2\/users\/2"}],"replies":[{"embeddable":true,"href":"https:\/\/portaltela.pt\/api\/wp\/v2\/comments?post=135092"}],"version-history":[{"count":0,"href":"https:\/\/portaltela.pt\/api\/wp\/v2\/posts\/135092\/revisions"}],"wp:featuredmedia":[{"embeddable":true,"href":"https:\/\/portaltela.pt\/api\/wp\/v2\/media\/135102"}],"wp:attachment":[{"href":"https:\/\/portaltela.pt\/api\/wp\/v2\/media?parent=135092"}],"wp:term":[{"taxonomy":"category","embeddable":true,"href":"https:\/\/portaltela.pt\/api\/wp\/v2\/categories?post=135092"},{"taxonomy":"post_tag","embeddable":true,"href":"https:\/\/portaltela.pt\/api\/wp\/v2\/tags?post=135092"}],"curies":[{"name":"wp","href":"https:\/\/api.w.org\/{rel}","templated":true}]}}