{"id":134992,"date":"2026-01-12T07:34:48","date_gmt":"2026-01-12T10:34:48","guid":{"rendered":"https:\/\/portaltela.pt\/noticias\/2026\/01\/12\/famalicao-escuteiros-de-calendario-apresentam-programa-para-o-85-o-aniversario\/"},"modified":"2026-01-12T07:34:48","modified_gmt":"2026-01-12T10:34:48","slug":"famalicao-escuteiros-de-calendario-apresentam-programa-para-o-85-o-aniversario","status":"publish","type":"post","link":"https:\/\/portaltela.pt\/noticias\/2026\/01\/12\/famalicao-escuteiros-de-calendario-apresentam-programa-para-o-85-o-aniversario\/","title":{"rendered":"Famalic\u00e3o: Escuteiros de Calend\u00e1rio apresentam programa para o 85.\u00ba anivers\u00e1rio"},"content":{"rendered":"<p>O Agrupamento de Escuteiros 291 de Calend\u00e1rio comemora este ano 85 anos de atividade. A abertura das celebra\u00e7\u00f5es est\u00e1 marcada para 24 de janeiro (s\u00e1bado), com uma sess\u00e3o solene no sal\u00e3o paroquial, a partir das 21h00, a que a comunidade est\u00e1 convidada.<\/p>\n<p>A sess\u00e3o inaugural contar\u00e1 com um painel de seis intervenientes, que, no \u00e2mbito do escutismo, v\u00e3o abordar os desafios do passado, do presente e do futuro da juventude. Entidades civis e religiosas foram tamb\u00e9m convidadas a marcar presen\u00e7a.<\/p>\n<p>A programa\u00e7\u00e3o prossegue com um acampamento de anivers\u00e1rio nos dias 18 e 19 de julho, aberto a todos os escuteiros do agrupamento e aos seus pais. No dia 21 de julho, anivers\u00e1rio, realiza-se um momento festivo na sede, com champanhe e corte do bolo.<\/p>\n<h3>Programa\u00e7\u00e3o e composi\u00e7\u00e3o atual<\/h3>\n<p>Entre 3 e 8 de agosto, o agrupamento participa no ACAREG \u2013 Acampamento Regional de Braga, envolvendo todas as sec\u00e7\u00f5es. O 85.\u00ba anivers\u00e1rio encerra no dia 19 de dezembro, com um evento ainda por divulgar.<\/p>\n<p>O agrupamento 291 conta com 95 elementos, distribu\u00eddos por 23 lobitos, 19 exploradores, 20 pioneiros, 13 caminheiros e 19 dirigentes. O papel de chefe \u00e9 ocupado por Ana Sousa, no mandato 2024-2027.<\/p>\n<p>No passado s\u00e1bado, 10, realizou-se a Ceia de Reis no sal\u00e3o de S. Miguel o Anjo, reunindo escuteiros, pais e amigos. A anima\u00e7\u00e3o ficou a cargo do Grupo de Reis do 291, que, ao longo do m\u00eas, canta janeiras em habita\u00e7\u00f5es para apoiar as atividades escutistas.<\/p>\n","protected":false},"excerpt":{"rendered":"<ul>\n<li>O Agrupamento de Escuteiros 291 de Calend\u00e1rio celebra este ano 85 anos de atividade.<\/li>\n<li>A abertura das comemora\u00e7\u00f5es \u00e9 a 24 de janeiro, com uma sess\u00e3o solene no sal\u00e3o paroquial \u00e0s 21h00, \u00e0 qual a comunidade est\u00e1 convidada.<\/li>\n<li>A sess\u00e3o contar\u00e1 com um painel de seis intervenientes, que abordar\u00e3o os desafios da juventude no passado, presente e futuro.<\/li>\n<li>O programa inclui um acampamento de anivers\u00e1rio nos dias 18 e 19 de julho, com a participa\u00e7\u00e3o de escuteiros e pais, seguido de um momento festivo na sede a 21 de julho com champanhe e bolo; h\u00e1 ainda a participa\u00e7\u00e3o no Acampamento Regional de Braga (ACAREG) de 3 a 8 de agosto, encerrando a celebra\u00e7\u00e3o em 19 de dezembro com um evento por divulgar.<\/li>\n<li>O agrupamento tem 95 elementos distribu\u00eddos pelas sec\u00e7\u00f5es (23 lobitos, 19 exploradores, 20 pioneiros, 13 caminheiros e 19 dirigentes); Ana Sousa lidera o grupo entre 2024 e 2027. A Ceia de Reis realizada no dia 10 reuniu escuteiros, pais e amigos no sal\u00e3o de S. Miguel o Anjo, com o Grupo de Reis do 291 a preparar janeiras para angaria\u00e7\u00e3o de fundos.<\/li>\n<\/ul>\n","protected":false},"author":2,"featured_media":135009,"comment_status":"closed","ping_status":"closed","sticky":false,"template":"","format":"standard","meta":{"footnotes":""},"categories":[1],"tags":[1207,903,2527,251,2318],"class_list":["post-134992","post","type-post","status-publish","format-standard","has-post-thumbnail","hentry","category-noticias","tag-braga","tag-comunidades","tag-escuteiros","tag-juventude","tag-sociedade"],"yoast_head":"<!-- This site is optimized with the Yoast SEO plugin v27.2 - https:\/\/yoast.com\/product\/yoast-seo-wordpress\/ -->\n<title>Famalic\u00e3o: Escuteiros de Calend\u00e1rio apresentam programa para o 85.\u00ba anivers\u00e1rio - Portal Tela Portugal<\/title>\n<meta name=\"robots\" content=\"index, follow, max-snippet:-1, max-image-preview:large, max-video-preview:-1\" \/>\n<meta property=\"og:locale\" content=\"pt_PT\" \/>\n<meta property=\"og:type\" content=\"article\" \/>\n<meta property=\"og:title\" content=\"Famalic\u00e3o: Escuteiros de Calend\u00e1rio apresentam programa para o 85.\u00ba anivers\u00e1rio - Portal Tela Portugal\" \/>\n<meta property=\"og:description\" content=\"O Agrupamento de Escuteiros 291 de Calend\u00e1rio celebra este ano 85 anos de atividade. A abertura das comemora\u00e7\u00f5es \u00e9 a 24 de janeiro, com uma sess\u00e3o solene no sal\u00e3o paroquial \u00e0s 21h00, \u00e0 qual a comunidade est\u00e1 convidada. A sess\u00e3o contar\u00e1 com um painel de seis intervenientes, que abordar\u00e3o os desafios da juventude no passado, presente e futuro. O programa inclui um acampamento de anivers\u00e1rio nos dias 18 e 19 de julho, com a participa\u00e7\u00e3o de escuteiros e pais, seguido de um momento festivo na sede a 21 de julho com champanhe e bolo; h\u00e1 ainda a participa\u00e7\u00e3o no Acampamento Regional de Braga (ACAREG) de 3 a 8 de agosto, encerrando a celebra\u00e7\u00e3o em 19 de dezembro com um evento por divulgar. O agrupamento tem 95 elementos distribu\u00eddos pelas sec\u00e7\u00f5es (23 lobitos, 19 exploradores, 20 pioneiros, 13 caminheiros e 19 dirigentes); Ana Sousa lidera o grupo entre 2024 e 2027. A Ceia de Reis realizada no dia 10 reuniu escuteiros, pais e amigos no sal\u00e3o de S. Miguel o Anjo, com o Grupo de Reis do 291 a preparar janeiras para angaria\u00e7\u00e3o de fundos.\" \/>\n<meta property=\"og:url\" content=\"https:\/\/portaltela.pt\/noticias\/2026\/01\/12\/famalicao-escuteiros-de-calendario-apresentam-programa-para-o-85-o-aniversario\/\" \/>\n<meta property=\"og:site_name\" content=\"Portal Tela Portugal\" \/>\n<meta property=\"article:published_time\" content=\"2026-01-12T10:34:48+00:00\" \/>\n<meta name=\"author\" content=\"Telinha\" \/>\n<meta name=\"twitter:card\" content=\"summary_large_image\" \/>\n<meta name=\"twitter:label1\" content=\"Escrito por\" \/>\n\t<meta name=\"twitter:data1\" content=\"Telinha\" \/>\n\t<meta name=\"twitter:label2\" content=\"Tempo estimado de leitura\" \/>\n\t<meta name=\"twitter:data2\" content=\"1 minuto\" \/>\n<script type=\"application\/ld+json\" class=\"yoast-schema-graph\">{\"@context\":\"https:\/\/schema.org\",\"@graph\":[{\"@type\":\"Article\",\"@id\":\"https:\/\/portaltela.pt\/noticias\/2026\/01\/12\/famalicao-escuteiros-de-calendario-apresentam-programa-para-o-85-o-aniversario\/#article\",\"isPartOf\":{\"@id\":\"https:\/\/portaltela.pt\/noticias\/2026\/01\/12\/famalicao-escuteiros-de-calendario-apresentam-programa-para-o-85-o-aniversario\/\"},\"author\":{\"name\":\"Telinha\",\"@id\":\"https:\/\/portaltela.pt\/#\/schema\/person\/c4278d4a6028830caff9ee44b42d32ed\"},\"headline\":\"Famalic\u00e3o: Escuteiros de Calend\u00e1rio apresentam programa para o 85.\u00ba anivers\u00e1rio\",\"datePublished\":\"2026-01-12T10:34:48+00:00\",\"mainEntityOfPage\":{\"@id\":\"https:\/\/portaltela.pt\/noticias\/2026\/01\/12\/famalicao-escuteiros-de-calendario-apresentam-programa-para-o-85-o-aniversario\/\"},\"wordCount\":254,\"image\":{\"@id\":\"https:\/\/portaltela.pt\/noticias\/2026\/01\/12\/famalicao-escuteiros-de-calendario-apresentam-programa-para-o-85-o-aniversario\/#primaryimage\"},\"thumbnailUrl\":\"https:\/\/portaltela.pt\/s.01k8rhncp4jt1\/2026\/01\/unnamed-file-2391.jpg\",\"keywords\":[\"Braga\",\"comunidades\",\"Escuteiros\",\"juventude\",\"sociedade\"],\"articleSection\":[\"Not\u00edcias\"],\"inLanguage\":\"pt-PT\"},{\"@type\":\"WebPage\",\"@id\":\"https:\/\/portaltela.pt\/noticias\/2026\/01\/12\/famalicao-escuteiros-de-calendario-apresentam-programa-para-o-85-o-aniversario\/\",\"url\":\"https:\/\/portaltela.pt\/noticias\/2026\/01\/12\/famalicao-escuteiros-de-calendario-apresentam-programa-para-o-85-o-aniversario\/\",\"name\":\"Famalic\u00e3o: Escuteiros de Calend\u00e1rio apresentam programa para o 85.\u00ba anivers\u00e1rio - Portal Tela Portugal\",\"isPartOf\":{\"@id\":\"https:\/\/portaltela.pt\/#website\"},\"primaryImageOfPage\":{\"@id\":\"https:\/\/portaltela.pt\/noticias\/2026\/01\/12\/famalicao-escuteiros-de-calendario-apresentam-programa-para-o-85-o-aniversario\/#primaryimage\"},\"image\":{\"@id\":\"https:\/\/portaltela.pt\/noticias\/2026\/01\/12\/famalicao-escuteiros-de-calendario-apresentam-programa-para-o-85-o-aniversario\/#primaryimage\"},\"thumbnailUrl\":\"https:\/\/portaltela.pt\/s.01k8rhncp4jt1\/2026\/01\/unnamed-file-2391.jpg\",\"datePublished\":\"2026-01-12T10:34:48+00:00\",\"author\":{\"@id\":\"https:\/\/portaltela.pt\/#\/schema\/person\/c4278d4a6028830caff9ee44b42d32ed\"},\"breadcrumb\":{\"@id\":\"https:\/\/portaltela.pt\/noticias\/2026\/01\/12\/famalicao-escuteiros-de-calendario-apresentam-programa-para-o-85-o-aniversario\/#breadcrumb\"},\"inLanguage\":\"pt-PT\",\"potentialAction\":[{\"@type\":\"ReadAction\",\"target\":[\"https:\/\/portaltela.pt\/noticias\/2026\/01\/12\/famalicao-escuteiros-de-calendario-apresentam-programa-para-o-85-o-aniversario\/\"]}]},{\"@type\":\"ImageObject\",\"inLanguage\":\"pt-PT\",\"@id\":\"https:\/\/portaltela.pt\/noticias\/2026\/01\/12\/famalicao-escuteiros-de-calendario-apresentam-programa-para-o-85-o-aniversario\/#primaryimage\",\"url\":\"https:\/\/portaltela.pt\/s.01k8rhncp4jt1\/2026\/01\/unnamed-file-2391.jpg\",\"contentUrl\":\"https:\/\/portaltela.pt\/s.01k8rhncp4jt1\/2026\/01\/unnamed-file-2391.jpg\",\"width\":796,\"height\":448,\"caption\":\"Famalic\u00e3o: Escuteiros de Calend\u00e1rio j\u00e1 t\u00eam programa para o 85.\u00ba anivers\u00e1rio\"},{\"@type\":\"BreadcrumbList\",\"@id\":\"https:\/\/portaltela.pt\/noticias\/2026\/01\/12\/famalicao-escuteiros-de-calendario-apresentam-programa-para-o-85-o-aniversario\/#breadcrumb\",\"itemListElement\":[{\"@type\":\"ListItem\",\"position\":1,\"name\":\"In\u00edcio\",\"item\":\"https:\/\/portaltela.pt\/\"},{\"@type\":\"ListItem\",\"position\":2,\"name\":\"Famalic\u00e3o: Escuteiros de Calend\u00e1rio apresentam programa para o 85.\u00ba anivers\u00e1rio\"}]},{\"@type\":\"WebSite\",\"@id\":\"https:\/\/portaltela.pt\/#website\",\"url\":\"https:\/\/portaltela.pt\/\",\"name\":\"Portal Tela Portugal\",\"description\":\"\",\"potentialAction\":[{\"@type\":\"SearchAction\",\"target\":{\"@type\":\"EntryPoint\",\"urlTemplate\":\"https:\/\/portaltela.pt\/?s={search_term_string}\"},\"query-input\":{\"@type\":\"PropertyValueSpecification\",\"valueRequired\":true,\"valueName\":\"search_term_string\"}}],\"inLanguage\":\"pt-PT\"},{\"@type\":\"Person\",\"@id\":\"https:\/\/portaltela.pt\/#\/schema\/person\/c4278d4a6028830caff9ee44b42d32ed\",\"name\":\"Telinha\",\"image\":{\"@type\":\"ImageObject\",\"inLanguage\":\"pt-PT\",\"@id\":\"https:\/\/portaltela.pt\/s.01k8rhncp4jt1\/2025\/11\/talking-bot-125x125.png\",\"url\":\"https:\/\/portaltela.pt\/s.01k8rhncp4jt1\/2025\/11\/talking-bot-125x125.png\",\"contentUrl\":\"https:\/\/portaltela.pt\/s.01k8rhncp4jt1\/2025\/11\/talking-bot-125x125.png\",\"caption\":\"Telinha\"},\"sameAs\":[\"https:\/\/portaltela.pt\/\"],\"url\":\"https:\/\/portaltela.pt\/por\/367410592786\/\"}]}<\/script>\n<!-- \/ Yoast SEO plugin. -->","yoast_head_json":{"title":"Famalic\u00e3o: Escuteiros de Calend\u00e1rio apresentam programa para o 85.\u00ba anivers\u00e1rio - Portal Tela Portugal","robots":{"index":"index","follow":"follow","max-snippet":"max-snippet:-1","max-image-preview":"max-image-preview:large","max-video-preview":"max-video-preview:-1"},"og_locale":"pt_PT","og_type":"article","og_title":"Famalic\u00e3o: Escuteiros de Calend\u00e1rio apresentam programa para o 85.\u00ba anivers\u00e1rio - Portal Tela Portugal","og_description":"O Agrupamento de Escuteiros 291 de Calend\u00e1rio celebra este ano 85 anos de atividade. A abertura das comemora\u00e7\u00f5es \u00e9 a 24 de janeiro, com uma sess\u00e3o solene no sal\u00e3o paroquial \u00e0s 21h00, \u00e0 qual a comunidade est\u00e1 convidada. A sess\u00e3o contar\u00e1 com um painel de seis intervenientes, que abordar\u00e3o os desafios da juventude no passado, presente e futuro. O programa inclui um acampamento de anivers\u00e1rio nos dias 18 e 19 de julho, com a participa\u00e7\u00e3o de escuteiros e pais, seguido de um momento festivo na sede a 21 de julho com champanhe e bolo; h\u00e1 ainda a participa\u00e7\u00e3o no Acampamento Regional de Braga (ACAREG) de 3 a 8 de agosto, encerrando a celebra\u00e7\u00e3o em 19 de dezembro com um evento por divulgar. O agrupamento tem 95 elementos distribu\u00eddos pelas sec\u00e7\u00f5es (23 lobitos, 19 exploradores, 20 pioneiros, 13 caminheiros e 19 dirigentes); Ana Sousa lidera o grupo entre 2024 e 2027. A Ceia de Reis realizada no dia 10 reuniu escuteiros, pais e amigos no sal\u00e3o de S. Miguel o Anjo, com o Grupo de Reis do 291 a preparar janeiras para angaria\u00e7\u00e3o de fundos.","og_url":"https:\/\/portaltela.pt\/noticias\/2026\/01\/12\/famalicao-escuteiros-de-calendario-apresentam-programa-para-o-85-o-aniversario\/","og_site_name":"Portal Tela Portugal","article_published_time":"2026-01-12T10:34:48+00:00","author":"Telinha","twitter_card":"summary_large_image","twitter_misc":{"Escrito por":"Telinha","Tempo estimado de leitura":"1 minuto"},"schema":{"@context":"https:\/\/schema.org","@graph":[{"@type":"Article","@id":"https:\/\/portaltela.pt\/noticias\/2026\/01\/12\/famalicao-escuteiros-de-calendario-apresentam-programa-para-o-85-o-aniversario\/#article","isPartOf":{"@id":"https:\/\/portaltela.pt\/noticias\/2026\/01\/12\/famalicao-escuteiros-de-calendario-apresentam-programa-para-o-85-o-aniversario\/"},"author":{"name":"Telinha","@id":"https:\/\/portaltela.pt\/#\/schema\/person\/c4278d4a6028830caff9ee44b42d32ed"},"headline":"Famalic\u00e3o: Escuteiros de Calend\u00e1rio apresentam programa para o 85.\u00ba anivers\u00e1rio","datePublished":"2026-01-12T10:34:48+00:00","mainEntityOfPage":{"@id":"https:\/\/portaltela.pt\/noticias\/2026\/01\/12\/famalicao-escuteiros-de-calendario-apresentam-programa-para-o-85-o-aniversario\/"},"wordCount":254,"image":{"@id":"https:\/\/portaltela.pt\/noticias\/2026\/01\/12\/famalicao-escuteiros-de-calendario-apresentam-programa-para-o-85-o-aniversario\/#primaryimage"},"thumbnailUrl":"https:\/\/portaltela.pt\/s.01k8rhncp4jt1\/2026\/01\/unnamed-file-2391.jpg","keywords":["Braga","comunidades","Escuteiros","juventude","sociedade"],"articleSection":["Not\u00edcias"],"inLanguage":"pt-PT"},{"@type":"WebPage","@id":"https:\/\/portaltela.pt\/noticias\/2026\/01\/12\/famalicao-escuteiros-de-calendario-apresentam-programa-para-o-85-o-aniversario\/","url":"https:\/\/portaltela.pt\/noticias\/2026\/01\/12\/famalicao-escuteiros-de-calendario-apresentam-programa-para-o-85-o-aniversario\/","name":"Famalic\u00e3o: Escuteiros de Calend\u00e1rio apresentam programa para o 85.\u00ba anivers\u00e1rio - Portal Tela Portugal","isPartOf":{"@id":"https:\/\/portaltela.pt\/#website"},"primaryImageOfPage":{"@id":"https:\/\/portaltela.pt\/noticias\/2026\/01\/12\/famalicao-escuteiros-de-calendario-apresentam-programa-para-o-85-o-aniversario\/#primaryimage"},"image":{"@id":"https:\/\/portaltela.pt\/noticias\/2026\/01\/12\/famalicao-escuteiros-de-calendario-apresentam-programa-para-o-85-o-aniversario\/#primaryimage"},"thumbnailUrl":"https:\/\/portaltela.pt\/s.01k8rhncp4jt1\/2026\/01\/unnamed-file-2391.jpg","datePublished":"2026-01-12T10:34:48+00:00","author":{"@id":"https:\/\/portaltela.pt\/#\/schema\/person\/c4278d4a6028830caff9ee44b42d32ed"},"breadcrumb":{"@id":"https:\/\/portaltela.pt\/noticias\/2026\/01\/12\/famalicao-escuteiros-de-calendario-apresentam-programa-para-o-85-o-aniversario\/#breadcrumb"},"inLanguage":"pt-PT","potentialAction":[{"@type":"ReadAction","target":["https:\/\/portaltela.pt\/noticias\/2026\/01\/12\/famalicao-escuteiros-de-calendario-apresentam-programa-para-o-85-o-aniversario\/"]}]},{"@type":"ImageObject","inLanguage":"pt-PT","@id":"https:\/\/portaltela.pt\/noticias\/2026\/01\/12\/famalicao-escuteiros-de-calendario-apresentam-programa-para-o-85-o-aniversario\/#primaryimage","url":"https:\/\/portaltela.pt\/s.01k8rhncp4jt1\/2026\/01\/unnamed-file-2391.jpg","contentUrl":"https:\/\/portaltela.pt\/s.01k8rhncp4jt1\/2026\/01\/unnamed-file-2391.jpg","width":796,"height":448,"caption":"Famalic\u00e3o: Escuteiros de Calend\u00e1rio j\u00e1 t\u00eam programa para o 85.\u00ba anivers\u00e1rio"},{"@type":"BreadcrumbList","@id":"https:\/\/portaltela.pt\/noticias\/2026\/01\/12\/famalicao-escuteiros-de-calendario-apresentam-programa-para-o-85-o-aniversario\/#breadcrumb","itemListElement":[{"@type":"ListItem","position":1,"name":"In\u00edcio","item":"https:\/\/portaltela.pt\/"},{"@type":"ListItem","position":2,"name":"Famalic\u00e3o: Escuteiros de Calend\u00e1rio apresentam programa para o 85.\u00ba anivers\u00e1rio"}]},{"@type":"WebSite","@id":"https:\/\/portaltela.pt\/#website","url":"https:\/\/portaltela.pt\/","name":"Portal Tela Portugal","description":"","potentialAction":[{"@type":"SearchAction","target":{"@type":"EntryPoint","urlTemplate":"https:\/\/portaltela.pt\/?s={search_term_string}"},"query-input":{"@type":"PropertyValueSpecification","valueRequired":true,"valueName":"search_term_string"}}],"inLanguage":"pt-PT"},{"@type":"Person","@id":"https:\/\/portaltela.pt\/#\/schema\/person\/c4278d4a6028830caff9ee44b42d32ed","name":"Telinha","image":{"@type":"ImageObject","inLanguage":"pt-PT","@id":"https:\/\/portaltela.pt\/s.01k8rhncp4jt1\/2025\/11\/talking-bot-125x125.png","url":"https:\/\/portaltela.pt\/s.01k8rhncp4jt1\/2025\/11\/talking-bot-125x125.png","contentUrl":"https:\/\/portaltela.pt\/s.01k8rhncp4jt1\/2025\/11\/talking-bot-125x125.png","caption":"Telinha"},"sameAs":["https:\/\/portaltela.pt\/"],"url":"https:\/\/portaltela.pt\/por\/367410592786\/"}]}},"_links":{"self":[{"href":"https:\/\/portaltela.pt\/api\/wp\/v2\/posts\/134992","targetHints":{"allow":["GET"]}}],"collection":[{"href":"https:\/\/portaltela.pt\/api\/wp\/v2\/posts"}],"about":[{"href":"https:\/\/portaltela.pt\/api\/wp\/v2\/types\/post"}],"author":[{"embeddable":true,"href":"https:\/\/portaltela.pt\/api\/wp\/v2\/users\/2"}],"replies":[{"embeddable":true,"href":"https:\/\/portaltela.pt\/api\/wp\/v2\/comments?post=134992"}],"version-history":[{"count":0,"href":"https:\/\/portaltela.pt\/api\/wp\/v2\/posts\/134992\/revisions"}],"wp:featuredmedia":[{"embeddable":true,"href":"https:\/\/portaltela.pt\/api\/wp\/v2\/media\/135009"}],"wp:attachment":[{"href":"https:\/\/portaltela.pt\/api\/wp\/v2\/media?parent=134992"}],"wp:term":[{"taxonomy":"category","embeddable":true,"href":"https:\/\/portaltela.pt\/api\/wp\/v2\/categories?post=134992"},{"taxonomy":"post_tag","embeddable":true,"href":"https:\/\/portaltela.pt\/api\/wp\/v2\/tags?post=134992"}],"curies":[{"name":"wp","href":"https:\/\/api.w.org\/{rel}","templated":true}]}}