{"id":134988,"date":"2026-01-12T07:39:15","date_gmt":"2026-01-12T10:39:15","guid":{"rendered":"https:\/\/portaltela.pt\/noticias\/2026\/01\/12\/ong-mocambicana-alerta-para-aumento-da-violencia-sexual\/"},"modified":"2026-01-12T07:39:15","modified_gmt":"2026-01-12T10:39:15","slug":"ong-mocambicana-alerta-para-aumento-da-violencia-sexual","status":"publish","type":"post","link":"https:\/\/portaltela.pt\/noticias\/2026\/01\/12\/ong-mocambicana-alerta-para-aumento-da-violencia-sexual\/","title":{"rendered":"ONG mo\u00e7ambicana alerta para aumento da viol\u00eancia sexual"},"content":{"rendered":"<p>A ONG mo\u00e7ambicana RO SC (F\u00f3rum da Sociedade Civil para os Direitos da Crian\u00e7a) alerta para um aumento registado na viol\u00eancia sexual durante a quadra festiva de 2025. Entre 20 de dezembro e 4 de janeiro, foram verificados 216 casos, frente a 91 no mesmo intervalo de 2024. O relat\u00f3rio aponta um salto de mais de 137%.<\/p>\n<p>Segundo a ROS C, das 216 mulheres afetadas, 54 s\u00e3o crian\u00e7as com menos de 14 anos. A organiza\u00e7\u00e3o sublinha que uma em cada quatro v\u00edtimas \u00e9 uma crian\u00e7a, evidenciando a gravidade da situa\u00e7\u00e3o durante as festas. A condi\u00e7\u00e3o \u00e9 descrita como alarmante pelo grupo.<\/p>\n<p>A prov\u00edncia de Nampula, no norte do pa\u00eds, lidera as ocorr\u00eancias com 42 casos, seguida pela Cidade de Maputo, capital, com 40 casos. Os dias festivos s\u00e3o apontados como particularmente cr\u00edticos pela ROSC, com 17 crimes sexuais e 10 mortes associadas a trauma no dia 25 de dezembro.<\/p>\n<h3>Principais dados por regi\u00e3o<\/h3>\n<p>No primeiro dia do ano, registaram-se 11 casos de viola\u00e7\u00e3o sexual e 15 mortes associadas a trauma. O relat\u00f3rio detalha ainda que o per\u00edodo da quadra festiva concentrou uma concentra\u00e7\u00e3o elevada de viol\u00eancias de g\u00e9nero e agress\u00f5es com consequ\u00eancias graves.<\/p>\n<p>Fonte: ROSC e ag\u00eancias de comunica\u00e7\u00e3o portuguesas.<\/p>\n","protected":false},"excerpt":{"rendered":"<ul>\n<li>O F\u00f3rum da Sociedade Civil para os Direitos da Crian\u00e7a (ROSC) de Mo\u00e7ambique alerta para um aumento consider\u00e1vel da viol\u00eancia sexual contra mulheres e crian\u00e7as durante a quadra festiva de 2025, registando 216 casos entre 20 de dezembro e 4 de janeiro, contra 91 em igual per\u00edodo de 2024.<\/li>\n<li>Do total de casos de viol\u00eancia sexual registados, 54 envolveram meninas com menos de 14 anos.<\/li>\n<li>A ROSC descreve o aumento como um salto alarmante, representando mais de 137% de aumento, com uma v\u00edtima em cada quatro sendo crian\u00e7a.<\/li>\n<li>Nampula, no norte, lidera com 42 ocorr\u00eancias, seguida pela Cidade de Maputo, com 40 casos.<\/li>\n<li>Os dias festivos foram particularmente cr\u00edticos: no dia 25 de dezembro ocorreram 17 crimes sexuais e 10 \u00f3bitos, e no primeiro dia de 2025 registaram-se 11 casos de viola\u00e7\u00e3o sexual e 15 mortes associadas a traumas.<\/li>\n<\/ul>\n","protected":false},"author":2,"featured_media":134997,"comment_status":"closed","ping_status":"closed","sticky":false,"template":"","format":"standard","meta":{"footnotes":""},"categories":[1],"tags":[2089,1759,1911,2701,1165,1389],"class_list":["post-134988","post","type-post","status-publish","format-standard","has-post-thumbnail","hentry","category-noticias","tag-crimes-sexuais-contra-criancas","tag-infancia","tag-mocambique","tag-mulheres","tag-violencia-de-genero","tag-violencia-sexual-de-menor-dependente-ou-em-situacao-vulneravel"],"yoast_head":"<!-- This site is optimized with the Yoast SEO plugin v27.2 - https:\/\/yoast.com\/product\/yoast-seo-wordpress\/ -->\n<title>ONG mo\u00e7ambicana alerta para aumento da viol\u00eancia sexual - Portal Tela Portugal<\/title>\n<meta name=\"robots\" content=\"index, follow, max-snippet:-1, max-image-preview:large, max-video-preview:-1\" \/>\n<meta property=\"og:locale\" content=\"pt_PT\" \/>\n<meta property=\"og:type\" content=\"article\" \/>\n<meta property=\"og:title\" content=\"ONG mo\u00e7ambicana alerta para aumento da viol\u00eancia sexual - Portal Tela Portugal\" \/>\n<meta property=\"og:description\" content=\"O F\u00f3rum da Sociedade Civil para os Direitos da Crian\u00e7a (ROSC) de Mo\u00e7ambique alerta para um aumento consider\u00e1vel da viol\u00eancia sexual contra mulheres e crian\u00e7as durante a quadra festiva de 2025, registando 216 casos entre 20 de dezembro e 4 de janeiro, contra 91 em igual per\u00edodo de 2024. Do total de casos de viol\u00eancia sexual registados, 54 envolveram meninas com menos de 14 anos. A ROSC descreve o aumento como um salto alarmante, representando mais de 137% de aumento, com uma v\u00edtima em cada quatro sendo crian\u00e7a. Nampula, no norte, lidera com 42 ocorr\u00eancias, seguida pela Cidade de Maputo, com 40 casos. Os dias festivos foram particularmente cr\u00edticos: no dia 25 de dezembro ocorreram 17 crimes sexuais e 10 \u00f3bitos, e no primeiro dia de 2025 registaram-se 11 casos de viola\u00e7\u00e3o sexual e 15 mortes associadas a traumas.\" \/>\n<meta property=\"og:url\" content=\"https:\/\/portaltela.pt\/noticias\/2026\/01\/12\/ong-mocambicana-alerta-para-aumento-da-violencia-sexual\/\" \/>\n<meta property=\"og:site_name\" content=\"Portal Tela Portugal\" \/>\n<meta property=\"article:published_time\" content=\"2026-01-12T10:39:15+00:00\" \/>\n<meta name=\"author\" content=\"Telinha\" \/>\n<meta name=\"twitter:card\" content=\"summary_large_image\" \/>\n<meta name=\"twitter:label1\" content=\"Escrito por\" \/>\n\t<meta name=\"twitter:data1\" content=\"Telinha\" \/>\n\t<meta name=\"twitter:label2\" content=\"Tempo estimado de leitura\" \/>\n\t<meta name=\"twitter:data2\" content=\"1 minuto\" \/>\n<script type=\"application\/ld+json\" class=\"yoast-schema-graph\">{\"@context\":\"https:\/\/schema.org\",\"@graph\":[{\"@type\":\"Article\",\"@id\":\"https:\/\/portaltela.pt\/noticias\/2026\/01\/12\/ong-mocambicana-alerta-para-aumento-da-violencia-sexual\/#article\",\"isPartOf\":{\"@id\":\"https:\/\/portaltela.pt\/noticias\/2026\/01\/12\/ong-mocambicana-alerta-para-aumento-da-violencia-sexual\/\"},\"author\":{\"name\":\"Telinha\",\"@id\":\"https:\/\/portaltela.pt\/#\/schema\/person\/c4278d4a6028830caff9ee44b42d32ed\"},\"headline\":\"ONG mo\u00e7ambicana alerta para aumento da viol\u00eancia sexual\",\"datePublished\":\"2026-01-12T10:39:15+00:00\",\"mainEntityOfPage\":{\"@id\":\"https:\/\/portaltela.pt\/noticias\/2026\/01\/12\/ong-mocambicana-alerta-para-aumento-da-violencia-sexual\/\"},\"wordCount\":219,\"image\":{\"@id\":\"https:\/\/portaltela.pt\/noticias\/2026\/01\/12\/ong-mocambicana-alerta-para-aumento-da-violencia-sexual\/#primaryimage\"},\"thumbnailUrl\":\"https:\/\/portaltela.pt\/s.01k8rhncp4jt1\/2026\/01\/unnamed-file-2390.jpg\",\"keywords\":[\"crimes sexuais contra crian\u00e7as\",\"inf\u00e2ncia\",\"Mo\u00e7ambique\",\"Mulheres\",\"viol\u00eancia de g\u00e9nero\",\"viol\u00eancia sexual de menor dependente ou em situa\u00e7\u00e3o vulner\u00e1vel\"],\"articleSection\":[\"Not\u00edcias\"],\"inLanguage\":\"pt-PT\"},{\"@type\":\"WebPage\",\"@id\":\"https:\/\/portaltela.pt\/noticias\/2026\/01\/12\/ong-mocambicana-alerta-para-aumento-da-violencia-sexual\/\",\"url\":\"https:\/\/portaltela.pt\/noticias\/2026\/01\/12\/ong-mocambicana-alerta-para-aumento-da-violencia-sexual\/\",\"name\":\"ONG mo\u00e7ambicana alerta para aumento da viol\u00eancia sexual - Portal Tela Portugal\",\"isPartOf\":{\"@id\":\"https:\/\/portaltela.pt\/#website\"},\"primaryImageOfPage\":{\"@id\":\"https:\/\/portaltela.pt\/noticias\/2026\/01\/12\/ong-mocambicana-alerta-para-aumento-da-violencia-sexual\/#primaryimage\"},\"image\":{\"@id\":\"https:\/\/portaltela.pt\/noticias\/2026\/01\/12\/ong-mocambicana-alerta-para-aumento-da-violencia-sexual\/#primaryimage\"},\"thumbnailUrl\":\"https:\/\/portaltela.pt\/s.01k8rhncp4jt1\/2026\/01\/unnamed-file-2390.jpg\",\"datePublished\":\"2026-01-12T10:39:15+00:00\",\"author\":{\"@id\":\"https:\/\/portaltela.pt\/#\/schema\/person\/c4278d4a6028830caff9ee44b42d32ed\"},\"breadcrumb\":{\"@id\":\"https:\/\/portaltela.pt\/noticias\/2026\/01\/12\/ong-mocambicana-alerta-para-aumento-da-violencia-sexual\/#breadcrumb\"},\"inLanguage\":\"pt-PT\",\"potentialAction\":[{\"@type\":\"ReadAction\",\"target\":[\"https:\/\/portaltela.pt\/noticias\/2026\/01\/12\/ong-mocambicana-alerta-para-aumento-da-violencia-sexual\/\"]}]},{\"@type\":\"ImageObject\",\"inLanguage\":\"pt-PT\",\"@id\":\"https:\/\/portaltela.pt\/noticias\/2026\/01\/12\/ong-mocambicana-alerta-para-aumento-da-violencia-sexual\/#primaryimage\",\"url\":\"https:\/\/portaltela.pt\/s.01k8rhncp4jt1\/2026\/01\/unnamed-file-2390.jpg\",\"contentUrl\":\"https:\/\/portaltela.pt\/s.01k8rhncp4jt1\/2026\/01\/unnamed-file-2390.jpg\",\"width\":796,\"height\":448,\"caption\":\"A prov\u00edncia de Nampula, no norte do pa\u00eds, lidera o n\u00famero de ocorr\u00eancias neste per\u00edodo\"},{\"@type\":\"BreadcrumbList\",\"@id\":\"https:\/\/portaltela.pt\/noticias\/2026\/01\/12\/ong-mocambicana-alerta-para-aumento-da-violencia-sexual\/#breadcrumb\",\"itemListElement\":[{\"@type\":\"ListItem\",\"position\":1,\"name\":\"In\u00edcio\",\"item\":\"https:\/\/portaltela.pt\/\"},{\"@type\":\"ListItem\",\"position\":2,\"name\":\"ONG mo\u00e7ambicana alerta para aumento da viol\u00eancia sexual\"}]},{\"@type\":\"WebSite\",\"@id\":\"https:\/\/portaltela.pt\/#website\",\"url\":\"https:\/\/portaltela.pt\/\",\"name\":\"Portal Tela Portugal\",\"description\":\"\",\"potentialAction\":[{\"@type\":\"SearchAction\",\"target\":{\"@type\":\"EntryPoint\",\"urlTemplate\":\"https:\/\/portaltela.pt\/?s={search_term_string}\"},\"query-input\":{\"@type\":\"PropertyValueSpecification\",\"valueRequired\":true,\"valueName\":\"search_term_string\"}}],\"inLanguage\":\"pt-PT\"},{\"@type\":\"Person\",\"@id\":\"https:\/\/portaltela.pt\/#\/schema\/person\/c4278d4a6028830caff9ee44b42d32ed\",\"name\":\"Telinha\",\"image\":{\"@type\":\"ImageObject\",\"inLanguage\":\"pt-PT\",\"@id\":\"https:\/\/portaltela.pt\/s.01k8rhncp4jt1\/2025\/11\/talking-bot-125x125.png\",\"url\":\"https:\/\/portaltela.pt\/s.01k8rhncp4jt1\/2025\/11\/talking-bot-125x125.png\",\"contentUrl\":\"https:\/\/portaltela.pt\/s.01k8rhncp4jt1\/2025\/11\/talking-bot-125x125.png\",\"caption\":\"Telinha\"},\"sameAs\":[\"https:\/\/portaltela.pt\/\"],\"url\":\"https:\/\/portaltela.pt\/por\/367410592786\/\"}]}<\/script>\n<!-- \/ Yoast SEO plugin. -->","yoast_head_json":{"title":"ONG mo\u00e7ambicana alerta para aumento da viol\u00eancia sexual - Portal Tela Portugal","robots":{"index":"index","follow":"follow","max-snippet":"max-snippet:-1","max-image-preview":"max-image-preview:large","max-video-preview":"max-video-preview:-1"},"og_locale":"pt_PT","og_type":"article","og_title":"ONG mo\u00e7ambicana alerta para aumento da viol\u00eancia sexual - Portal Tela Portugal","og_description":"O F\u00f3rum da Sociedade Civil para os Direitos da Crian\u00e7a (ROSC) de Mo\u00e7ambique alerta para um aumento consider\u00e1vel da viol\u00eancia sexual contra mulheres e crian\u00e7as durante a quadra festiva de 2025, registando 216 casos entre 20 de dezembro e 4 de janeiro, contra 91 em igual per\u00edodo de 2024. Do total de casos de viol\u00eancia sexual registados, 54 envolveram meninas com menos de 14 anos. A ROSC descreve o aumento como um salto alarmante, representando mais de 137% de aumento, com uma v\u00edtima em cada quatro sendo crian\u00e7a. Nampula, no norte, lidera com 42 ocorr\u00eancias, seguida pela Cidade de Maputo, com 40 casos. Os dias festivos foram particularmente cr\u00edticos: no dia 25 de dezembro ocorreram 17 crimes sexuais e 10 \u00f3bitos, e no primeiro dia de 2025 registaram-se 11 casos de viola\u00e7\u00e3o sexual e 15 mortes associadas a traumas.","og_url":"https:\/\/portaltela.pt\/noticias\/2026\/01\/12\/ong-mocambicana-alerta-para-aumento-da-violencia-sexual\/","og_site_name":"Portal Tela Portugal","article_published_time":"2026-01-12T10:39:15+00:00","author":"Telinha","twitter_card":"summary_large_image","twitter_misc":{"Escrito por":"Telinha","Tempo estimado de leitura":"1 minuto"},"schema":{"@context":"https:\/\/schema.org","@graph":[{"@type":"Article","@id":"https:\/\/portaltela.pt\/noticias\/2026\/01\/12\/ong-mocambicana-alerta-para-aumento-da-violencia-sexual\/#article","isPartOf":{"@id":"https:\/\/portaltela.pt\/noticias\/2026\/01\/12\/ong-mocambicana-alerta-para-aumento-da-violencia-sexual\/"},"author":{"name":"Telinha","@id":"https:\/\/portaltela.pt\/#\/schema\/person\/c4278d4a6028830caff9ee44b42d32ed"},"headline":"ONG mo\u00e7ambicana alerta para aumento da viol\u00eancia sexual","datePublished":"2026-01-12T10:39:15+00:00","mainEntityOfPage":{"@id":"https:\/\/portaltela.pt\/noticias\/2026\/01\/12\/ong-mocambicana-alerta-para-aumento-da-violencia-sexual\/"},"wordCount":219,"image":{"@id":"https:\/\/portaltela.pt\/noticias\/2026\/01\/12\/ong-mocambicana-alerta-para-aumento-da-violencia-sexual\/#primaryimage"},"thumbnailUrl":"https:\/\/portaltela.pt\/s.01k8rhncp4jt1\/2026\/01\/unnamed-file-2390.jpg","keywords":["crimes sexuais contra crian\u00e7as","inf\u00e2ncia","Mo\u00e7ambique","Mulheres","viol\u00eancia de g\u00e9nero","viol\u00eancia sexual de menor dependente ou em situa\u00e7\u00e3o vulner\u00e1vel"],"articleSection":["Not\u00edcias"],"inLanguage":"pt-PT"},{"@type":"WebPage","@id":"https:\/\/portaltela.pt\/noticias\/2026\/01\/12\/ong-mocambicana-alerta-para-aumento-da-violencia-sexual\/","url":"https:\/\/portaltela.pt\/noticias\/2026\/01\/12\/ong-mocambicana-alerta-para-aumento-da-violencia-sexual\/","name":"ONG mo\u00e7ambicana alerta para aumento da viol\u00eancia sexual - Portal Tela Portugal","isPartOf":{"@id":"https:\/\/portaltela.pt\/#website"},"primaryImageOfPage":{"@id":"https:\/\/portaltela.pt\/noticias\/2026\/01\/12\/ong-mocambicana-alerta-para-aumento-da-violencia-sexual\/#primaryimage"},"image":{"@id":"https:\/\/portaltela.pt\/noticias\/2026\/01\/12\/ong-mocambicana-alerta-para-aumento-da-violencia-sexual\/#primaryimage"},"thumbnailUrl":"https:\/\/portaltela.pt\/s.01k8rhncp4jt1\/2026\/01\/unnamed-file-2390.jpg","datePublished":"2026-01-12T10:39:15+00:00","author":{"@id":"https:\/\/portaltela.pt\/#\/schema\/person\/c4278d4a6028830caff9ee44b42d32ed"},"breadcrumb":{"@id":"https:\/\/portaltela.pt\/noticias\/2026\/01\/12\/ong-mocambicana-alerta-para-aumento-da-violencia-sexual\/#breadcrumb"},"inLanguage":"pt-PT","potentialAction":[{"@type":"ReadAction","target":["https:\/\/portaltela.pt\/noticias\/2026\/01\/12\/ong-mocambicana-alerta-para-aumento-da-violencia-sexual\/"]}]},{"@type":"ImageObject","inLanguage":"pt-PT","@id":"https:\/\/portaltela.pt\/noticias\/2026\/01\/12\/ong-mocambicana-alerta-para-aumento-da-violencia-sexual\/#primaryimage","url":"https:\/\/portaltela.pt\/s.01k8rhncp4jt1\/2026\/01\/unnamed-file-2390.jpg","contentUrl":"https:\/\/portaltela.pt\/s.01k8rhncp4jt1\/2026\/01\/unnamed-file-2390.jpg","width":796,"height":448,"caption":"A prov\u00edncia de Nampula, no norte do pa\u00eds, lidera o n\u00famero de ocorr\u00eancias neste per\u00edodo"},{"@type":"BreadcrumbList","@id":"https:\/\/portaltela.pt\/noticias\/2026\/01\/12\/ong-mocambicana-alerta-para-aumento-da-violencia-sexual\/#breadcrumb","itemListElement":[{"@type":"ListItem","position":1,"name":"In\u00edcio","item":"https:\/\/portaltela.pt\/"},{"@type":"ListItem","position":2,"name":"ONG mo\u00e7ambicana alerta para aumento da viol\u00eancia sexual"}]},{"@type":"WebSite","@id":"https:\/\/portaltela.pt\/#website","url":"https:\/\/portaltela.pt\/","name":"Portal Tela Portugal","description":"","potentialAction":[{"@type":"SearchAction","target":{"@type":"EntryPoint","urlTemplate":"https:\/\/portaltela.pt\/?s={search_term_string}"},"query-input":{"@type":"PropertyValueSpecification","valueRequired":true,"valueName":"search_term_string"}}],"inLanguage":"pt-PT"},{"@type":"Person","@id":"https:\/\/portaltela.pt\/#\/schema\/person\/c4278d4a6028830caff9ee44b42d32ed","name":"Telinha","image":{"@type":"ImageObject","inLanguage":"pt-PT","@id":"https:\/\/portaltela.pt\/s.01k8rhncp4jt1\/2025\/11\/talking-bot-125x125.png","url":"https:\/\/portaltela.pt\/s.01k8rhncp4jt1\/2025\/11\/talking-bot-125x125.png","contentUrl":"https:\/\/portaltela.pt\/s.01k8rhncp4jt1\/2025\/11\/talking-bot-125x125.png","caption":"Telinha"},"sameAs":["https:\/\/portaltela.pt\/"],"url":"https:\/\/portaltela.pt\/por\/367410592786\/"}]}},"_links":{"self":[{"href":"https:\/\/portaltela.pt\/api\/wp\/v2\/posts\/134988","targetHints":{"allow":["GET"]}}],"collection":[{"href":"https:\/\/portaltela.pt\/api\/wp\/v2\/posts"}],"about":[{"href":"https:\/\/portaltela.pt\/api\/wp\/v2\/types\/post"}],"author":[{"embeddable":true,"href":"https:\/\/portaltela.pt\/api\/wp\/v2\/users\/2"}],"replies":[{"embeddable":true,"href":"https:\/\/portaltela.pt\/api\/wp\/v2\/comments?post=134988"}],"version-history":[{"count":0,"href":"https:\/\/portaltela.pt\/api\/wp\/v2\/posts\/134988\/revisions"}],"wp:featuredmedia":[{"embeddable":true,"href":"https:\/\/portaltela.pt\/api\/wp\/v2\/media\/134997"}],"wp:attachment":[{"href":"https:\/\/portaltela.pt\/api\/wp\/v2\/media?parent=134988"}],"wp:term":[{"taxonomy":"category","embeddable":true,"href":"https:\/\/portaltela.pt\/api\/wp\/v2\/categories?post=134988"},{"taxonomy":"post_tag","embeddable":true,"href":"https:\/\/portaltela.pt\/api\/wp\/v2\/tags?post=134988"}],"curies":[{"name":"wp","href":"https:\/\/api.w.org\/{rel}","templated":true}]}}