{"id":134972,"date":"2026-01-12T07:22:00","date_gmt":"2026-01-12T10:22:00","guid":{"rendered":"https:\/\/portaltela.pt\/noticias\/2026\/01\/12\/biciarca-sobe-ao-podio-no-raid-btt-lagoas-de-mira-com-manuel-vicente\/"},"modified":"2026-01-12T07:22:00","modified_gmt":"2026-01-12T10:22:00","slug":"biciarca-sobe-ao-podio-no-raid-btt-lagoas-de-mira-com-manuel-vicente","status":"publish","type":"post","link":"https:\/\/portaltela.pt\/desporto\/2026\/01\/12\/biciarca-sobe-ao-podio-no-raid-btt-lagoas-de-mira-com-manuel-vicente\/","title":{"rendered":"BiciARCA sobe ao p\u00f3dio no RAID BTT Lagoas de Mira com Manuel Vicente"},"content":{"rendered":"<p>O RAID BTT Lagoas de Mira consolidou-se como uma das provas mais relevantes do calend\u00e1rio regional, reunindo atletas de v\u00e1rias zonas do pa\u00eds num tra\u00e7ado exigente. A edi\u00e7\u00e3o recente destacou-se pela combina\u00e7\u00e3o de trilhos t\u00e9cnicos, trechos de areia e pela envolv\u00eancia das lagoas e pinhais da regi\u00e3o.<\/p>\n<p>A BiciARCA esteve representada pelo atleta Manuel Ant\u00f3nio Vicente, que alcan\u00e7ou o 2.\u00ba lugar na categoria Paral\u00edmpicos. No percurso, mostrou regularidade, resist\u00eancia f\u00edsica e capacidade de supera\u00e7\u00e3o, mantendo um ritmo est\u00e1vel mesmo nos trechos mais exigentes.<\/p>\n<p>O tra\u00e7ado manteve-se desafiante ao longo de toda a prova, com momentos de maior dificuldade t\u00e9cnica a exigir controlo de ritmo e estrat\u00e9gia de esfor\u00e7o. A organiza\u00e7\u00e3o manteve padr\u00f5es elevados de seguran\u00e7a e log\u00edstica.<\/p>\n<h3>Reconhecimento \u00e0 organiza\u00e7\u00e3o e impacto no desporto inclusivo<\/h3>\n<p>Este resultado refor\u00e7a o valor desportivo de Manuel Vicente e do trabalho da BiciARCA na promo\u00e7\u00e3o do desporto inclusivo, num evento que se destacou pela qualidade organizativa e pela paisagem \u00fanica das Lagoas de Mira.<\/p>\n<p>A associa\u00e7\u00e3o destacou a import\u00e2ncia da prova no panorama nacional do BTT e a sua continuidade como refer\u00eancia no calend\u00e1rio competitivo, sublinhando o impacto positivo da competi\u00e7\u00e3o para atletas com mobilidade reduzida.<\/p>\n","protected":false},"excerpt":{"rendered":"<ul>\n<li>O RAID BTT Lagoas de Mira mant\u00e9m-se como uma das provas mais relevantes do calend\u00e1rio regional de BTT, com um percurso exigente, trilhos t\u00e9cnicos, setores de areia e a envolvente natureza das lagoas e pinhais.<\/li>\n<li>A BiciARCA esteve representada por Manuel Ant\u00f3nio Vicente, que conseguiu o segundo lugar na categoria Paral\u00edmpicos.<\/li>\n<li>Ao longo da prova, o atleta destacou-se pela regularidade, resist\u00eancia f\u00edsica e capacidade de supera\u00e7\u00e3o, mantendo ritmo est\u00e1vel mesmo nos trechos mais desafiantes.<\/li>\n<li>O resultado refor\u00e7a o valor desportivo de Manuel Vicente e do trabalho da BiciARCA na promo\u00e7\u00e3o do desporto inclusivo, numa edi\u00e7\u00e3o elogiada pela organiza\u00e7\u00e3o e pelo enquadramento paisag\u00edstico das Lagoas de Mira.<\/li>\n<li>A associa\u00e7\u00e3o agradeceu \u00e0 organiza\u00e7\u00e3o, sublinhando a import\u00e2ncia da prova no panorama nacional do BTT e a sua continuidade como refer\u00eancia no calend\u00e1rio competitivo.<\/li>\n<\/ul>\n","protected":false},"author":2,"featured_media":134978,"comment_status":"closed","ping_status":"closed","sticky":false,"template":"","format":"standard","meta":{"footnotes":""},"categories":[21],"tags":[152,2419,961,1081,2183,2737],"class_list":["post-134972","post","type-post","status-publish","format-standard","has-post-thumbnail","hentry","category-desporto","tag-desporto","tag-lagoa","tag-logistica","tag-mira","tag-paraciclismo","tag-pessoas-com-deficiencia"],"yoast_head":"<!-- This site is optimized with the Yoast SEO plugin v27.2 - https:\/\/yoast.com\/product\/yoast-seo-wordpress\/ -->\n<title>BiciARCA sobe ao p\u00f3dio no RAID BTT Lagoas de Mira com Manuel Vicente - Portal Tela Portugal<\/title>\n<meta name=\"robots\" content=\"index, follow, max-snippet:-1, max-image-preview:large, max-video-preview:-1\" \/>\n<meta property=\"og:locale\" content=\"pt_PT\" \/>\n<meta property=\"og:type\" content=\"article\" \/>\n<meta property=\"og:title\" content=\"BiciARCA sobe ao p\u00f3dio no RAID BTT Lagoas de Mira com Manuel Vicente - Portal Tela Portugal\" \/>\n<meta property=\"og:description\" content=\"O RAID BTT Lagoas de Mira mant\u00e9m-se como uma das provas mais relevantes do calend\u00e1rio regional de BTT, com um percurso exigente, trilhos t\u00e9cnicos, setores de areia e a envolvente natureza das lagoas e pinhais. A BiciARCA esteve representada por Manuel Ant\u00f3nio Vicente, que conseguiu o segundo lugar na categoria Paral\u00edmpicos. Ao longo da prova, o atleta destacou-se pela regularidade, resist\u00eancia f\u00edsica e capacidade de supera\u00e7\u00e3o, mantendo ritmo est\u00e1vel mesmo nos trechos mais desafiantes. O resultado refor\u00e7a o valor desportivo de Manuel Vicente e do trabalho da BiciARCA na promo\u00e7\u00e3o do desporto inclusivo, numa edi\u00e7\u00e3o elogiada pela organiza\u00e7\u00e3o e pelo enquadramento paisag\u00edstico das Lagoas de Mira. A associa\u00e7\u00e3o agradeceu \u00e0 organiza\u00e7\u00e3o, sublinhando a import\u00e2ncia da prova no panorama nacional do BTT e a sua continuidade como refer\u00eancia no calend\u00e1rio competitivo.\" \/>\n<meta property=\"og:url\" content=\"https:\/\/portaltela.pt\/noticias\/2026\/01\/12\/biciarca-sobe-ao-podio-no-raid-btt-lagoas-de-mira-com-manuel-vicente\/\" \/>\n<meta property=\"og:site_name\" content=\"Portal Tela Portugal\" \/>\n<meta property=\"article:published_time\" content=\"2026-01-12T10:22:00+00:00\" \/>\n<meta name=\"author\" content=\"Telinha\" \/>\n<meta name=\"twitter:card\" content=\"summary_large_image\" \/>\n<meta name=\"twitter:label1\" content=\"Escrito por\" \/>\n\t<meta name=\"twitter:data1\" content=\"Telinha\" \/>\n\t<meta name=\"twitter:label2\" content=\"Tempo estimado de leitura\" \/>\n\t<meta name=\"twitter:data2\" content=\"1 minuto\" \/>\n<script type=\"application\/ld+json\" class=\"yoast-schema-graph\">{\"@context\":\"https:\/\/schema.org\",\"@graph\":[{\"@type\":\"Article\",\"@id\":\"https:\/\/portaltela.pt\/noticias\/2026\/01\/12\/biciarca-sobe-ao-podio-no-raid-btt-lagoas-de-mira-com-manuel-vicente\/#article\",\"isPartOf\":{\"@id\":\"https:\/\/portaltela.pt\/noticias\/2026\/01\/12\/biciarca-sobe-ao-podio-no-raid-btt-lagoas-de-mira-com-manuel-vicente\/\"},\"author\":{\"name\":\"Telinha\",\"@id\":\"https:\/\/portaltela.pt\/#\/schema\/person\/c4278d4a6028830caff9ee44b42d32ed\"},\"headline\":\"BiciARCA sobe ao p\u00f3dio no RAID BTT Lagoas de Mira com Manuel Vicente\",\"datePublished\":\"2026-01-12T10:22:00+00:00\",\"mainEntityOfPage\":{\"@id\":\"https:\/\/portaltela.pt\/noticias\/2026\/01\/12\/biciarca-sobe-ao-podio-no-raid-btt-lagoas-de-mira-com-manuel-vicente\/\"},\"wordCount\":236,\"image\":{\"@id\":\"https:\/\/portaltela.pt\/noticias\/2026\/01\/12\/biciarca-sobe-ao-podio-no-raid-btt-lagoas-de-mira-com-manuel-vicente\/#primaryimage\"},\"thumbnailUrl\":\"https:\/\/portaltela.pt\/s.01k8rhncp4jt1\/2026\/01\/615274447_1464112505724491_3956525598236425909_n.jpg\",\"keywords\":[\"desporto\",\"Lagoa\",\"Log\u00edstica\",\"Mira\",\"Paraciclismo\",\"pessoas com defici\u00eancia\"],\"articleSection\":[\"Desporto\"],\"inLanguage\":\"pt-PT\"},{\"@type\":\"WebPage\",\"@id\":\"https:\/\/portaltela.pt\/noticias\/2026\/01\/12\/biciarca-sobe-ao-podio-no-raid-btt-lagoas-de-mira-com-manuel-vicente\/\",\"url\":\"https:\/\/portaltela.pt\/noticias\/2026\/01\/12\/biciarca-sobe-ao-podio-no-raid-btt-lagoas-de-mira-com-manuel-vicente\/\",\"name\":\"BiciARCA sobe ao p\u00f3dio no RAID BTT Lagoas de Mira com Manuel Vicente - Portal Tela Portugal\",\"isPartOf\":{\"@id\":\"https:\/\/portaltela.pt\/#website\"},\"primaryImageOfPage\":{\"@id\":\"https:\/\/portaltela.pt\/noticias\/2026\/01\/12\/biciarca-sobe-ao-podio-no-raid-btt-lagoas-de-mira-com-manuel-vicente\/#primaryimage\"},\"image\":{\"@id\":\"https:\/\/portaltela.pt\/noticias\/2026\/01\/12\/biciarca-sobe-ao-podio-no-raid-btt-lagoas-de-mira-com-manuel-vicente\/#primaryimage\"},\"thumbnailUrl\":\"https:\/\/portaltela.pt\/s.01k8rhncp4jt1\/2026\/01\/615274447_1464112505724491_3956525598236425909_n.jpg\",\"datePublished\":\"2026-01-12T10:22:00+00:00\",\"author\":{\"@id\":\"https:\/\/portaltela.pt\/#\/schema\/person\/c4278d4a6028830caff9ee44b42d32ed\"},\"breadcrumb\":{\"@id\":\"https:\/\/portaltela.pt\/noticias\/2026\/01\/12\/biciarca-sobe-ao-podio-no-raid-btt-lagoas-de-mira-com-manuel-vicente\/#breadcrumb\"},\"inLanguage\":\"pt-PT\",\"potentialAction\":[{\"@type\":\"ReadAction\",\"target\":[\"https:\/\/portaltela.pt\/noticias\/2026\/01\/12\/biciarca-sobe-ao-podio-no-raid-btt-lagoas-de-mira-com-manuel-vicente\/\"]}]},{\"@type\":\"ImageObject\",\"inLanguage\":\"pt-PT\",\"@id\":\"https:\/\/portaltela.pt\/noticias\/2026\/01\/12\/biciarca-sobe-ao-podio-no-raid-btt-lagoas-de-mira-com-manuel-vicente\/#primaryimage\",\"url\":\"https:\/\/portaltela.pt\/s.01k8rhncp4jt1\/2026\/01\/615274447_1464112505724491_3956525598236425909_n.jpg\",\"contentUrl\":\"https:\/\/portaltela.pt\/s.01k8rhncp4jt1\/2026\/01\/615274447_1464112505724491_3956525598236425909_n.jpg\",\"width\":796,\"height\":448,\"caption\":\"BiciARCA sobe ao p\u00f3dio no RAID BTT Lagoas de Mira com Manuel Vicente em destaque\"},{\"@type\":\"BreadcrumbList\",\"@id\":\"https:\/\/portaltela.pt\/noticias\/2026\/01\/12\/biciarca-sobe-ao-podio-no-raid-btt-lagoas-de-mira-com-manuel-vicente\/#breadcrumb\",\"itemListElement\":[{\"@type\":\"ListItem\",\"position\":1,\"name\":\"In\u00edcio\",\"item\":\"https:\/\/portaltela.pt\/\"},{\"@type\":\"ListItem\",\"position\":2,\"name\":\"BiciARCA sobe ao p\u00f3dio no RAID BTT Lagoas de Mira com Manuel Vicente\"}]},{\"@type\":\"WebSite\",\"@id\":\"https:\/\/portaltela.pt\/#website\",\"url\":\"https:\/\/portaltela.pt\/\",\"name\":\"Portal Tela Portugal\",\"description\":\"\",\"potentialAction\":[{\"@type\":\"SearchAction\",\"target\":{\"@type\":\"EntryPoint\",\"urlTemplate\":\"https:\/\/portaltela.pt\/?s={search_term_string}\"},\"query-input\":{\"@type\":\"PropertyValueSpecification\",\"valueRequired\":true,\"valueName\":\"search_term_string\"}}],\"inLanguage\":\"pt-PT\"},{\"@type\":\"Person\",\"@id\":\"https:\/\/portaltela.pt\/#\/schema\/person\/c4278d4a6028830caff9ee44b42d32ed\",\"name\":\"Telinha\",\"image\":{\"@type\":\"ImageObject\",\"inLanguage\":\"pt-PT\",\"@id\":\"https:\/\/portaltela.pt\/s.01k8rhncp4jt1\/2025\/11\/talking-bot-125x125.png\",\"url\":\"https:\/\/portaltela.pt\/s.01k8rhncp4jt1\/2025\/11\/talking-bot-125x125.png\",\"contentUrl\":\"https:\/\/portaltela.pt\/s.01k8rhncp4jt1\/2025\/11\/talking-bot-125x125.png\",\"caption\":\"Telinha\"},\"sameAs\":[\"https:\/\/portaltela.pt\/\"],\"url\":\"https:\/\/portaltela.pt\/por\/367410592786\/\"}]}<\/script>\n<!-- \/ Yoast SEO plugin. -->","yoast_head_json":{"title":"BiciARCA sobe ao p\u00f3dio no RAID BTT Lagoas de Mira com Manuel Vicente - Portal Tela Portugal","robots":{"index":"index","follow":"follow","max-snippet":"max-snippet:-1","max-image-preview":"max-image-preview:large","max-video-preview":"max-video-preview:-1"},"og_locale":"pt_PT","og_type":"article","og_title":"BiciARCA sobe ao p\u00f3dio no RAID BTT Lagoas de Mira com Manuel Vicente - Portal Tela Portugal","og_description":"O RAID BTT Lagoas de Mira mant\u00e9m-se como uma das provas mais relevantes do calend\u00e1rio regional de BTT, com um percurso exigente, trilhos t\u00e9cnicos, setores de areia e a envolvente natureza das lagoas e pinhais. A BiciARCA esteve representada por Manuel Ant\u00f3nio Vicente, que conseguiu o segundo lugar na categoria Paral\u00edmpicos. Ao longo da prova, o atleta destacou-se pela regularidade, resist\u00eancia f\u00edsica e capacidade de supera\u00e7\u00e3o, mantendo ritmo est\u00e1vel mesmo nos trechos mais desafiantes. O resultado refor\u00e7a o valor desportivo de Manuel Vicente e do trabalho da BiciARCA na promo\u00e7\u00e3o do desporto inclusivo, numa edi\u00e7\u00e3o elogiada pela organiza\u00e7\u00e3o e pelo enquadramento paisag\u00edstico das Lagoas de Mira. A associa\u00e7\u00e3o agradeceu \u00e0 organiza\u00e7\u00e3o, sublinhando a import\u00e2ncia da prova no panorama nacional do BTT e a sua continuidade como refer\u00eancia no calend\u00e1rio competitivo.","og_url":"https:\/\/portaltela.pt\/noticias\/2026\/01\/12\/biciarca-sobe-ao-podio-no-raid-btt-lagoas-de-mira-com-manuel-vicente\/","og_site_name":"Portal Tela Portugal","article_published_time":"2026-01-12T10:22:00+00:00","author":"Telinha","twitter_card":"summary_large_image","twitter_misc":{"Escrito por":"Telinha","Tempo estimado de leitura":"1 minuto"},"schema":{"@context":"https:\/\/schema.org","@graph":[{"@type":"Article","@id":"https:\/\/portaltela.pt\/noticias\/2026\/01\/12\/biciarca-sobe-ao-podio-no-raid-btt-lagoas-de-mira-com-manuel-vicente\/#article","isPartOf":{"@id":"https:\/\/portaltela.pt\/noticias\/2026\/01\/12\/biciarca-sobe-ao-podio-no-raid-btt-lagoas-de-mira-com-manuel-vicente\/"},"author":{"name":"Telinha","@id":"https:\/\/portaltela.pt\/#\/schema\/person\/c4278d4a6028830caff9ee44b42d32ed"},"headline":"BiciARCA sobe ao p\u00f3dio no RAID BTT Lagoas de Mira com Manuel Vicente","datePublished":"2026-01-12T10:22:00+00:00","mainEntityOfPage":{"@id":"https:\/\/portaltela.pt\/noticias\/2026\/01\/12\/biciarca-sobe-ao-podio-no-raid-btt-lagoas-de-mira-com-manuel-vicente\/"},"wordCount":236,"image":{"@id":"https:\/\/portaltela.pt\/noticias\/2026\/01\/12\/biciarca-sobe-ao-podio-no-raid-btt-lagoas-de-mira-com-manuel-vicente\/#primaryimage"},"thumbnailUrl":"https:\/\/portaltela.pt\/s.01k8rhncp4jt1\/2026\/01\/615274447_1464112505724491_3956525598236425909_n.jpg","keywords":["desporto","Lagoa","Log\u00edstica","Mira","Paraciclismo","pessoas com defici\u00eancia"],"articleSection":["Desporto"],"inLanguage":"pt-PT"},{"@type":"WebPage","@id":"https:\/\/portaltela.pt\/noticias\/2026\/01\/12\/biciarca-sobe-ao-podio-no-raid-btt-lagoas-de-mira-com-manuel-vicente\/","url":"https:\/\/portaltela.pt\/noticias\/2026\/01\/12\/biciarca-sobe-ao-podio-no-raid-btt-lagoas-de-mira-com-manuel-vicente\/","name":"BiciARCA sobe ao p\u00f3dio no RAID BTT Lagoas de Mira com Manuel Vicente - Portal Tela Portugal","isPartOf":{"@id":"https:\/\/portaltela.pt\/#website"},"primaryImageOfPage":{"@id":"https:\/\/portaltela.pt\/noticias\/2026\/01\/12\/biciarca-sobe-ao-podio-no-raid-btt-lagoas-de-mira-com-manuel-vicente\/#primaryimage"},"image":{"@id":"https:\/\/portaltela.pt\/noticias\/2026\/01\/12\/biciarca-sobe-ao-podio-no-raid-btt-lagoas-de-mira-com-manuel-vicente\/#primaryimage"},"thumbnailUrl":"https:\/\/portaltela.pt\/s.01k8rhncp4jt1\/2026\/01\/615274447_1464112505724491_3956525598236425909_n.jpg","datePublished":"2026-01-12T10:22:00+00:00","author":{"@id":"https:\/\/portaltela.pt\/#\/schema\/person\/c4278d4a6028830caff9ee44b42d32ed"},"breadcrumb":{"@id":"https:\/\/portaltela.pt\/noticias\/2026\/01\/12\/biciarca-sobe-ao-podio-no-raid-btt-lagoas-de-mira-com-manuel-vicente\/#breadcrumb"},"inLanguage":"pt-PT","potentialAction":[{"@type":"ReadAction","target":["https:\/\/portaltela.pt\/noticias\/2026\/01\/12\/biciarca-sobe-ao-podio-no-raid-btt-lagoas-de-mira-com-manuel-vicente\/"]}]},{"@type":"ImageObject","inLanguage":"pt-PT","@id":"https:\/\/portaltela.pt\/noticias\/2026\/01\/12\/biciarca-sobe-ao-podio-no-raid-btt-lagoas-de-mira-com-manuel-vicente\/#primaryimage","url":"https:\/\/portaltela.pt\/s.01k8rhncp4jt1\/2026\/01\/615274447_1464112505724491_3956525598236425909_n.jpg","contentUrl":"https:\/\/portaltela.pt\/s.01k8rhncp4jt1\/2026\/01\/615274447_1464112505724491_3956525598236425909_n.jpg","width":796,"height":448,"caption":"BiciARCA sobe ao p\u00f3dio no RAID BTT Lagoas de Mira com Manuel Vicente em destaque"},{"@type":"BreadcrumbList","@id":"https:\/\/portaltela.pt\/noticias\/2026\/01\/12\/biciarca-sobe-ao-podio-no-raid-btt-lagoas-de-mira-com-manuel-vicente\/#breadcrumb","itemListElement":[{"@type":"ListItem","position":1,"name":"In\u00edcio","item":"https:\/\/portaltela.pt\/"},{"@type":"ListItem","position":2,"name":"BiciARCA sobe ao p\u00f3dio no RAID BTT Lagoas de Mira com Manuel Vicente"}]},{"@type":"WebSite","@id":"https:\/\/portaltela.pt\/#website","url":"https:\/\/portaltela.pt\/","name":"Portal Tela Portugal","description":"","potentialAction":[{"@type":"SearchAction","target":{"@type":"EntryPoint","urlTemplate":"https:\/\/portaltela.pt\/?s={search_term_string}"},"query-input":{"@type":"PropertyValueSpecification","valueRequired":true,"valueName":"search_term_string"}}],"inLanguage":"pt-PT"},{"@type":"Person","@id":"https:\/\/portaltela.pt\/#\/schema\/person\/c4278d4a6028830caff9ee44b42d32ed","name":"Telinha","image":{"@type":"ImageObject","inLanguage":"pt-PT","@id":"https:\/\/portaltela.pt\/s.01k8rhncp4jt1\/2025\/11\/talking-bot-125x125.png","url":"https:\/\/portaltela.pt\/s.01k8rhncp4jt1\/2025\/11\/talking-bot-125x125.png","contentUrl":"https:\/\/portaltela.pt\/s.01k8rhncp4jt1\/2025\/11\/talking-bot-125x125.png","caption":"Telinha"},"sameAs":["https:\/\/portaltela.pt\/"],"url":"https:\/\/portaltela.pt\/por\/367410592786\/"}]}},"_links":{"self":[{"href":"https:\/\/portaltela.pt\/api\/wp\/v2\/posts\/134972","targetHints":{"allow":["GET"]}}],"collection":[{"href":"https:\/\/portaltela.pt\/api\/wp\/v2\/posts"}],"about":[{"href":"https:\/\/portaltela.pt\/api\/wp\/v2\/types\/post"}],"author":[{"embeddable":true,"href":"https:\/\/portaltela.pt\/api\/wp\/v2\/users\/2"}],"replies":[{"embeddable":true,"href":"https:\/\/portaltela.pt\/api\/wp\/v2\/comments?post=134972"}],"version-history":[{"count":0,"href":"https:\/\/portaltela.pt\/api\/wp\/v2\/posts\/134972\/revisions"}],"wp:featuredmedia":[{"embeddable":true,"href":"https:\/\/portaltela.pt\/api\/wp\/v2\/media\/134978"}],"wp:attachment":[{"href":"https:\/\/portaltela.pt\/api\/wp\/v2\/media?parent=134972"}],"wp:term":[{"taxonomy":"category","embeddable":true,"href":"https:\/\/portaltela.pt\/api\/wp\/v2\/categories?post=134972"},{"taxonomy":"post_tag","embeddable":true,"href":"https:\/\/portaltela.pt\/api\/wp\/v2\/tags?post=134972"}],"curies":[{"name":"wp","href":"https:\/\/api.w.org\/{rel}","templated":true}]}}