{"id":134870,"date":"2026-01-12T07:09:17","date_gmt":"2026-01-12T10:09:17","guid":{"rendered":"https:\/\/portaltela.pt\/noticias\/2026\/01\/12\/vestidos-na-noite-dos-globos-de-ouro-durante-a-passagem-de-wagner-moura\/"},"modified":"2026-01-12T07:09:17","modified_gmt":"2026-01-12T10:09:17","slug":"vestidos-na-noite-dos-globos-de-ouro-durante-a-passagem-de-wagner-moura","status":"publish","type":"post","link":"https:\/\/portaltela.pt\/noticias\/2026\/01\/12\/vestidos-na-noite-dos-globos-de-ouro-durante-a-passagem-de-wagner-moura\/","title":{"rendered":"Vestidos na noite dos Globos de Ouro durante a passagem de Wagner Moura"},"content":{"rendered":"<p>A noite de domingo marcou a 83.\u00aa gala dos Globos de Ouro, em Beverly Hills, reunindo cinema e televis\u00e3o de todo o mundo. O evento destacou a vit\u00f3ria de Wagner Moura, que entra para a hist\u00f3ria ao ser reconhecido no principal pr\u00e9mio da noite. A passadeira vermelha revelou vestidos marcantes, em tom de gala.<\/p>\n<p>Wagner Moura foi distinguido no Globo de Ouro de Melhor Filme, num galard\u00e3o que celebra a produ\u00e7\u00e3o brasileira Batalha Atr\u00e1s de Batalha. A atribui\u00e7\u00e3o elevou o ator e o cinema nacional a uma posi\u00e7\u00e3o de destaque na cerim\u00f3nia.<\/p>\n<p>A cerim\u00f3nia contou com Nikki Glaser na apresenta\u00e7\u00e3o, num formato de gala que mant\u00e9m o estilo tradicional de Hollywood. A noite tamb\u00e9m incluiu v\u00e1rias refer\u00eancias a estrelas internacionais presentes, com fot\u00f3grafos a capturar detalhes dos trajes na passadeira.<\/p>\n<p>Entre os vestidos que dominaram o foco estavam op\u00e7\u00f5es de Hollywood e nomes de peso internacional, com destaque para pe\u00e7as de designers reconhecidos. A galeria de imagens mostra celebridades como Minnie Driver, Ariana Grande, Julia Roberts, Emma Stone e Jennifer Lopez.<\/p>\n<p>A cobertura do evento incluiu ainda registos de atua\u00e7\u00e3o de astros como Leonardo DiCaprio, Snoop Dogg e Vince Gilligan, al\u00e9m de outros nomes de v\u00e1rias eras do cinema e da televis\u00e3o. A diversidade de estilos marcou a passagem pela red carpet.<\/p>\n<p>Jessie Buckley foi vencedora do Globo de Ouro para Melhor Atriz em Filme Dram\u00e1tico, por Hamnet, refor\u00e7ando a presen\u00e7a feminina na edi\u00e7\u00e3o. Owen Cooper recebeu o pr\u00e9mio de Melhor Ator Secund\u00e1rio em televis\u00e3o, por Adolesc\u00eancia.<\/p>\n<p>A garra do espect\u00e1culo norte-americano ficou evidente na sele\u00e7\u00e3o de trajes, bem como na cobertura fotogr\u00e1fica que circulou pelas redes e pelas p\u00e1ginas especializadas. A gala refor\u00e7ou a liga\u00e7\u00e3o entre a ind\u00fastria do entretenimento e o p\u00fablico global.<\/p>\n<p>Fontes: ABOLA e demais imagens oficiais da gala.<\/p>\n","protected":false},"excerpt":{"rendered":"<ul>\n<li>A 83.\u00aa edi\u00e7\u00e3o dos Globos de Ouro realizou-se no domingo, em Beverly Hills, destacando cinema e televis\u00e3o.<\/li>\n<li>O evento ficou marcado pela vit\u00f3ria do ator brasileiro Wagner Moura, numa ocasi\u00e3o hist\u00f3rica para o Brasil.<\/li>\n<li>V\u00e1rios vestidos na passadeira vermelha chamaram a aten\u00e7\u00e3o, conforme ilustrado na galeria de imagens.<\/li>\n<li>Nikki Glaser apresentou a gala dos Globos de Ouro.<\/li>\n<li>O Melhor Filme foi Batalha Atr\u00e1s de Batalha (Warner Bros).<\/li>\n<\/ul>\n","protected":false},"author":2,"featured_media":134873,"comment_status":"closed","ping_status":"closed","sticky":false,"template":"","format":"standard","meta":{"footnotes":""},"categories":[1],"tags":[2916,112,1009,135,239,2908],"class_list":["post-134870","post","type-post","status-publish","format-standard","has-post-thumbnail","hentry","category-noticias","tag-batalha-atras-de-batalha","tag-cinema","tag-globos-de-ouro","tag-moda","tag-vestuario","tag-wagner-moura"],"yoast_head":"<!-- This site is optimized with the Yoast SEO plugin v27.2 - https:\/\/yoast.com\/product\/yoast-seo-wordpress\/ -->\n<title>Vestidos na noite dos Globos de Ouro durante a passagem de Wagner Moura - Portal Tela Portugal<\/title>\n<meta name=\"robots\" content=\"index, follow, max-snippet:-1, max-image-preview:large, max-video-preview:-1\" \/>\n<meta property=\"og:locale\" content=\"pt_PT\" \/>\n<meta property=\"og:type\" content=\"article\" \/>\n<meta property=\"og:title\" content=\"Vestidos na noite dos Globos de Ouro durante a passagem de Wagner Moura - Portal Tela Portugal\" \/>\n<meta property=\"og:description\" content=\"A 83.\u00aa edi\u00e7\u00e3o dos Globos de Ouro realizou-se no domingo, em Beverly Hills, destacando cinema e televis\u00e3o. O evento ficou marcado pela vit\u00f3ria do ator brasileiro Wagner Moura, numa ocasi\u00e3o hist\u00f3rica para o Brasil. V\u00e1rios vestidos na passadeira vermelha chamaram a aten\u00e7\u00e3o, conforme ilustrado na galeria de imagens. Nikki Glaser apresentou a gala dos Globos de Ouro. O Melhor Filme foi Batalha Atr\u00e1s de Batalha (Warner Bros).\" \/>\n<meta property=\"og:url\" content=\"https:\/\/portaltela.pt\/noticias\/2026\/01\/12\/vestidos-na-noite-dos-globos-de-ouro-durante-a-passagem-de-wagner-moura\/\" \/>\n<meta property=\"og:site_name\" content=\"Portal Tela Portugal\" \/>\n<meta property=\"article:published_time\" content=\"2026-01-12T10:09:17+00:00\" \/>\n<meta name=\"author\" content=\"Telinha\" \/>\n<meta name=\"twitter:card\" content=\"summary_large_image\" \/>\n<meta name=\"twitter:label1\" content=\"Escrito por\" \/>\n\t<meta name=\"twitter:data1\" content=\"Telinha\" \/>\n\t<meta name=\"twitter:label2\" content=\"Tempo estimado de leitura\" \/>\n\t<meta name=\"twitter:data2\" content=\"2 minutos\" \/>\n<script type=\"application\/ld+json\" class=\"yoast-schema-graph\">{\"@context\":\"https:\/\/schema.org\",\"@graph\":[{\"@type\":\"Article\",\"@id\":\"https:\/\/portaltela.pt\/noticias\/2026\/01\/12\/vestidos-na-noite-dos-globos-de-ouro-durante-a-passagem-de-wagner-moura\/#article\",\"isPartOf\":{\"@id\":\"https:\/\/portaltela.pt\/noticias\/2026\/01\/12\/vestidos-na-noite-dos-globos-de-ouro-durante-a-passagem-de-wagner-moura\/\"},\"author\":{\"name\":\"Telinha\",\"@id\":\"https:\/\/portaltela.pt\/#\/schema\/person\/c4278d4a6028830caff9ee44b42d32ed\"},\"headline\":\"Vestidos na noite dos Globos de Ouro durante a passagem de Wagner Moura\",\"datePublished\":\"2026-01-12T10:09:17+00:00\",\"mainEntityOfPage\":{\"@id\":\"https:\/\/portaltela.pt\/noticias\/2026\/01\/12\/vestidos-na-noite-dos-globos-de-ouro-durante-a-passagem-de-wagner-moura\/\"},\"wordCount\":344,\"image\":{\"@id\":\"https:\/\/portaltela.pt\/noticias\/2026\/01\/12\/vestidos-na-noite-dos-globos-de-ouro-durante-a-passagem-de-wagner-moura\/#primaryimage\"},\"thumbnailUrl\":\"https:\/\/portaltela.pt\/s.01k8rhncp4jt1\/2026\/01\/ad39a51b-fa46-4e72-9513-15e47089696e.jpg\",\"keywords\":[\"Batalha Atr\u00e1s de Batalha\",\"cinema\",\"globos de ouro\",\"moda\",\"vestu\u00e1rio\",\"Wagner Moura\"],\"articleSection\":[\"Not\u00edcias\"],\"inLanguage\":\"pt-PT\"},{\"@type\":\"WebPage\",\"@id\":\"https:\/\/portaltela.pt\/noticias\/2026\/01\/12\/vestidos-na-noite-dos-globos-de-ouro-durante-a-passagem-de-wagner-moura\/\",\"url\":\"https:\/\/portaltela.pt\/noticias\/2026\/01\/12\/vestidos-na-noite-dos-globos-de-ouro-durante-a-passagem-de-wagner-moura\/\",\"name\":\"Vestidos na noite dos Globos de Ouro durante a passagem de Wagner Moura - Portal Tela Portugal\",\"isPartOf\":{\"@id\":\"https:\/\/portaltela.pt\/#website\"},\"primaryImageOfPage\":{\"@id\":\"https:\/\/portaltela.pt\/noticias\/2026\/01\/12\/vestidos-na-noite-dos-globos-de-ouro-durante-a-passagem-de-wagner-moura\/#primaryimage\"},\"image\":{\"@id\":\"https:\/\/portaltela.pt\/noticias\/2026\/01\/12\/vestidos-na-noite-dos-globos-de-ouro-durante-a-passagem-de-wagner-moura\/#primaryimage\"},\"thumbnailUrl\":\"https:\/\/portaltela.pt\/s.01k8rhncp4jt1\/2026\/01\/ad39a51b-fa46-4e72-9513-15e47089696e.jpg\",\"datePublished\":\"2026-01-12T10:09:17+00:00\",\"author\":{\"@id\":\"https:\/\/portaltela.pt\/#\/schema\/person\/c4278d4a6028830caff9ee44b42d32ed\"},\"breadcrumb\":{\"@id\":\"https:\/\/portaltela.pt\/noticias\/2026\/01\/12\/vestidos-na-noite-dos-globos-de-ouro-durante-a-passagem-de-wagner-moura\/#breadcrumb\"},\"inLanguage\":\"pt-PT\",\"potentialAction\":[{\"@type\":\"ReadAction\",\"target\":[\"https:\/\/portaltela.pt\/noticias\/2026\/01\/12\/vestidos-na-noite-dos-globos-de-ouro-durante-a-passagem-de-wagner-moura\/\"]}]},{\"@type\":\"ImageObject\",\"inLanguage\":\"pt-PT\",\"@id\":\"https:\/\/portaltela.pt\/noticias\/2026\/01\/12\/vestidos-na-noite-dos-globos-de-ouro-durante-a-passagem-de-wagner-moura\/#primaryimage\",\"url\":\"https:\/\/portaltela.pt\/s.01k8rhncp4jt1\/2026\/01\/ad39a51b-fa46-4e72-9513-15e47089696e.jpg\",\"contentUrl\":\"https:\/\/portaltela.pt\/s.01k8rhncp4jt1\/2026\/01\/ad39a51b-fa46-4e72-9513-15e47089696e.jpg\",\"width\":796,\"height\":448,\"caption\":\"Nikki Glaser apresentou os Globos de Ouro (IMAGO)\"},{\"@type\":\"BreadcrumbList\",\"@id\":\"https:\/\/portaltela.pt\/noticias\/2026\/01\/12\/vestidos-na-noite-dos-globos-de-ouro-durante-a-passagem-de-wagner-moura\/#breadcrumb\",\"itemListElement\":[{\"@type\":\"ListItem\",\"position\":1,\"name\":\"In\u00edcio\",\"item\":\"https:\/\/portaltela.pt\/\"},{\"@type\":\"ListItem\",\"position\":2,\"name\":\"Vestidos na noite dos Globos de Ouro durante a passagem de Wagner Moura\"}]},{\"@type\":\"WebSite\",\"@id\":\"https:\/\/portaltela.pt\/#website\",\"url\":\"https:\/\/portaltela.pt\/\",\"name\":\"Portal Tela Portugal\",\"description\":\"\",\"potentialAction\":[{\"@type\":\"SearchAction\",\"target\":{\"@type\":\"EntryPoint\",\"urlTemplate\":\"https:\/\/portaltela.pt\/?s={search_term_string}\"},\"query-input\":{\"@type\":\"PropertyValueSpecification\",\"valueRequired\":true,\"valueName\":\"search_term_string\"}}],\"inLanguage\":\"pt-PT\"},{\"@type\":\"Person\",\"@id\":\"https:\/\/portaltela.pt\/#\/schema\/person\/c4278d4a6028830caff9ee44b42d32ed\",\"name\":\"Telinha\",\"image\":{\"@type\":\"ImageObject\",\"inLanguage\":\"pt-PT\",\"@id\":\"https:\/\/portaltela.pt\/s.01k8rhncp4jt1\/2025\/11\/talking-bot-125x125.png\",\"url\":\"https:\/\/portaltela.pt\/s.01k8rhncp4jt1\/2025\/11\/talking-bot-125x125.png\",\"contentUrl\":\"https:\/\/portaltela.pt\/s.01k8rhncp4jt1\/2025\/11\/talking-bot-125x125.png\",\"caption\":\"Telinha\"},\"sameAs\":[\"https:\/\/portaltela.pt\/\"],\"url\":\"https:\/\/portaltela.pt\/por\/367410592786\/\"}]}<\/script>\n<!-- \/ Yoast SEO plugin. -->","yoast_head_json":{"title":"Vestidos na noite dos Globos de Ouro durante a passagem de Wagner Moura - Portal Tela Portugal","robots":{"index":"index","follow":"follow","max-snippet":"max-snippet:-1","max-image-preview":"max-image-preview:large","max-video-preview":"max-video-preview:-1"},"og_locale":"pt_PT","og_type":"article","og_title":"Vestidos na noite dos Globos de Ouro durante a passagem de Wagner Moura - Portal Tela Portugal","og_description":"A 83.\u00aa edi\u00e7\u00e3o dos Globos de Ouro realizou-se no domingo, em Beverly Hills, destacando cinema e televis\u00e3o. O evento ficou marcado pela vit\u00f3ria do ator brasileiro Wagner Moura, numa ocasi\u00e3o hist\u00f3rica para o Brasil. V\u00e1rios vestidos na passadeira vermelha chamaram a aten\u00e7\u00e3o, conforme ilustrado na galeria de imagens. Nikki Glaser apresentou a gala dos Globos de Ouro. O Melhor Filme foi Batalha Atr\u00e1s de Batalha (Warner Bros).","og_url":"https:\/\/portaltela.pt\/noticias\/2026\/01\/12\/vestidos-na-noite-dos-globos-de-ouro-durante-a-passagem-de-wagner-moura\/","og_site_name":"Portal Tela Portugal","article_published_time":"2026-01-12T10:09:17+00:00","author":"Telinha","twitter_card":"summary_large_image","twitter_misc":{"Escrito por":"Telinha","Tempo estimado de leitura":"2 minutos"},"schema":{"@context":"https:\/\/schema.org","@graph":[{"@type":"Article","@id":"https:\/\/portaltela.pt\/noticias\/2026\/01\/12\/vestidos-na-noite-dos-globos-de-ouro-durante-a-passagem-de-wagner-moura\/#article","isPartOf":{"@id":"https:\/\/portaltela.pt\/noticias\/2026\/01\/12\/vestidos-na-noite-dos-globos-de-ouro-durante-a-passagem-de-wagner-moura\/"},"author":{"name":"Telinha","@id":"https:\/\/portaltela.pt\/#\/schema\/person\/c4278d4a6028830caff9ee44b42d32ed"},"headline":"Vestidos na noite dos Globos de Ouro durante a passagem de Wagner Moura","datePublished":"2026-01-12T10:09:17+00:00","mainEntityOfPage":{"@id":"https:\/\/portaltela.pt\/noticias\/2026\/01\/12\/vestidos-na-noite-dos-globos-de-ouro-durante-a-passagem-de-wagner-moura\/"},"wordCount":344,"image":{"@id":"https:\/\/portaltela.pt\/noticias\/2026\/01\/12\/vestidos-na-noite-dos-globos-de-ouro-durante-a-passagem-de-wagner-moura\/#primaryimage"},"thumbnailUrl":"https:\/\/portaltela.pt\/s.01k8rhncp4jt1\/2026\/01\/ad39a51b-fa46-4e72-9513-15e47089696e.jpg","keywords":["Batalha Atr\u00e1s de Batalha","cinema","globos de ouro","moda","vestu\u00e1rio","Wagner Moura"],"articleSection":["Not\u00edcias"],"inLanguage":"pt-PT"},{"@type":"WebPage","@id":"https:\/\/portaltela.pt\/noticias\/2026\/01\/12\/vestidos-na-noite-dos-globos-de-ouro-durante-a-passagem-de-wagner-moura\/","url":"https:\/\/portaltela.pt\/noticias\/2026\/01\/12\/vestidos-na-noite-dos-globos-de-ouro-durante-a-passagem-de-wagner-moura\/","name":"Vestidos na noite dos Globos de Ouro durante a passagem de Wagner Moura - Portal Tela Portugal","isPartOf":{"@id":"https:\/\/portaltela.pt\/#website"},"primaryImageOfPage":{"@id":"https:\/\/portaltela.pt\/noticias\/2026\/01\/12\/vestidos-na-noite-dos-globos-de-ouro-durante-a-passagem-de-wagner-moura\/#primaryimage"},"image":{"@id":"https:\/\/portaltela.pt\/noticias\/2026\/01\/12\/vestidos-na-noite-dos-globos-de-ouro-durante-a-passagem-de-wagner-moura\/#primaryimage"},"thumbnailUrl":"https:\/\/portaltela.pt\/s.01k8rhncp4jt1\/2026\/01\/ad39a51b-fa46-4e72-9513-15e47089696e.jpg","datePublished":"2026-01-12T10:09:17+00:00","author":{"@id":"https:\/\/portaltela.pt\/#\/schema\/person\/c4278d4a6028830caff9ee44b42d32ed"},"breadcrumb":{"@id":"https:\/\/portaltela.pt\/noticias\/2026\/01\/12\/vestidos-na-noite-dos-globos-de-ouro-durante-a-passagem-de-wagner-moura\/#breadcrumb"},"inLanguage":"pt-PT","potentialAction":[{"@type":"ReadAction","target":["https:\/\/portaltela.pt\/noticias\/2026\/01\/12\/vestidos-na-noite-dos-globos-de-ouro-durante-a-passagem-de-wagner-moura\/"]}]},{"@type":"ImageObject","inLanguage":"pt-PT","@id":"https:\/\/portaltela.pt\/noticias\/2026\/01\/12\/vestidos-na-noite-dos-globos-de-ouro-durante-a-passagem-de-wagner-moura\/#primaryimage","url":"https:\/\/portaltela.pt\/s.01k8rhncp4jt1\/2026\/01\/ad39a51b-fa46-4e72-9513-15e47089696e.jpg","contentUrl":"https:\/\/portaltela.pt\/s.01k8rhncp4jt1\/2026\/01\/ad39a51b-fa46-4e72-9513-15e47089696e.jpg","width":796,"height":448,"caption":"Nikki Glaser apresentou os Globos de Ouro (IMAGO)"},{"@type":"BreadcrumbList","@id":"https:\/\/portaltela.pt\/noticias\/2026\/01\/12\/vestidos-na-noite-dos-globos-de-ouro-durante-a-passagem-de-wagner-moura\/#breadcrumb","itemListElement":[{"@type":"ListItem","position":1,"name":"In\u00edcio","item":"https:\/\/portaltela.pt\/"},{"@type":"ListItem","position":2,"name":"Vestidos na noite dos Globos de Ouro durante a passagem de Wagner Moura"}]},{"@type":"WebSite","@id":"https:\/\/portaltela.pt\/#website","url":"https:\/\/portaltela.pt\/","name":"Portal Tela Portugal","description":"","potentialAction":[{"@type":"SearchAction","target":{"@type":"EntryPoint","urlTemplate":"https:\/\/portaltela.pt\/?s={search_term_string}"},"query-input":{"@type":"PropertyValueSpecification","valueRequired":true,"valueName":"search_term_string"}}],"inLanguage":"pt-PT"},{"@type":"Person","@id":"https:\/\/portaltela.pt\/#\/schema\/person\/c4278d4a6028830caff9ee44b42d32ed","name":"Telinha","image":{"@type":"ImageObject","inLanguage":"pt-PT","@id":"https:\/\/portaltela.pt\/s.01k8rhncp4jt1\/2025\/11\/talking-bot-125x125.png","url":"https:\/\/portaltela.pt\/s.01k8rhncp4jt1\/2025\/11\/talking-bot-125x125.png","contentUrl":"https:\/\/portaltela.pt\/s.01k8rhncp4jt1\/2025\/11\/talking-bot-125x125.png","caption":"Telinha"},"sameAs":["https:\/\/portaltela.pt\/"],"url":"https:\/\/portaltela.pt\/por\/367410592786\/"}]}},"_links":{"self":[{"href":"https:\/\/portaltela.pt\/api\/wp\/v2\/posts\/134870","targetHints":{"allow":["GET"]}}],"collection":[{"href":"https:\/\/portaltela.pt\/api\/wp\/v2\/posts"}],"about":[{"href":"https:\/\/portaltela.pt\/api\/wp\/v2\/types\/post"}],"author":[{"embeddable":true,"href":"https:\/\/portaltela.pt\/api\/wp\/v2\/users\/2"}],"replies":[{"embeddable":true,"href":"https:\/\/portaltela.pt\/api\/wp\/v2\/comments?post=134870"}],"version-history":[{"count":0,"href":"https:\/\/portaltela.pt\/api\/wp\/v2\/posts\/134870\/revisions"}],"wp:featuredmedia":[{"embeddable":true,"href":"https:\/\/portaltela.pt\/api\/wp\/v2\/media\/134873"}],"wp:attachment":[{"href":"https:\/\/portaltela.pt\/api\/wp\/v2\/media?parent=134870"}],"wp:term":[{"taxonomy":"category","embeddable":true,"href":"https:\/\/portaltela.pt\/api\/wp\/v2\/categories?post=134870"},{"taxonomy":"post_tag","embeddable":true,"href":"https:\/\/portaltela.pt\/api\/wp\/v2\/tags?post=134870"}],"curies":[{"name":"wp","href":"https:\/\/api.w.org\/{rel}","templated":true}]}}