{"id":134849,"date":"2026-01-12T07:08:20","date_gmt":"2026-01-12T10:08:20","guid":{"rendered":"https:\/\/portaltela.pt\/noticias\/2026\/01\/12\/motogp-altera-regra-que-pode-impactar-as-corridas\/"},"modified":"2026-01-12T07:08:20","modified_gmt":"2026-01-12T10:08:20","slug":"motogp-altera-regra-que-pode-impactar-as-corridas","status":"publish","type":"post","link":"https:\/\/portaltela.pt\/desporto\/2026\/01\/12\/motogp-altera-regra-que-pode-impactar-as-corridas\/","title":{"rendered":"MotoGP altera regra que pode impactar as corridas"},"content":{"rendered":"<p>A Federa\u00e7\u00e3o Internacional de Motociclismo (FIM) anunciou uma altera\u00e7\u00e3o significativa ao regulamento desportivo para refor\u00e7ar a seguran\u00e7a das suas competi\u00e7\u00f5es, incluindo o MotoGP. A norma entra em vigor na temporada de 2026 e altera o procedimento ap\u00f3s quedas ou avarias em pista.<\/p>\n<p>At\u00e9 agora, pilotos podiam tentar regressar \u00e0 corrida ap\u00f3s um acidente, mesmo com o motor desligado, incluindo v\u00e1rias tentativas para relan\u00e7\u00e1-lo na pista ou nas escapat\u00f3rias. A nova regra impede esse regresso imediato.<\/p>\n<p>Segundo a FIM, qualquer moto que n\u00e3o circule ap\u00f3s queda ou avaria deve ser removida pelos comiss\u00e1rios para al\u00e9m da primeira linha de prote\u00e7\u00e3o. O rein\u00edcio da moto s\u00f3 \u00e9 permitido na via de servi\u00e7o ou noutro local seguro. Se for poss\u00edvel voltar a funcionar, o piloto pode regressar \u00e0 corrida a partir dessa zona.<\/p>\n<p>A mudan\u00e7a n\u00e3o se aplica apenas ao MotoGP, estendendo-se tamb\u00e9m aos campeonatos WorldSBK e Endurance. A implementa\u00e7\u00e3o pr\u00e1tica ser\u00e1 revelada quando surgirem casos reais em treinos ou corridas, mas a FIM espera reduzir riscos para pilotos, comiss\u00e1rios e demais intervenientes.<\/p>\n","protected":false},"excerpt":{"rendered":"<ul>\n<li>A FIM mudou o regulamento desportivo para aumentar a seguran\u00e7a, incluindo o MotoGP, a partir da temporada de 2026.<\/li>\n<li>Se uma moto parar ap\u00f3s uma queda ou avaria, o piloto deve abandonar a zona de corrida e n\u00e3o pode tentar reiniciar o motor no local.<\/li>\n<li>Os comiss\u00e1rios retiram a moto para al\u00e9m da primeira linha de prote\u00e7\u00e3o; o rein\u00edcio s\u00f3 pode ocorrer na via de servi\u00e7o ou noutro local seguro.<\/li>\n<li>Caso seja poss\u00edvel voltar a ligar a moto, o piloto pode regressar \u00e0 corrida a partir dessa zona segura.<\/li>\n<li>A altera\u00e7\u00e3o aplica-se igualmente aos campeonatos WorldSBK e Endurance, com implementa\u00e7\u00e3o pr\u00e1tica a ficar mais clara com as primeiras situa\u00e7\u00f5es reais em pista.<\/li>\n<\/ul>\n","protected":false},"author":2,"featured_media":134860,"comment_status":"closed","ping_status":"closed","sticky":false,"template":"","format":"standard","meta":{"footnotes":""},"categories":[21],"tags":[1285,152,186,2467,2748,250],"class_list":["post-134849","post","type-post","status-publish","format-standard","has-post-thumbnail","hentry","category-desporto","tag-competicao","tag-desporto","tag-desportos","tag-desportos-motorizados","tag-motores-ssv-e-challenger","tag-seguranca-publica"],"yoast_head":"<!-- This site is optimized with the Yoast SEO plugin v27.2 - https:\/\/yoast.com\/product\/yoast-seo-wordpress\/ -->\n<title>MotoGP altera regra que pode impactar as corridas - Portal Tela Portugal<\/title>\n<meta name=\"robots\" content=\"index, follow, max-snippet:-1, max-image-preview:large, max-video-preview:-1\" \/>\n<meta property=\"og:locale\" content=\"pt_PT\" \/>\n<meta property=\"og:type\" content=\"article\" \/>\n<meta property=\"og:title\" content=\"MotoGP altera regra que pode impactar as corridas - Portal Tela Portugal\" \/>\n<meta property=\"og:description\" content=\"A FIM mudou o regulamento desportivo para aumentar a seguran\u00e7a, incluindo o MotoGP, a partir da temporada de 2026. Se uma moto parar ap\u00f3s uma queda ou avaria, o piloto deve abandonar a zona de corrida e n\u00e3o pode tentar reiniciar o motor no local. Os comiss\u00e1rios retiram a moto para al\u00e9m da primeira linha de prote\u00e7\u00e3o; o rein\u00edcio s\u00f3 pode ocorrer na via de servi\u00e7o ou noutro local seguro. Caso seja poss\u00edvel voltar a ligar a moto, o piloto pode regressar \u00e0 corrida a partir dessa zona segura. A altera\u00e7\u00e3o aplica-se igualmente aos campeonatos WorldSBK e Endurance, com implementa\u00e7\u00e3o pr\u00e1tica a ficar mais clara com as primeiras situa\u00e7\u00f5es reais em pista.\" \/>\n<meta property=\"og:url\" content=\"https:\/\/portaltela.pt\/noticias\/2026\/01\/12\/motogp-altera-regra-que-pode-impactar-as-corridas\/\" \/>\n<meta property=\"og:site_name\" content=\"Portal Tela Portugal\" \/>\n<meta property=\"article:published_time\" content=\"2026-01-12T10:08:20+00:00\" \/>\n<meta name=\"author\" content=\"Telinha\" \/>\n<meta name=\"twitter:card\" content=\"summary_large_image\" \/>\n<meta name=\"twitter:label1\" content=\"Escrito por\" \/>\n\t<meta name=\"twitter:data1\" content=\"Telinha\" \/>\n\t<meta name=\"twitter:label2\" content=\"Tempo estimado de leitura\" \/>\n\t<meta name=\"twitter:data2\" content=\"1 minuto\" \/>\n<script type=\"application\/ld+json\" class=\"yoast-schema-graph\">{\"@context\":\"https:\/\/schema.org\",\"@graph\":[{\"@type\":\"Article\",\"@id\":\"https:\/\/portaltela.pt\/noticias\/2026\/01\/12\/motogp-altera-regra-que-pode-impactar-as-corridas\/#article\",\"isPartOf\":{\"@id\":\"https:\/\/portaltela.pt\/noticias\/2026\/01\/12\/motogp-altera-regra-que-pode-impactar-as-corridas\/\"},\"author\":{\"name\":\"Telinha\",\"@id\":\"https:\/\/portaltela.pt\/#\/schema\/person\/c4278d4a6028830caff9ee44b42d32ed\"},\"headline\":\"MotoGP altera regra que pode impactar as corridas\",\"datePublished\":\"2026-01-12T10:08:20+00:00\",\"mainEntityOfPage\":{\"@id\":\"https:\/\/portaltela.pt\/noticias\/2026\/01\/12\/motogp-altera-regra-que-pode-impactar-as-corridas\/\"},\"wordCount\":198,\"image\":{\"@id\":\"https:\/\/portaltela.pt\/noticias\/2026\/01\/12\/motogp-altera-regra-que-pode-impactar-as-corridas\/#primaryimage\"},\"thumbnailUrl\":\"https:\/\/portaltela.pt\/s.01k8rhncp4jt1\/2026\/01\/2fc20acc-fa73-41e6-8792-e2d77cc4a47d.jpg\",\"keywords\":[\"competi\u00e7\u00e3o\",\"desporto\",\"desportos\",\"Desportos Motorizados\",\"Motores, SSV e Challenger\",\"seguran\u00e7a p\u00fablica\"],\"articleSection\":[\"Desporto\"],\"inLanguage\":\"pt-PT\"},{\"@type\":\"WebPage\",\"@id\":\"https:\/\/portaltela.pt\/noticias\/2026\/01\/12\/motogp-altera-regra-que-pode-impactar-as-corridas\/\",\"url\":\"https:\/\/portaltela.pt\/noticias\/2026\/01\/12\/motogp-altera-regra-que-pode-impactar-as-corridas\/\",\"name\":\"MotoGP altera regra que pode impactar as corridas - Portal Tela Portugal\",\"isPartOf\":{\"@id\":\"https:\/\/portaltela.pt\/#website\"},\"primaryImageOfPage\":{\"@id\":\"https:\/\/portaltela.pt\/noticias\/2026\/01\/12\/motogp-altera-regra-que-pode-impactar-as-corridas\/#primaryimage\"},\"image\":{\"@id\":\"https:\/\/portaltela.pt\/noticias\/2026\/01\/12\/motogp-altera-regra-que-pode-impactar-as-corridas\/#primaryimage\"},\"thumbnailUrl\":\"https:\/\/portaltela.pt\/s.01k8rhncp4jt1\/2026\/01\/2fc20acc-fa73-41e6-8792-e2d77cc4a47d.jpg\",\"datePublished\":\"2026-01-12T10:08:20+00:00\",\"author\":{\"@id\":\"https:\/\/portaltela.pt\/#\/schema\/person\/c4278d4a6028830caff9ee44b42d32ed\"},\"breadcrumb\":{\"@id\":\"https:\/\/portaltela.pt\/noticias\/2026\/01\/12\/motogp-altera-regra-que-pode-impactar-as-corridas\/#breadcrumb\"},\"inLanguage\":\"pt-PT\",\"potentialAction\":[{\"@type\":\"ReadAction\",\"target\":[\"https:\/\/portaltela.pt\/noticias\/2026\/01\/12\/motogp-altera-regra-que-pode-impactar-as-corridas\/\"]}]},{\"@type\":\"ImageObject\",\"inLanguage\":\"pt-PT\",\"@id\":\"https:\/\/portaltela.pt\/noticias\/2026\/01\/12\/motogp-altera-regra-que-pode-impactar-as-corridas\/#primaryimage\",\"url\":\"https:\/\/portaltela.pt\/s.01k8rhncp4jt1\/2026\/01\/2fc20acc-fa73-41e6-8792-e2d77cc4a47d.jpg\",\"contentUrl\":\"https:\/\/portaltela.pt\/s.01k8rhncp4jt1\/2026\/01\/2fc20acc-fa73-41e6-8792-e2d77cc4a47d.jpg\",\"width\":796,\"height\":448,\"caption\":\"Moto GP na Austr\u00e1lia\"},{\"@type\":\"BreadcrumbList\",\"@id\":\"https:\/\/portaltela.pt\/noticias\/2026\/01\/12\/motogp-altera-regra-que-pode-impactar-as-corridas\/#breadcrumb\",\"itemListElement\":[{\"@type\":\"ListItem\",\"position\":1,\"name\":\"In\u00edcio\",\"item\":\"https:\/\/portaltela.pt\/\"},{\"@type\":\"ListItem\",\"position\":2,\"name\":\"MotoGP altera regra que pode impactar as corridas\"}]},{\"@type\":\"WebSite\",\"@id\":\"https:\/\/portaltela.pt\/#website\",\"url\":\"https:\/\/portaltela.pt\/\",\"name\":\"Portal Tela Portugal\",\"description\":\"\",\"potentialAction\":[{\"@type\":\"SearchAction\",\"target\":{\"@type\":\"EntryPoint\",\"urlTemplate\":\"https:\/\/portaltela.pt\/?s={search_term_string}\"},\"query-input\":{\"@type\":\"PropertyValueSpecification\",\"valueRequired\":true,\"valueName\":\"search_term_string\"}}],\"inLanguage\":\"pt-PT\"},{\"@type\":\"Person\",\"@id\":\"https:\/\/portaltela.pt\/#\/schema\/person\/c4278d4a6028830caff9ee44b42d32ed\",\"name\":\"Telinha\",\"image\":{\"@type\":\"ImageObject\",\"inLanguage\":\"pt-PT\",\"@id\":\"https:\/\/portaltela.pt\/s.01k8rhncp4jt1\/2025\/11\/talking-bot-125x125.png\",\"url\":\"https:\/\/portaltela.pt\/s.01k8rhncp4jt1\/2025\/11\/talking-bot-125x125.png\",\"contentUrl\":\"https:\/\/portaltela.pt\/s.01k8rhncp4jt1\/2025\/11\/talking-bot-125x125.png\",\"caption\":\"Telinha\"},\"sameAs\":[\"https:\/\/portaltela.pt\/\"],\"url\":\"https:\/\/portaltela.pt\/por\/367410592786\/\"}]}<\/script>\n<!-- \/ Yoast SEO plugin. -->","yoast_head_json":{"title":"MotoGP altera regra que pode impactar as corridas - Portal Tela Portugal","robots":{"index":"index","follow":"follow","max-snippet":"max-snippet:-1","max-image-preview":"max-image-preview:large","max-video-preview":"max-video-preview:-1"},"og_locale":"pt_PT","og_type":"article","og_title":"MotoGP altera regra que pode impactar as corridas - Portal Tela Portugal","og_description":"A FIM mudou o regulamento desportivo para aumentar a seguran\u00e7a, incluindo o MotoGP, a partir da temporada de 2026. Se uma moto parar ap\u00f3s uma queda ou avaria, o piloto deve abandonar a zona de corrida e n\u00e3o pode tentar reiniciar o motor no local. Os comiss\u00e1rios retiram a moto para al\u00e9m da primeira linha de prote\u00e7\u00e3o; o rein\u00edcio s\u00f3 pode ocorrer na via de servi\u00e7o ou noutro local seguro. Caso seja poss\u00edvel voltar a ligar a moto, o piloto pode regressar \u00e0 corrida a partir dessa zona segura. A altera\u00e7\u00e3o aplica-se igualmente aos campeonatos WorldSBK e Endurance, com implementa\u00e7\u00e3o pr\u00e1tica a ficar mais clara com as primeiras situa\u00e7\u00f5es reais em pista.","og_url":"https:\/\/portaltela.pt\/noticias\/2026\/01\/12\/motogp-altera-regra-que-pode-impactar-as-corridas\/","og_site_name":"Portal Tela Portugal","article_published_time":"2026-01-12T10:08:20+00:00","author":"Telinha","twitter_card":"summary_large_image","twitter_misc":{"Escrito por":"Telinha","Tempo estimado de leitura":"1 minuto"},"schema":{"@context":"https:\/\/schema.org","@graph":[{"@type":"Article","@id":"https:\/\/portaltela.pt\/noticias\/2026\/01\/12\/motogp-altera-regra-que-pode-impactar-as-corridas\/#article","isPartOf":{"@id":"https:\/\/portaltela.pt\/noticias\/2026\/01\/12\/motogp-altera-regra-que-pode-impactar-as-corridas\/"},"author":{"name":"Telinha","@id":"https:\/\/portaltela.pt\/#\/schema\/person\/c4278d4a6028830caff9ee44b42d32ed"},"headline":"MotoGP altera regra que pode impactar as corridas","datePublished":"2026-01-12T10:08:20+00:00","mainEntityOfPage":{"@id":"https:\/\/portaltela.pt\/noticias\/2026\/01\/12\/motogp-altera-regra-que-pode-impactar-as-corridas\/"},"wordCount":198,"image":{"@id":"https:\/\/portaltela.pt\/noticias\/2026\/01\/12\/motogp-altera-regra-que-pode-impactar-as-corridas\/#primaryimage"},"thumbnailUrl":"https:\/\/portaltela.pt\/s.01k8rhncp4jt1\/2026\/01\/2fc20acc-fa73-41e6-8792-e2d77cc4a47d.jpg","keywords":["competi\u00e7\u00e3o","desporto","desportos","Desportos Motorizados","Motores, SSV e Challenger","seguran\u00e7a p\u00fablica"],"articleSection":["Desporto"],"inLanguage":"pt-PT"},{"@type":"WebPage","@id":"https:\/\/portaltela.pt\/noticias\/2026\/01\/12\/motogp-altera-regra-que-pode-impactar-as-corridas\/","url":"https:\/\/portaltela.pt\/noticias\/2026\/01\/12\/motogp-altera-regra-que-pode-impactar-as-corridas\/","name":"MotoGP altera regra que pode impactar as corridas - Portal Tela Portugal","isPartOf":{"@id":"https:\/\/portaltela.pt\/#website"},"primaryImageOfPage":{"@id":"https:\/\/portaltela.pt\/noticias\/2026\/01\/12\/motogp-altera-regra-que-pode-impactar-as-corridas\/#primaryimage"},"image":{"@id":"https:\/\/portaltela.pt\/noticias\/2026\/01\/12\/motogp-altera-regra-que-pode-impactar-as-corridas\/#primaryimage"},"thumbnailUrl":"https:\/\/portaltela.pt\/s.01k8rhncp4jt1\/2026\/01\/2fc20acc-fa73-41e6-8792-e2d77cc4a47d.jpg","datePublished":"2026-01-12T10:08:20+00:00","author":{"@id":"https:\/\/portaltela.pt\/#\/schema\/person\/c4278d4a6028830caff9ee44b42d32ed"},"breadcrumb":{"@id":"https:\/\/portaltela.pt\/noticias\/2026\/01\/12\/motogp-altera-regra-que-pode-impactar-as-corridas\/#breadcrumb"},"inLanguage":"pt-PT","potentialAction":[{"@type":"ReadAction","target":["https:\/\/portaltela.pt\/noticias\/2026\/01\/12\/motogp-altera-regra-que-pode-impactar-as-corridas\/"]}]},{"@type":"ImageObject","inLanguage":"pt-PT","@id":"https:\/\/portaltela.pt\/noticias\/2026\/01\/12\/motogp-altera-regra-que-pode-impactar-as-corridas\/#primaryimage","url":"https:\/\/portaltela.pt\/s.01k8rhncp4jt1\/2026\/01\/2fc20acc-fa73-41e6-8792-e2d77cc4a47d.jpg","contentUrl":"https:\/\/portaltela.pt\/s.01k8rhncp4jt1\/2026\/01\/2fc20acc-fa73-41e6-8792-e2d77cc4a47d.jpg","width":796,"height":448,"caption":"Moto GP na Austr\u00e1lia"},{"@type":"BreadcrumbList","@id":"https:\/\/portaltela.pt\/noticias\/2026\/01\/12\/motogp-altera-regra-que-pode-impactar-as-corridas\/#breadcrumb","itemListElement":[{"@type":"ListItem","position":1,"name":"In\u00edcio","item":"https:\/\/portaltela.pt\/"},{"@type":"ListItem","position":2,"name":"MotoGP altera regra que pode impactar as corridas"}]},{"@type":"WebSite","@id":"https:\/\/portaltela.pt\/#website","url":"https:\/\/portaltela.pt\/","name":"Portal Tela Portugal","description":"","potentialAction":[{"@type":"SearchAction","target":{"@type":"EntryPoint","urlTemplate":"https:\/\/portaltela.pt\/?s={search_term_string}"},"query-input":{"@type":"PropertyValueSpecification","valueRequired":true,"valueName":"search_term_string"}}],"inLanguage":"pt-PT"},{"@type":"Person","@id":"https:\/\/portaltela.pt\/#\/schema\/person\/c4278d4a6028830caff9ee44b42d32ed","name":"Telinha","image":{"@type":"ImageObject","inLanguage":"pt-PT","@id":"https:\/\/portaltela.pt\/s.01k8rhncp4jt1\/2025\/11\/talking-bot-125x125.png","url":"https:\/\/portaltela.pt\/s.01k8rhncp4jt1\/2025\/11\/talking-bot-125x125.png","contentUrl":"https:\/\/portaltela.pt\/s.01k8rhncp4jt1\/2025\/11\/talking-bot-125x125.png","caption":"Telinha"},"sameAs":["https:\/\/portaltela.pt\/"],"url":"https:\/\/portaltela.pt\/por\/367410592786\/"}]}},"_links":{"self":[{"href":"https:\/\/portaltela.pt\/api\/wp\/v2\/posts\/134849","targetHints":{"allow":["GET"]}}],"collection":[{"href":"https:\/\/portaltela.pt\/api\/wp\/v2\/posts"}],"about":[{"href":"https:\/\/portaltela.pt\/api\/wp\/v2\/types\/post"}],"author":[{"embeddable":true,"href":"https:\/\/portaltela.pt\/api\/wp\/v2\/users\/2"}],"replies":[{"embeddable":true,"href":"https:\/\/portaltela.pt\/api\/wp\/v2\/comments?post=134849"}],"version-history":[{"count":0,"href":"https:\/\/portaltela.pt\/api\/wp\/v2\/posts\/134849\/revisions"}],"wp:featuredmedia":[{"embeddable":true,"href":"https:\/\/portaltela.pt\/api\/wp\/v2\/media\/134860"}],"wp:attachment":[{"href":"https:\/\/portaltela.pt\/api\/wp\/v2\/media?parent=134849"}],"wp:term":[{"taxonomy":"category","embeddable":true,"href":"https:\/\/portaltela.pt\/api\/wp\/v2\/categories?post=134849"},{"taxonomy":"post_tag","embeddable":true,"href":"https:\/\/portaltela.pt\/api\/wp\/v2\/tags?post=134849"}],"curies":[{"name":"wp","href":"https:\/\/api.w.org\/{rel}","templated":true}]}}