{"id":134380,"date":"2026-01-11T21:00:00","date_gmt":"2026-01-12T00:00:00","guid":{"rendered":"https:\/\/portaltela.pt\/noticias\/2026\/01\/11\/principais-ocorrencias-das-noticias-das-3h\/"},"modified":"2026-01-11T21:00:00","modified_gmt":"2026-01-12T00:00:00","slug":"principais-ocorrencias-das-noticias-das-3h","status":"publish","type":"post","link":"https:\/\/portaltela.pt\/noticias\/2026\/01\/11\/principais-ocorrencias-das-noticias-das-3h\/","title":{"rendered":"Principais ocorr\u00eancias das not\u00edcias das 3h"},"content":{"rendered":"<p>As not\u00edcias da R\u00e1dio Observador trazem atualiza\u00e7\u00f5es de v\u00e1rias \u00e1reas, com foco em acontecimentos recentes. \u00c0s 23h, o IPMA emitiu aviso amarelo para Viana do Castelo e Braga, por risco clim\u00e1tico. A informa\u00e7\u00e3o \u00e9 atualizada conforme o servi\u00e7o meteorol\u00f3gico.<\/p>\n<p>\u00c0s 22h, Catarina Martins classificou como absurdo o envolvimento da NATO na Gronel\u00e2ndia, numa interven\u00e7\u00e3o comunicada pela esta\u00e7\u00e3o. A declara\u00e7\u00e3o foi divulgada no seguimento de controv\u00e9rsias internacionais em torno da presen\u00e7a militar.<\/p>\n<p>\u00c0s 21h, o Tracking Poll aponta Ant\u00f3nio Jos\u00e9 Seguro na lideran\u00e7a, com resultados que merecem acompanhamento de analistas. A sondagem reflete a perspetiva dos eleitores numa fase de prepara\u00e7\u00e3o para eventos pol\u00edticos.<\/p>\n<h3>Contexto pol\u00edtico e participa\u00e7\u00e3o eleitoral<\/h3>\n<p>\u00c0s 20h, Lu\u00eds Marques Mendes voltou a mencionar Passos Coelho, inserindo-se no debate p\u00fablico sobre lideran\u00e7a e estrat\u00e9gia partid\u00e1ria. O coment\u00e1rio ocorre numa altura de tens\u00e3o entre opini\u00f5es internas e p\u00fablicas.<\/p>\n<p>\u00c0s 19h, o voto antecipado em Lisboa registou uma taxa de participa\u00e7\u00e3o de 77%. A cidade apresenta um volume de votos antecipados superior ao esperado.<\/p>\n<p>\u00c0s 18h, a participa\u00e7\u00e3o no Porto situou-se em 73% no voto antecipado, de acordo com dados oficiais. Os n\u00fameros refletem o ritmo de mobiliza\u00e7\u00e3o dos eleitores em v\u00e1rias regi\u00f5es.<\/p>\n<h3>Assuntos internacionais<\/h3>\n<p>\u00c0s 00h, Ant\u00f3nio Guterres pediu modera\u00e7\u00e3o \u00e0s autoridades iranianas, em rea\u00e7\u00e3o a desenvolvimentos regionais. O apelo enfatiza a necessidade de conten\u00e7\u00e3o e di\u00e1logo entre as partes envolvidas.<\/p>\n","protected":false},"excerpt":{"rendered":"<ul>\n<li>IPMA emitiu aviso amarelo para Viana do Castelo e Braga.<\/li>\n<li>Catarina Martins descreve a NATO na Gronel\u00e2ndia como \u201cabsurdo\u201d.<\/li>\n<li>Tracking Poll: Ant\u00f3nio Jos\u00e9 Seguro mant\u00e9m-se na lideran\u00e7a.<\/li>\n<li>Lu\u00eds Marques Mendes volta a comentar Passos Coelho.<\/li>\n<li>Voto antecipado: Lisboa regista 77% de participa\u00e7\u00e3o; no Porto, 73%.<\/li>\n<\/ul>\n","protected":false},"author":2,"featured_media":134381,"comment_status":"closed","ping_status":"closed","sticky":false,"template":"","format":"standard","meta":{"footnotes":""},"categories":[1],"tags":[230,2665,1207,981,982,1530],"class_list":["post-134380","post","type-post","status-publish","format-standard","has-post-thumbnail","hentry","category-noticias","tag-accoes-internacionais","tag-alteracoes-climaticas","tag-braga","tag-lisboa","tag-porto","tag-viana-do-castelo"],"yoast_head":"<!-- This site is optimized with the Yoast SEO plugin v27.2 - https:\/\/yoast.com\/product\/yoast-seo-wordpress\/ -->\n<title>Principais ocorr\u00eancias das not\u00edcias das 3h - Portal Tela Portugal<\/title>\n<meta name=\"robots\" content=\"index, follow, max-snippet:-1, max-image-preview:large, max-video-preview:-1\" \/>\n<meta property=\"og:locale\" content=\"pt_PT\" \/>\n<meta property=\"og:type\" content=\"article\" \/>\n<meta property=\"og:title\" content=\"Principais ocorr\u00eancias das not\u00edcias das 3h - Portal Tela Portugal\" \/>\n<meta property=\"og:description\" content=\"IPMA emitiu aviso amarelo para Viana do Castelo e Braga. Catarina Martins descreve a NATO na Gronel\u00e2ndia como \u201cabsurdo\u201d. Tracking Poll: Ant\u00f3nio Jos\u00e9 Seguro mant\u00e9m-se na lideran\u00e7a. Lu\u00eds Marques Mendes volta a comentar Passos Coelho. Voto antecipado: Lisboa regista 77% de participa\u00e7\u00e3o; no Porto, 73%.\" \/>\n<meta property=\"og:url\" content=\"https:\/\/portaltela.pt\/noticias\/2026\/01\/11\/principais-ocorrencias-das-noticias-das-3h\/\" \/>\n<meta property=\"og:site_name\" content=\"Portal Tela Portugal\" \/>\n<meta property=\"article:published_time\" content=\"2026-01-12T00:00:00+00:00\" \/>\n<meta name=\"author\" content=\"Telinha\" \/>\n<meta name=\"twitter:card\" content=\"summary_large_image\" \/>\n<meta name=\"twitter:label1\" content=\"Escrito por\" \/>\n\t<meta name=\"twitter:data1\" content=\"Telinha\" \/>\n\t<meta name=\"twitter:label2\" content=\"Tempo estimado de leitura\" \/>\n\t<meta name=\"twitter:data2\" content=\"1 minuto\" \/>\n<script type=\"application\/ld+json\" class=\"yoast-schema-graph\">{\"@context\":\"https:\/\/schema.org\",\"@graph\":[{\"@type\":\"Article\",\"@id\":\"https:\/\/portaltela.pt\/noticias\/2026\/01\/11\/principais-ocorrencias-das-noticias-das-3h\/#article\",\"isPartOf\":{\"@id\":\"https:\/\/portaltela.pt\/noticias\/2026\/01\/11\/principais-ocorrencias-das-noticias-das-3h\/\"},\"author\":{\"name\":\"Telinha\",\"@id\":\"https:\/\/portaltela.pt\/#\/schema\/person\/c4278d4a6028830caff9ee44b42d32ed\"},\"headline\":\"Principais ocorr\u00eancias das not\u00edcias das 3h\",\"datePublished\":\"2026-01-12T00:00:00+00:00\",\"mainEntityOfPage\":{\"@id\":\"https:\/\/portaltela.pt\/noticias\/2026\/01\/11\/principais-ocorrencias-das-noticias-das-3h\/\"},\"wordCount\":267,\"image\":{\"@id\":\"https:\/\/portaltela.pt\/noticias\/2026\/01\/11\/principais-ocorrencias-das-noticias-das-3h\/#primaryimage\"},\"thumbnailUrl\":\"https:\/\/portaltela.pt\/s.01k8rhncp4jt1\/2026\/01\/770-podcast-noticiario-160.jpg\",\"keywords\":[\"ac\u00e7\u00f5es internacionais\",\"Altera\u00e7\u00f5es Clim\u00e1ticas\",\"Braga\",\"Lisboa\",\"Porto\",\"Viana do Castelo\"],\"articleSection\":[\"Not\u00edcias\"],\"inLanguage\":\"pt-PT\"},{\"@type\":\"WebPage\",\"@id\":\"https:\/\/portaltela.pt\/noticias\/2026\/01\/11\/principais-ocorrencias-das-noticias-das-3h\/\",\"url\":\"https:\/\/portaltela.pt\/noticias\/2026\/01\/11\/principais-ocorrencias-das-noticias-das-3h\/\",\"name\":\"Principais ocorr\u00eancias das not\u00edcias das 3h - Portal Tela Portugal\",\"isPartOf\":{\"@id\":\"https:\/\/portaltela.pt\/#website\"},\"primaryImageOfPage\":{\"@id\":\"https:\/\/portaltela.pt\/noticias\/2026\/01\/11\/principais-ocorrencias-das-noticias-das-3h\/#primaryimage\"},\"image\":{\"@id\":\"https:\/\/portaltela.pt\/noticias\/2026\/01\/11\/principais-ocorrencias-das-noticias-das-3h\/#primaryimage\"},\"thumbnailUrl\":\"https:\/\/portaltela.pt\/s.01k8rhncp4jt1\/2026\/01\/770-podcast-noticiario-160.jpg\",\"datePublished\":\"2026-01-12T00:00:00+00:00\",\"author\":{\"@id\":\"https:\/\/portaltela.pt\/#\/schema\/person\/c4278d4a6028830caff9ee44b42d32ed\"},\"breadcrumb\":{\"@id\":\"https:\/\/portaltela.pt\/noticias\/2026\/01\/11\/principais-ocorrencias-das-noticias-das-3h\/#breadcrumb\"},\"inLanguage\":\"pt-PT\",\"potentialAction\":[{\"@type\":\"ReadAction\",\"target\":[\"https:\/\/portaltela.pt\/noticias\/2026\/01\/11\/principais-ocorrencias-das-noticias-das-3h\/\"]}]},{\"@type\":\"ImageObject\",\"inLanguage\":\"pt-PT\",\"@id\":\"https:\/\/portaltela.pt\/noticias\/2026\/01\/11\/principais-ocorrencias-das-noticias-das-3h\/#primaryimage\",\"url\":\"https:\/\/portaltela.pt\/s.01k8rhncp4jt1\/2026\/01\/770-podcast-noticiario-160.jpg\",\"contentUrl\":\"https:\/\/portaltela.pt\/s.01k8rhncp4jt1\/2026\/01\/770-podcast-noticiario-160.jpg\",\"width\":796,\"height\":448,\"caption\":\"Capa do programa\"},{\"@type\":\"BreadcrumbList\",\"@id\":\"https:\/\/portaltela.pt\/noticias\/2026\/01\/11\/principais-ocorrencias-das-noticias-das-3h\/#breadcrumb\",\"itemListElement\":[{\"@type\":\"ListItem\",\"position\":1,\"name\":\"In\u00edcio\",\"item\":\"https:\/\/portaltela.pt\/\"},{\"@type\":\"ListItem\",\"position\":2,\"name\":\"Principais ocorr\u00eancias das not\u00edcias das 3h\"}]},{\"@type\":\"WebSite\",\"@id\":\"https:\/\/portaltela.pt\/#website\",\"url\":\"https:\/\/portaltela.pt\/\",\"name\":\"Portal Tela Portugal\",\"description\":\"\",\"potentialAction\":[{\"@type\":\"SearchAction\",\"target\":{\"@type\":\"EntryPoint\",\"urlTemplate\":\"https:\/\/portaltela.pt\/?s={search_term_string}\"},\"query-input\":{\"@type\":\"PropertyValueSpecification\",\"valueRequired\":true,\"valueName\":\"search_term_string\"}}],\"inLanguage\":\"pt-PT\"},{\"@type\":\"Person\",\"@id\":\"https:\/\/portaltela.pt\/#\/schema\/person\/c4278d4a6028830caff9ee44b42d32ed\",\"name\":\"Telinha\",\"image\":{\"@type\":\"ImageObject\",\"inLanguage\":\"pt-PT\",\"@id\":\"https:\/\/portaltela.pt\/s.01k8rhncp4jt1\/2025\/11\/talking-bot-125x125.png\",\"url\":\"https:\/\/portaltela.pt\/s.01k8rhncp4jt1\/2025\/11\/talking-bot-125x125.png\",\"contentUrl\":\"https:\/\/portaltela.pt\/s.01k8rhncp4jt1\/2025\/11\/talking-bot-125x125.png\",\"caption\":\"Telinha\"},\"sameAs\":[\"https:\/\/portaltela.pt\/\"],\"url\":\"https:\/\/portaltela.pt\/por\/367410592786\/\"}]}<\/script>\n<!-- \/ Yoast SEO plugin. -->","yoast_head_json":{"title":"Principais ocorr\u00eancias das not\u00edcias das 3h - Portal Tela Portugal","robots":{"index":"index","follow":"follow","max-snippet":"max-snippet:-1","max-image-preview":"max-image-preview:large","max-video-preview":"max-video-preview:-1"},"og_locale":"pt_PT","og_type":"article","og_title":"Principais ocorr\u00eancias das not\u00edcias das 3h - Portal Tela Portugal","og_description":"IPMA emitiu aviso amarelo para Viana do Castelo e Braga. Catarina Martins descreve a NATO na Gronel\u00e2ndia como \u201cabsurdo\u201d. Tracking Poll: Ant\u00f3nio Jos\u00e9 Seguro mant\u00e9m-se na lideran\u00e7a. Lu\u00eds Marques Mendes volta a comentar Passos Coelho. Voto antecipado: Lisboa regista 77% de participa\u00e7\u00e3o; no Porto, 73%.","og_url":"https:\/\/portaltela.pt\/noticias\/2026\/01\/11\/principais-ocorrencias-das-noticias-das-3h\/","og_site_name":"Portal Tela Portugal","article_published_time":"2026-01-12T00:00:00+00:00","author":"Telinha","twitter_card":"summary_large_image","twitter_misc":{"Escrito por":"Telinha","Tempo estimado de leitura":"1 minuto"},"schema":{"@context":"https:\/\/schema.org","@graph":[{"@type":"Article","@id":"https:\/\/portaltela.pt\/noticias\/2026\/01\/11\/principais-ocorrencias-das-noticias-das-3h\/#article","isPartOf":{"@id":"https:\/\/portaltela.pt\/noticias\/2026\/01\/11\/principais-ocorrencias-das-noticias-das-3h\/"},"author":{"name":"Telinha","@id":"https:\/\/portaltela.pt\/#\/schema\/person\/c4278d4a6028830caff9ee44b42d32ed"},"headline":"Principais ocorr\u00eancias das not\u00edcias das 3h","datePublished":"2026-01-12T00:00:00+00:00","mainEntityOfPage":{"@id":"https:\/\/portaltela.pt\/noticias\/2026\/01\/11\/principais-ocorrencias-das-noticias-das-3h\/"},"wordCount":267,"image":{"@id":"https:\/\/portaltela.pt\/noticias\/2026\/01\/11\/principais-ocorrencias-das-noticias-das-3h\/#primaryimage"},"thumbnailUrl":"https:\/\/portaltela.pt\/s.01k8rhncp4jt1\/2026\/01\/770-podcast-noticiario-160.jpg","keywords":["ac\u00e7\u00f5es internacionais","Altera\u00e7\u00f5es Clim\u00e1ticas","Braga","Lisboa","Porto","Viana do Castelo"],"articleSection":["Not\u00edcias"],"inLanguage":"pt-PT"},{"@type":"WebPage","@id":"https:\/\/portaltela.pt\/noticias\/2026\/01\/11\/principais-ocorrencias-das-noticias-das-3h\/","url":"https:\/\/portaltela.pt\/noticias\/2026\/01\/11\/principais-ocorrencias-das-noticias-das-3h\/","name":"Principais ocorr\u00eancias das not\u00edcias das 3h - Portal Tela Portugal","isPartOf":{"@id":"https:\/\/portaltela.pt\/#website"},"primaryImageOfPage":{"@id":"https:\/\/portaltela.pt\/noticias\/2026\/01\/11\/principais-ocorrencias-das-noticias-das-3h\/#primaryimage"},"image":{"@id":"https:\/\/portaltela.pt\/noticias\/2026\/01\/11\/principais-ocorrencias-das-noticias-das-3h\/#primaryimage"},"thumbnailUrl":"https:\/\/portaltela.pt\/s.01k8rhncp4jt1\/2026\/01\/770-podcast-noticiario-160.jpg","datePublished":"2026-01-12T00:00:00+00:00","author":{"@id":"https:\/\/portaltela.pt\/#\/schema\/person\/c4278d4a6028830caff9ee44b42d32ed"},"breadcrumb":{"@id":"https:\/\/portaltela.pt\/noticias\/2026\/01\/11\/principais-ocorrencias-das-noticias-das-3h\/#breadcrumb"},"inLanguage":"pt-PT","potentialAction":[{"@type":"ReadAction","target":["https:\/\/portaltela.pt\/noticias\/2026\/01\/11\/principais-ocorrencias-das-noticias-das-3h\/"]}]},{"@type":"ImageObject","inLanguage":"pt-PT","@id":"https:\/\/portaltela.pt\/noticias\/2026\/01\/11\/principais-ocorrencias-das-noticias-das-3h\/#primaryimage","url":"https:\/\/portaltela.pt\/s.01k8rhncp4jt1\/2026\/01\/770-podcast-noticiario-160.jpg","contentUrl":"https:\/\/portaltela.pt\/s.01k8rhncp4jt1\/2026\/01\/770-podcast-noticiario-160.jpg","width":796,"height":448,"caption":"Capa do programa"},{"@type":"BreadcrumbList","@id":"https:\/\/portaltela.pt\/noticias\/2026\/01\/11\/principais-ocorrencias-das-noticias-das-3h\/#breadcrumb","itemListElement":[{"@type":"ListItem","position":1,"name":"In\u00edcio","item":"https:\/\/portaltela.pt\/"},{"@type":"ListItem","position":2,"name":"Principais ocorr\u00eancias das not\u00edcias das 3h"}]},{"@type":"WebSite","@id":"https:\/\/portaltela.pt\/#website","url":"https:\/\/portaltela.pt\/","name":"Portal Tela Portugal","description":"","potentialAction":[{"@type":"SearchAction","target":{"@type":"EntryPoint","urlTemplate":"https:\/\/portaltela.pt\/?s={search_term_string}"},"query-input":{"@type":"PropertyValueSpecification","valueRequired":true,"valueName":"search_term_string"}}],"inLanguage":"pt-PT"},{"@type":"Person","@id":"https:\/\/portaltela.pt\/#\/schema\/person\/c4278d4a6028830caff9ee44b42d32ed","name":"Telinha","image":{"@type":"ImageObject","inLanguage":"pt-PT","@id":"https:\/\/portaltela.pt\/s.01k8rhncp4jt1\/2025\/11\/talking-bot-125x125.png","url":"https:\/\/portaltela.pt\/s.01k8rhncp4jt1\/2025\/11\/talking-bot-125x125.png","contentUrl":"https:\/\/portaltela.pt\/s.01k8rhncp4jt1\/2025\/11\/talking-bot-125x125.png","caption":"Telinha"},"sameAs":["https:\/\/portaltela.pt\/"],"url":"https:\/\/portaltela.pt\/por\/367410592786\/"}]}},"_links":{"self":[{"href":"https:\/\/portaltela.pt\/api\/wp\/v2\/posts\/134380","targetHints":{"allow":["GET"]}}],"collection":[{"href":"https:\/\/portaltela.pt\/api\/wp\/v2\/posts"}],"about":[{"href":"https:\/\/portaltela.pt\/api\/wp\/v2\/types\/post"}],"author":[{"embeddable":true,"href":"https:\/\/portaltela.pt\/api\/wp\/v2\/users\/2"}],"replies":[{"embeddable":true,"href":"https:\/\/portaltela.pt\/api\/wp\/v2\/comments?post=134380"}],"version-history":[{"count":0,"href":"https:\/\/portaltela.pt\/api\/wp\/v2\/posts\/134380\/revisions"}],"wp:featuredmedia":[{"embeddable":true,"href":"https:\/\/portaltela.pt\/api\/wp\/v2\/media\/134381"}],"wp:attachment":[{"href":"https:\/\/portaltela.pt\/api\/wp\/v2\/media?parent=134380"}],"wp:term":[{"taxonomy":"category","embeddable":true,"href":"https:\/\/portaltela.pt\/api\/wp\/v2\/categories?post=134380"},{"taxonomy":"post_tag","embeddable":true,"href":"https:\/\/portaltela.pt\/api\/wp\/v2\/tags?post=134380"}],"curies":[{"name":"wp","href":"https:\/\/api.w.org\/{rel}","templated":true}]}}