{"id":134302,"date":"2026-01-11T21:15:13","date_gmt":"2026-01-12T00:15:13","guid":{"rendered":"https:\/\/portaltela.pt\/noticias\/2026\/01\/11\/juv-viana-e-pacos-de-arcos-brilham-na-taca-de-portugal\/"},"modified":"2026-01-11T21:15:13","modified_gmt":"2026-01-12T00:15:13","slug":"juv-viana-e-pacos-de-arcos-brilham-na-taca-de-portugal","status":"publish","type":"post","link":"https:\/\/portaltela.pt\/desporto\/futebol\/2026\/01\/11\/juv-viana-e-pacos-de-arcos-brilham-na-taca-de-portugal\/","title":{"rendered":"Juv. Viana e Pa\u00e7os de Arcos brilham na Ta\u00e7a de Portugal"},"content":{"rendered":"<p>Se Benfica, Sporting e FC Porto avan\u00e7aram com facilidade na Ta\u00e7a de Portugal, afastando Sesimbra, Feira e Entroncamento com goleadas expressivas. As melhores surpresas ficaram a cargo da Juventude de Viana e do Pa\u00e7o de Arcos, clubes da II Divis\u00e3o, que enamoraram os 16 avos da prova. O jogo entre Tomar e Juventude Viana ficou marcado pela vit\u00f3ria dos visitantes por 6-3.<\/p>\n<p>O Pa\u00e7o de Arcos, hist\u00f3rico clube da linha de Estoril, tamb\u00e9m passou aos oitavos, ao derrotar a Oliveirense por 4-3 no desempate ap\u00f3s 3-3 no tempo regulamentar e prolongamento. Bruno Fernandes converteu a grande penalidade decisiva no desempate. Pelo caminho ficaram ainda Parede, Oeiras e Candel\u00e1ria.<\/p>\n<p>A Ta\u00e7a de Portugal regressa a 14 de fevereiro para os oitavos de final, com destaque para o encontro entre FC Porto e Benfica, cl\u00e1ssico que promete movimentar a fase seguinte. Outras eliminat\u00f3rias de hoje inclu\u00edram pares como Famalicense-Barcelos, Vilafranquense-Oeiras e Santiago-Parede.<\/p>\n<h3>Resultados dos 16 avos de final<\/h3>\n<ul>\n<li>Entroncamento-FC Porto, 0-14<\/li>\n<li>Feira-Sporting, 1-7<\/li>\n<li>Sesimbra-Benfica, 2-11<\/li>\n<li>Pa\u00e7o de Arcos-Oliveirense, 4-3 g.p (3-3 a.p)<\/li>\n<li>Famalicense-Barcelos, 3-10<\/li>\n<li>Marco-Carvalhos, 3-6<\/li>\n<li>AA Espinho-J. Pacense, 2-3<\/li>\n<li>HC Sintra-Candel\u00e1ria, 0-3<\/li>\n<li>Vilafranquense-Oeiras, 1-9<\/li>\n<li>Santiago-Parede, 1-7<\/li>\n<li>Salesiana-Riba d&#8217; Ave, 4-6<\/li>\n<li>Criar-P\u00f3voa, 2-3<\/li>\n<li>Juventude Viana-Tomar, 6-3<\/li>\n<li>Sobreira-Sanjoanense, 3-8<\/li>\n<li>Lavra-HC Braga, 3-10<\/li>\n<li>Cambra-Turquel, 2-4<\/li>\n<\/ul>\n","protected":false},"excerpt":{"rendered":"<ul>\n<li>Juventude de Viana e Pa\u00e7o de Arcos, da II Divis\u00e3o, foram as grandes surpresas dos 16 avos de final da Ta\u00e7a de Portugal.<\/li>\n<li>Juventude de Viana bateu o Tomar por 6-3 e segue aos oitavos de final.<\/li>\n<li>Pa\u00e7o de Arcos qualificou\u2011se frente \u00e0 Oliveirense, 4-3 nas grandes penalidades ap\u00f3s empate a 3\u20113 ao intervalo\/tempo extra.<\/li>\n<li>Parede, Oeiras e Candel\u00e1ria tamb\u00e9m carimbaram passagem aos oitavos, ao eliminarem Santiago, Vilafranquense e HC Sintra, respetivamente.<\/li>\n<li>Os oitavos arrancam a 14 de fevereiro, com destaque para o cl\u00e1ssico FC Porto vs Benfica.<\/li>\n<\/ul>\n","protected":false},"author":2,"featured_media":134305,"comment_status":"closed","ping_status":"closed","sticky":false,"template":"","format":"standard","meta":{"footnotes":""},"categories":[21,24],"tags":[152,1430,1198,2901,1110,1377],"class_list":["post-134302","post","type-post","status-publish","format-standard","has-post-thumbnail","hentry","category-desporto","category-futebol","tag-desporto","tag-entroncamento","tag-oeiras","tag-parede","tag-sintra","tag-taca-da-portugal"],"yoast_head":"<!-- This site is optimized with the Yoast SEO plugin v27.2 - https:\/\/yoast.com\/product\/yoast-seo-wordpress\/ -->\n<title>Juv. Viana e Pa\u00e7os de Arcos brilham na Ta\u00e7a de Portugal - Portal Tela Portugal<\/title>\n<meta name=\"robots\" content=\"index, follow, max-snippet:-1, max-image-preview:large, max-video-preview:-1\" \/>\n<meta property=\"og:locale\" content=\"pt_PT\" \/>\n<meta property=\"og:type\" content=\"article\" \/>\n<meta property=\"og:title\" content=\"Juv. Viana e Pa\u00e7os de Arcos brilham na Ta\u00e7a de Portugal - Portal Tela Portugal\" \/>\n<meta property=\"og:description\" content=\"Juventude de Viana e Pa\u00e7o de Arcos, da II Divis\u00e3o, foram as grandes surpresas dos 16 avos de final da Ta\u00e7a de Portugal. Juventude de Viana bateu o Tomar por 6-3 e segue aos oitavos de final. Pa\u00e7o de Arcos qualificou\u2011se frente \u00e0 Oliveirense, 4-3 nas grandes penalidades ap\u00f3s empate a 3\u20113 ao intervalo\/tempo extra. Parede, Oeiras e Candel\u00e1ria tamb\u00e9m carimbaram passagem aos oitavos, ao eliminarem Santiago, Vilafranquense e HC Sintra, respetivamente. Os oitavos arrancam a 14 de fevereiro, com destaque para o cl\u00e1ssico FC Porto vs Benfica.\" \/>\n<meta property=\"og:url\" content=\"https:\/\/portaltela.pt\/noticias\/2026\/01\/11\/juv-viana-e-pacos-de-arcos-brilham-na-taca-de-portugal\/\" \/>\n<meta property=\"og:site_name\" content=\"Portal Tela Portugal\" \/>\n<meta property=\"article:published_time\" content=\"2026-01-12T00:15:13+00:00\" \/>\n<meta name=\"author\" content=\"Telinha\" \/>\n<meta name=\"twitter:card\" content=\"summary_large_image\" \/>\n<meta name=\"twitter:label1\" content=\"Escrito por\" \/>\n\t<meta name=\"twitter:data1\" content=\"Telinha\" \/>\n\t<meta name=\"twitter:label2\" content=\"Tempo estimado de leitura\" \/>\n\t<meta name=\"twitter:data2\" content=\"1 minuto\" \/>\n<script type=\"application\/ld+json\" class=\"yoast-schema-graph\">{\"@context\":\"https:\/\/schema.org\",\"@graph\":[{\"@type\":\"Article\",\"@id\":\"https:\/\/portaltela.pt\/noticias\/2026\/01\/11\/juv-viana-e-pacos-de-arcos-brilham-na-taca-de-portugal\/#article\",\"isPartOf\":{\"@id\":\"https:\/\/portaltela.pt\/noticias\/2026\/01\/11\/juv-viana-e-pacos-de-arcos-brilham-na-taca-de-portugal\/\"},\"author\":{\"name\":\"Telinha\",\"@id\":\"https:\/\/portaltela.pt\/#\/schema\/person\/c4278d4a6028830caff9ee44b42d32ed\"},\"headline\":\"Juv. Viana e Pa\u00e7os de Arcos brilham na Ta\u00e7a de Portugal\",\"datePublished\":\"2026-01-12T00:15:13+00:00\",\"mainEntityOfPage\":{\"@id\":\"https:\/\/portaltela.pt\/noticias\/2026\/01\/11\/juv-viana-e-pacos-de-arcos-brilham-na-taca-de-portugal\/\"},\"wordCount\":230,\"image\":{\"@id\":\"https:\/\/portaltela.pt\/noticias\/2026\/01\/11\/juv-viana-e-pacos-de-arcos-brilham-na-taca-de-portugal\/#primaryimage\"},\"thumbnailUrl\":\"https:\/\/portaltela.pt\/s.01k8rhncp4jt1\/2026\/01\/edcd13de-8130-4320-aa42-084013ca4e84.jpg\",\"keywords\":[\"desporto\",\"Entroncamento\",\"Oeiras\",\"Parede\",\"Sintra\",\"Ta\u00e7a da Portugal\"],\"articleSection\":[\"Desporto\",\"Futebol\"],\"inLanguage\":\"pt-PT\"},{\"@type\":\"WebPage\",\"@id\":\"https:\/\/portaltela.pt\/noticias\/2026\/01\/11\/juv-viana-e-pacos-de-arcos-brilham-na-taca-de-portugal\/\",\"url\":\"https:\/\/portaltela.pt\/noticias\/2026\/01\/11\/juv-viana-e-pacos-de-arcos-brilham-na-taca-de-portugal\/\",\"name\":\"Juv. Viana e Pa\u00e7os de Arcos brilham na Ta\u00e7a de Portugal - Portal Tela Portugal\",\"isPartOf\":{\"@id\":\"https:\/\/portaltela.pt\/#website\"},\"primaryImageOfPage\":{\"@id\":\"https:\/\/portaltela.pt\/noticias\/2026\/01\/11\/juv-viana-e-pacos-de-arcos-brilham-na-taca-de-portugal\/#primaryimage\"},\"image\":{\"@id\":\"https:\/\/portaltela.pt\/noticias\/2026\/01\/11\/juv-viana-e-pacos-de-arcos-brilham-na-taca-de-portugal\/#primaryimage\"},\"thumbnailUrl\":\"https:\/\/portaltela.pt\/s.01k8rhncp4jt1\/2026\/01\/edcd13de-8130-4320-aa42-084013ca4e84.jpg\",\"datePublished\":\"2026-01-12T00:15:13+00:00\",\"author\":{\"@id\":\"https:\/\/portaltela.pt\/#\/schema\/person\/c4278d4a6028830caff9ee44b42d32ed\"},\"breadcrumb\":{\"@id\":\"https:\/\/portaltela.pt\/noticias\/2026\/01\/11\/juv-viana-e-pacos-de-arcos-brilham-na-taca-de-portugal\/#breadcrumb\"},\"inLanguage\":\"pt-PT\",\"potentialAction\":[{\"@type\":\"ReadAction\",\"target\":[\"https:\/\/portaltela.pt\/noticias\/2026\/01\/11\/juv-viana-e-pacos-de-arcos-brilham-na-taca-de-portugal\/\"]}]},{\"@type\":\"ImageObject\",\"inLanguage\":\"pt-PT\",\"@id\":\"https:\/\/portaltela.pt\/noticias\/2026\/01\/11\/juv-viana-e-pacos-de-arcos-brilham-na-taca-de-portugal\/#primaryimage\",\"url\":\"https:\/\/portaltela.pt\/s.01k8rhncp4jt1\/2026\/01\/edcd13de-8130-4320-aa42-084013ca4e84.jpg\",\"contentUrl\":\"https:\/\/portaltela.pt\/s.01k8rhncp4jt1\/2026\/01\/edcd13de-8130-4320-aa42-084013ca4e84.jpg\",\"width\":796,\"height\":448,\"caption\":\"Pa\u00e7o de Arcos est\u00e1 nos oitavos de final da 51.\u00aa Ta\u00e7a de Portugal Fotografia Facebook CDPA\"},{\"@type\":\"BreadcrumbList\",\"@id\":\"https:\/\/portaltela.pt\/noticias\/2026\/01\/11\/juv-viana-e-pacos-de-arcos-brilham-na-taca-de-portugal\/#breadcrumb\",\"itemListElement\":[{\"@type\":\"ListItem\",\"position\":1,\"name\":\"In\u00edcio\",\"item\":\"https:\/\/portaltela.pt\/\"},{\"@type\":\"ListItem\",\"position\":2,\"name\":\"Juv. Viana e Pa\u00e7os de Arcos brilham na Ta\u00e7a de Portugal\"}]},{\"@type\":\"WebSite\",\"@id\":\"https:\/\/portaltela.pt\/#website\",\"url\":\"https:\/\/portaltela.pt\/\",\"name\":\"Portal Tela Portugal\",\"description\":\"\",\"potentialAction\":[{\"@type\":\"SearchAction\",\"target\":{\"@type\":\"EntryPoint\",\"urlTemplate\":\"https:\/\/portaltela.pt\/?s={search_term_string}\"},\"query-input\":{\"@type\":\"PropertyValueSpecification\",\"valueRequired\":true,\"valueName\":\"search_term_string\"}}],\"inLanguage\":\"pt-PT\"},{\"@type\":\"Person\",\"@id\":\"https:\/\/portaltela.pt\/#\/schema\/person\/c4278d4a6028830caff9ee44b42d32ed\",\"name\":\"Telinha\",\"image\":{\"@type\":\"ImageObject\",\"inLanguage\":\"pt-PT\",\"@id\":\"https:\/\/portaltela.pt\/s.01k8rhncp4jt1\/2025\/11\/talking-bot-125x125.png\",\"url\":\"https:\/\/portaltela.pt\/s.01k8rhncp4jt1\/2025\/11\/talking-bot-125x125.png\",\"contentUrl\":\"https:\/\/portaltela.pt\/s.01k8rhncp4jt1\/2025\/11\/talking-bot-125x125.png\",\"caption\":\"Telinha\"},\"sameAs\":[\"https:\/\/portaltela.pt\/\"],\"url\":\"https:\/\/portaltela.pt\/por\/367410592786\/\"}]}<\/script>\n<!-- \/ Yoast SEO plugin. -->","yoast_head_json":{"title":"Juv. Viana e Pa\u00e7os de Arcos brilham na Ta\u00e7a de Portugal - Portal Tela Portugal","robots":{"index":"index","follow":"follow","max-snippet":"max-snippet:-1","max-image-preview":"max-image-preview:large","max-video-preview":"max-video-preview:-1"},"og_locale":"pt_PT","og_type":"article","og_title":"Juv. Viana e Pa\u00e7os de Arcos brilham na Ta\u00e7a de Portugal - Portal Tela Portugal","og_description":"Juventude de Viana e Pa\u00e7o de Arcos, da II Divis\u00e3o, foram as grandes surpresas dos 16 avos de final da Ta\u00e7a de Portugal. Juventude de Viana bateu o Tomar por 6-3 e segue aos oitavos de final. Pa\u00e7o de Arcos qualificou\u2011se frente \u00e0 Oliveirense, 4-3 nas grandes penalidades ap\u00f3s empate a 3\u20113 ao intervalo\/tempo extra. Parede, Oeiras e Candel\u00e1ria tamb\u00e9m carimbaram passagem aos oitavos, ao eliminarem Santiago, Vilafranquense e HC Sintra, respetivamente. Os oitavos arrancam a 14 de fevereiro, com destaque para o cl\u00e1ssico FC Porto vs Benfica.","og_url":"https:\/\/portaltela.pt\/noticias\/2026\/01\/11\/juv-viana-e-pacos-de-arcos-brilham-na-taca-de-portugal\/","og_site_name":"Portal Tela Portugal","article_published_time":"2026-01-12T00:15:13+00:00","author":"Telinha","twitter_card":"summary_large_image","twitter_misc":{"Escrito por":"Telinha","Tempo estimado de leitura":"1 minuto"},"schema":{"@context":"https:\/\/schema.org","@graph":[{"@type":"Article","@id":"https:\/\/portaltela.pt\/noticias\/2026\/01\/11\/juv-viana-e-pacos-de-arcos-brilham-na-taca-de-portugal\/#article","isPartOf":{"@id":"https:\/\/portaltela.pt\/noticias\/2026\/01\/11\/juv-viana-e-pacos-de-arcos-brilham-na-taca-de-portugal\/"},"author":{"name":"Telinha","@id":"https:\/\/portaltela.pt\/#\/schema\/person\/c4278d4a6028830caff9ee44b42d32ed"},"headline":"Juv. Viana e Pa\u00e7os de Arcos brilham na Ta\u00e7a de Portugal","datePublished":"2026-01-12T00:15:13+00:00","mainEntityOfPage":{"@id":"https:\/\/portaltela.pt\/noticias\/2026\/01\/11\/juv-viana-e-pacos-de-arcos-brilham-na-taca-de-portugal\/"},"wordCount":230,"image":{"@id":"https:\/\/portaltela.pt\/noticias\/2026\/01\/11\/juv-viana-e-pacos-de-arcos-brilham-na-taca-de-portugal\/#primaryimage"},"thumbnailUrl":"https:\/\/portaltela.pt\/s.01k8rhncp4jt1\/2026\/01\/edcd13de-8130-4320-aa42-084013ca4e84.jpg","keywords":["desporto","Entroncamento","Oeiras","Parede","Sintra","Ta\u00e7a da Portugal"],"articleSection":["Desporto","Futebol"],"inLanguage":"pt-PT"},{"@type":"WebPage","@id":"https:\/\/portaltela.pt\/noticias\/2026\/01\/11\/juv-viana-e-pacos-de-arcos-brilham-na-taca-de-portugal\/","url":"https:\/\/portaltela.pt\/noticias\/2026\/01\/11\/juv-viana-e-pacos-de-arcos-brilham-na-taca-de-portugal\/","name":"Juv. Viana e Pa\u00e7os de Arcos brilham na Ta\u00e7a de Portugal - Portal Tela Portugal","isPartOf":{"@id":"https:\/\/portaltela.pt\/#website"},"primaryImageOfPage":{"@id":"https:\/\/portaltela.pt\/noticias\/2026\/01\/11\/juv-viana-e-pacos-de-arcos-brilham-na-taca-de-portugal\/#primaryimage"},"image":{"@id":"https:\/\/portaltela.pt\/noticias\/2026\/01\/11\/juv-viana-e-pacos-de-arcos-brilham-na-taca-de-portugal\/#primaryimage"},"thumbnailUrl":"https:\/\/portaltela.pt\/s.01k8rhncp4jt1\/2026\/01\/edcd13de-8130-4320-aa42-084013ca4e84.jpg","datePublished":"2026-01-12T00:15:13+00:00","author":{"@id":"https:\/\/portaltela.pt\/#\/schema\/person\/c4278d4a6028830caff9ee44b42d32ed"},"breadcrumb":{"@id":"https:\/\/portaltela.pt\/noticias\/2026\/01\/11\/juv-viana-e-pacos-de-arcos-brilham-na-taca-de-portugal\/#breadcrumb"},"inLanguage":"pt-PT","potentialAction":[{"@type":"ReadAction","target":["https:\/\/portaltela.pt\/noticias\/2026\/01\/11\/juv-viana-e-pacos-de-arcos-brilham-na-taca-de-portugal\/"]}]},{"@type":"ImageObject","inLanguage":"pt-PT","@id":"https:\/\/portaltela.pt\/noticias\/2026\/01\/11\/juv-viana-e-pacos-de-arcos-brilham-na-taca-de-portugal\/#primaryimage","url":"https:\/\/portaltela.pt\/s.01k8rhncp4jt1\/2026\/01\/edcd13de-8130-4320-aa42-084013ca4e84.jpg","contentUrl":"https:\/\/portaltela.pt\/s.01k8rhncp4jt1\/2026\/01\/edcd13de-8130-4320-aa42-084013ca4e84.jpg","width":796,"height":448,"caption":"Pa\u00e7o de Arcos est\u00e1 nos oitavos de final da 51.\u00aa Ta\u00e7a de Portugal Fotografia Facebook CDPA"},{"@type":"BreadcrumbList","@id":"https:\/\/portaltela.pt\/noticias\/2026\/01\/11\/juv-viana-e-pacos-de-arcos-brilham-na-taca-de-portugal\/#breadcrumb","itemListElement":[{"@type":"ListItem","position":1,"name":"In\u00edcio","item":"https:\/\/portaltela.pt\/"},{"@type":"ListItem","position":2,"name":"Juv. Viana e Pa\u00e7os de Arcos brilham na Ta\u00e7a de Portugal"}]},{"@type":"WebSite","@id":"https:\/\/portaltela.pt\/#website","url":"https:\/\/portaltela.pt\/","name":"Portal Tela Portugal","description":"","potentialAction":[{"@type":"SearchAction","target":{"@type":"EntryPoint","urlTemplate":"https:\/\/portaltela.pt\/?s={search_term_string}"},"query-input":{"@type":"PropertyValueSpecification","valueRequired":true,"valueName":"search_term_string"}}],"inLanguage":"pt-PT"},{"@type":"Person","@id":"https:\/\/portaltela.pt\/#\/schema\/person\/c4278d4a6028830caff9ee44b42d32ed","name":"Telinha","image":{"@type":"ImageObject","inLanguage":"pt-PT","@id":"https:\/\/portaltela.pt\/s.01k8rhncp4jt1\/2025\/11\/talking-bot-125x125.png","url":"https:\/\/portaltela.pt\/s.01k8rhncp4jt1\/2025\/11\/talking-bot-125x125.png","contentUrl":"https:\/\/portaltela.pt\/s.01k8rhncp4jt1\/2025\/11\/talking-bot-125x125.png","caption":"Telinha"},"sameAs":["https:\/\/portaltela.pt\/"],"url":"https:\/\/portaltela.pt\/por\/367410592786\/"}]}},"_links":{"self":[{"href":"https:\/\/portaltela.pt\/api\/wp\/v2\/posts\/134302","targetHints":{"allow":["GET"]}}],"collection":[{"href":"https:\/\/portaltela.pt\/api\/wp\/v2\/posts"}],"about":[{"href":"https:\/\/portaltela.pt\/api\/wp\/v2\/types\/post"}],"author":[{"embeddable":true,"href":"https:\/\/portaltela.pt\/api\/wp\/v2\/users\/2"}],"replies":[{"embeddable":true,"href":"https:\/\/portaltela.pt\/api\/wp\/v2\/comments?post=134302"}],"version-history":[{"count":0,"href":"https:\/\/portaltela.pt\/api\/wp\/v2\/posts\/134302\/revisions"}],"wp:featuredmedia":[{"embeddable":true,"href":"https:\/\/portaltela.pt\/api\/wp\/v2\/media\/134305"}],"wp:attachment":[{"href":"https:\/\/portaltela.pt\/api\/wp\/v2\/media?parent=134302"}],"wp:term":[{"taxonomy":"category","embeddable":true,"href":"https:\/\/portaltela.pt\/api\/wp\/v2\/categories?post=134302"},{"taxonomy":"post_tag","embeddable":true,"href":"https:\/\/portaltela.pt\/api\/wp\/v2\/tags?post=134302"}],"curies":[{"name":"wp","href":"https:\/\/api.w.org\/{rel}","templated":true}]}}