{"id":134252,"date":"2026-01-11T20:45:31","date_gmt":"2026-01-11T23:45:31","guid":{"rendered":"https:\/\/portaltela.pt\/noticias\/2026\/01\/11\/dalot-comenta-o-impacto-do-despedimento-de-ruben-amorim\/"},"modified":"2026-01-11T20:45:31","modified_gmt":"2026-01-11T23:45:31","slug":"dalot-comenta-o-impacto-do-despedimento-de-ruben-amorim","status":"publish","type":"post","link":"https:\/\/portaltela.pt\/desporto\/futebol\/2026\/01\/11\/dalot-comenta-o-impacto-do-despedimento-de-ruben-amorim\/","title":{"rendered":"Dalot comenta o impacto do despedimento de Ruben Amorim"},"content":{"rendered":"<p>Manchester United ficou fora da Ta\u00e7a de Inglaterra ao perder diante do Brighton, ap\u00f3s empatar com o Burnley na Premier League. A equipa atravessa o per\u00edodo seguinte \u00e0 sa\u00edda de Ruben Amorim e \u00e0 entrada de Darren Fletcher, com Dalot a falar sobre a situa\u00e7\u00e3o.<\/p>\n<p>O defesa Diogo Dalot frisou que o grupo criou oportunidades para vencer o Brighton, mas a expuls\u00e3o acabou por decidir o desfecho. O jogador reconheceu a desilus\u00e3o de seguir em frente ap\u00f3s o rev\u00e9s e destacou o esfor\u00e7o dos colegas para encontrar espa\u00e7os.<\/p>\n<p>Olhando para o ambiente no balne\u00e1rio, Dalot descreveu uma fase dif\u00edcil e sublinhou a necessidade de adapta\u00e7\u00e3o r\u00e1pida aos novos m\u00e9todos e \u00e0 nova lideran\u00e7a, mantendo o foco nos pr\u00f3ximos jogos.<\/p>\n<h3>Ambiente no balne\u00e1rio e pr\u00f3ximos passos<\/h3>\n<p>Dalot indicou que o plantel tenta manter a concentra\u00e7\u00e3o e a qualidade em campo, apesar das mudan\u00e7as na estrutura t\u00e9cnica. A equipa continua a preparar-se para compromissos futuros da temporada.<\/p>\n<p>Os acontecimentos dos \u00faltimos jogos refletem a conjuntura entre a sa\u00edda de Amorim, a transi\u00e7\u00e3o sob Fletcher e a resposta em campo, com o Manchester United a procurar estabilizar-se rapidamente.<\/p>\n","protected":false},"excerpt":{"rendered":"<ul>\n<li>Diogo Dalot afirmou que a situa\u00e7\u00e3o do Manchester United desde o despedimento de Ruben Amorim, com a entrada de Darren Fletcher, tem sido realmente dif\u00edcil.<\/li>\n<li>Os red devils empataram com o Burnley, na Premier League.<\/li>\n<li>O clube foi eliminado pelo Brighton na Ta\u00e7a de Inglaterra, nos primeiros dois jogos desde a sa\u00edda do treinador portugu\u00eas.<\/li>\n<li>Dalot disse que houve oportunidades para vencer e que o cart\u00e3o vermelho os desequilibrou, apesar de dominarem o Brighton nos momentos finais.<\/li>\n<li>O lateral mencionou um ambiente muito dif\u00edcil no balne\u00e1rio e a necessidade de se adaptarem rapidamente ap\u00f3s o despedimento de Amorim.<\/li>\n<\/ul>\n","protected":false},"author":2,"featured_media":134254,"comment_status":"closed","ping_status":"closed","sticky":false,"template":"","format":"standard","meta":{"footnotes":""},"categories":[21,24],"tags":[2513,152,2536,32,1643],"class_list":["post-134252","post","type-post","status-publish","format-standard","has-post-thumbnail","hentry","category-desporto","category-futebol","tag-darren-fletcher","tag-desporto","tag-diogo-dalot","tag-futebol","tag-ruben-amorim"],"yoast_head":"<!-- This site is optimized with the Yoast SEO plugin v27.2 - https:\/\/yoast.com\/product\/yoast-seo-wordpress\/ -->\n<title>Dalot comenta o impacto do despedimento de Ruben Amorim - Portal Tela Portugal<\/title>\n<meta name=\"robots\" content=\"index, follow, max-snippet:-1, max-image-preview:large, max-video-preview:-1\" \/>\n<meta property=\"og:locale\" content=\"pt_PT\" \/>\n<meta property=\"og:type\" content=\"article\" \/>\n<meta property=\"og:title\" content=\"Dalot comenta o impacto do despedimento de Ruben Amorim - Portal Tela Portugal\" \/>\n<meta property=\"og:description\" content=\"Diogo Dalot afirmou que a situa\u00e7\u00e3o do Manchester United desde o despedimento de Ruben Amorim, com a entrada de Darren Fletcher, tem sido realmente dif\u00edcil. Os red devils empataram com o Burnley, na Premier League. O clube foi eliminado pelo Brighton na Ta\u00e7a de Inglaterra, nos primeiros dois jogos desde a sa\u00edda do treinador portugu\u00eas. Dalot disse que houve oportunidades para vencer e que o cart\u00e3o vermelho os desequilibrou, apesar de dominarem o Brighton nos momentos finais. O lateral mencionou um ambiente muito dif\u00edcil no balne\u00e1rio e a necessidade de se adaptarem rapidamente ap\u00f3s o despedimento de Amorim.\" \/>\n<meta property=\"og:url\" content=\"https:\/\/portaltela.pt\/noticias\/2026\/01\/11\/dalot-comenta-o-impacto-do-despedimento-de-ruben-amorim\/\" \/>\n<meta property=\"og:site_name\" content=\"Portal Tela Portugal\" \/>\n<meta property=\"article:published_time\" content=\"2026-01-11T23:45:31+00:00\" \/>\n<meta name=\"author\" content=\"Telinha\" \/>\n<meta name=\"twitter:card\" content=\"summary_large_image\" \/>\n<meta name=\"twitter:label1\" content=\"Escrito por\" \/>\n\t<meta name=\"twitter:data1\" content=\"Telinha\" \/>\n\t<meta name=\"twitter:label2\" content=\"Tempo estimado de leitura\" \/>\n\t<meta name=\"twitter:data2\" content=\"1 minuto\" \/>\n<script type=\"application\/ld+json\" class=\"yoast-schema-graph\">{\"@context\":\"https:\/\/schema.org\",\"@graph\":[{\"@type\":\"Article\",\"@id\":\"https:\/\/portaltela.pt\/noticias\/2026\/01\/11\/dalot-comenta-o-impacto-do-despedimento-de-ruben-amorim\/#article\",\"isPartOf\":{\"@id\":\"https:\/\/portaltela.pt\/noticias\/2026\/01\/11\/dalot-comenta-o-impacto-do-despedimento-de-ruben-amorim\/\"},\"author\":{\"name\":\"Telinha\",\"@id\":\"https:\/\/portaltela.pt\/#\/schema\/person\/c4278d4a6028830caff9ee44b42d32ed\"},\"headline\":\"Dalot comenta o impacto do despedimento de Ruben Amorim\",\"datePublished\":\"2026-01-11T23:45:31+00:00\",\"mainEntityOfPage\":{\"@id\":\"https:\/\/portaltela.pt\/noticias\/2026\/01\/11\/dalot-comenta-o-impacto-do-despedimento-de-ruben-amorim\/\"},\"wordCount\":216,\"image\":{\"@id\":\"https:\/\/portaltela.pt\/noticias\/2026\/01\/11\/dalot-comenta-o-impacto-do-despedimento-de-ruben-amorim\/#primaryimage\"},\"thumbnailUrl\":\"https:\/\/portaltela.pt\/s.01k8rhncp4jt1\/2026\/01\/b9bfb3f0-6b26-48c6-aaaf-b10ba92a4875.jpg\",\"keywords\":[\"Darren Fletcher\",\"desporto\",\"Diogo Dalot\",\"futebol\",\"Ruben Amorim\"],\"articleSection\":[\"Desporto\",\"Futebol\"],\"inLanguage\":\"pt-PT\"},{\"@type\":\"WebPage\",\"@id\":\"https:\/\/portaltela.pt\/noticias\/2026\/01\/11\/dalot-comenta-o-impacto-do-despedimento-de-ruben-amorim\/\",\"url\":\"https:\/\/portaltela.pt\/noticias\/2026\/01\/11\/dalot-comenta-o-impacto-do-despedimento-de-ruben-amorim\/\",\"name\":\"Dalot comenta o impacto do despedimento de Ruben Amorim - Portal Tela Portugal\",\"isPartOf\":{\"@id\":\"https:\/\/portaltela.pt\/#website\"},\"primaryImageOfPage\":{\"@id\":\"https:\/\/portaltela.pt\/noticias\/2026\/01\/11\/dalot-comenta-o-impacto-do-despedimento-de-ruben-amorim\/#primaryimage\"},\"image\":{\"@id\":\"https:\/\/portaltela.pt\/noticias\/2026\/01\/11\/dalot-comenta-o-impacto-do-despedimento-de-ruben-amorim\/#primaryimage\"},\"thumbnailUrl\":\"https:\/\/portaltela.pt\/s.01k8rhncp4jt1\/2026\/01\/b9bfb3f0-6b26-48c6-aaaf-b10ba92a4875.jpg\",\"datePublished\":\"2026-01-11T23:45:31+00:00\",\"author\":{\"@id\":\"https:\/\/portaltela.pt\/#\/schema\/person\/c4278d4a6028830caff9ee44b42d32ed\"},\"breadcrumb\":{\"@id\":\"https:\/\/portaltela.pt\/noticias\/2026\/01\/11\/dalot-comenta-o-impacto-do-despedimento-de-ruben-amorim\/#breadcrumb\"},\"inLanguage\":\"pt-PT\",\"potentialAction\":[{\"@type\":\"ReadAction\",\"target\":[\"https:\/\/portaltela.pt\/noticias\/2026\/01\/11\/dalot-comenta-o-impacto-do-despedimento-de-ruben-amorim\/\"]}]},{\"@type\":\"ImageObject\",\"inLanguage\":\"pt-PT\",\"@id\":\"https:\/\/portaltela.pt\/noticias\/2026\/01\/11\/dalot-comenta-o-impacto-do-despedimento-de-ruben-amorim\/#primaryimage\",\"url\":\"https:\/\/portaltela.pt\/s.01k8rhncp4jt1\/2026\/01\/b9bfb3f0-6b26-48c6-aaaf-b10ba92a4875.jpg\",\"contentUrl\":\"https:\/\/portaltela.pt\/s.01k8rhncp4jt1\/2026\/01\/b9bfb3f0-6b26-48c6-aaaf-b10ba92a4875.jpg\",\"width\":796,\"height\":448,\"caption\":\"Cumprimento entre Ruben Amorim e Diogo Dalot\"},{\"@type\":\"BreadcrumbList\",\"@id\":\"https:\/\/portaltela.pt\/noticias\/2026\/01\/11\/dalot-comenta-o-impacto-do-despedimento-de-ruben-amorim\/#breadcrumb\",\"itemListElement\":[{\"@type\":\"ListItem\",\"position\":1,\"name\":\"In\u00edcio\",\"item\":\"https:\/\/portaltela.pt\/\"},{\"@type\":\"ListItem\",\"position\":2,\"name\":\"Dalot comenta o impacto do despedimento de Ruben Amorim\"}]},{\"@type\":\"WebSite\",\"@id\":\"https:\/\/portaltela.pt\/#website\",\"url\":\"https:\/\/portaltela.pt\/\",\"name\":\"Portal Tela Portugal\",\"description\":\"\",\"potentialAction\":[{\"@type\":\"SearchAction\",\"target\":{\"@type\":\"EntryPoint\",\"urlTemplate\":\"https:\/\/portaltela.pt\/?s={search_term_string}\"},\"query-input\":{\"@type\":\"PropertyValueSpecification\",\"valueRequired\":true,\"valueName\":\"search_term_string\"}}],\"inLanguage\":\"pt-PT\"},{\"@type\":\"Person\",\"@id\":\"https:\/\/portaltela.pt\/#\/schema\/person\/c4278d4a6028830caff9ee44b42d32ed\",\"name\":\"Telinha\",\"image\":{\"@type\":\"ImageObject\",\"inLanguage\":\"pt-PT\",\"@id\":\"https:\/\/portaltela.pt\/s.01k8rhncp4jt1\/2025\/11\/talking-bot-125x125.png\",\"url\":\"https:\/\/portaltela.pt\/s.01k8rhncp4jt1\/2025\/11\/talking-bot-125x125.png\",\"contentUrl\":\"https:\/\/portaltela.pt\/s.01k8rhncp4jt1\/2025\/11\/talking-bot-125x125.png\",\"caption\":\"Telinha\"},\"sameAs\":[\"https:\/\/portaltela.pt\/\"],\"url\":\"https:\/\/portaltela.pt\/por\/367410592786\/\"}]}<\/script>\n<!-- \/ Yoast SEO plugin. -->","yoast_head_json":{"title":"Dalot comenta o impacto do despedimento de Ruben Amorim - Portal Tela Portugal","robots":{"index":"index","follow":"follow","max-snippet":"max-snippet:-1","max-image-preview":"max-image-preview:large","max-video-preview":"max-video-preview:-1"},"og_locale":"pt_PT","og_type":"article","og_title":"Dalot comenta o impacto do despedimento de Ruben Amorim - Portal Tela Portugal","og_description":"Diogo Dalot afirmou que a situa\u00e7\u00e3o do Manchester United desde o despedimento de Ruben Amorim, com a entrada de Darren Fletcher, tem sido realmente dif\u00edcil. Os red devils empataram com o Burnley, na Premier League. O clube foi eliminado pelo Brighton na Ta\u00e7a de Inglaterra, nos primeiros dois jogos desde a sa\u00edda do treinador portugu\u00eas. Dalot disse que houve oportunidades para vencer e que o cart\u00e3o vermelho os desequilibrou, apesar de dominarem o Brighton nos momentos finais. O lateral mencionou um ambiente muito dif\u00edcil no balne\u00e1rio e a necessidade de se adaptarem rapidamente ap\u00f3s o despedimento de Amorim.","og_url":"https:\/\/portaltela.pt\/noticias\/2026\/01\/11\/dalot-comenta-o-impacto-do-despedimento-de-ruben-amorim\/","og_site_name":"Portal Tela Portugal","article_published_time":"2026-01-11T23:45:31+00:00","author":"Telinha","twitter_card":"summary_large_image","twitter_misc":{"Escrito por":"Telinha","Tempo estimado de leitura":"1 minuto"},"schema":{"@context":"https:\/\/schema.org","@graph":[{"@type":"Article","@id":"https:\/\/portaltela.pt\/noticias\/2026\/01\/11\/dalot-comenta-o-impacto-do-despedimento-de-ruben-amorim\/#article","isPartOf":{"@id":"https:\/\/portaltela.pt\/noticias\/2026\/01\/11\/dalot-comenta-o-impacto-do-despedimento-de-ruben-amorim\/"},"author":{"name":"Telinha","@id":"https:\/\/portaltela.pt\/#\/schema\/person\/c4278d4a6028830caff9ee44b42d32ed"},"headline":"Dalot comenta o impacto do despedimento de Ruben Amorim","datePublished":"2026-01-11T23:45:31+00:00","mainEntityOfPage":{"@id":"https:\/\/portaltela.pt\/noticias\/2026\/01\/11\/dalot-comenta-o-impacto-do-despedimento-de-ruben-amorim\/"},"wordCount":216,"image":{"@id":"https:\/\/portaltela.pt\/noticias\/2026\/01\/11\/dalot-comenta-o-impacto-do-despedimento-de-ruben-amorim\/#primaryimage"},"thumbnailUrl":"https:\/\/portaltela.pt\/s.01k8rhncp4jt1\/2026\/01\/b9bfb3f0-6b26-48c6-aaaf-b10ba92a4875.jpg","keywords":["Darren Fletcher","desporto","Diogo Dalot","futebol","Ruben Amorim"],"articleSection":["Desporto","Futebol"],"inLanguage":"pt-PT"},{"@type":"WebPage","@id":"https:\/\/portaltela.pt\/noticias\/2026\/01\/11\/dalot-comenta-o-impacto-do-despedimento-de-ruben-amorim\/","url":"https:\/\/portaltela.pt\/noticias\/2026\/01\/11\/dalot-comenta-o-impacto-do-despedimento-de-ruben-amorim\/","name":"Dalot comenta o impacto do despedimento de Ruben Amorim - Portal Tela Portugal","isPartOf":{"@id":"https:\/\/portaltela.pt\/#website"},"primaryImageOfPage":{"@id":"https:\/\/portaltela.pt\/noticias\/2026\/01\/11\/dalot-comenta-o-impacto-do-despedimento-de-ruben-amorim\/#primaryimage"},"image":{"@id":"https:\/\/portaltela.pt\/noticias\/2026\/01\/11\/dalot-comenta-o-impacto-do-despedimento-de-ruben-amorim\/#primaryimage"},"thumbnailUrl":"https:\/\/portaltela.pt\/s.01k8rhncp4jt1\/2026\/01\/b9bfb3f0-6b26-48c6-aaaf-b10ba92a4875.jpg","datePublished":"2026-01-11T23:45:31+00:00","author":{"@id":"https:\/\/portaltela.pt\/#\/schema\/person\/c4278d4a6028830caff9ee44b42d32ed"},"breadcrumb":{"@id":"https:\/\/portaltela.pt\/noticias\/2026\/01\/11\/dalot-comenta-o-impacto-do-despedimento-de-ruben-amorim\/#breadcrumb"},"inLanguage":"pt-PT","potentialAction":[{"@type":"ReadAction","target":["https:\/\/portaltela.pt\/noticias\/2026\/01\/11\/dalot-comenta-o-impacto-do-despedimento-de-ruben-amorim\/"]}]},{"@type":"ImageObject","inLanguage":"pt-PT","@id":"https:\/\/portaltela.pt\/noticias\/2026\/01\/11\/dalot-comenta-o-impacto-do-despedimento-de-ruben-amorim\/#primaryimage","url":"https:\/\/portaltela.pt\/s.01k8rhncp4jt1\/2026\/01\/b9bfb3f0-6b26-48c6-aaaf-b10ba92a4875.jpg","contentUrl":"https:\/\/portaltela.pt\/s.01k8rhncp4jt1\/2026\/01\/b9bfb3f0-6b26-48c6-aaaf-b10ba92a4875.jpg","width":796,"height":448,"caption":"Cumprimento entre Ruben Amorim e Diogo Dalot"},{"@type":"BreadcrumbList","@id":"https:\/\/portaltela.pt\/noticias\/2026\/01\/11\/dalot-comenta-o-impacto-do-despedimento-de-ruben-amorim\/#breadcrumb","itemListElement":[{"@type":"ListItem","position":1,"name":"In\u00edcio","item":"https:\/\/portaltela.pt\/"},{"@type":"ListItem","position":2,"name":"Dalot comenta o impacto do despedimento de Ruben Amorim"}]},{"@type":"WebSite","@id":"https:\/\/portaltela.pt\/#website","url":"https:\/\/portaltela.pt\/","name":"Portal Tela Portugal","description":"","potentialAction":[{"@type":"SearchAction","target":{"@type":"EntryPoint","urlTemplate":"https:\/\/portaltela.pt\/?s={search_term_string}"},"query-input":{"@type":"PropertyValueSpecification","valueRequired":true,"valueName":"search_term_string"}}],"inLanguage":"pt-PT"},{"@type":"Person","@id":"https:\/\/portaltela.pt\/#\/schema\/person\/c4278d4a6028830caff9ee44b42d32ed","name":"Telinha","image":{"@type":"ImageObject","inLanguage":"pt-PT","@id":"https:\/\/portaltela.pt\/s.01k8rhncp4jt1\/2025\/11\/talking-bot-125x125.png","url":"https:\/\/portaltela.pt\/s.01k8rhncp4jt1\/2025\/11\/talking-bot-125x125.png","contentUrl":"https:\/\/portaltela.pt\/s.01k8rhncp4jt1\/2025\/11\/talking-bot-125x125.png","caption":"Telinha"},"sameAs":["https:\/\/portaltela.pt\/"],"url":"https:\/\/portaltela.pt\/por\/367410592786\/"}]}},"_links":{"self":[{"href":"https:\/\/portaltela.pt\/api\/wp\/v2\/posts\/134252","targetHints":{"allow":["GET"]}}],"collection":[{"href":"https:\/\/portaltela.pt\/api\/wp\/v2\/posts"}],"about":[{"href":"https:\/\/portaltela.pt\/api\/wp\/v2\/types\/post"}],"author":[{"embeddable":true,"href":"https:\/\/portaltela.pt\/api\/wp\/v2\/users\/2"}],"replies":[{"embeddable":true,"href":"https:\/\/portaltela.pt\/api\/wp\/v2\/comments?post=134252"}],"version-history":[{"count":0,"href":"https:\/\/portaltela.pt\/api\/wp\/v2\/posts\/134252\/revisions"}],"wp:featuredmedia":[{"embeddable":true,"href":"https:\/\/portaltela.pt\/api\/wp\/v2\/media\/134254"}],"wp:attachment":[{"href":"https:\/\/portaltela.pt\/api\/wp\/v2\/media?parent=134252"}],"wp:term":[{"taxonomy":"category","embeddable":true,"href":"https:\/\/portaltela.pt\/api\/wp\/v2\/categories?post=134252"},{"taxonomy":"post_tag","embeddable":true,"href":"https:\/\/portaltela.pt\/api\/wp\/v2\/tags?post=134252"}],"curies":[{"name":"wp","href":"https:\/\/api.w.org\/{rel}","templated":true}]}}