{"id":134235,"date":"2026-01-11T20:31:59","date_gmt":"2026-01-11T23:31:59","guid":{"rendered":"https:\/\/portaltela.pt\/noticias\/2026\/01\/11\/raphinha-diz-que-sairia-do-barca-se-flick-nao-tivesse-vindo\/"},"modified":"2026-01-11T20:31:59","modified_gmt":"2026-01-11T23:31:59","slug":"raphinha-diz-que-sairia-do-barca-se-flick-nao-tivesse-vindo","status":"publish","type":"post","link":"https:\/\/portaltela.pt\/desporto\/futebol\/2026\/01\/11\/raphinha-diz-que-sairia-do-barca-se-flick-nao-tivesse-vindo\/","title":{"rendered":"Raphinha diz que sairia do Bar\u00e7a se Flick n\u00e3o tivesse vindo"},"content":{"rendered":"<p>Raphinha afirmou que a presen\u00e7a de Hansi Flick no Barcelona foi determinante para a sua perman\u00eancia no clube. O jogador afirmou ainda que a confian\u00e7a transmitida pelo treinador o ajudou a afirmar-se no plantel.<\/p>\n<p>O internacional brasileiro revelou que Flick lhe disse que seria importante para a equipa, o que, segundo ele, foi crucial para manter o foco e a motiva\u00e7\u00e3o. As declara\u00e7\u00f5es surgem na sequ\u00eancia da vit\u00f3ria na Superta\u00e7a de Espanha.<\/p>\n<p>A final, disputada na Ar\u00e1bia, ficou marcada pela atua\u00e7\u00e3o do Barcelona, considerado a grande figura da partida. Raphinha destacou a maturidade da equipa, o equil\u00edbrio entre defesa e ataque e o objetivo de manter o n\u00edvel j\u00e1 alcan\u00e7ado na \u00e9poca anterior.<\/p>\n<h3>Contexto e impacto<\/h3>\n<p>Flick chegou ao Bar\u00e7a antes da temporada e j\u00e1 soma um registo de resultados considerados positivos pela dire\u00e7\u00e3o. Laporta acompanhou a conquista e destacou o trabalho do t\u00e9cnico alem\u00e3o junto do plantel. A equipa pretende manter o rendimento para as pr\u00f3ximas competi\u00e7\u00f5es.<\/p>\n","protected":false},"excerpt":{"rendered":"<ul>\n<li>Raphinha afirmou que, se o Hansi Flick n\u00e3o tivesse chegado, teria sa\u00eddo do Barcelona.<\/li>\n<li>O jogador brasileiro disse que Flick mudou a sua vida e lhe transmitiu confian\u00e7a, dizendo que seria importante.<\/li>\n<li>Refor\u00e7ou que a confian\u00e7a do treinador ajudou a manter a sua motiva\u00e7\u00e3o no clube.<\/li>\n<li>Sobre a final, elogiou a maturidade da equipa e afirmou que soube o que fazer para vencer.<\/li>\n<li>Encerrou com a ideia de que a equipa amadureceu e pode continuar o trabalho da \u00e9poca anterior.<\/li>\n<\/ul>\n","protected":false},"author":2,"featured_media":134236,"comment_status":"closed","ping_status":"closed","sticky":false,"template":"","format":"standard","meta":{"footnotes":""},"categories":[21,24],"tags":[2587,152,2681,32,1789,2893],"class_list":["post-134235","post","type-post","status-publish","format-standard","has-post-thumbnail","hentry","category-desporto","category-futebol","tag-barcelona","tag-desporto","tag-desporto-internacional","tag-futebol","tag-la-liga","tag-raphinha"],"yoast_head":"<!-- This site is optimized with the Yoast SEO plugin v27.2 - https:\/\/yoast.com\/product\/yoast-seo-wordpress\/ -->\n<title>Raphinha diz que sairia do Bar\u00e7a se Flick n\u00e3o tivesse vindo - Portal Tela Portugal<\/title>\n<meta name=\"robots\" content=\"index, follow, max-snippet:-1, max-image-preview:large, max-video-preview:-1\" \/>\n<meta property=\"og:locale\" content=\"pt_PT\" \/>\n<meta property=\"og:type\" content=\"article\" \/>\n<meta property=\"og:title\" content=\"Raphinha diz que sairia do Bar\u00e7a se Flick n\u00e3o tivesse vindo - Portal Tela Portugal\" \/>\n<meta property=\"og:description\" content=\"Raphinha afirmou que, se o Hansi Flick n\u00e3o tivesse chegado, teria sa\u00eddo do Barcelona. O jogador brasileiro disse que Flick mudou a sua vida e lhe transmitiu confian\u00e7a, dizendo que seria importante. Refor\u00e7ou que a confian\u00e7a do treinador ajudou a manter a sua motiva\u00e7\u00e3o no clube. Sobre a final, elogiou a maturidade da equipa e afirmou que soube o que fazer para vencer. Encerrou com a ideia de que a equipa amadureceu e pode continuar o trabalho da \u00e9poca anterior.\" \/>\n<meta property=\"og:url\" content=\"https:\/\/portaltela.pt\/noticias\/2026\/01\/11\/raphinha-diz-que-sairia-do-barca-se-flick-nao-tivesse-vindo\/\" \/>\n<meta property=\"og:site_name\" content=\"Portal Tela Portugal\" \/>\n<meta property=\"article:published_time\" content=\"2026-01-11T23:31:59+00:00\" \/>\n<meta name=\"author\" content=\"Telinha\" \/>\n<meta name=\"twitter:card\" content=\"summary_large_image\" \/>\n<meta name=\"twitter:label1\" content=\"Escrito por\" \/>\n\t<meta name=\"twitter:data1\" content=\"Telinha\" \/>\n\t<meta name=\"twitter:label2\" content=\"Tempo estimado de leitura\" \/>\n\t<meta name=\"twitter:data2\" content=\"1 minuto\" \/>\n<script type=\"application\/ld+json\" class=\"yoast-schema-graph\">{\"@context\":\"https:\/\/schema.org\",\"@graph\":[{\"@type\":\"Article\",\"@id\":\"https:\/\/portaltela.pt\/noticias\/2026\/01\/11\/raphinha-diz-que-sairia-do-barca-se-flick-nao-tivesse-vindo\/#article\",\"isPartOf\":{\"@id\":\"https:\/\/portaltela.pt\/noticias\/2026\/01\/11\/raphinha-diz-que-sairia-do-barca-se-flick-nao-tivesse-vindo\/\"},\"author\":{\"name\":\"Telinha\",\"@id\":\"https:\/\/portaltela.pt\/#\/schema\/person\/c4278d4a6028830caff9ee44b42d32ed\"},\"headline\":\"Raphinha diz que sairia do Bar\u00e7a se Flick n\u00e3o tivesse vindo\",\"datePublished\":\"2026-01-11T23:31:59+00:00\",\"mainEntityOfPage\":{\"@id\":\"https:\/\/portaltela.pt\/noticias\/2026\/01\/11\/raphinha-diz-que-sairia-do-barca-se-flick-nao-tivesse-vindo\/\"},\"wordCount\":190,\"image\":{\"@id\":\"https:\/\/portaltela.pt\/noticias\/2026\/01\/11\/raphinha-diz-que-sairia-do-barca-se-flick-nao-tivesse-vindo\/#primaryimage\"},\"thumbnailUrl\":\"https:\/\/portaltela.pt\/s.01k8rhncp4jt1\/2026\/01\/affa1c39-f09b-4182-a04d-29c0e1083862.jpg\",\"keywords\":[\"Barcelona\",\"desporto\",\"desporto internacional\",\"futebol\",\"La Liga\",\"Raphinha\"],\"articleSection\":[\"Desporto\",\"Futebol\"],\"inLanguage\":\"pt-PT\"},{\"@type\":\"WebPage\",\"@id\":\"https:\/\/portaltela.pt\/noticias\/2026\/01\/11\/raphinha-diz-que-sairia-do-barca-se-flick-nao-tivesse-vindo\/\",\"url\":\"https:\/\/portaltela.pt\/noticias\/2026\/01\/11\/raphinha-diz-que-sairia-do-barca-se-flick-nao-tivesse-vindo\/\",\"name\":\"Raphinha diz que sairia do Bar\u00e7a se Flick n\u00e3o tivesse vindo - Portal Tela Portugal\",\"isPartOf\":{\"@id\":\"https:\/\/portaltela.pt\/#website\"},\"primaryImageOfPage\":{\"@id\":\"https:\/\/portaltela.pt\/noticias\/2026\/01\/11\/raphinha-diz-que-sairia-do-barca-se-flick-nao-tivesse-vindo\/#primaryimage\"},\"image\":{\"@id\":\"https:\/\/portaltela.pt\/noticias\/2026\/01\/11\/raphinha-diz-que-sairia-do-barca-se-flick-nao-tivesse-vindo\/#primaryimage\"},\"thumbnailUrl\":\"https:\/\/portaltela.pt\/s.01k8rhncp4jt1\/2026\/01\/affa1c39-f09b-4182-a04d-29c0e1083862.jpg\",\"datePublished\":\"2026-01-11T23:31:59+00:00\",\"author\":{\"@id\":\"https:\/\/portaltela.pt\/#\/schema\/person\/c4278d4a6028830caff9ee44b42d32ed\"},\"breadcrumb\":{\"@id\":\"https:\/\/portaltela.pt\/noticias\/2026\/01\/11\/raphinha-diz-que-sairia-do-barca-se-flick-nao-tivesse-vindo\/#breadcrumb\"},\"inLanguage\":\"pt-PT\",\"potentialAction\":[{\"@type\":\"ReadAction\",\"target\":[\"https:\/\/portaltela.pt\/noticias\/2026\/01\/11\/raphinha-diz-que-sairia-do-barca-se-flick-nao-tivesse-vindo\/\"]}]},{\"@type\":\"ImageObject\",\"inLanguage\":\"pt-PT\",\"@id\":\"https:\/\/portaltela.pt\/noticias\/2026\/01\/11\/raphinha-diz-que-sairia-do-barca-se-flick-nao-tivesse-vindo\/#primaryimage\",\"url\":\"https:\/\/portaltela.pt\/s.01k8rhncp4jt1\/2026\/01\/affa1c39-f09b-4182-a04d-29c0e1083862.jpg\",\"contentUrl\":\"https:\/\/portaltela.pt\/s.01k8rhncp4jt1\/2026\/01\/affa1c39-f09b-4182-a04d-29c0e1083862.jpg\",\"width\":796,\"height\":448,\"caption\":\"Raphinha foi a grande figura da Superta\u00e7a espanhola\"},{\"@type\":\"BreadcrumbList\",\"@id\":\"https:\/\/portaltela.pt\/noticias\/2026\/01\/11\/raphinha-diz-que-sairia-do-barca-se-flick-nao-tivesse-vindo\/#breadcrumb\",\"itemListElement\":[{\"@type\":\"ListItem\",\"position\":1,\"name\":\"In\u00edcio\",\"item\":\"https:\/\/portaltela.pt\/\"},{\"@type\":\"ListItem\",\"position\":2,\"name\":\"Raphinha diz que sairia do Bar\u00e7a se Flick n\u00e3o tivesse vindo\"}]},{\"@type\":\"WebSite\",\"@id\":\"https:\/\/portaltela.pt\/#website\",\"url\":\"https:\/\/portaltela.pt\/\",\"name\":\"Portal Tela Portugal\",\"description\":\"\",\"potentialAction\":[{\"@type\":\"SearchAction\",\"target\":{\"@type\":\"EntryPoint\",\"urlTemplate\":\"https:\/\/portaltela.pt\/?s={search_term_string}\"},\"query-input\":{\"@type\":\"PropertyValueSpecification\",\"valueRequired\":true,\"valueName\":\"search_term_string\"}}],\"inLanguage\":\"pt-PT\"},{\"@type\":\"Person\",\"@id\":\"https:\/\/portaltela.pt\/#\/schema\/person\/c4278d4a6028830caff9ee44b42d32ed\",\"name\":\"Telinha\",\"image\":{\"@type\":\"ImageObject\",\"inLanguage\":\"pt-PT\",\"@id\":\"https:\/\/portaltela.pt\/s.01k8rhncp4jt1\/2025\/11\/talking-bot-125x125.png\",\"url\":\"https:\/\/portaltela.pt\/s.01k8rhncp4jt1\/2025\/11\/talking-bot-125x125.png\",\"contentUrl\":\"https:\/\/portaltela.pt\/s.01k8rhncp4jt1\/2025\/11\/talking-bot-125x125.png\",\"caption\":\"Telinha\"},\"sameAs\":[\"https:\/\/portaltela.pt\/\"],\"url\":\"https:\/\/portaltela.pt\/por\/367410592786\/\"}]}<\/script>\n<!-- \/ Yoast SEO plugin. -->","yoast_head_json":{"title":"Raphinha diz que sairia do Bar\u00e7a se Flick n\u00e3o tivesse vindo - Portal Tela Portugal","robots":{"index":"index","follow":"follow","max-snippet":"max-snippet:-1","max-image-preview":"max-image-preview:large","max-video-preview":"max-video-preview:-1"},"og_locale":"pt_PT","og_type":"article","og_title":"Raphinha diz que sairia do Bar\u00e7a se Flick n\u00e3o tivesse vindo - Portal Tela Portugal","og_description":"Raphinha afirmou que, se o Hansi Flick n\u00e3o tivesse chegado, teria sa\u00eddo do Barcelona. O jogador brasileiro disse que Flick mudou a sua vida e lhe transmitiu confian\u00e7a, dizendo que seria importante. Refor\u00e7ou que a confian\u00e7a do treinador ajudou a manter a sua motiva\u00e7\u00e3o no clube. Sobre a final, elogiou a maturidade da equipa e afirmou que soube o que fazer para vencer. Encerrou com a ideia de que a equipa amadureceu e pode continuar o trabalho da \u00e9poca anterior.","og_url":"https:\/\/portaltela.pt\/noticias\/2026\/01\/11\/raphinha-diz-que-sairia-do-barca-se-flick-nao-tivesse-vindo\/","og_site_name":"Portal Tela Portugal","article_published_time":"2026-01-11T23:31:59+00:00","author":"Telinha","twitter_card":"summary_large_image","twitter_misc":{"Escrito por":"Telinha","Tempo estimado de leitura":"1 minuto"},"schema":{"@context":"https:\/\/schema.org","@graph":[{"@type":"Article","@id":"https:\/\/portaltela.pt\/noticias\/2026\/01\/11\/raphinha-diz-que-sairia-do-barca-se-flick-nao-tivesse-vindo\/#article","isPartOf":{"@id":"https:\/\/portaltela.pt\/noticias\/2026\/01\/11\/raphinha-diz-que-sairia-do-barca-se-flick-nao-tivesse-vindo\/"},"author":{"name":"Telinha","@id":"https:\/\/portaltela.pt\/#\/schema\/person\/c4278d4a6028830caff9ee44b42d32ed"},"headline":"Raphinha diz que sairia do Bar\u00e7a se Flick n\u00e3o tivesse vindo","datePublished":"2026-01-11T23:31:59+00:00","mainEntityOfPage":{"@id":"https:\/\/portaltela.pt\/noticias\/2026\/01\/11\/raphinha-diz-que-sairia-do-barca-se-flick-nao-tivesse-vindo\/"},"wordCount":190,"image":{"@id":"https:\/\/portaltela.pt\/noticias\/2026\/01\/11\/raphinha-diz-que-sairia-do-barca-se-flick-nao-tivesse-vindo\/#primaryimage"},"thumbnailUrl":"https:\/\/portaltela.pt\/s.01k8rhncp4jt1\/2026\/01\/affa1c39-f09b-4182-a04d-29c0e1083862.jpg","keywords":["Barcelona","desporto","desporto internacional","futebol","La Liga","Raphinha"],"articleSection":["Desporto","Futebol"],"inLanguage":"pt-PT"},{"@type":"WebPage","@id":"https:\/\/portaltela.pt\/noticias\/2026\/01\/11\/raphinha-diz-que-sairia-do-barca-se-flick-nao-tivesse-vindo\/","url":"https:\/\/portaltela.pt\/noticias\/2026\/01\/11\/raphinha-diz-que-sairia-do-barca-se-flick-nao-tivesse-vindo\/","name":"Raphinha diz que sairia do Bar\u00e7a se Flick n\u00e3o tivesse vindo - Portal Tela Portugal","isPartOf":{"@id":"https:\/\/portaltela.pt\/#website"},"primaryImageOfPage":{"@id":"https:\/\/portaltela.pt\/noticias\/2026\/01\/11\/raphinha-diz-que-sairia-do-barca-se-flick-nao-tivesse-vindo\/#primaryimage"},"image":{"@id":"https:\/\/portaltela.pt\/noticias\/2026\/01\/11\/raphinha-diz-que-sairia-do-barca-se-flick-nao-tivesse-vindo\/#primaryimage"},"thumbnailUrl":"https:\/\/portaltela.pt\/s.01k8rhncp4jt1\/2026\/01\/affa1c39-f09b-4182-a04d-29c0e1083862.jpg","datePublished":"2026-01-11T23:31:59+00:00","author":{"@id":"https:\/\/portaltela.pt\/#\/schema\/person\/c4278d4a6028830caff9ee44b42d32ed"},"breadcrumb":{"@id":"https:\/\/portaltela.pt\/noticias\/2026\/01\/11\/raphinha-diz-que-sairia-do-barca-se-flick-nao-tivesse-vindo\/#breadcrumb"},"inLanguage":"pt-PT","potentialAction":[{"@type":"ReadAction","target":["https:\/\/portaltela.pt\/noticias\/2026\/01\/11\/raphinha-diz-que-sairia-do-barca-se-flick-nao-tivesse-vindo\/"]}]},{"@type":"ImageObject","inLanguage":"pt-PT","@id":"https:\/\/portaltela.pt\/noticias\/2026\/01\/11\/raphinha-diz-que-sairia-do-barca-se-flick-nao-tivesse-vindo\/#primaryimage","url":"https:\/\/portaltela.pt\/s.01k8rhncp4jt1\/2026\/01\/affa1c39-f09b-4182-a04d-29c0e1083862.jpg","contentUrl":"https:\/\/portaltela.pt\/s.01k8rhncp4jt1\/2026\/01\/affa1c39-f09b-4182-a04d-29c0e1083862.jpg","width":796,"height":448,"caption":"Raphinha foi a grande figura da Superta\u00e7a espanhola"},{"@type":"BreadcrumbList","@id":"https:\/\/portaltela.pt\/noticias\/2026\/01\/11\/raphinha-diz-que-sairia-do-barca-se-flick-nao-tivesse-vindo\/#breadcrumb","itemListElement":[{"@type":"ListItem","position":1,"name":"In\u00edcio","item":"https:\/\/portaltela.pt\/"},{"@type":"ListItem","position":2,"name":"Raphinha diz que sairia do Bar\u00e7a se Flick n\u00e3o tivesse vindo"}]},{"@type":"WebSite","@id":"https:\/\/portaltela.pt\/#website","url":"https:\/\/portaltela.pt\/","name":"Portal Tela Portugal","description":"","potentialAction":[{"@type":"SearchAction","target":{"@type":"EntryPoint","urlTemplate":"https:\/\/portaltela.pt\/?s={search_term_string}"},"query-input":{"@type":"PropertyValueSpecification","valueRequired":true,"valueName":"search_term_string"}}],"inLanguage":"pt-PT"},{"@type":"Person","@id":"https:\/\/portaltela.pt\/#\/schema\/person\/c4278d4a6028830caff9ee44b42d32ed","name":"Telinha","image":{"@type":"ImageObject","inLanguage":"pt-PT","@id":"https:\/\/portaltela.pt\/s.01k8rhncp4jt1\/2025\/11\/talking-bot-125x125.png","url":"https:\/\/portaltela.pt\/s.01k8rhncp4jt1\/2025\/11\/talking-bot-125x125.png","contentUrl":"https:\/\/portaltela.pt\/s.01k8rhncp4jt1\/2025\/11\/talking-bot-125x125.png","caption":"Telinha"},"sameAs":["https:\/\/portaltela.pt\/"],"url":"https:\/\/portaltela.pt\/por\/367410592786\/"}]}},"_links":{"self":[{"href":"https:\/\/portaltela.pt\/api\/wp\/v2\/posts\/134235","targetHints":{"allow":["GET"]}}],"collection":[{"href":"https:\/\/portaltela.pt\/api\/wp\/v2\/posts"}],"about":[{"href":"https:\/\/portaltela.pt\/api\/wp\/v2\/types\/post"}],"author":[{"embeddable":true,"href":"https:\/\/portaltela.pt\/api\/wp\/v2\/users\/2"}],"replies":[{"embeddable":true,"href":"https:\/\/portaltela.pt\/api\/wp\/v2\/comments?post=134235"}],"version-history":[{"count":0,"href":"https:\/\/portaltela.pt\/api\/wp\/v2\/posts\/134235\/revisions"}],"wp:featuredmedia":[{"embeddable":true,"href":"https:\/\/portaltela.pt\/api\/wp\/v2\/media\/134236"}],"wp:attachment":[{"href":"https:\/\/portaltela.pt\/api\/wp\/v2\/media?parent=134235"}],"wp:term":[{"taxonomy":"category","embeddable":true,"href":"https:\/\/portaltela.pt\/api\/wp\/v2\/categories?post=134235"},{"taxonomy":"post_tag","embeddable":true,"href":"https:\/\/portaltela.pt\/api\/wp\/v2\/tags?post=134235"}],"curies":[{"name":"wp","href":"https:\/\/api.w.org\/{rel}","templated":true}]}}