{"id":134181,"date":"2026-01-11T16:00:00","date_gmt":"2026-01-11T19:00:00","guid":{"rendered":"https:\/\/portaltela.pt\/noticias\/2026\/01\/11\/dalot-comenta-mudanca-de-treinador-no-manchester-united-3\/"},"modified":"2026-01-11T16:00:00","modified_gmt":"2026-01-11T19:00:00","slug":"dalot-comenta-mudanca-de-treinador-no-manchester-united-3","status":"publish","type":"post","link":"https:\/\/portaltela.pt\/desporto\/futebol\/2026\/01\/11\/dalot-comenta-mudanca-de-treinador-no-manchester-united-3\/","title":{"rendered":"Dalot comenta mudan\u00e7a de treinador no Manchester United"},"content":{"rendered":"<p>O Manchester United foi eliminado em casa pelo Brighton, por 1-2, na 3.\u00aa eliminat\u00f3ria da Ta\u00e7a de Inglaterra, disputada este domingo. A derrota encerrou o sonho de chegar \u00e0s fases seguintes no torneio em territ\u00f3rio brit\u00e2nico.<\/p>\n<p>Diogo Dalot, defesa lateral portugu\u00eas, indicou que o per\u00edodo de adapta\u00e7\u00e3o ap\u00f3s a sa\u00edda de Ruben Amorim e a entrada do interino Darren Fletcher tem sido particularmente exigente para toda a equipa. O jogador salientou que os red devils criaram v\u00e1rias oportunidades para vencer o encontro, mas um cart\u00e3o vermelho complicou a recupera\u00e7\u00e3o; ainda assim, a equipa mostrou ambi\u00e7\u00e3o nos momentos finais.<\/p>\n<h3>Mudan\u00e7a no comando t\u00e9cnico e impacto<\/h3>\n<p>A dire\u00e7\u00e3o do clube confirmou a substitui\u00e7\u00e3o de Amorim por Fletcher, t\u00e9cnico interino, durante a \u00e9poca, e o jogador frisou que o momento exige encontrar rapidamente solu\u00e7\u00f5es para os problemas t\u00e1ticos. O plantel mant\u00e9m-se empenhado em reagir e seguir em frente no campeonato e em outras competi\u00e7\u00f5es.<\/p>\n","protected":false},"excerpt":{"rendered":"<ul>\n<li>O Manchester United foi eliminado em casa pela Brighton na terceira ronda da Ta\u00e7a de Inglaterra, perdendo 1-2.<\/li>\n<li>Diogo Dalot afirmou que o per\u00edodo de adapta\u00e7\u00e3o ap\u00f3s a sa\u00edda de Ruben Amorim e a chegada do interino Darren Fletcher tem sido \u201crealmente dif\u00edcil\u201d.<\/li>\n<li>O lateral portugu\u00eas disse que os Red Devils criaram oportunidades suficientes para vencer o jogo, mas o cart\u00e3o vermelho acabou por condicion\u00e1-los.<\/li>\n<li>A equipa dominava os momentos finais, mas a expuls\u00e3o desequilibrou a partida.<\/li>\n<li>Dalot sublinhou a necessidade de encontrar rapidamente solu\u00e7\u00f5es e seguir em frente, mantendo o foco na pr\u00f3xima fase.<\/li>\n<\/ul>\n","protected":false},"author":2,"featured_media":134200,"comment_status":"closed","ping_status":"closed","sticky":false,"template":"","format":"standard","meta":{"footnotes":""},"categories":[21,24],"tags":[1285,2513,152,2536,32,1643],"class_list":["post-134181","post","type-post","status-publish","format-standard","has-post-thumbnail","hentry","category-desporto","category-futebol","tag-competicao","tag-darren-fletcher","tag-desporto","tag-diogo-dalot","tag-futebol","tag-ruben-amorim"],"yoast_head":"<!-- This site is optimized with the Yoast SEO plugin v27.2 - https:\/\/yoast.com\/product\/yoast-seo-wordpress\/ -->\n<title>Dalot comenta mudan\u00e7a de treinador no Manchester United - Portal Tela Portugal<\/title>\n<meta name=\"robots\" content=\"index, follow, max-snippet:-1, max-image-preview:large, max-video-preview:-1\" \/>\n<meta property=\"og:locale\" content=\"pt_PT\" \/>\n<meta property=\"og:type\" content=\"article\" \/>\n<meta property=\"og:title\" content=\"Dalot comenta mudan\u00e7a de treinador no Manchester United - Portal Tela Portugal\" \/>\n<meta property=\"og:description\" content=\"O Manchester United foi eliminado em casa pela Brighton na terceira ronda da Ta\u00e7a de Inglaterra, perdendo 1-2. Diogo Dalot afirmou que o per\u00edodo de adapta\u00e7\u00e3o ap\u00f3s a sa\u00edda de Ruben Amorim e a chegada do interino Darren Fletcher tem sido \u201crealmente dif\u00edcil\u201d. O lateral portugu\u00eas disse que os Red Devils criaram oportunidades suficientes para vencer o jogo, mas o cart\u00e3o vermelho acabou por condicion\u00e1-los. A equipa dominava os momentos finais, mas a expuls\u00e3o desequilibrou a partida. Dalot sublinhou a necessidade de encontrar rapidamente solu\u00e7\u00f5es e seguir em frente, mantendo o foco na pr\u00f3xima fase.\" \/>\n<meta property=\"og:url\" content=\"https:\/\/portaltela.pt\/noticias\/2026\/01\/11\/dalot-comenta-mudanca-de-treinador-no-manchester-united-3\/\" \/>\n<meta property=\"og:site_name\" content=\"Portal Tela Portugal\" \/>\n<meta property=\"article:published_time\" content=\"2026-01-11T19:00:00+00:00\" \/>\n<meta name=\"author\" content=\"Telinha\" \/>\n<meta name=\"twitter:card\" content=\"summary_large_image\" \/>\n<meta name=\"twitter:label1\" content=\"Escrito por\" \/>\n\t<meta name=\"twitter:data1\" content=\"Telinha\" \/>\n\t<meta name=\"twitter:label2\" content=\"Tempo estimado de leitura\" \/>\n\t<meta name=\"twitter:data2\" content=\"1 minuto\" \/>\n<script type=\"application\/ld+json\" class=\"yoast-schema-graph\">{\"@context\":\"https:\/\/schema.org\",\"@graph\":[{\"@type\":\"Article\",\"@id\":\"https:\/\/portaltela.pt\/noticias\/2026\/01\/11\/dalot-comenta-mudanca-de-treinador-no-manchester-united-3\/#article\",\"isPartOf\":{\"@id\":\"https:\/\/portaltela.pt\/noticias\/2026\/01\/11\/dalot-comenta-mudanca-de-treinador-no-manchester-united-3\/\"},\"author\":{\"name\":\"Telinha\",\"@id\":\"https:\/\/portaltela.pt\/#\/schema\/person\/c4278d4a6028830caff9ee44b42d32ed\"},\"headline\":\"Dalot comenta mudan\u00e7a de treinador no Manchester United\",\"datePublished\":\"2026-01-11T19:00:00+00:00\",\"mainEntityOfPage\":{\"@id\":\"https:\/\/portaltela.pt\/noticias\/2026\/01\/11\/dalot-comenta-mudanca-de-treinador-no-manchester-united-3\/\"},\"wordCount\":181,\"image\":{\"@id\":\"https:\/\/portaltela.pt\/noticias\/2026\/01\/11\/dalot-comenta-mudanca-de-treinador-no-manchester-united-3\/#primaryimage\"},\"thumbnailUrl\":\"https:\/\/portaltela.pt\/s.01k8rhncp4jt1\/2026\/01\/img_920x518uu2026-01-11-18-58-49-2414174-im-639037547464008958-3.jpg\",\"keywords\":[\"competi\u00e7\u00e3o\",\"Darren Fletcher\",\"desporto\",\"Diogo Dalot\",\"futebol\",\"Ruben Amorim\"],\"articleSection\":[\"Desporto\",\"Futebol\"],\"inLanguage\":\"pt-PT\"},{\"@type\":\"WebPage\",\"@id\":\"https:\/\/portaltela.pt\/noticias\/2026\/01\/11\/dalot-comenta-mudanca-de-treinador-no-manchester-united-3\/\",\"url\":\"https:\/\/portaltela.pt\/noticias\/2026\/01\/11\/dalot-comenta-mudanca-de-treinador-no-manchester-united-3\/\",\"name\":\"Dalot comenta mudan\u00e7a de treinador no Manchester United - Portal Tela Portugal\",\"isPartOf\":{\"@id\":\"https:\/\/portaltela.pt\/#website\"},\"primaryImageOfPage\":{\"@id\":\"https:\/\/portaltela.pt\/noticias\/2026\/01\/11\/dalot-comenta-mudanca-de-treinador-no-manchester-united-3\/#primaryimage\"},\"image\":{\"@id\":\"https:\/\/portaltela.pt\/noticias\/2026\/01\/11\/dalot-comenta-mudanca-de-treinador-no-manchester-united-3\/#primaryimage\"},\"thumbnailUrl\":\"https:\/\/portaltela.pt\/s.01k8rhncp4jt1\/2026\/01\/img_920x518uu2026-01-11-18-58-49-2414174-im-639037547464008958-3.jpg\",\"datePublished\":\"2026-01-11T19:00:00+00:00\",\"author\":{\"@id\":\"https:\/\/portaltela.pt\/#\/schema\/person\/c4278d4a6028830caff9ee44b42d32ed\"},\"breadcrumb\":{\"@id\":\"https:\/\/portaltela.pt\/noticias\/2026\/01\/11\/dalot-comenta-mudanca-de-treinador-no-manchester-united-3\/#breadcrumb\"},\"inLanguage\":\"pt-PT\",\"potentialAction\":[{\"@type\":\"ReadAction\",\"target\":[\"https:\/\/portaltela.pt\/noticias\/2026\/01\/11\/dalot-comenta-mudanca-de-treinador-no-manchester-united-3\/\"]}]},{\"@type\":\"ImageObject\",\"inLanguage\":\"pt-PT\",\"@id\":\"https:\/\/portaltela.pt\/noticias\/2026\/01\/11\/dalot-comenta-mudanca-de-treinador-no-manchester-united-3\/#primaryimage\",\"url\":\"https:\/\/portaltela.pt\/s.01k8rhncp4jt1\/2026\/01\/img_920x518uu2026-01-11-18-58-49-2414174-im-639037547464008958-3.jpg\",\"contentUrl\":\"https:\/\/portaltela.pt\/s.01k8rhncp4jt1\/2026\/01\/img_920x518uu2026-01-11-18-58-49-2414174-im-639037547464008958-3.jpg\",\"width\":796,\"height\":448,\"caption\":\"Diogo Dalot ap\u00f3s elimina\u00e7\u00e3o do Manchester United aos p\u00e9s do Brighton na Ta\u00e7a de Inglaterra\"},{\"@type\":\"BreadcrumbList\",\"@id\":\"https:\/\/portaltela.pt\/noticias\/2026\/01\/11\/dalot-comenta-mudanca-de-treinador-no-manchester-united-3\/#breadcrumb\",\"itemListElement\":[{\"@type\":\"ListItem\",\"position\":1,\"name\":\"In\u00edcio\",\"item\":\"https:\/\/portaltela.pt\/\"},{\"@type\":\"ListItem\",\"position\":2,\"name\":\"Dalot comenta mudan\u00e7a de treinador no Manchester United\"}]},{\"@type\":\"WebSite\",\"@id\":\"https:\/\/portaltela.pt\/#website\",\"url\":\"https:\/\/portaltela.pt\/\",\"name\":\"Portal Tela Portugal\",\"description\":\"\",\"potentialAction\":[{\"@type\":\"SearchAction\",\"target\":{\"@type\":\"EntryPoint\",\"urlTemplate\":\"https:\/\/portaltela.pt\/?s={search_term_string}\"},\"query-input\":{\"@type\":\"PropertyValueSpecification\",\"valueRequired\":true,\"valueName\":\"search_term_string\"}}],\"inLanguage\":\"pt-PT\"},{\"@type\":\"Person\",\"@id\":\"https:\/\/portaltela.pt\/#\/schema\/person\/c4278d4a6028830caff9ee44b42d32ed\",\"name\":\"Telinha\",\"image\":{\"@type\":\"ImageObject\",\"inLanguage\":\"pt-PT\",\"@id\":\"https:\/\/portaltela.pt\/s.01k8rhncp4jt1\/2025\/11\/talking-bot-125x125.png\",\"url\":\"https:\/\/portaltela.pt\/s.01k8rhncp4jt1\/2025\/11\/talking-bot-125x125.png\",\"contentUrl\":\"https:\/\/portaltela.pt\/s.01k8rhncp4jt1\/2025\/11\/talking-bot-125x125.png\",\"caption\":\"Telinha\"},\"sameAs\":[\"https:\/\/portaltela.pt\/\"],\"url\":\"https:\/\/portaltela.pt\/por\/367410592786\/\"}]}<\/script>\n<!-- \/ Yoast SEO plugin. -->","yoast_head_json":{"title":"Dalot comenta mudan\u00e7a de treinador no Manchester United - Portal Tela Portugal","robots":{"index":"index","follow":"follow","max-snippet":"max-snippet:-1","max-image-preview":"max-image-preview:large","max-video-preview":"max-video-preview:-1"},"og_locale":"pt_PT","og_type":"article","og_title":"Dalot comenta mudan\u00e7a de treinador no Manchester United - Portal Tela Portugal","og_description":"O Manchester United foi eliminado em casa pela Brighton na terceira ronda da Ta\u00e7a de Inglaterra, perdendo 1-2. Diogo Dalot afirmou que o per\u00edodo de adapta\u00e7\u00e3o ap\u00f3s a sa\u00edda de Ruben Amorim e a chegada do interino Darren Fletcher tem sido \u201crealmente dif\u00edcil\u201d. O lateral portugu\u00eas disse que os Red Devils criaram oportunidades suficientes para vencer o jogo, mas o cart\u00e3o vermelho acabou por condicion\u00e1-los. A equipa dominava os momentos finais, mas a expuls\u00e3o desequilibrou a partida. Dalot sublinhou a necessidade de encontrar rapidamente solu\u00e7\u00f5es e seguir em frente, mantendo o foco na pr\u00f3xima fase.","og_url":"https:\/\/portaltela.pt\/noticias\/2026\/01\/11\/dalot-comenta-mudanca-de-treinador-no-manchester-united-3\/","og_site_name":"Portal Tela Portugal","article_published_time":"2026-01-11T19:00:00+00:00","author":"Telinha","twitter_card":"summary_large_image","twitter_misc":{"Escrito por":"Telinha","Tempo estimado de leitura":"1 minuto"},"schema":{"@context":"https:\/\/schema.org","@graph":[{"@type":"Article","@id":"https:\/\/portaltela.pt\/noticias\/2026\/01\/11\/dalot-comenta-mudanca-de-treinador-no-manchester-united-3\/#article","isPartOf":{"@id":"https:\/\/portaltela.pt\/noticias\/2026\/01\/11\/dalot-comenta-mudanca-de-treinador-no-manchester-united-3\/"},"author":{"name":"Telinha","@id":"https:\/\/portaltela.pt\/#\/schema\/person\/c4278d4a6028830caff9ee44b42d32ed"},"headline":"Dalot comenta mudan\u00e7a de treinador no Manchester United","datePublished":"2026-01-11T19:00:00+00:00","mainEntityOfPage":{"@id":"https:\/\/portaltela.pt\/noticias\/2026\/01\/11\/dalot-comenta-mudanca-de-treinador-no-manchester-united-3\/"},"wordCount":181,"image":{"@id":"https:\/\/portaltela.pt\/noticias\/2026\/01\/11\/dalot-comenta-mudanca-de-treinador-no-manchester-united-3\/#primaryimage"},"thumbnailUrl":"https:\/\/portaltela.pt\/s.01k8rhncp4jt1\/2026\/01\/img_920x518uu2026-01-11-18-58-49-2414174-im-639037547464008958-3.jpg","keywords":["competi\u00e7\u00e3o","Darren Fletcher","desporto","Diogo Dalot","futebol","Ruben Amorim"],"articleSection":["Desporto","Futebol"],"inLanguage":"pt-PT"},{"@type":"WebPage","@id":"https:\/\/portaltela.pt\/noticias\/2026\/01\/11\/dalot-comenta-mudanca-de-treinador-no-manchester-united-3\/","url":"https:\/\/portaltela.pt\/noticias\/2026\/01\/11\/dalot-comenta-mudanca-de-treinador-no-manchester-united-3\/","name":"Dalot comenta mudan\u00e7a de treinador no Manchester United - Portal Tela Portugal","isPartOf":{"@id":"https:\/\/portaltela.pt\/#website"},"primaryImageOfPage":{"@id":"https:\/\/portaltela.pt\/noticias\/2026\/01\/11\/dalot-comenta-mudanca-de-treinador-no-manchester-united-3\/#primaryimage"},"image":{"@id":"https:\/\/portaltela.pt\/noticias\/2026\/01\/11\/dalot-comenta-mudanca-de-treinador-no-manchester-united-3\/#primaryimage"},"thumbnailUrl":"https:\/\/portaltela.pt\/s.01k8rhncp4jt1\/2026\/01\/img_920x518uu2026-01-11-18-58-49-2414174-im-639037547464008958-3.jpg","datePublished":"2026-01-11T19:00:00+00:00","author":{"@id":"https:\/\/portaltela.pt\/#\/schema\/person\/c4278d4a6028830caff9ee44b42d32ed"},"breadcrumb":{"@id":"https:\/\/portaltela.pt\/noticias\/2026\/01\/11\/dalot-comenta-mudanca-de-treinador-no-manchester-united-3\/#breadcrumb"},"inLanguage":"pt-PT","potentialAction":[{"@type":"ReadAction","target":["https:\/\/portaltela.pt\/noticias\/2026\/01\/11\/dalot-comenta-mudanca-de-treinador-no-manchester-united-3\/"]}]},{"@type":"ImageObject","inLanguage":"pt-PT","@id":"https:\/\/portaltela.pt\/noticias\/2026\/01\/11\/dalot-comenta-mudanca-de-treinador-no-manchester-united-3\/#primaryimage","url":"https:\/\/portaltela.pt\/s.01k8rhncp4jt1\/2026\/01\/img_920x518uu2026-01-11-18-58-49-2414174-im-639037547464008958-3.jpg","contentUrl":"https:\/\/portaltela.pt\/s.01k8rhncp4jt1\/2026\/01\/img_920x518uu2026-01-11-18-58-49-2414174-im-639037547464008958-3.jpg","width":796,"height":448,"caption":"Diogo Dalot ap\u00f3s elimina\u00e7\u00e3o do Manchester United aos p\u00e9s do Brighton na Ta\u00e7a de Inglaterra"},{"@type":"BreadcrumbList","@id":"https:\/\/portaltela.pt\/noticias\/2026\/01\/11\/dalot-comenta-mudanca-de-treinador-no-manchester-united-3\/#breadcrumb","itemListElement":[{"@type":"ListItem","position":1,"name":"In\u00edcio","item":"https:\/\/portaltela.pt\/"},{"@type":"ListItem","position":2,"name":"Dalot comenta mudan\u00e7a de treinador no Manchester United"}]},{"@type":"WebSite","@id":"https:\/\/portaltela.pt\/#website","url":"https:\/\/portaltela.pt\/","name":"Portal Tela Portugal","description":"","potentialAction":[{"@type":"SearchAction","target":{"@type":"EntryPoint","urlTemplate":"https:\/\/portaltela.pt\/?s={search_term_string}"},"query-input":{"@type":"PropertyValueSpecification","valueRequired":true,"valueName":"search_term_string"}}],"inLanguage":"pt-PT"},{"@type":"Person","@id":"https:\/\/portaltela.pt\/#\/schema\/person\/c4278d4a6028830caff9ee44b42d32ed","name":"Telinha","image":{"@type":"ImageObject","inLanguage":"pt-PT","@id":"https:\/\/portaltela.pt\/s.01k8rhncp4jt1\/2025\/11\/talking-bot-125x125.png","url":"https:\/\/portaltela.pt\/s.01k8rhncp4jt1\/2025\/11\/talking-bot-125x125.png","contentUrl":"https:\/\/portaltela.pt\/s.01k8rhncp4jt1\/2025\/11\/talking-bot-125x125.png","caption":"Telinha"},"sameAs":["https:\/\/portaltela.pt\/"],"url":"https:\/\/portaltela.pt\/por\/367410592786\/"}]}},"_links":{"self":[{"href":"https:\/\/portaltela.pt\/api\/wp\/v2\/posts\/134181","targetHints":{"allow":["GET"]}}],"collection":[{"href":"https:\/\/portaltela.pt\/api\/wp\/v2\/posts"}],"about":[{"href":"https:\/\/portaltela.pt\/api\/wp\/v2\/types\/post"}],"author":[{"embeddable":true,"href":"https:\/\/portaltela.pt\/api\/wp\/v2\/users\/2"}],"replies":[{"embeddable":true,"href":"https:\/\/portaltela.pt\/api\/wp\/v2\/comments?post=134181"}],"version-history":[{"count":0,"href":"https:\/\/portaltela.pt\/api\/wp\/v2\/posts\/134181\/revisions"}],"wp:featuredmedia":[{"embeddable":true,"href":"https:\/\/portaltela.pt\/api\/wp\/v2\/media\/134200"}],"wp:attachment":[{"href":"https:\/\/portaltela.pt\/api\/wp\/v2\/media?parent=134181"}],"wp:term":[{"taxonomy":"category","embeddable":true,"href":"https:\/\/portaltela.pt\/api\/wp\/v2\/categories?post=134181"},{"taxonomy":"post_tag","embeddable":true,"href":"https:\/\/portaltela.pt\/api\/wp\/v2\/tags?post=134181"}],"curies":[{"name":"wp","href":"https:\/\/api.w.org\/{rel}","templated":true}]}}