{"id":134097,"date":"2026-01-11T19:00:00","date_gmt":"2026-01-11T22:00:00","guid":{"rendered":"https:\/\/portaltela.pt\/noticias\/2026\/01\/11\/pagamentos-de-compensacao-iniciados-a-agricultores-afetados-pelos-incendios-de-2025\/"},"modified":"2026-01-11T19:00:00","modified_gmt":"2026-01-11T22:00:00","slug":"pagamentos-de-compensacao-iniciados-a-agricultores-afetados-pelos-incendios-de-2025","status":"publish","type":"post","link":"https:\/\/portaltela.pt\/noticias\/2026\/01\/11\/pagamentos-de-compensacao-iniciados-a-agricultores-afetados-pelos-incendios-de-2025\/","title":{"rendered":"Pagamentos de compensa\u00e7\u00e3o iniciados a agricultores afetados pelos inc\u00eandios de 2025"},"content":{"rendered":"<p>A Comiss\u00e3o de Coordena\u00e7\u00e3o e Desenvolvimento Regional (CCDR) do Alentejo confirmou o in\u00edcio do pagamento das compensa\u00e7\u00f5es financeiras aos agricultores afetados pelos inc\u00eandios que grassaram na regi\u00e3o em julho e agosto de 2025. O objetivo \u00e9 proteger a atividade agr\u00edcola e o rendimento dos produtores, fortalecendo a coes\u00e3o territorial.<\/p>\n<p>Na primeira fase, 88 agricultores j\u00e1 receberam 541.674,08 euros. O pagamento enquadra-se no Decreto-Lei n.\u00ba 98-A\/2025 e pretende abranger no total 111 agricultores da regi\u00e3o. O montante destina-se a mitigar perdas causadas pelos inc\u00eandios.<\/p>\n<p>As \u00e1reas abrangidas incluem concelhos dos distritos de Portalegre, Beja e Set\u00fabal: Portalegre, Castelo de Vide, Avis e Nisa; Cuba, Ferreira do Alentejo e Vidigueira; Gr\u00e2ndola e Santiago do Cac\u00e9m. A zona afetada concentra-se principalmente em \u00e1reas agr\u00edcolas de relevo regional.<\/p>\n<h3>Alcance dos pagamentos<\/h3>\n<p>Roberto Grilo, vice-presidente da Agricultura da CCDR do Alentejo, reiterou que os pagamentos evidenciam uma atua\u00e7\u00e3o r\u00e1pida, rigorosa e justa do Estado. A interven\u00e7\u00e3o visa manter a viabilidade da explora\u00e7\u00e3o agr\u00edcola na regi\u00e3o.<\/p>\n<h3>Colabora\u00e7\u00e3o entre entidades<\/h3>\n<p>A CCDR destacou a colabora\u00e7\u00e3o essencial dos munic\u00edpios na identifica\u00e7\u00e3o dos preju\u00edzos e na operacionaliza\u00e7\u00e3o do processo. A articula\u00e7\u00e3o entre administra\u00e7\u00e3o central, regional e local foi apresentada como fundamental para o andamento do apoio.<\/p>\n","protected":false},"excerpt":{"rendered":"<ul>\n<li>A CCDR do Alentejo iniciou os pagamentos das compensa\u00e7\u00f5es a agricultores afetados pelos inc\u00eandios de julho e agosto de 2025, enquadrados no Decreto-Lei n.\u00ba 98-A\/2025.<\/li>\n<li>Na primeira fase, 88 agricultores j\u00e1 receberam um total de 541.674,08 euros, com o objetivo de abranger 111 produtores no total.<\/li>\n<li>As \u00e1reas afetadas abrangem concelhos dos distritos de Portalegre, Beja e Set\u00fabal: Portalegre, Castelo de Vide, Avis e Nisa; Cuba, Ferreira do Alentejo e Vidigueira; Gr\u00e2ndola e Santiago do Cac\u00e9m.<\/li>\n<li>Segundo o vice-presidente da Agricultura da CCDR, Roberto Grilo, os pagamentos refletem uma atua\u00e7\u00e3o r\u00e1pida, rigorosa e justa do Estado, e sublinham a import\u00e2ncia da atividade agr\u00edcola para a regi\u00e3o.<\/li>\n<li>A CCDR destacou a colabora\u00e7\u00e3o dos munic\u00edpios na identifica\u00e7\u00e3o dos preju\u00edzos e na operacionaliza\u00e7\u00e3o do processo, evidenciando a articula\u00e7\u00e3o entre administra\u00e7\u00e3o central, regional e local.<\/li>\n<\/ul>\n","protected":false},"author":2,"featured_media":134099,"comment_status":"closed","ping_status":"closed","sticky":false,"template":"","format":"standard","meta":{"footnotes":""},"categories":[1],"tags":[883,2897,2896,2465,1075,2898],"class_list":["post-134097","post","type-post","status-publish","format-standard","has-post-thumbnail","hentry","category-noticias","tag-alentejo","tag-avis","tag-castelo-de-vide","tag-grandola","tag-portalegre","tag-santiago-do-cacem"],"yoast_head":"<!-- This site is optimized with the Yoast SEO plugin v27.2 - https:\/\/yoast.com\/product\/yoast-seo-wordpress\/ -->\n<title>Pagamentos de compensa\u00e7\u00e3o iniciados a agricultores afetados pelos inc\u00eandios de 2025 - Portal Tela Portugal<\/title>\n<meta name=\"robots\" content=\"index, follow, max-snippet:-1, max-image-preview:large, max-video-preview:-1\" \/>\n<meta property=\"og:locale\" content=\"pt_PT\" \/>\n<meta property=\"og:type\" content=\"article\" \/>\n<meta property=\"og:title\" content=\"Pagamentos de compensa\u00e7\u00e3o iniciados a agricultores afetados pelos inc\u00eandios de 2025 - Portal Tela Portugal\" \/>\n<meta property=\"og:description\" content=\"A CCDR do Alentejo iniciou os pagamentos das compensa\u00e7\u00f5es a agricultores afetados pelos inc\u00eandios de julho e agosto de 2025, enquadrados no Decreto-Lei n.\u00ba 98-A\/2025. Na primeira fase, 88 agricultores j\u00e1 receberam um total de 541.674,08 euros, com o objetivo de abranger 111 produtores no total. As \u00e1reas afetadas abrangem concelhos dos distritos de Portalegre, Beja e Set\u00fabal: Portalegre, Castelo de Vide, Avis e Nisa; Cuba, Ferreira do Alentejo e Vidigueira; Gr\u00e2ndola e Santiago do Cac\u00e9m. Segundo o vice-presidente da Agricultura da CCDR, Roberto Grilo, os pagamentos refletem uma atua\u00e7\u00e3o r\u00e1pida, rigorosa e justa do Estado, e sublinham a import\u00e2ncia da atividade agr\u00edcola para a regi\u00e3o. A CCDR destacou a colabora\u00e7\u00e3o dos munic\u00edpios na identifica\u00e7\u00e3o dos preju\u00edzos e na operacionaliza\u00e7\u00e3o do processo, evidenciando a articula\u00e7\u00e3o entre administra\u00e7\u00e3o central, regional e local.\" \/>\n<meta property=\"og:url\" content=\"https:\/\/portaltela.pt\/noticias\/2026\/01\/11\/pagamentos-de-compensacao-iniciados-a-agricultores-afetados-pelos-incendios-de-2025\/\" \/>\n<meta property=\"og:site_name\" content=\"Portal Tela Portugal\" \/>\n<meta property=\"article:published_time\" content=\"2026-01-11T22:00:00+00:00\" \/>\n<meta name=\"author\" content=\"Telinha\" \/>\n<meta name=\"twitter:card\" content=\"summary_large_image\" \/>\n<meta name=\"twitter:label1\" content=\"Escrito por\" \/>\n\t<meta name=\"twitter:data1\" content=\"Telinha\" \/>\n\t<meta name=\"twitter:label2\" content=\"Tempo estimado de leitura\" \/>\n\t<meta name=\"twitter:data2\" content=\"1 minuto\" \/>\n<script type=\"application\/ld+json\" class=\"yoast-schema-graph\">{\"@context\":\"https:\/\/schema.org\",\"@graph\":[{\"@type\":\"Article\",\"@id\":\"https:\/\/portaltela.pt\/noticias\/2026\/01\/11\/pagamentos-de-compensacao-iniciados-a-agricultores-afetados-pelos-incendios-de-2025\/#article\",\"isPartOf\":{\"@id\":\"https:\/\/portaltela.pt\/noticias\/2026\/01\/11\/pagamentos-de-compensacao-iniciados-a-agricultores-afetados-pelos-incendios-de-2025\/\"},\"author\":{\"name\":\"Telinha\",\"@id\":\"https:\/\/portaltela.pt\/#\/schema\/person\/c4278d4a6028830caff9ee44b42d32ed\"},\"headline\":\"Pagamentos de compensa\u00e7\u00e3o iniciados a agricultores afetados pelos inc\u00eandios de 2025\",\"datePublished\":\"2026-01-11T22:00:00+00:00\",\"mainEntityOfPage\":{\"@id\":\"https:\/\/portaltela.pt\/noticias\/2026\/01\/11\/pagamentos-de-compensacao-iniciados-a-agricultores-afetados-pelos-incendios-de-2025\/\"},\"wordCount\":232,\"image\":{\"@id\":\"https:\/\/portaltela.pt\/noticias\/2026\/01\/11\/pagamentos-de-compensacao-iniciados-a-agricultores-afetados-pelos-incendios-de-2025\/#primaryimage\"},\"thumbnailUrl\":\"https:\/\/portaltela.pt\/s.01k8rhncp4jt1\/2026\/01\/unnamed-file-2314.jpg\",\"keywords\":[\"Alentejo\",\"Avis\",\"Castelo de Vide\",\"Gr\u00e2ndola\",\"Portalegre\",\"Santiago do Cac\u00e9m\"],\"articleSection\":[\"Not\u00edcias\"],\"inLanguage\":\"pt-PT\"},{\"@type\":\"WebPage\",\"@id\":\"https:\/\/portaltela.pt\/noticias\/2026\/01\/11\/pagamentos-de-compensacao-iniciados-a-agricultores-afetados-pelos-incendios-de-2025\/\",\"url\":\"https:\/\/portaltela.pt\/noticias\/2026\/01\/11\/pagamentos-de-compensacao-iniciados-a-agricultores-afetados-pelos-incendios-de-2025\/\",\"name\":\"Pagamentos de compensa\u00e7\u00e3o iniciados a agricultores afetados pelos inc\u00eandios de 2025 - Portal Tela Portugal\",\"isPartOf\":{\"@id\":\"https:\/\/portaltela.pt\/#website\"},\"primaryImageOfPage\":{\"@id\":\"https:\/\/portaltela.pt\/noticias\/2026\/01\/11\/pagamentos-de-compensacao-iniciados-a-agricultores-afetados-pelos-incendios-de-2025\/#primaryimage\"},\"image\":{\"@id\":\"https:\/\/portaltela.pt\/noticias\/2026\/01\/11\/pagamentos-de-compensacao-iniciados-a-agricultores-afetados-pelos-incendios-de-2025\/#primaryimage\"},\"thumbnailUrl\":\"https:\/\/portaltela.pt\/s.01k8rhncp4jt1\/2026\/01\/unnamed-file-2314.jpg\",\"datePublished\":\"2026-01-11T22:00:00+00:00\",\"author\":{\"@id\":\"https:\/\/portaltela.pt\/#\/schema\/person\/c4278d4a6028830caff9ee44b42d32ed\"},\"breadcrumb\":{\"@id\":\"https:\/\/portaltela.pt\/noticias\/2026\/01\/11\/pagamentos-de-compensacao-iniciados-a-agricultores-afetados-pelos-incendios-de-2025\/#breadcrumb\"},\"inLanguage\":\"pt-PT\",\"potentialAction\":[{\"@type\":\"ReadAction\",\"target\":[\"https:\/\/portaltela.pt\/noticias\/2026\/01\/11\/pagamentos-de-compensacao-iniciados-a-agricultores-afetados-pelos-incendios-de-2025\/\"]}]},{\"@type\":\"ImageObject\",\"inLanguage\":\"pt-PT\",\"@id\":\"https:\/\/portaltela.pt\/noticias\/2026\/01\/11\/pagamentos-de-compensacao-iniciados-a-agricultores-afetados-pelos-incendios-de-2025\/#primaryimage\",\"url\":\"https:\/\/portaltela.pt\/s.01k8rhncp4jt1\/2026\/01\/unnamed-file-2314.jpg\",\"contentUrl\":\"https:\/\/portaltela.pt\/s.01k8rhncp4jt1\/2026\/01\/unnamed-file-2314.jpg\",\"width\":796,\"height\":448,\"caption\":\"Alentejo: Iniciados pagamentos de compensa\u00e7\u00f5es a agricultores afetados pelos inc\u00eandios de 2025\"},{\"@type\":\"BreadcrumbList\",\"@id\":\"https:\/\/portaltela.pt\/noticias\/2026\/01\/11\/pagamentos-de-compensacao-iniciados-a-agricultores-afetados-pelos-incendios-de-2025\/#breadcrumb\",\"itemListElement\":[{\"@type\":\"ListItem\",\"position\":1,\"name\":\"In\u00edcio\",\"item\":\"https:\/\/portaltela.pt\/\"},{\"@type\":\"ListItem\",\"position\":2,\"name\":\"Pagamentos de compensa\u00e7\u00e3o iniciados a agricultores afetados pelos inc\u00eandios de 2025\"}]},{\"@type\":\"WebSite\",\"@id\":\"https:\/\/portaltela.pt\/#website\",\"url\":\"https:\/\/portaltela.pt\/\",\"name\":\"Portal Tela Portugal\",\"description\":\"\",\"potentialAction\":[{\"@type\":\"SearchAction\",\"target\":{\"@type\":\"EntryPoint\",\"urlTemplate\":\"https:\/\/portaltela.pt\/?s={search_term_string}\"},\"query-input\":{\"@type\":\"PropertyValueSpecification\",\"valueRequired\":true,\"valueName\":\"search_term_string\"}}],\"inLanguage\":\"pt-PT\"},{\"@type\":\"Person\",\"@id\":\"https:\/\/portaltela.pt\/#\/schema\/person\/c4278d4a6028830caff9ee44b42d32ed\",\"name\":\"Telinha\",\"image\":{\"@type\":\"ImageObject\",\"inLanguage\":\"pt-PT\",\"@id\":\"https:\/\/portaltela.pt\/s.01k8rhncp4jt1\/2025\/11\/talking-bot-125x125.png\",\"url\":\"https:\/\/portaltela.pt\/s.01k8rhncp4jt1\/2025\/11\/talking-bot-125x125.png\",\"contentUrl\":\"https:\/\/portaltela.pt\/s.01k8rhncp4jt1\/2025\/11\/talking-bot-125x125.png\",\"caption\":\"Telinha\"},\"sameAs\":[\"https:\/\/portaltela.pt\/\"],\"url\":\"https:\/\/portaltela.pt\/por\/367410592786\/\"}]}<\/script>\n<!-- \/ Yoast SEO plugin. -->","yoast_head_json":{"title":"Pagamentos de compensa\u00e7\u00e3o iniciados a agricultores afetados pelos inc\u00eandios de 2025 - Portal Tela Portugal","robots":{"index":"index","follow":"follow","max-snippet":"max-snippet:-1","max-image-preview":"max-image-preview:large","max-video-preview":"max-video-preview:-1"},"og_locale":"pt_PT","og_type":"article","og_title":"Pagamentos de compensa\u00e7\u00e3o iniciados a agricultores afetados pelos inc\u00eandios de 2025 - Portal Tela Portugal","og_description":"A CCDR do Alentejo iniciou os pagamentos das compensa\u00e7\u00f5es a agricultores afetados pelos inc\u00eandios de julho e agosto de 2025, enquadrados no Decreto-Lei n.\u00ba 98-A\/2025. Na primeira fase, 88 agricultores j\u00e1 receberam um total de 541.674,08 euros, com o objetivo de abranger 111 produtores no total. As \u00e1reas afetadas abrangem concelhos dos distritos de Portalegre, Beja e Set\u00fabal: Portalegre, Castelo de Vide, Avis e Nisa; Cuba, Ferreira do Alentejo e Vidigueira; Gr\u00e2ndola e Santiago do Cac\u00e9m. Segundo o vice-presidente da Agricultura da CCDR, Roberto Grilo, os pagamentos refletem uma atua\u00e7\u00e3o r\u00e1pida, rigorosa e justa do Estado, e sublinham a import\u00e2ncia da atividade agr\u00edcola para a regi\u00e3o. A CCDR destacou a colabora\u00e7\u00e3o dos munic\u00edpios na identifica\u00e7\u00e3o dos preju\u00edzos e na operacionaliza\u00e7\u00e3o do processo, evidenciando a articula\u00e7\u00e3o entre administra\u00e7\u00e3o central, regional e local.","og_url":"https:\/\/portaltela.pt\/noticias\/2026\/01\/11\/pagamentos-de-compensacao-iniciados-a-agricultores-afetados-pelos-incendios-de-2025\/","og_site_name":"Portal Tela Portugal","article_published_time":"2026-01-11T22:00:00+00:00","author":"Telinha","twitter_card":"summary_large_image","twitter_misc":{"Escrito por":"Telinha","Tempo estimado de leitura":"1 minuto"},"schema":{"@context":"https:\/\/schema.org","@graph":[{"@type":"Article","@id":"https:\/\/portaltela.pt\/noticias\/2026\/01\/11\/pagamentos-de-compensacao-iniciados-a-agricultores-afetados-pelos-incendios-de-2025\/#article","isPartOf":{"@id":"https:\/\/portaltela.pt\/noticias\/2026\/01\/11\/pagamentos-de-compensacao-iniciados-a-agricultores-afetados-pelos-incendios-de-2025\/"},"author":{"name":"Telinha","@id":"https:\/\/portaltela.pt\/#\/schema\/person\/c4278d4a6028830caff9ee44b42d32ed"},"headline":"Pagamentos de compensa\u00e7\u00e3o iniciados a agricultores afetados pelos inc\u00eandios de 2025","datePublished":"2026-01-11T22:00:00+00:00","mainEntityOfPage":{"@id":"https:\/\/portaltela.pt\/noticias\/2026\/01\/11\/pagamentos-de-compensacao-iniciados-a-agricultores-afetados-pelos-incendios-de-2025\/"},"wordCount":232,"image":{"@id":"https:\/\/portaltela.pt\/noticias\/2026\/01\/11\/pagamentos-de-compensacao-iniciados-a-agricultores-afetados-pelos-incendios-de-2025\/#primaryimage"},"thumbnailUrl":"https:\/\/portaltela.pt\/s.01k8rhncp4jt1\/2026\/01\/unnamed-file-2314.jpg","keywords":["Alentejo","Avis","Castelo de Vide","Gr\u00e2ndola","Portalegre","Santiago do Cac\u00e9m"],"articleSection":["Not\u00edcias"],"inLanguage":"pt-PT"},{"@type":"WebPage","@id":"https:\/\/portaltela.pt\/noticias\/2026\/01\/11\/pagamentos-de-compensacao-iniciados-a-agricultores-afetados-pelos-incendios-de-2025\/","url":"https:\/\/portaltela.pt\/noticias\/2026\/01\/11\/pagamentos-de-compensacao-iniciados-a-agricultores-afetados-pelos-incendios-de-2025\/","name":"Pagamentos de compensa\u00e7\u00e3o iniciados a agricultores afetados pelos inc\u00eandios de 2025 - Portal Tela Portugal","isPartOf":{"@id":"https:\/\/portaltela.pt\/#website"},"primaryImageOfPage":{"@id":"https:\/\/portaltela.pt\/noticias\/2026\/01\/11\/pagamentos-de-compensacao-iniciados-a-agricultores-afetados-pelos-incendios-de-2025\/#primaryimage"},"image":{"@id":"https:\/\/portaltela.pt\/noticias\/2026\/01\/11\/pagamentos-de-compensacao-iniciados-a-agricultores-afetados-pelos-incendios-de-2025\/#primaryimage"},"thumbnailUrl":"https:\/\/portaltela.pt\/s.01k8rhncp4jt1\/2026\/01\/unnamed-file-2314.jpg","datePublished":"2026-01-11T22:00:00+00:00","author":{"@id":"https:\/\/portaltela.pt\/#\/schema\/person\/c4278d4a6028830caff9ee44b42d32ed"},"breadcrumb":{"@id":"https:\/\/portaltela.pt\/noticias\/2026\/01\/11\/pagamentos-de-compensacao-iniciados-a-agricultores-afetados-pelos-incendios-de-2025\/#breadcrumb"},"inLanguage":"pt-PT","potentialAction":[{"@type":"ReadAction","target":["https:\/\/portaltela.pt\/noticias\/2026\/01\/11\/pagamentos-de-compensacao-iniciados-a-agricultores-afetados-pelos-incendios-de-2025\/"]}]},{"@type":"ImageObject","inLanguage":"pt-PT","@id":"https:\/\/portaltela.pt\/noticias\/2026\/01\/11\/pagamentos-de-compensacao-iniciados-a-agricultores-afetados-pelos-incendios-de-2025\/#primaryimage","url":"https:\/\/portaltela.pt\/s.01k8rhncp4jt1\/2026\/01\/unnamed-file-2314.jpg","contentUrl":"https:\/\/portaltela.pt\/s.01k8rhncp4jt1\/2026\/01\/unnamed-file-2314.jpg","width":796,"height":448,"caption":"Alentejo: Iniciados pagamentos de compensa\u00e7\u00f5es a agricultores afetados pelos inc\u00eandios de 2025"},{"@type":"BreadcrumbList","@id":"https:\/\/portaltela.pt\/noticias\/2026\/01\/11\/pagamentos-de-compensacao-iniciados-a-agricultores-afetados-pelos-incendios-de-2025\/#breadcrumb","itemListElement":[{"@type":"ListItem","position":1,"name":"In\u00edcio","item":"https:\/\/portaltela.pt\/"},{"@type":"ListItem","position":2,"name":"Pagamentos de compensa\u00e7\u00e3o iniciados a agricultores afetados pelos inc\u00eandios de 2025"}]},{"@type":"WebSite","@id":"https:\/\/portaltela.pt\/#website","url":"https:\/\/portaltela.pt\/","name":"Portal Tela Portugal","description":"","potentialAction":[{"@type":"SearchAction","target":{"@type":"EntryPoint","urlTemplate":"https:\/\/portaltela.pt\/?s={search_term_string}"},"query-input":{"@type":"PropertyValueSpecification","valueRequired":true,"valueName":"search_term_string"}}],"inLanguage":"pt-PT"},{"@type":"Person","@id":"https:\/\/portaltela.pt\/#\/schema\/person\/c4278d4a6028830caff9ee44b42d32ed","name":"Telinha","image":{"@type":"ImageObject","inLanguage":"pt-PT","@id":"https:\/\/portaltela.pt\/s.01k8rhncp4jt1\/2025\/11\/talking-bot-125x125.png","url":"https:\/\/portaltela.pt\/s.01k8rhncp4jt1\/2025\/11\/talking-bot-125x125.png","contentUrl":"https:\/\/portaltela.pt\/s.01k8rhncp4jt1\/2025\/11\/talking-bot-125x125.png","caption":"Telinha"},"sameAs":["https:\/\/portaltela.pt\/"],"url":"https:\/\/portaltela.pt\/por\/367410592786\/"}]}},"_links":{"self":[{"href":"https:\/\/portaltela.pt\/api\/wp\/v2\/posts\/134097","targetHints":{"allow":["GET"]}}],"collection":[{"href":"https:\/\/portaltela.pt\/api\/wp\/v2\/posts"}],"about":[{"href":"https:\/\/portaltela.pt\/api\/wp\/v2\/types\/post"}],"author":[{"embeddable":true,"href":"https:\/\/portaltela.pt\/api\/wp\/v2\/users\/2"}],"replies":[{"embeddable":true,"href":"https:\/\/portaltela.pt\/api\/wp\/v2\/comments?post=134097"}],"version-history":[{"count":0,"href":"https:\/\/portaltela.pt\/api\/wp\/v2\/posts\/134097\/revisions"}],"wp:featuredmedia":[{"embeddable":true,"href":"https:\/\/portaltela.pt\/api\/wp\/v2\/media\/134099"}],"wp:attachment":[{"href":"https:\/\/portaltela.pt\/api\/wp\/v2\/media?parent=134097"}],"wp:term":[{"taxonomy":"category","embeddable":true,"href":"https:\/\/portaltela.pt\/api\/wp\/v2\/categories?post=134097"},{"taxonomy":"post_tag","embeddable":true,"href":"https:\/\/portaltela.pt\/api\/wp\/v2\/tags?post=134097"}],"curies":[{"name":"wp","href":"https:\/\/api.w.org\/{rel}","templated":true}]}}