{"id":134044,"date":"2026-01-11T18:50:44","date_gmt":"2026-01-11T21:50:44","guid":{"rendered":"https:\/\/portaltela.pt\/noticias\/2026\/01\/11\/atlanticoline-cancela-viagem-entre-horta-madalena-e-velas-na-manha-de-segunda\/"},"modified":"2026-01-11T18:50:44","modified_gmt":"2026-01-11T21:50:44","slug":"atlanticoline-cancela-viagem-entre-horta-madalena-e-velas-na-manha-de-segunda","status":"publish","type":"post","link":"https:\/\/portaltela.pt\/noticias\/2026\/01\/11\/atlanticoline-cancela-viagem-entre-horta-madalena-e-velas-na-manha-de-segunda\/","title":{"rendered":"Atl\u00e2nticoline cancela viagem entre Horta, Madalena e Velas na manh\u00e3 de segunda"},"content":{"rendered":"<p>A Atl\u00e2nticoline Cancelou, na manh\u00e3 de segunda-feira, a viagem da Linha Verde que ligava Horta, Madalena e Velas, no tri\u00e2ngulo dos A\u00e7ores. A decis\u00e3o deve-se a condi\u00e7\u00f5es meteorol\u00f3gicas adversas \u00e0 navega\u00e7\u00e3o, segundo a empresa.<\/p>\n<p>A opera\u00e7\u00e3o afetada envolve a liga\u00e7\u00e3o entre Faial, Pico e S\u00e3o Jorge, com a viagem prevista para a manh\u00e3 de hoje. A Atl\u00e2nticoline lamentou os transtornos que o cancelamento possa causar aos passageiros.<\/p>\n<p>Segundo a empresa, o cancelamento foi comunicada atrav\u00e9s do seu site oficial e n\u00e3o h\u00e1 indica\u00e7\u00e3o de novas datas para a viagem inicialmente prevista.<\/p>\n<h3>Avisos do IPMA para o arquip\u00e9lago<\/h3>\n<p>O IPMA colocou em vigor aviso amarelo para o grupo Central (Terceira, S\u00e3o Jorge, Pico, Graciosa e Faial) por agita\u00e7\u00e3o mar\u00edtima (ondas de noroeste) e vento (dire\u00e7\u00e3o de oeste rodando para noroeste) entre as 23:00 de hoje e as 14:00 de segunda-feira.<\/p>\n<p>Para o grupo Ocidental (Flores e Corvo), o IPMA decretou aviso laranja por agita\u00e7\u00e3o mar\u00edtima entre 23:00 de hoje e 11:00 de segunda-feira.<\/p>\n<p>Flores e Corvo mant\u00eam ainda aviso amarelo por agita\u00e7\u00e3o mar\u00edtima (ondas de noroeste) entre as 19:00 e as 23:00 de hoje e entre as 11:00 e as 14:00 de segunda-feira, com vento de oeste rodando para noroeste entre as 17:00 de hoje e as 11:00 de segunda-feira.<\/p>\n<p>O grupo Oriental (S\u00e3o Miguel e Santa Maria) estar\u00e1 sob aviso amarelo por agita\u00e7\u00e3o mar\u00edtima (ondas de noroeste) entre as 08:00 e as 17:00 de segunda-feira, com vento em dire\u00e7\u00e3o oeste a noroeste entre as 07:00 e as 20:00 de segunda-feira.<\/p>\n<p>O IPMA utiliza o aviso laranja para situa\u00e7\u00f5es de risco moderado a elevado e o amarelo para riscos relevantes a atividades dependentes do tempo, sem indicar conclus\u00f5es.<\/p>\n","protected":false},"excerpt":{"rendered":"<ul>\n<li>A Atl\u00e2nticoline cancelou a viagem da manh\u00e3 de segunda-feira na Linha Verde (Horta\/Madalena\/Velas\/Madalena\/Horta) devido a condi\u00e7\u00f5es meteorol\u00f3gicas adversas \u00e0 navega\u00e7\u00e3o.<\/li>\n<li>A empresa lamenta poss\u00edveis transtornos resultantes do cancelamento.<\/li>\n<li>O Instituto Portugu\u00eas do Mar e da Atmosfera (IPMA) emitiu aviso amarelo para o grupo Central dos A\u00e7ores (Terceira, S\u00e3o Jorge, Pico, Graciosa e Faial) por agita\u00e7\u00e3o mar\u00edtima e vento, entre as 23:00 de hoje e as 14:00 de segunda-feira.<\/li>\n<li>No grupo Ocidental (Flores e Corvo), h\u00e1 aviso laranja por agita\u00e7\u00e3o mar\u00edtima hoje at\u00e9 \u00e0s 11:00 de segunda-feira, com aviso amarelo adicional para agita\u00e7\u00e3o e vento em hor\u00e1rios espec\u00edficos.<\/li>\n<li>No grupo Oriental (S\u00e3o Miguel e Santa Maria), h\u00e1 aviso amarelo por agita\u00e7\u00e3o mar\u00edtima hoje entre as 08:00 e as 17:00 de segunda-feira, e vento amarrado entre 07:00 e 20:00 de segunda.<\/li>\n<\/ul>\n","protected":false},"author":2,"featured_media":134055,"comment_status":"closed","ping_status":"closed","sticky":false,"template":"","format":"standard","meta":{"footnotes":""},"categories":[1],"tags":[822,183,1017,1018,2790,192],"class_list":["post-134044","post","type-post","status-publish","format-standard","has-post-thumbnail","hentry","category-noticias","tag-acores","tag-agitacao-maritima","tag-faial","tag-pico","tag-sao-jorge","tag-transporte"],"yoast_head":"<!-- This site is optimized with the Yoast SEO plugin v27.2 - https:\/\/yoast.com\/product\/yoast-seo-wordpress\/ -->\n<title>Atl\u00e2nticoline cancela viagem entre Horta, Madalena e Velas na manh\u00e3 de segunda - Portal Tela Portugal<\/title>\n<meta name=\"robots\" content=\"index, follow, max-snippet:-1, max-image-preview:large, max-video-preview:-1\" \/>\n<meta property=\"og:locale\" content=\"pt_PT\" \/>\n<meta property=\"og:type\" content=\"article\" \/>\n<meta property=\"og:title\" content=\"Atl\u00e2nticoline cancela viagem entre Horta, Madalena e Velas na manh\u00e3 de segunda - Portal Tela Portugal\" \/>\n<meta property=\"og:description\" content=\"A Atl\u00e2nticoline cancelou a viagem da manh\u00e3 de segunda-feira na Linha Verde (Horta\/Madalena\/Velas\/Madalena\/Horta) devido a condi\u00e7\u00f5es meteorol\u00f3gicas adversas \u00e0 navega\u00e7\u00e3o. A empresa lamenta poss\u00edveis transtornos resultantes do cancelamento. O Instituto Portugu\u00eas do Mar e da Atmosfera (IPMA) emitiu aviso amarelo para o grupo Central dos A\u00e7ores (Terceira, S\u00e3o Jorge, Pico, Graciosa e Faial) por agita\u00e7\u00e3o mar\u00edtima e vento, entre as 23:00 de hoje e as 14:00 de segunda-feira. No grupo Ocidental (Flores e Corvo), h\u00e1 aviso laranja por agita\u00e7\u00e3o mar\u00edtima hoje at\u00e9 \u00e0s 11:00 de segunda-feira, com aviso amarelo adicional para agita\u00e7\u00e3o e vento em hor\u00e1rios espec\u00edficos. No grupo Oriental (S\u00e3o Miguel e Santa Maria), h\u00e1 aviso amarelo por agita\u00e7\u00e3o mar\u00edtima hoje entre as 08:00 e as 17:00 de segunda-feira, e vento amarrado entre 07:00 e 20:00 de segunda.\" \/>\n<meta property=\"og:url\" content=\"https:\/\/portaltela.pt\/noticias\/2026\/01\/11\/atlanticoline-cancela-viagem-entre-horta-madalena-e-velas-na-manha-de-segunda\/\" \/>\n<meta property=\"og:site_name\" content=\"Portal Tela Portugal\" \/>\n<meta property=\"article:published_time\" content=\"2026-01-11T21:50:44+00:00\" \/>\n<meta name=\"author\" content=\"Telinha\" \/>\n<meta name=\"twitter:card\" content=\"summary_large_image\" \/>\n<meta name=\"twitter:label1\" content=\"Escrito por\" \/>\n\t<meta name=\"twitter:data1\" content=\"Telinha\" \/>\n\t<meta name=\"twitter:label2\" content=\"Tempo estimado de leitura\" \/>\n\t<meta name=\"twitter:data2\" content=\"1 minuto\" \/>\n<script type=\"application\/ld+json\" class=\"yoast-schema-graph\">{\"@context\":\"https:\/\/schema.org\",\"@graph\":[{\"@type\":\"Article\",\"@id\":\"https:\/\/portaltela.pt\/noticias\/2026\/01\/11\/atlanticoline-cancela-viagem-entre-horta-madalena-e-velas-na-manha-de-segunda\/#article\",\"isPartOf\":{\"@id\":\"https:\/\/portaltela.pt\/noticias\/2026\/01\/11\/atlanticoline-cancela-viagem-entre-horta-madalena-e-velas-na-manha-de-segunda\/\"},\"author\":{\"name\":\"Telinha\",\"@id\":\"https:\/\/portaltela.pt\/#\/schema\/person\/c4278d4a6028830caff9ee44b42d32ed\"},\"headline\":\"Atl\u00e2nticoline cancela viagem entre Horta, Madalena e Velas na manh\u00e3 de segunda\",\"datePublished\":\"2026-01-11T21:50:44+00:00\",\"mainEntityOfPage\":{\"@id\":\"https:\/\/portaltela.pt\/noticias\/2026\/01\/11\/atlanticoline-cancela-viagem-entre-horta-madalena-e-velas-na-manha-de-segunda\/\"},\"wordCount\":305,\"image\":{\"@id\":\"https:\/\/portaltela.pt\/noticias\/2026\/01\/11\/atlanticoline-cancela-viagem-entre-horta-madalena-e-velas-na-manha-de-segunda\/#primaryimage\"},\"thumbnailUrl\":\"https:\/\/portaltela.pt\/s.01k8rhncp4jt1\/2026\/01\/unnamed-file-2309.jpg\",\"keywords\":[\"A\u00e7ores\",\"agita\u00e7\u00e3o mar\u00edtima\",\"Faial\",\"Pico\",\"S\u00e3o Jorge\",\"transporte\"],\"articleSection\":[\"Not\u00edcias\"],\"inLanguage\":\"pt-PT\"},{\"@type\":\"WebPage\",\"@id\":\"https:\/\/portaltela.pt\/noticias\/2026\/01\/11\/atlanticoline-cancela-viagem-entre-horta-madalena-e-velas-na-manha-de-segunda\/\",\"url\":\"https:\/\/portaltela.pt\/noticias\/2026\/01\/11\/atlanticoline-cancela-viagem-entre-horta-madalena-e-velas-na-manha-de-segunda\/\",\"name\":\"Atl\u00e2nticoline cancela viagem entre Horta, Madalena e Velas na manh\u00e3 de segunda - Portal Tela Portugal\",\"isPartOf\":{\"@id\":\"https:\/\/portaltela.pt\/#website\"},\"primaryImageOfPage\":{\"@id\":\"https:\/\/portaltela.pt\/noticias\/2026\/01\/11\/atlanticoline-cancela-viagem-entre-horta-madalena-e-velas-na-manha-de-segunda\/#primaryimage\"},\"image\":{\"@id\":\"https:\/\/portaltela.pt\/noticias\/2026\/01\/11\/atlanticoline-cancela-viagem-entre-horta-madalena-e-velas-na-manha-de-segunda\/#primaryimage\"},\"thumbnailUrl\":\"https:\/\/portaltela.pt\/s.01k8rhncp4jt1\/2026\/01\/unnamed-file-2309.jpg\",\"datePublished\":\"2026-01-11T21:50:44+00:00\",\"author\":{\"@id\":\"https:\/\/portaltela.pt\/#\/schema\/person\/c4278d4a6028830caff9ee44b42d32ed\"},\"breadcrumb\":{\"@id\":\"https:\/\/portaltela.pt\/noticias\/2026\/01\/11\/atlanticoline-cancela-viagem-entre-horta-madalena-e-velas-na-manha-de-segunda\/#breadcrumb\"},\"inLanguage\":\"pt-PT\",\"potentialAction\":[{\"@type\":\"ReadAction\",\"target\":[\"https:\/\/portaltela.pt\/noticias\/2026\/01\/11\/atlanticoline-cancela-viagem-entre-horta-madalena-e-velas-na-manha-de-segunda\/\"]}]},{\"@type\":\"ImageObject\",\"inLanguage\":\"pt-PT\",\"@id\":\"https:\/\/portaltela.pt\/noticias\/2026\/01\/11\/atlanticoline-cancela-viagem-entre-horta-madalena-e-velas-na-manha-de-segunda\/#primaryimage\",\"url\":\"https:\/\/portaltela.pt\/s.01k8rhncp4jt1\/2026\/01\/unnamed-file-2309.jpg\",\"contentUrl\":\"https:\/\/portaltela.pt\/s.01k8rhncp4jt1\/2026\/01\/unnamed-file-2309.jpg\",\"width\":796,\"height\":448,\"caption\":\"Atl\u00e2nticoline cancela viagem mar\u00edtima entre Horta, Madalena e Velas na manh\u00e3 de segunda-feira\"},{\"@type\":\"BreadcrumbList\",\"@id\":\"https:\/\/portaltela.pt\/noticias\/2026\/01\/11\/atlanticoline-cancela-viagem-entre-horta-madalena-e-velas-na-manha-de-segunda\/#breadcrumb\",\"itemListElement\":[{\"@type\":\"ListItem\",\"position\":1,\"name\":\"In\u00edcio\",\"item\":\"https:\/\/portaltela.pt\/\"},{\"@type\":\"ListItem\",\"position\":2,\"name\":\"Atl\u00e2nticoline cancela viagem entre Horta, Madalena e Velas na manh\u00e3 de segunda\"}]},{\"@type\":\"WebSite\",\"@id\":\"https:\/\/portaltela.pt\/#website\",\"url\":\"https:\/\/portaltela.pt\/\",\"name\":\"Portal Tela Portugal\",\"description\":\"\",\"potentialAction\":[{\"@type\":\"SearchAction\",\"target\":{\"@type\":\"EntryPoint\",\"urlTemplate\":\"https:\/\/portaltela.pt\/?s={search_term_string}\"},\"query-input\":{\"@type\":\"PropertyValueSpecification\",\"valueRequired\":true,\"valueName\":\"search_term_string\"}}],\"inLanguage\":\"pt-PT\"},{\"@type\":\"Person\",\"@id\":\"https:\/\/portaltela.pt\/#\/schema\/person\/c4278d4a6028830caff9ee44b42d32ed\",\"name\":\"Telinha\",\"image\":{\"@type\":\"ImageObject\",\"inLanguage\":\"pt-PT\",\"@id\":\"https:\/\/portaltela.pt\/s.01k8rhncp4jt1\/2025\/11\/talking-bot-125x125.png\",\"url\":\"https:\/\/portaltela.pt\/s.01k8rhncp4jt1\/2025\/11\/talking-bot-125x125.png\",\"contentUrl\":\"https:\/\/portaltela.pt\/s.01k8rhncp4jt1\/2025\/11\/talking-bot-125x125.png\",\"caption\":\"Telinha\"},\"sameAs\":[\"https:\/\/portaltela.pt\/\"],\"url\":\"https:\/\/portaltela.pt\/por\/367410592786\/\"}]}<\/script>\n<!-- \/ Yoast SEO plugin. -->","yoast_head_json":{"title":"Atl\u00e2nticoline cancela viagem entre Horta, Madalena e Velas na manh\u00e3 de segunda - Portal Tela Portugal","robots":{"index":"index","follow":"follow","max-snippet":"max-snippet:-1","max-image-preview":"max-image-preview:large","max-video-preview":"max-video-preview:-1"},"og_locale":"pt_PT","og_type":"article","og_title":"Atl\u00e2nticoline cancela viagem entre Horta, Madalena e Velas na manh\u00e3 de segunda - Portal Tela Portugal","og_description":"A Atl\u00e2nticoline cancelou a viagem da manh\u00e3 de segunda-feira na Linha Verde (Horta\/Madalena\/Velas\/Madalena\/Horta) devido a condi\u00e7\u00f5es meteorol\u00f3gicas adversas \u00e0 navega\u00e7\u00e3o. A empresa lamenta poss\u00edveis transtornos resultantes do cancelamento. O Instituto Portugu\u00eas do Mar e da Atmosfera (IPMA) emitiu aviso amarelo para o grupo Central dos A\u00e7ores (Terceira, S\u00e3o Jorge, Pico, Graciosa e Faial) por agita\u00e7\u00e3o mar\u00edtima e vento, entre as 23:00 de hoje e as 14:00 de segunda-feira. No grupo Ocidental (Flores e Corvo), h\u00e1 aviso laranja por agita\u00e7\u00e3o mar\u00edtima hoje at\u00e9 \u00e0s 11:00 de segunda-feira, com aviso amarelo adicional para agita\u00e7\u00e3o e vento em hor\u00e1rios espec\u00edficos. No grupo Oriental (S\u00e3o Miguel e Santa Maria), h\u00e1 aviso amarelo por agita\u00e7\u00e3o mar\u00edtima hoje entre as 08:00 e as 17:00 de segunda-feira, e vento amarrado entre 07:00 e 20:00 de segunda.","og_url":"https:\/\/portaltela.pt\/noticias\/2026\/01\/11\/atlanticoline-cancela-viagem-entre-horta-madalena-e-velas-na-manha-de-segunda\/","og_site_name":"Portal Tela Portugal","article_published_time":"2026-01-11T21:50:44+00:00","author":"Telinha","twitter_card":"summary_large_image","twitter_misc":{"Escrito por":"Telinha","Tempo estimado de leitura":"1 minuto"},"schema":{"@context":"https:\/\/schema.org","@graph":[{"@type":"Article","@id":"https:\/\/portaltela.pt\/noticias\/2026\/01\/11\/atlanticoline-cancela-viagem-entre-horta-madalena-e-velas-na-manha-de-segunda\/#article","isPartOf":{"@id":"https:\/\/portaltela.pt\/noticias\/2026\/01\/11\/atlanticoline-cancela-viagem-entre-horta-madalena-e-velas-na-manha-de-segunda\/"},"author":{"name":"Telinha","@id":"https:\/\/portaltela.pt\/#\/schema\/person\/c4278d4a6028830caff9ee44b42d32ed"},"headline":"Atl\u00e2nticoline cancela viagem entre Horta, Madalena e Velas na manh\u00e3 de segunda","datePublished":"2026-01-11T21:50:44+00:00","mainEntityOfPage":{"@id":"https:\/\/portaltela.pt\/noticias\/2026\/01\/11\/atlanticoline-cancela-viagem-entre-horta-madalena-e-velas-na-manha-de-segunda\/"},"wordCount":305,"image":{"@id":"https:\/\/portaltela.pt\/noticias\/2026\/01\/11\/atlanticoline-cancela-viagem-entre-horta-madalena-e-velas-na-manha-de-segunda\/#primaryimage"},"thumbnailUrl":"https:\/\/portaltela.pt\/s.01k8rhncp4jt1\/2026\/01\/unnamed-file-2309.jpg","keywords":["A\u00e7ores","agita\u00e7\u00e3o mar\u00edtima","Faial","Pico","S\u00e3o Jorge","transporte"],"articleSection":["Not\u00edcias"],"inLanguage":"pt-PT"},{"@type":"WebPage","@id":"https:\/\/portaltela.pt\/noticias\/2026\/01\/11\/atlanticoline-cancela-viagem-entre-horta-madalena-e-velas-na-manha-de-segunda\/","url":"https:\/\/portaltela.pt\/noticias\/2026\/01\/11\/atlanticoline-cancela-viagem-entre-horta-madalena-e-velas-na-manha-de-segunda\/","name":"Atl\u00e2nticoline cancela viagem entre Horta, Madalena e Velas na manh\u00e3 de segunda - Portal Tela Portugal","isPartOf":{"@id":"https:\/\/portaltela.pt\/#website"},"primaryImageOfPage":{"@id":"https:\/\/portaltela.pt\/noticias\/2026\/01\/11\/atlanticoline-cancela-viagem-entre-horta-madalena-e-velas-na-manha-de-segunda\/#primaryimage"},"image":{"@id":"https:\/\/portaltela.pt\/noticias\/2026\/01\/11\/atlanticoline-cancela-viagem-entre-horta-madalena-e-velas-na-manha-de-segunda\/#primaryimage"},"thumbnailUrl":"https:\/\/portaltela.pt\/s.01k8rhncp4jt1\/2026\/01\/unnamed-file-2309.jpg","datePublished":"2026-01-11T21:50:44+00:00","author":{"@id":"https:\/\/portaltela.pt\/#\/schema\/person\/c4278d4a6028830caff9ee44b42d32ed"},"breadcrumb":{"@id":"https:\/\/portaltela.pt\/noticias\/2026\/01\/11\/atlanticoline-cancela-viagem-entre-horta-madalena-e-velas-na-manha-de-segunda\/#breadcrumb"},"inLanguage":"pt-PT","potentialAction":[{"@type":"ReadAction","target":["https:\/\/portaltela.pt\/noticias\/2026\/01\/11\/atlanticoline-cancela-viagem-entre-horta-madalena-e-velas-na-manha-de-segunda\/"]}]},{"@type":"ImageObject","inLanguage":"pt-PT","@id":"https:\/\/portaltela.pt\/noticias\/2026\/01\/11\/atlanticoline-cancela-viagem-entre-horta-madalena-e-velas-na-manha-de-segunda\/#primaryimage","url":"https:\/\/portaltela.pt\/s.01k8rhncp4jt1\/2026\/01\/unnamed-file-2309.jpg","contentUrl":"https:\/\/portaltela.pt\/s.01k8rhncp4jt1\/2026\/01\/unnamed-file-2309.jpg","width":796,"height":448,"caption":"Atl\u00e2nticoline cancela viagem mar\u00edtima entre Horta, Madalena e Velas na manh\u00e3 de segunda-feira"},{"@type":"BreadcrumbList","@id":"https:\/\/portaltela.pt\/noticias\/2026\/01\/11\/atlanticoline-cancela-viagem-entre-horta-madalena-e-velas-na-manha-de-segunda\/#breadcrumb","itemListElement":[{"@type":"ListItem","position":1,"name":"In\u00edcio","item":"https:\/\/portaltela.pt\/"},{"@type":"ListItem","position":2,"name":"Atl\u00e2nticoline cancela viagem entre Horta, Madalena e Velas na manh\u00e3 de segunda"}]},{"@type":"WebSite","@id":"https:\/\/portaltela.pt\/#website","url":"https:\/\/portaltela.pt\/","name":"Portal Tela Portugal","description":"","potentialAction":[{"@type":"SearchAction","target":{"@type":"EntryPoint","urlTemplate":"https:\/\/portaltela.pt\/?s={search_term_string}"},"query-input":{"@type":"PropertyValueSpecification","valueRequired":true,"valueName":"search_term_string"}}],"inLanguage":"pt-PT"},{"@type":"Person","@id":"https:\/\/portaltela.pt\/#\/schema\/person\/c4278d4a6028830caff9ee44b42d32ed","name":"Telinha","image":{"@type":"ImageObject","inLanguage":"pt-PT","@id":"https:\/\/portaltela.pt\/s.01k8rhncp4jt1\/2025\/11\/talking-bot-125x125.png","url":"https:\/\/portaltela.pt\/s.01k8rhncp4jt1\/2025\/11\/talking-bot-125x125.png","contentUrl":"https:\/\/portaltela.pt\/s.01k8rhncp4jt1\/2025\/11\/talking-bot-125x125.png","caption":"Telinha"},"sameAs":["https:\/\/portaltela.pt\/"],"url":"https:\/\/portaltela.pt\/por\/367410592786\/"}]}},"_links":{"self":[{"href":"https:\/\/portaltela.pt\/api\/wp\/v2\/posts\/134044","targetHints":{"allow":["GET"]}}],"collection":[{"href":"https:\/\/portaltela.pt\/api\/wp\/v2\/posts"}],"about":[{"href":"https:\/\/portaltela.pt\/api\/wp\/v2\/types\/post"}],"author":[{"embeddable":true,"href":"https:\/\/portaltela.pt\/api\/wp\/v2\/users\/2"}],"replies":[{"embeddable":true,"href":"https:\/\/portaltela.pt\/api\/wp\/v2\/comments?post=134044"}],"version-history":[{"count":0,"href":"https:\/\/portaltela.pt\/api\/wp\/v2\/posts\/134044\/revisions"}],"wp:featuredmedia":[{"embeddable":true,"href":"https:\/\/portaltela.pt\/api\/wp\/v2\/media\/134055"}],"wp:attachment":[{"href":"https:\/\/portaltela.pt\/api\/wp\/v2\/media?parent=134044"}],"wp:term":[{"taxonomy":"category","embeddable":true,"href":"https:\/\/portaltela.pt\/api\/wp\/v2\/categories?post=134044"},{"taxonomy":"post_tag","embeddable":true,"href":"https:\/\/portaltela.pt\/api\/wp\/v2\/tags?post=134044"}],"curies":[{"name":"wp","href":"https:\/\/api.w.org\/{rel}","templated":true}]}}