{"id":134033,"date":"2026-01-11T18:46:00","date_gmt":"2026-01-11T21:46:00","guid":{"rendered":"https:\/\/portaltela.pt\/noticias\/2026\/01\/11\/seguro-come-cavacas-de-aveiro-para-temperar-a-acidez-do-pais\/"},"modified":"2026-01-11T18:46:00","modified_gmt":"2026-01-11T21:46:00","slug":"seguro-come-cavacas-de-aveiro-para-temperar-a-acidez-do-pais","status":"publish","type":"post","link":"https:\/\/portaltela.pt\/noticias\/2026\/01\/11\/seguro-come-cavacas-de-aveiro-para-temperar-a-acidez-do-pais\/","title":{"rendered":"Seguro come cavacas de Aveiro para temperar a acidez do pa\u00eds"},"content":{"rendered":"<p>Ant\u00f3nio Jos\u00e9 Seguro percorreu as ruas de Aveiro neste domingo, mesmo diante da chuva, durante as festas de S\u00e3o Gon\u00e7alinho. O objetivo era acompanhar a atividade festiva, cumprimentar apoiantes e participar nas tradicionais cavacas lan\u00e7adas a partir do topo da capela. Segundo relatos, o candidato ficou atento ao reboli\u00e7o constante nas ruas da cidade.<\/p>\n<p>O percurso incluiu uma passagem pelo Largo da Pra\u00e7a do Peixe, onde foi comprar cavacas associadas \u00e0 celebra\u00e7\u00e3o. Questionado sobre a do\u00e7aria, Seguro referiu que as cavacas ajudam a temperar a acidez da sociedade, mantendo o tom de humor habitual durante a a\u00e7\u00e3o de campanha. Entre conversas, antecipou aparecimentos futuros em eventos locais.<\/p>\n<p>Ao longo da tarde, o candidato manteve contacto com residentes e apoiantes, incluindo visitas ao Beira-Mar e aos Galitos. Garantiu que retornaria ao longo do pr\u00f3ximo ano, mencionando a organiza\u00e7\u00e3o de compromissos j\u00e1 agendados.<\/p>\n<h3>Mudan\u00e7a de tema: alerta sobre a democracia<\/h3>\n<p>Seguro utilizou o discurso para avisar sobre &#8220;inimigos da democracia&#8221; que prometem um mundo novo, por\u00e9m, na leitura dele, apresentariam um regresso ao passado. Referiu que a democracia pode enfraquecer quando as institui\u00e7\u00f5es s\u00e3o colocadas em causa por populismo e radicalismo.<\/p>\n<p>Recorrendo a uma perspetiva de defesa, apresentou a ideia de reagir de forma tranquila, defendendo a necessidade de uma defesa nacional fortalecida, sem recorrer a medidas extremas. Afirmou que a gest\u00e3o de recursos deve privilegiar efici\u00eancia, incluindo no setor da justi\u00e7a e na pol\u00edtica fiscal.<\/p>\n<h3>Democracia sob risco e moderados<\/h3>\n<p>Seguro refor\u00e7ou que a democracia n\u00e3o est\u00e1 garantida e pediu o voto dos moderados para derrotar extremismos. Explicou que o objetivo \u00e9 manter institui\u00e7\u00f5es fortes e respeitar a Constitui\u00e7\u00e3o, evitando ataques que procurem descredibilizar a pol\u00edtica junto da popula\u00e7\u00e3o.<\/p>\n<p>Aos moderados, deixou a mensagem de di\u00e1logo e responsabilidade c\u00edvica, destacando que a candidatura se posiciona de forma independente e busca defender o Estado social. Concluiu que a sua candidatura representa uma via para um futuro com estabilidade institucional.<\/p>\n","protected":false},"excerpt":{"rendered":"<ul>\n<li>Ant\u00f3nio Jos\u00e9 Seguro percorreu Aveiro durante as festas de S\u00e3o Gon\u00e7alinho, protegendo-se do lan\u00e7amento de cavacas e comendo-as para \u201ctemperar a acidez\u201d da sociedade portuguesa.<\/li>\n<li>O candidato afirmou ter bebido tr\u00eas licorzinhos verdes e um pouco de castanho, e disse estar seguro quanto \u00e0 contabilidade das suas despesas de campanha.<\/li>\n<li>Em frente \u00e0 Capela de S\u00e3o Gon\u00e7alinho, pediu aten\u00e7\u00e3o \u00e0s cavacas e associou a express\u00e3o aos temas de igualdade de g\u00e9nero; referiu tamb\u00e9m que chega \u00e0 frente com coragem, sem ser irrespons\u00e1vel.<\/li>\n<li>Seguro alertou para \u201cinimigos da democracia\u201d que, atrav\u00e9s de populismo, prometem um mundo novo e defendem que a democracia pode deteriorar-se por dentro; pediu aos moderados que votem nele para derrotar extremismos.<\/li>\n<li>O ex-l\u00edder do Partido Socialista criticou a prescri\u00e7\u00e3o de coimas do cartel da banca e defendeu maior celeridade na justi\u00e7a, al\u00e9m de defender prioridade \u00e0 defesa e \u00e0 seguran\u00e7a nacional.<\/li>\n<\/ul>\n","protected":false},"author":2,"featured_media":134041,"comment_status":"closed","ping_status":"closed","sticky":false,"template":"","format":"standard","meta":{"footnotes":""},"categories":[1],"tags":[2655,1059,2895,2795,2685,2832],"class_list":["post-134033","post","type-post","status-publish","format-standard","has-post-thumbnail","hentry","category-noticias","tag-antonio-jose-seguro","tag-aveiro","tag-beira-mar","tag-democracia","tag-estado-social","tag-politica"],"yoast_head":"<!-- This site is optimized with the Yoast SEO plugin v27.2 - https:\/\/yoast.com\/product\/yoast-seo-wordpress\/ -->\n<title>Seguro come cavacas de Aveiro para temperar a acidez do pa\u00eds - Portal Tela Portugal<\/title>\n<meta name=\"robots\" content=\"index, follow, max-snippet:-1, max-image-preview:large, max-video-preview:-1\" \/>\n<meta property=\"og:locale\" content=\"pt_PT\" \/>\n<meta property=\"og:type\" content=\"article\" \/>\n<meta property=\"og:title\" content=\"Seguro come cavacas de Aveiro para temperar a acidez do pa\u00eds - Portal Tela Portugal\" \/>\n<meta property=\"og:description\" content=\"Ant\u00f3nio Jos\u00e9 Seguro percorreu Aveiro durante as festas de S\u00e3o Gon\u00e7alinho, protegendo-se do lan\u00e7amento de cavacas e comendo-as para \u201ctemperar a acidez\u201d da sociedade portuguesa. O candidato afirmou ter bebido tr\u00eas licorzinhos verdes e um pouco de castanho, e disse estar seguro quanto \u00e0 contabilidade das suas despesas de campanha. Em frente \u00e0 Capela de S\u00e3o Gon\u00e7alinho, pediu aten\u00e7\u00e3o \u00e0s cavacas e associou a express\u00e3o aos temas de igualdade de g\u00e9nero; referiu tamb\u00e9m que chega \u00e0 frente com coragem, sem ser irrespons\u00e1vel. Seguro alertou para \u201cinimigos da democracia\u201d que, atrav\u00e9s de populismo, prometem um mundo novo e defendem que a democracia pode deteriorar-se por dentro; pediu aos moderados que votem nele para derrotar extremismos. O ex-l\u00edder do Partido Socialista criticou a prescri\u00e7\u00e3o de coimas do cartel da banca e defendeu maior celeridade na justi\u00e7a, al\u00e9m de defender prioridade \u00e0 defesa e \u00e0 seguran\u00e7a nacional.\" \/>\n<meta property=\"og:url\" content=\"https:\/\/portaltela.pt\/noticias\/2026\/01\/11\/seguro-come-cavacas-de-aveiro-para-temperar-a-acidez-do-pais\/\" \/>\n<meta property=\"og:site_name\" content=\"Portal Tela Portugal\" \/>\n<meta property=\"article:published_time\" content=\"2026-01-11T21:46:00+00:00\" \/>\n<meta name=\"author\" content=\"Telinha\" \/>\n<meta name=\"twitter:card\" content=\"summary_large_image\" \/>\n<meta name=\"twitter:label1\" content=\"Escrito por\" \/>\n\t<meta name=\"twitter:data1\" content=\"Telinha\" \/>\n\t<meta name=\"twitter:label2\" content=\"Tempo estimado de leitura\" \/>\n\t<meta name=\"twitter:data2\" content=\"2 minutos\" \/>\n<script type=\"application\/ld+json\" class=\"yoast-schema-graph\">{\"@context\":\"https:\/\/schema.org\",\"@graph\":[{\"@type\":\"Article\",\"@id\":\"https:\/\/portaltela.pt\/noticias\/2026\/01\/11\/seguro-come-cavacas-de-aveiro-para-temperar-a-acidez-do-pais\/#article\",\"isPartOf\":{\"@id\":\"https:\/\/portaltela.pt\/noticias\/2026\/01\/11\/seguro-come-cavacas-de-aveiro-para-temperar-a-acidez-do-pais\/\"},\"author\":{\"name\":\"Telinha\",\"@id\":\"https:\/\/portaltela.pt\/#\/schema\/person\/c4278d4a6028830caff9ee44b42d32ed\"},\"headline\":\"Seguro come cavacas de Aveiro para temperar a acidez do pa\u00eds\",\"datePublished\":\"2026-01-11T21:46:00+00:00\",\"mainEntityOfPage\":{\"@id\":\"https:\/\/portaltela.pt\/noticias\/2026\/01\/11\/seguro-come-cavacas-de-aveiro-para-temperar-a-acidez-do-pais\/\"},\"wordCount\":354,\"image\":{\"@id\":\"https:\/\/portaltela.pt\/noticias\/2026\/01\/11\/seguro-come-cavacas-de-aveiro-para-temperar-a-acidez-do-pais\/#primaryimage\"},\"thumbnailUrl\":\"https:\/\/portaltela.pt\/s.01k8rhncp4jt1\/2026\/01\/image-675.jpg\",\"keywords\":[\"Ant\u00f3nio Jos\u00e9 Seguro\",\"Aveiro\",\"Beira-Mar\",\"democracia\",\"Estado Social\",\"pol\u00edtica\"],\"articleSection\":[\"Not\u00edcias\"],\"inLanguage\":\"pt-PT\"},{\"@type\":\"WebPage\",\"@id\":\"https:\/\/portaltela.pt\/noticias\/2026\/01\/11\/seguro-come-cavacas-de-aveiro-para-temperar-a-acidez-do-pais\/\",\"url\":\"https:\/\/portaltela.pt\/noticias\/2026\/01\/11\/seguro-come-cavacas-de-aveiro-para-temperar-a-acidez-do-pais\/\",\"name\":\"Seguro come cavacas de Aveiro para temperar a acidez do pa\u00eds - Portal Tela Portugal\",\"isPartOf\":{\"@id\":\"https:\/\/portaltela.pt\/#website\"},\"primaryImageOfPage\":{\"@id\":\"https:\/\/portaltela.pt\/noticias\/2026\/01\/11\/seguro-come-cavacas-de-aveiro-para-temperar-a-acidez-do-pais\/#primaryimage\"},\"image\":{\"@id\":\"https:\/\/portaltela.pt\/noticias\/2026\/01\/11\/seguro-come-cavacas-de-aveiro-para-temperar-a-acidez-do-pais\/#primaryimage\"},\"thumbnailUrl\":\"https:\/\/portaltela.pt\/s.01k8rhncp4jt1\/2026\/01\/image-675.jpg\",\"datePublished\":\"2026-01-11T21:46:00+00:00\",\"author\":{\"@id\":\"https:\/\/portaltela.pt\/#\/schema\/person\/c4278d4a6028830caff9ee44b42d32ed\"},\"breadcrumb\":{\"@id\":\"https:\/\/portaltela.pt\/noticias\/2026\/01\/11\/seguro-come-cavacas-de-aveiro-para-temperar-a-acidez-do-pais\/#breadcrumb\"},\"inLanguage\":\"pt-PT\",\"potentialAction\":[{\"@type\":\"ReadAction\",\"target\":[\"https:\/\/portaltela.pt\/noticias\/2026\/01\/11\/seguro-come-cavacas-de-aveiro-para-temperar-a-acidez-do-pais\/\"]}]},{\"@type\":\"ImageObject\",\"inLanguage\":\"pt-PT\",\"@id\":\"https:\/\/portaltela.pt\/noticias\/2026\/01\/11\/seguro-come-cavacas-de-aveiro-para-temperar-a-acidez-do-pais\/#primaryimage\",\"url\":\"https:\/\/portaltela.pt\/s.01k8rhncp4jt1\/2026\/01\/image-675.jpg\",\"contentUrl\":\"https:\/\/portaltela.pt\/s.01k8rhncp4jt1\/2026\/01\/image-675.jpg\",\"width\":796,\"height\":448,\"caption\":\"Imagem de contexto do artigo Seguro abrigou-se das cavacas em Aveiro mas comeu-as para \\\"temperar a acidez\\\" do pa\u00eds\"},{\"@type\":\"BreadcrumbList\",\"@id\":\"https:\/\/portaltela.pt\/noticias\/2026\/01\/11\/seguro-come-cavacas-de-aveiro-para-temperar-a-acidez-do-pais\/#breadcrumb\",\"itemListElement\":[{\"@type\":\"ListItem\",\"position\":1,\"name\":\"In\u00edcio\",\"item\":\"https:\/\/portaltela.pt\/\"},{\"@type\":\"ListItem\",\"position\":2,\"name\":\"Seguro come cavacas de Aveiro para temperar a acidez do pa\u00eds\"}]},{\"@type\":\"WebSite\",\"@id\":\"https:\/\/portaltela.pt\/#website\",\"url\":\"https:\/\/portaltela.pt\/\",\"name\":\"Portal Tela Portugal\",\"description\":\"\",\"potentialAction\":[{\"@type\":\"SearchAction\",\"target\":{\"@type\":\"EntryPoint\",\"urlTemplate\":\"https:\/\/portaltela.pt\/?s={search_term_string}\"},\"query-input\":{\"@type\":\"PropertyValueSpecification\",\"valueRequired\":true,\"valueName\":\"search_term_string\"}}],\"inLanguage\":\"pt-PT\"},{\"@type\":\"Person\",\"@id\":\"https:\/\/portaltela.pt\/#\/schema\/person\/c4278d4a6028830caff9ee44b42d32ed\",\"name\":\"Telinha\",\"image\":{\"@type\":\"ImageObject\",\"inLanguage\":\"pt-PT\",\"@id\":\"https:\/\/portaltela.pt\/s.01k8rhncp4jt1\/2025\/11\/talking-bot-125x125.png\",\"url\":\"https:\/\/portaltela.pt\/s.01k8rhncp4jt1\/2025\/11\/talking-bot-125x125.png\",\"contentUrl\":\"https:\/\/portaltela.pt\/s.01k8rhncp4jt1\/2025\/11\/talking-bot-125x125.png\",\"caption\":\"Telinha\"},\"sameAs\":[\"https:\/\/portaltela.pt\/\"],\"url\":\"https:\/\/portaltela.pt\/por\/367410592786\/\"}]}<\/script>\n<!-- \/ Yoast SEO plugin. -->","yoast_head_json":{"title":"Seguro come cavacas de Aveiro para temperar a acidez do pa\u00eds - Portal Tela Portugal","robots":{"index":"index","follow":"follow","max-snippet":"max-snippet:-1","max-image-preview":"max-image-preview:large","max-video-preview":"max-video-preview:-1"},"og_locale":"pt_PT","og_type":"article","og_title":"Seguro come cavacas de Aveiro para temperar a acidez do pa\u00eds - Portal Tela Portugal","og_description":"Ant\u00f3nio Jos\u00e9 Seguro percorreu Aveiro durante as festas de S\u00e3o Gon\u00e7alinho, protegendo-se do lan\u00e7amento de cavacas e comendo-as para \u201ctemperar a acidez\u201d da sociedade portuguesa. O candidato afirmou ter bebido tr\u00eas licorzinhos verdes e um pouco de castanho, e disse estar seguro quanto \u00e0 contabilidade das suas despesas de campanha. Em frente \u00e0 Capela de S\u00e3o Gon\u00e7alinho, pediu aten\u00e7\u00e3o \u00e0s cavacas e associou a express\u00e3o aos temas de igualdade de g\u00e9nero; referiu tamb\u00e9m que chega \u00e0 frente com coragem, sem ser irrespons\u00e1vel. Seguro alertou para \u201cinimigos da democracia\u201d que, atrav\u00e9s de populismo, prometem um mundo novo e defendem que a democracia pode deteriorar-se por dentro; pediu aos moderados que votem nele para derrotar extremismos. O ex-l\u00edder do Partido Socialista criticou a prescri\u00e7\u00e3o de coimas do cartel da banca e defendeu maior celeridade na justi\u00e7a, al\u00e9m de defender prioridade \u00e0 defesa e \u00e0 seguran\u00e7a nacional.","og_url":"https:\/\/portaltela.pt\/noticias\/2026\/01\/11\/seguro-come-cavacas-de-aveiro-para-temperar-a-acidez-do-pais\/","og_site_name":"Portal Tela Portugal","article_published_time":"2026-01-11T21:46:00+00:00","author":"Telinha","twitter_card":"summary_large_image","twitter_misc":{"Escrito por":"Telinha","Tempo estimado de leitura":"2 minutos"},"schema":{"@context":"https:\/\/schema.org","@graph":[{"@type":"Article","@id":"https:\/\/portaltela.pt\/noticias\/2026\/01\/11\/seguro-come-cavacas-de-aveiro-para-temperar-a-acidez-do-pais\/#article","isPartOf":{"@id":"https:\/\/portaltela.pt\/noticias\/2026\/01\/11\/seguro-come-cavacas-de-aveiro-para-temperar-a-acidez-do-pais\/"},"author":{"name":"Telinha","@id":"https:\/\/portaltela.pt\/#\/schema\/person\/c4278d4a6028830caff9ee44b42d32ed"},"headline":"Seguro come cavacas de Aveiro para temperar a acidez do pa\u00eds","datePublished":"2026-01-11T21:46:00+00:00","mainEntityOfPage":{"@id":"https:\/\/portaltela.pt\/noticias\/2026\/01\/11\/seguro-come-cavacas-de-aveiro-para-temperar-a-acidez-do-pais\/"},"wordCount":354,"image":{"@id":"https:\/\/portaltela.pt\/noticias\/2026\/01\/11\/seguro-come-cavacas-de-aveiro-para-temperar-a-acidez-do-pais\/#primaryimage"},"thumbnailUrl":"https:\/\/portaltela.pt\/s.01k8rhncp4jt1\/2026\/01\/image-675.jpg","keywords":["Ant\u00f3nio Jos\u00e9 Seguro","Aveiro","Beira-Mar","democracia","Estado Social","pol\u00edtica"],"articleSection":["Not\u00edcias"],"inLanguage":"pt-PT"},{"@type":"WebPage","@id":"https:\/\/portaltela.pt\/noticias\/2026\/01\/11\/seguro-come-cavacas-de-aveiro-para-temperar-a-acidez-do-pais\/","url":"https:\/\/portaltela.pt\/noticias\/2026\/01\/11\/seguro-come-cavacas-de-aveiro-para-temperar-a-acidez-do-pais\/","name":"Seguro come cavacas de Aveiro para temperar a acidez do pa\u00eds - Portal Tela Portugal","isPartOf":{"@id":"https:\/\/portaltela.pt\/#website"},"primaryImageOfPage":{"@id":"https:\/\/portaltela.pt\/noticias\/2026\/01\/11\/seguro-come-cavacas-de-aveiro-para-temperar-a-acidez-do-pais\/#primaryimage"},"image":{"@id":"https:\/\/portaltela.pt\/noticias\/2026\/01\/11\/seguro-come-cavacas-de-aveiro-para-temperar-a-acidez-do-pais\/#primaryimage"},"thumbnailUrl":"https:\/\/portaltela.pt\/s.01k8rhncp4jt1\/2026\/01\/image-675.jpg","datePublished":"2026-01-11T21:46:00+00:00","author":{"@id":"https:\/\/portaltela.pt\/#\/schema\/person\/c4278d4a6028830caff9ee44b42d32ed"},"breadcrumb":{"@id":"https:\/\/portaltela.pt\/noticias\/2026\/01\/11\/seguro-come-cavacas-de-aveiro-para-temperar-a-acidez-do-pais\/#breadcrumb"},"inLanguage":"pt-PT","potentialAction":[{"@type":"ReadAction","target":["https:\/\/portaltela.pt\/noticias\/2026\/01\/11\/seguro-come-cavacas-de-aveiro-para-temperar-a-acidez-do-pais\/"]}]},{"@type":"ImageObject","inLanguage":"pt-PT","@id":"https:\/\/portaltela.pt\/noticias\/2026\/01\/11\/seguro-come-cavacas-de-aveiro-para-temperar-a-acidez-do-pais\/#primaryimage","url":"https:\/\/portaltela.pt\/s.01k8rhncp4jt1\/2026\/01\/image-675.jpg","contentUrl":"https:\/\/portaltela.pt\/s.01k8rhncp4jt1\/2026\/01\/image-675.jpg","width":796,"height":448,"caption":"Imagem de contexto do artigo Seguro abrigou-se das cavacas em Aveiro mas comeu-as para \"temperar a acidez\" do pa\u00eds"},{"@type":"BreadcrumbList","@id":"https:\/\/portaltela.pt\/noticias\/2026\/01\/11\/seguro-come-cavacas-de-aveiro-para-temperar-a-acidez-do-pais\/#breadcrumb","itemListElement":[{"@type":"ListItem","position":1,"name":"In\u00edcio","item":"https:\/\/portaltela.pt\/"},{"@type":"ListItem","position":2,"name":"Seguro come cavacas de Aveiro para temperar a acidez do pa\u00eds"}]},{"@type":"WebSite","@id":"https:\/\/portaltela.pt\/#website","url":"https:\/\/portaltela.pt\/","name":"Portal Tela Portugal","description":"","potentialAction":[{"@type":"SearchAction","target":{"@type":"EntryPoint","urlTemplate":"https:\/\/portaltela.pt\/?s={search_term_string}"},"query-input":{"@type":"PropertyValueSpecification","valueRequired":true,"valueName":"search_term_string"}}],"inLanguage":"pt-PT"},{"@type":"Person","@id":"https:\/\/portaltela.pt\/#\/schema\/person\/c4278d4a6028830caff9ee44b42d32ed","name":"Telinha","image":{"@type":"ImageObject","inLanguage":"pt-PT","@id":"https:\/\/portaltela.pt\/s.01k8rhncp4jt1\/2025\/11\/talking-bot-125x125.png","url":"https:\/\/portaltela.pt\/s.01k8rhncp4jt1\/2025\/11\/talking-bot-125x125.png","contentUrl":"https:\/\/portaltela.pt\/s.01k8rhncp4jt1\/2025\/11\/talking-bot-125x125.png","caption":"Telinha"},"sameAs":["https:\/\/portaltela.pt\/"],"url":"https:\/\/portaltela.pt\/por\/367410592786\/"}]}},"_links":{"self":[{"href":"https:\/\/portaltela.pt\/api\/wp\/v2\/posts\/134033","targetHints":{"allow":["GET"]}}],"collection":[{"href":"https:\/\/portaltela.pt\/api\/wp\/v2\/posts"}],"about":[{"href":"https:\/\/portaltela.pt\/api\/wp\/v2\/types\/post"}],"author":[{"embeddable":true,"href":"https:\/\/portaltela.pt\/api\/wp\/v2\/users\/2"}],"replies":[{"embeddable":true,"href":"https:\/\/portaltela.pt\/api\/wp\/v2\/comments?post=134033"}],"version-history":[{"count":0,"href":"https:\/\/portaltela.pt\/api\/wp\/v2\/posts\/134033\/revisions"}],"wp:featuredmedia":[{"embeddable":true,"href":"https:\/\/portaltela.pt\/api\/wp\/v2\/media\/134041"}],"wp:attachment":[{"href":"https:\/\/portaltela.pt\/api\/wp\/v2\/media?parent=134033"}],"wp:term":[{"taxonomy":"category","embeddable":true,"href":"https:\/\/portaltela.pt\/api\/wp\/v2\/categories?post=134033"},{"taxonomy":"post_tag","embeddable":true,"href":"https:\/\/portaltela.pt\/api\/wp\/v2\/tags?post=134033"}],"curies":[{"name":"wp","href":"https:\/\/api.w.org\/{rel}","templated":true}]}}