{"id":134032,"date":"2026-01-11T09:35:00","date_gmt":"2026-01-11T12:35:00","guid":{"rendered":"https:\/\/portaltela.pt\/noticias\/2026\/01\/11\/diamantino-baia-e-mendes-revelam-melhores-colegas-de-equipa-com-quem-jogaram\/"},"modified":"2026-01-11T09:35:00","modified_gmt":"2026-01-11T12:35:00","slug":"diamantino-baia-e-mendes-revelam-melhores-colegas-de-equipa-com-quem-jogaram","status":"publish","type":"post","link":"https:\/\/portaltela.pt\/desporto\/futebol\/2026\/01\/11\/diamantino-baia-e-mendes-revelam-melhores-colegas-de-equipa-com-quem-jogaram\/","title":{"rendered":"Diamantino, Ba\u00eda e Mendes revelam melhores colegas de equipa com quem jogaram"},"content":{"rendered":"<p>Diamantino, V\u00edtor Ba\u00eda e Fernando Mendes integraram o painel principal da 6.\u00aa edi\u00e7\u00e3o do Record Talks, realizada em Leiria no \u00e2mbito da Allianz Cup. A sess\u00e3o reuniu antigos internacionais ligados a Benfica, FC Porto e Sporting para partilhar mem\u00f3rias e impress\u00f5es sobre os seus tempos de jogos.<\/p>\n<p>Durante o evento, os convidados discutiram quais os craques que mais os impressionaram enquanto companheiros de balne\u00e1rio, oferecendo relatos de bastidores e experi\u00eancias partilhadas ao longo das suas carreiras. O formato privilegiou entrevistas e debates em tom descontra\u00eddo.<\/p>\n<h3>Participantes e contexto do encontro<\/h3>\n<p>A reuni\u00e3o em Leiria faz parte das atividades associadas \u00e0 Allianz Cup, com o p\u00fablico a acompanhar de perto o enriquecimento hist\u00f3rico dos clubes refer\u00eancias em Portugal. Diamantino, Ba\u00eda e Mendes destacaram a import\u00e2ncia de manter vivo o legado do futebol nacional.<\/p>\n<p>O Record Talks pretende destacar trajet\u00f3rias de jogadores e figuras ligadas a grandes emblemas nacionais, oferecendo uma vis\u00e3o de quem ajudou a moldar o futebol portugu\u00eas. O evento ocorreu na cidade de Leiria, mantendo o foco em hist\u00f3rias de bastidores e conviv\u00eancia entre atletas.<\/p>\n","protected":false},"excerpt":{"rendered":"<ul>\n<li>A sexta edi\u00e7\u00e3o do Record Talks decorreu em Leiria, no \u00e2mbito da Allianz Cup.<\/li>\n<li>Diamantino, V\u00edtor Ba\u00eda e Fernando Mendes fizeram parte do painel principal.<\/li>\n<li>Os ex internacionais alinharam ligados ao Benfica, FC Porto e Sporting.<\/li>\n<li>Partilharam v\u00e1rias hist\u00f3rias e indicaram quais craques mais os impressionaram enquanto colegas de balne\u00e1rio.<\/li>\n<li>O objetivo do evento \u00e9 apresentar mem\u00f3rias e perspetivas do futebol portugu\u00eas.<\/li>\n<\/ul>\n","protected":false},"author":2,"featured_media":134037,"comment_status":"closed","ping_status":"closed","sticky":false,"template":"","format":"standard","meta":{"footnotes":""},"categories":[21,24],"tags":[1946,2816,2028,32,1385,1652],"class_list":["post-134032","post","type-post","status-publish","format-standard","has-post-thumbnail","hentry","category-desporto","category-futebol","tag-benfica","tag-diamantino-miranda","tag-fc-porto","tag-futebol","tag-leiria","tag-sporting"],"yoast_head":"<!-- This site is optimized with the Yoast SEO plugin v27.2 - https:\/\/yoast.com\/product\/yoast-seo-wordpress\/ -->\n<title>Diamantino, Ba\u00eda e Mendes revelam melhores colegas de equipa com quem jogaram - Portal Tela Portugal<\/title>\n<meta name=\"robots\" content=\"index, follow, max-snippet:-1, max-image-preview:large, max-video-preview:-1\" \/>\n<meta property=\"og:locale\" content=\"pt_PT\" \/>\n<meta property=\"og:type\" content=\"article\" \/>\n<meta property=\"og:title\" content=\"Diamantino, Ba\u00eda e Mendes revelam melhores colegas de equipa com quem jogaram - Portal Tela Portugal\" \/>\n<meta property=\"og:description\" content=\"A sexta edi\u00e7\u00e3o do Record Talks decorreu em Leiria, no \u00e2mbito da Allianz Cup. Diamantino, V\u00edtor Ba\u00eda e Fernando Mendes fizeram parte do painel principal. Os ex internacionais alinharam ligados ao Benfica, FC Porto e Sporting. Partilharam v\u00e1rias hist\u00f3rias e indicaram quais craques mais os impressionaram enquanto colegas de balne\u00e1rio. O objetivo do evento \u00e9 apresentar mem\u00f3rias e perspetivas do futebol portugu\u00eas.\" \/>\n<meta property=\"og:url\" content=\"https:\/\/portaltela.pt\/noticias\/2026\/01\/11\/diamantino-baia-e-mendes-revelam-melhores-colegas-de-equipa-com-quem-jogaram\/\" \/>\n<meta property=\"og:site_name\" content=\"Portal Tela Portugal\" \/>\n<meta property=\"article:published_time\" content=\"2026-01-11T12:35:00+00:00\" \/>\n<meta name=\"author\" content=\"Telinha\" \/>\n<meta name=\"twitter:card\" content=\"summary_large_image\" \/>\n<meta name=\"twitter:label1\" content=\"Escrito por\" \/>\n\t<meta name=\"twitter:data1\" content=\"Telinha\" \/>\n\t<meta name=\"twitter:label2\" content=\"Tempo estimado de leitura\" \/>\n\t<meta name=\"twitter:data2\" content=\"1 minuto\" \/>\n<script type=\"application\/ld+json\" class=\"yoast-schema-graph\">{\"@context\":\"https:\/\/schema.org\",\"@graph\":[{\"@type\":\"Article\",\"@id\":\"https:\/\/portaltela.pt\/noticias\/2026\/01\/11\/diamantino-baia-e-mendes-revelam-melhores-colegas-de-equipa-com-quem-jogaram\/#article\",\"isPartOf\":{\"@id\":\"https:\/\/portaltela.pt\/noticias\/2026\/01\/11\/diamantino-baia-e-mendes-revelam-melhores-colegas-de-equipa-com-quem-jogaram\/\"},\"author\":{\"name\":\"Telinha\",\"@id\":\"https:\/\/portaltela.pt\/#\/schema\/person\/c4278d4a6028830caff9ee44b42d32ed\"},\"headline\":\"Diamantino, Ba\u00eda e Mendes revelam melhores colegas de equipa com quem jogaram\",\"datePublished\":\"2026-01-11T12:35:00+00:00\",\"mainEntityOfPage\":{\"@id\":\"https:\/\/portaltela.pt\/noticias\/2026\/01\/11\/diamantino-baia-e-mendes-revelam-melhores-colegas-de-equipa-com-quem-jogaram\/\"},\"wordCount\":207,\"image\":{\"@id\":\"https:\/\/portaltela.pt\/noticias\/2026\/01\/11\/diamantino-baia-e-mendes-revelam-melhores-colegas-de-equipa-com-quem-jogaram\/#primaryimage\"},\"thumbnailUrl\":\"https:\/\/portaltela.pt\/s.01k8rhncp4jt1\/2026\/01\/img_1200x721uu2026-01-10-20-21-45-2414005-5.jpg\",\"keywords\":[\"Benfica\",\"Diamantino Miranda\",\"FC Porto\",\"futebol\",\"Leiria\",\"Sporting\"],\"articleSection\":[\"Desporto\",\"Futebol\"],\"inLanguage\":\"pt-PT\"},{\"@type\":\"WebPage\",\"@id\":\"https:\/\/portaltela.pt\/noticias\/2026\/01\/11\/diamantino-baia-e-mendes-revelam-melhores-colegas-de-equipa-com-quem-jogaram\/\",\"url\":\"https:\/\/portaltela.pt\/noticias\/2026\/01\/11\/diamantino-baia-e-mendes-revelam-melhores-colegas-de-equipa-com-quem-jogaram\/\",\"name\":\"Diamantino, Ba\u00eda e Mendes revelam melhores colegas de equipa com quem jogaram - Portal Tela Portugal\",\"isPartOf\":{\"@id\":\"https:\/\/portaltela.pt\/#website\"},\"primaryImageOfPage\":{\"@id\":\"https:\/\/portaltela.pt\/noticias\/2026\/01\/11\/diamantino-baia-e-mendes-revelam-melhores-colegas-de-equipa-com-quem-jogaram\/#primaryimage\"},\"image\":{\"@id\":\"https:\/\/portaltela.pt\/noticias\/2026\/01\/11\/diamantino-baia-e-mendes-revelam-melhores-colegas-de-equipa-com-quem-jogaram\/#primaryimage\"},\"thumbnailUrl\":\"https:\/\/portaltela.pt\/s.01k8rhncp4jt1\/2026\/01\/img_1200x721uu2026-01-10-20-21-45-2414005-5.jpg\",\"datePublished\":\"2026-01-11T12:35:00+00:00\",\"author\":{\"@id\":\"https:\/\/portaltela.pt\/#\/schema\/person\/c4278d4a6028830caff9ee44b42d32ed\"},\"breadcrumb\":{\"@id\":\"https:\/\/portaltela.pt\/noticias\/2026\/01\/11\/diamantino-baia-e-mendes-revelam-melhores-colegas-de-equipa-com-quem-jogaram\/#breadcrumb\"},\"inLanguage\":\"pt-PT\",\"potentialAction\":[{\"@type\":\"ReadAction\",\"target\":[\"https:\/\/portaltela.pt\/noticias\/2026\/01\/11\/diamantino-baia-e-mendes-revelam-melhores-colegas-de-equipa-com-quem-jogaram\/\"]}]},{\"@type\":\"ImageObject\",\"inLanguage\":\"pt-PT\",\"@id\":\"https:\/\/portaltela.pt\/noticias\/2026\/01\/11\/diamantino-baia-e-mendes-revelam-melhores-colegas-de-equipa-com-quem-jogaram\/#primaryimage\",\"url\":\"https:\/\/portaltela.pt\/s.01k8rhncp4jt1\/2026\/01\/img_1200x721uu2026-01-10-20-21-45-2414005-5.jpg\",\"contentUrl\":\"https:\/\/portaltela.pt\/s.01k8rhncp4jt1\/2026\/01\/img_1200x721uu2026-01-10-20-21-45-2414005-5.jpg\",\"width\":796,\"height\":448,\"caption\":\"Diamantino, V\u00edtor Ba\u00eda e Fernando Mendes integraram o painel principal da 6.\u00aa edi\u00e7\u00e3o do Record Talks, em Leiria, no \u00e2mbito da Allianz Cup.\"},{\"@type\":\"BreadcrumbList\",\"@id\":\"https:\/\/portaltela.pt\/noticias\/2026\/01\/11\/diamantino-baia-e-mendes-revelam-melhores-colegas-de-equipa-com-quem-jogaram\/#breadcrumb\",\"itemListElement\":[{\"@type\":\"ListItem\",\"position\":1,\"name\":\"In\u00edcio\",\"item\":\"https:\/\/portaltela.pt\/\"},{\"@type\":\"ListItem\",\"position\":2,\"name\":\"Diamantino, Ba\u00eda e Mendes revelam melhores colegas de equipa com quem jogaram\"}]},{\"@type\":\"WebSite\",\"@id\":\"https:\/\/portaltela.pt\/#website\",\"url\":\"https:\/\/portaltela.pt\/\",\"name\":\"Portal Tela Portugal\",\"description\":\"\",\"potentialAction\":[{\"@type\":\"SearchAction\",\"target\":{\"@type\":\"EntryPoint\",\"urlTemplate\":\"https:\/\/portaltela.pt\/?s={search_term_string}\"},\"query-input\":{\"@type\":\"PropertyValueSpecification\",\"valueRequired\":true,\"valueName\":\"search_term_string\"}}],\"inLanguage\":\"pt-PT\"},{\"@type\":\"Person\",\"@id\":\"https:\/\/portaltela.pt\/#\/schema\/person\/c4278d4a6028830caff9ee44b42d32ed\",\"name\":\"Telinha\",\"image\":{\"@type\":\"ImageObject\",\"inLanguage\":\"pt-PT\",\"@id\":\"https:\/\/portaltela.pt\/s.01k8rhncp4jt1\/2025\/11\/talking-bot-125x125.png\",\"url\":\"https:\/\/portaltela.pt\/s.01k8rhncp4jt1\/2025\/11\/talking-bot-125x125.png\",\"contentUrl\":\"https:\/\/portaltela.pt\/s.01k8rhncp4jt1\/2025\/11\/talking-bot-125x125.png\",\"caption\":\"Telinha\"},\"sameAs\":[\"https:\/\/portaltela.pt\/\"],\"url\":\"https:\/\/portaltela.pt\/por\/367410592786\/\"}]}<\/script>\n<!-- \/ Yoast SEO plugin. -->","yoast_head_json":{"title":"Diamantino, Ba\u00eda e Mendes revelam melhores colegas de equipa com quem jogaram - Portal Tela Portugal","robots":{"index":"index","follow":"follow","max-snippet":"max-snippet:-1","max-image-preview":"max-image-preview:large","max-video-preview":"max-video-preview:-1"},"og_locale":"pt_PT","og_type":"article","og_title":"Diamantino, Ba\u00eda e Mendes revelam melhores colegas de equipa com quem jogaram - Portal Tela Portugal","og_description":"A sexta edi\u00e7\u00e3o do Record Talks decorreu em Leiria, no \u00e2mbito da Allianz Cup. Diamantino, V\u00edtor Ba\u00eda e Fernando Mendes fizeram parte do painel principal. Os ex internacionais alinharam ligados ao Benfica, FC Porto e Sporting. Partilharam v\u00e1rias hist\u00f3rias e indicaram quais craques mais os impressionaram enquanto colegas de balne\u00e1rio. O objetivo do evento \u00e9 apresentar mem\u00f3rias e perspetivas do futebol portugu\u00eas.","og_url":"https:\/\/portaltela.pt\/noticias\/2026\/01\/11\/diamantino-baia-e-mendes-revelam-melhores-colegas-de-equipa-com-quem-jogaram\/","og_site_name":"Portal Tela Portugal","article_published_time":"2026-01-11T12:35:00+00:00","author":"Telinha","twitter_card":"summary_large_image","twitter_misc":{"Escrito por":"Telinha","Tempo estimado de leitura":"1 minuto"},"schema":{"@context":"https:\/\/schema.org","@graph":[{"@type":"Article","@id":"https:\/\/portaltela.pt\/noticias\/2026\/01\/11\/diamantino-baia-e-mendes-revelam-melhores-colegas-de-equipa-com-quem-jogaram\/#article","isPartOf":{"@id":"https:\/\/portaltela.pt\/noticias\/2026\/01\/11\/diamantino-baia-e-mendes-revelam-melhores-colegas-de-equipa-com-quem-jogaram\/"},"author":{"name":"Telinha","@id":"https:\/\/portaltela.pt\/#\/schema\/person\/c4278d4a6028830caff9ee44b42d32ed"},"headline":"Diamantino, Ba\u00eda e Mendes revelam melhores colegas de equipa com quem jogaram","datePublished":"2026-01-11T12:35:00+00:00","mainEntityOfPage":{"@id":"https:\/\/portaltela.pt\/noticias\/2026\/01\/11\/diamantino-baia-e-mendes-revelam-melhores-colegas-de-equipa-com-quem-jogaram\/"},"wordCount":207,"image":{"@id":"https:\/\/portaltela.pt\/noticias\/2026\/01\/11\/diamantino-baia-e-mendes-revelam-melhores-colegas-de-equipa-com-quem-jogaram\/#primaryimage"},"thumbnailUrl":"https:\/\/portaltela.pt\/s.01k8rhncp4jt1\/2026\/01\/img_1200x721uu2026-01-10-20-21-45-2414005-5.jpg","keywords":["Benfica","Diamantino Miranda","FC Porto","futebol","Leiria","Sporting"],"articleSection":["Desporto","Futebol"],"inLanguage":"pt-PT"},{"@type":"WebPage","@id":"https:\/\/portaltela.pt\/noticias\/2026\/01\/11\/diamantino-baia-e-mendes-revelam-melhores-colegas-de-equipa-com-quem-jogaram\/","url":"https:\/\/portaltela.pt\/noticias\/2026\/01\/11\/diamantino-baia-e-mendes-revelam-melhores-colegas-de-equipa-com-quem-jogaram\/","name":"Diamantino, Ba\u00eda e Mendes revelam melhores colegas de equipa com quem jogaram - Portal Tela Portugal","isPartOf":{"@id":"https:\/\/portaltela.pt\/#website"},"primaryImageOfPage":{"@id":"https:\/\/portaltela.pt\/noticias\/2026\/01\/11\/diamantino-baia-e-mendes-revelam-melhores-colegas-de-equipa-com-quem-jogaram\/#primaryimage"},"image":{"@id":"https:\/\/portaltela.pt\/noticias\/2026\/01\/11\/diamantino-baia-e-mendes-revelam-melhores-colegas-de-equipa-com-quem-jogaram\/#primaryimage"},"thumbnailUrl":"https:\/\/portaltela.pt\/s.01k8rhncp4jt1\/2026\/01\/img_1200x721uu2026-01-10-20-21-45-2414005-5.jpg","datePublished":"2026-01-11T12:35:00+00:00","author":{"@id":"https:\/\/portaltela.pt\/#\/schema\/person\/c4278d4a6028830caff9ee44b42d32ed"},"breadcrumb":{"@id":"https:\/\/portaltela.pt\/noticias\/2026\/01\/11\/diamantino-baia-e-mendes-revelam-melhores-colegas-de-equipa-com-quem-jogaram\/#breadcrumb"},"inLanguage":"pt-PT","potentialAction":[{"@type":"ReadAction","target":["https:\/\/portaltela.pt\/noticias\/2026\/01\/11\/diamantino-baia-e-mendes-revelam-melhores-colegas-de-equipa-com-quem-jogaram\/"]}]},{"@type":"ImageObject","inLanguage":"pt-PT","@id":"https:\/\/portaltela.pt\/noticias\/2026\/01\/11\/diamantino-baia-e-mendes-revelam-melhores-colegas-de-equipa-com-quem-jogaram\/#primaryimage","url":"https:\/\/portaltela.pt\/s.01k8rhncp4jt1\/2026\/01\/img_1200x721uu2026-01-10-20-21-45-2414005-5.jpg","contentUrl":"https:\/\/portaltela.pt\/s.01k8rhncp4jt1\/2026\/01\/img_1200x721uu2026-01-10-20-21-45-2414005-5.jpg","width":796,"height":448,"caption":"Diamantino, V\u00edtor Ba\u00eda e Fernando Mendes integraram o painel principal da 6.\u00aa edi\u00e7\u00e3o do Record Talks, em Leiria, no \u00e2mbito da Allianz Cup."},{"@type":"BreadcrumbList","@id":"https:\/\/portaltela.pt\/noticias\/2026\/01\/11\/diamantino-baia-e-mendes-revelam-melhores-colegas-de-equipa-com-quem-jogaram\/#breadcrumb","itemListElement":[{"@type":"ListItem","position":1,"name":"In\u00edcio","item":"https:\/\/portaltela.pt\/"},{"@type":"ListItem","position":2,"name":"Diamantino, Ba\u00eda e Mendes revelam melhores colegas de equipa com quem jogaram"}]},{"@type":"WebSite","@id":"https:\/\/portaltela.pt\/#website","url":"https:\/\/portaltela.pt\/","name":"Portal Tela Portugal","description":"","potentialAction":[{"@type":"SearchAction","target":{"@type":"EntryPoint","urlTemplate":"https:\/\/portaltela.pt\/?s={search_term_string}"},"query-input":{"@type":"PropertyValueSpecification","valueRequired":true,"valueName":"search_term_string"}}],"inLanguage":"pt-PT"},{"@type":"Person","@id":"https:\/\/portaltela.pt\/#\/schema\/person\/c4278d4a6028830caff9ee44b42d32ed","name":"Telinha","image":{"@type":"ImageObject","inLanguage":"pt-PT","@id":"https:\/\/portaltela.pt\/s.01k8rhncp4jt1\/2025\/11\/talking-bot-125x125.png","url":"https:\/\/portaltela.pt\/s.01k8rhncp4jt1\/2025\/11\/talking-bot-125x125.png","contentUrl":"https:\/\/portaltela.pt\/s.01k8rhncp4jt1\/2025\/11\/talking-bot-125x125.png","caption":"Telinha"},"sameAs":["https:\/\/portaltela.pt\/"],"url":"https:\/\/portaltela.pt\/por\/367410592786\/"}]}},"_links":{"self":[{"href":"https:\/\/portaltela.pt\/api\/wp\/v2\/posts\/134032","targetHints":{"allow":["GET"]}}],"collection":[{"href":"https:\/\/portaltela.pt\/api\/wp\/v2\/posts"}],"about":[{"href":"https:\/\/portaltela.pt\/api\/wp\/v2\/types\/post"}],"author":[{"embeddable":true,"href":"https:\/\/portaltela.pt\/api\/wp\/v2\/users\/2"}],"replies":[{"embeddable":true,"href":"https:\/\/portaltela.pt\/api\/wp\/v2\/comments?post=134032"}],"version-history":[{"count":0,"href":"https:\/\/portaltela.pt\/api\/wp\/v2\/posts\/134032\/revisions"}],"wp:featuredmedia":[{"embeddable":true,"href":"https:\/\/portaltela.pt\/api\/wp\/v2\/media\/134037"}],"wp:attachment":[{"href":"https:\/\/portaltela.pt\/api\/wp\/v2\/media?parent=134032"}],"wp:term":[{"taxonomy":"category","embeddable":true,"href":"https:\/\/portaltela.pt\/api\/wp\/v2\/categories?post=134032"},{"taxonomy":"post_tag","embeddable":true,"href":"https:\/\/portaltela.pt\/api\/wp\/v2\/tags?post=134032"}],"curies":[{"name":"wp","href":"https:\/\/api.w.org\/{rel}","templated":true}]}}