{"id":133993,"date":"2026-01-11T18:14:47","date_gmt":"2026-01-11T21:14:47","guid":{"rendered":"https:\/\/portaltela.pt\/noticias\/2026\/01\/11\/xxv-encontro-de-janeiras-realiza-se-na-igreja-da-misericordia-penalva-do-castelo\/"},"modified":"2026-01-11T18:14:47","modified_gmt":"2026-01-11T21:14:47","slug":"xxv-encontro-de-janeiras-realiza-se-na-igreja-da-misericordia-penalva-do-castelo","status":"publish","type":"post","link":"https:\/\/portaltela.pt\/noticias\/2026\/01\/11\/xxv-encontro-de-janeiras-realiza-se-na-igreja-da-misericordia-penalva-do-castelo\/","title":{"rendered":"XXV Encontro de Janeiras realiza-se na Igreja da Miseric\u00f3rdia, Penalva do Castelo"},"content":{"rendered":"<p>Realizou-se na Igreja da Miseric\u00f3rdia, em Penalva do Castelo, o XXV Encontro de Janeiras, organizado este ano pelo Grupo de Concertinas do D\u00e3o em parceria com a C\u00e2mara Municipal. O evento manteve viva a tradi\u00e7\u00e3o de cantar as Janeiras e os Reis.<\/p>\n<p>A lista de participantes incluiu o Grupo Coral Santa Casa Miseric\u00f3rdia, o Grupo Concertinas do D\u00e3o, o Grupo Cantares \u201cPena Alba\u201d, o Grupo Coral de Germil, a Tuna de S\u00e3o Martinho de Pindo, a Tuna Realense, a Associa\u00e7\u00e3o C.S.R.D. Uni\u00e3o Encoberta, a Associa\u00e7\u00e3o D.C. e Recreativa de Pindo e o Rancho Folcl\u00f3rico Penalva do Castelo.<\/p>\n<p>Nesta tarde, a celebra\u00e7\u00e3o preservou usos, costumes, cultura e a identidade dos Penalvenses. O presidente do munic\u00edpio, Jos\u00e9 Laires, agradeceu aos grupos, funcion\u00e1rios e \u00e0 comunidade que, ao longo de vinte e cinco anos, contribu\u00edram para o evento cultural.<\/p>\n<h3>Participantes e organiza\u00e7\u00e3o<\/h3>\n<p>A Tuna de S\u00e3o Martinho de Pindo organizou, em parceria com a C\u00e2mara Municipal, o primeiro encontro de Janeiras e manteve a presen\u00e7a constante ao longo dos anos, servindo como exemplo de dedica\u00e7\u00e3o \u00e0 m\u00fasica popular do Concelho de Penalva do Castelo.<\/p>\n<h3>Aprecia\u00e7\u00e3o institucional<\/h3>\n<p>O presidente da C\u00e2mara destacou a relev\u00e2ncia do encontro para a preserva\u00e7\u00e3o do patrim\u00f3nio cultural local e para o envolvimento da comunidade penalvense na defesa das tradi\u00e7\u00f5es.<\/p>\n","protected":false},"excerpt":{"rendered":"<ul>\n<li>Realizou-se na Igreja da Miseric\u00f3rdia em Penalva do Castelo o XXV Encontro de Janeiras, organizado pelo Grupo de Concertinas do D\u00e3o em parceria com a C\u00e2mara Municipal.<\/li>\n<li>Participaram v\u00e1rios grupos locais, incluindo o Grupo Coral Santa Casa Miseric\u00f3rdia, Grupo Concertinas do D\u00e3o, Grupo Cantares \u201cPena Alba\u201d, Grupo Coral de Germil, Tuna de S\u00e3o Martinho de Pindo, Tuna Realense, Associa\u00e7\u00e3o C.S.R.D.Uni\u00e3o Encoberta, Associa\u00e7\u00e3o D.C. e Recreativa de Pindo, e Rancho Folcl\u00f3rico Penalva do Castelo.<\/li>\n<li>A iniciativa manteve viva a tradi\u00e7\u00e3o de cantar as Janeiras e os Reis, preservando usos, costumes, cultura e identidade dos Penalvenses.<\/li>\n<li>O presidente do munic\u00edpio, Jos\u00e9 Laires, agradeceu aos grupos, funcion\u00e1rios e penalvenses pela organiza\u00e7\u00e3o e pela presen\u00e7a ao longo de vinte e cinco anos.<\/li>\n<li>Destacou-se a Tuna de S\u00e3o Martinho de Pindo, organizadora inicial do encontro em parceria com a C\u00e2mara Municipal, como exemplo de dedica\u00e7\u00e3o e resili\u00eancia na preserva\u00e7\u00e3o da m\u00fasica popular do concelho.<\/li>\n<\/ul>\n","protected":false},"author":2,"featured_media":134008,"comment_status":"closed","ping_status":"closed","sticky":false,"template":"","format":"standard","meta":{"footnotes":""},"categories":[1],"tags":[145,102,122,814,1721,146],"class_list":["post-133993","post","type-post","status-publish","format-standard","has-post-thumbnail","hentry","category-noticias","tag-cultura","tag-igreja","tag-musica","tag-patrimonio","tag-penalva-do-castelo","tag-tradicoes"],"yoast_head":"<!-- This site is optimized with the Yoast SEO plugin v27.2 - https:\/\/yoast.com\/product\/yoast-seo-wordpress\/ -->\n<title>XXV Encontro de Janeiras realiza-se na Igreja da Miseric\u00f3rdia, Penalva do Castelo - Portal Tela Portugal<\/title>\n<meta name=\"robots\" content=\"index, follow, max-snippet:-1, max-image-preview:large, max-video-preview:-1\" \/>\n<meta property=\"og:locale\" content=\"pt_PT\" \/>\n<meta property=\"og:type\" content=\"article\" \/>\n<meta property=\"og:title\" content=\"XXV Encontro de Janeiras realiza-se na Igreja da Miseric\u00f3rdia, Penalva do Castelo - Portal Tela Portugal\" \/>\n<meta property=\"og:description\" content=\"Realizou-se na Igreja da Miseric\u00f3rdia em Penalva do Castelo o XXV Encontro de Janeiras, organizado pelo Grupo de Concertinas do D\u00e3o em parceria com a C\u00e2mara Municipal. Participaram v\u00e1rios grupos locais, incluindo o Grupo Coral Santa Casa Miseric\u00f3rdia, Grupo Concertinas do D\u00e3o, Grupo Cantares \u201cPena Alba\u201d, Grupo Coral de Germil, Tuna de S\u00e3o Martinho de Pindo, Tuna Realense, Associa\u00e7\u00e3o C.S.R.D.Uni\u00e3o Encoberta, Associa\u00e7\u00e3o D.C. e Recreativa de Pindo, e Rancho Folcl\u00f3rico Penalva do Castelo. A iniciativa manteve viva a tradi\u00e7\u00e3o de cantar as Janeiras e os Reis, preservando usos, costumes, cultura e identidade dos Penalvenses. O presidente do munic\u00edpio, Jos\u00e9 Laires, agradeceu aos grupos, funcion\u00e1rios e penalvenses pela organiza\u00e7\u00e3o e pela presen\u00e7a ao longo de vinte e cinco anos. Destacou-se a Tuna de S\u00e3o Martinho de Pindo, organizadora inicial do encontro em parceria com a C\u00e2mara Municipal, como exemplo de dedica\u00e7\u00e3o e resili\u00eancia na preserva\u00e7\u00e3o da m\u00fasica popular do concelho.\" \/>\n<meta property=\"og:url\" content=\"https:\/\/portaltela.pt\/noticias\/2026\/01\/11\/xxv-encontro-de-janeiras-realiza-se-na-igreja-da-misericordia-penalva-do-castelo\/\" \/>\n<meta property=\"og:site_name\" content=\"Portal Tela Portugal\" \/>\n<meta property=\"article:published_time\" content=\"2026-01-11T21:14:47+00:00\" \/>\n<meta name=\"author\" content=\"Telinha\" \/>\n<meta name=\"twitter:card\" content=\"summary_large_image\" \/>\n<meta name=\"twitter:label1\" content=\"Escrito por\" \/>\n\t<meta name=\"twitter:data1\" content=\"Telinha\" \/>\n\t<meta name=\"twitter:label2\" content=\"Tempo estimado de leitura\" \/>\n\t<meta name=\"twitter:data2\" content=\"1 minuto\" \/>\n<script type=\"application\/ld+json\" class=\"yoast-schema-graph\">{\"@context\":\"https:\/\/schema.org\",\"@graph\":[{\"@type\":\"Article\",\"@id\":\"https:\/\/portaltela.pt\/noticias\/2026\/01\/11\/xxv-encontro-de-janeiras-realiza-se-na-igreja-da-misericordia-penalva-do-castelo\/#article\",\"isPartOf\":{\"@id\":\"https:\/\/portaltela.pt\/noticias\/2026\/01\/11\/xxv-encontro-de-janeiras-realiza-se-na-igreja-da-misericordia-penalva-do-castelo\/\"},\"author\":{\"name\":\"Telinha\",\"@id\":\"https:\/\/portaltela.pt\/#\/schema\/person\/c4278d4a6028830caff9ee44b42d32ed\"},\"headline\":\"XXV Encontro de Janeiras realiza-se na Igreja da Miseric\u00f3rdia, Penalva do Castelo\",\"datePublished\":\"2026-01-11T21:14:47+00:00\",\"mainEntityOfPage\":{\"@id\":\"https:\/\/portaltela.pt\/noticias\/2026\/01\/11\/xxv-encontro-de-janeiras-realiza-se-na-igreja-da-misericordia-penalva-do-castelo\/\"},\"wordCount\":252,\"image\":{\"@id\":\"https:\/\/portaltela.pt\/noticias\/2026\/01\/11\/xxv-encontro-de-janeiras-realiza-se-na-igreja-da-misericordia-penalva-do-castelo\/#primaryimage\"},\"thumbnailUrl\":\"https:\/\/portaltela.pt\/s.01k8rhncp4jt1\/2026\/01\/unnamed-file-2307.jpg\",\"keywords\":[\"cultura\",\"igreja\",\"m\u00fasica\",\"patrim\u00f3nio\",\"Penalva do Castelo\",\"tradi\u00e7\u00f5es\"],\"articleSection\":[\"Not\u00edcias\"],\"inLanguage\":\"pt-PT\"},{\"@type\":\"WebPage\",\"@id\":\"https:\/\/portaltela.pt\/noticias\/2026\/01\/11\/xxv-encontro-de-janeiras-realiza-se-na-igreja-da-misericordia-penalva-do-castelo\/\",\"url\":\"https:\/\/portaltela.pt\/noticias\/2026\/01\/11\/xxv-encontro-de-janeiras-realiza-se-na-igreja-da-misericordia-penalva-do-castelo\/\",\"name\":\"XXV Encontro de Janeiras realiza-se na Igreja da Miseric\u00f3rdia, Penalva do Castelo - Portal Tela Portugal\",\"isPartOf\":{\"@id\":\"https:\/\/portaltela.pt\/#website\"},\"primaryImageOfPage\":{\"@id\":\"https:\/\/portaltela.pt\/noticias\/2026\/01\/11\/xxv-encontro-de-janeiras-realiza-se-na-igreja-da-misericordia-penalva-do-castelo\/#primaryimage\"},\"image\":{\"@id\":\"https:\/\/portaltela.pt\/noticias\/2026\/01\/11\/xxv-encontro-de-janeiras-realiza-se-na-igreja-da-misericordia-penalva-do-castelo\/#primaryimage\"},\"thumbnailUrl\":\"https:\/\/portaltela.pt\/s.01k8rhncp4jt1\/2026\/01\/unnamed-file-2307.jpg\",\"datePublished\":\"2026-01-11T21:14:47+00:00\",\"author\":{\"@id\":\"https:\/\/portaltela.pt\/#\/schema\/person\/c4278d4a6028830caff9ee44b42d32ed\"},\"breadcrumb\":{\"@id\":\"https:\/\/portaltela.pt\/noticias\/2026\/01\/11\/xxv-encontro-de-janeiras-realiza-se-na-igreja-da-misericordia-penalva-do-castelo\/#breadcrumb\"},\"inLanguage\":\"pt-PT\",\"potentialAction\":[{\"@type\":\"ReadAction\",\"target\":[\"https:\/\/portaltela.pt\/noticias\/2026\/01\/11\/xxv-encontro-de-janeiras-realiza-se-na-igreja-da-misericordia-penalva-do-castelo\/\"]}]},{\"@type\":\"ImageObject\",\"inLanguage\":\"pt-PT\",\"@id\":\"https:\/\/portaltela.pt\/noticias\/2026\/01\/11\/xxv-encontro-de-janeiras-realiza-se-na-igreja-da-misericordia-penalva-do-castelo\/#primaryimage\",\"url\":\"https:\/\/portaltela.pt\/s.01k8rhncp4jt1\/2026\/01\/unnamed-file-2307.jpg\",\"contentUrl\":\"https:\/\/portaltela.pt\/s.01k8rhncp4jt1\/2026\/01\/unnamed-file-2307.jpg\",\"width\":796,\"height\":448,\"caption\":\"Realizou-se na Igreja da Miseric\u00f3rdia em Penalva do Castelo, o XXV Encontro de Janeiras\"},{\"@type\":\"BreadcrumbList\",\"@id\":\"https:\/\/portaltela.pt\/noticias\/2026\/01\/11\/xxv-encontro-de-janeiras-realiza-se-na-igreja-da-misericordia-penalva-do-castelo\/#breadcrumb\",\"itemListElement\":[{\"@type\":\"ListItem\",\"position\":1,\"name\":\"In\u00edcio\",\"item\":\"https:\/\/portaltela.pt\/\"},{\"@type\":\"ListItem\",\"position\":2,\"name\":\"XXV Encontro de Janeiras realiza-se na Igreja da Miseric\u00f3rdia, Penalva do Castelo\"}]},{\"@type\":\"WebSite\",\"@id\":\"https:\/\/portaltela.pt\/#website\",\"url\":\"https:\/\/portaltela.pt\/\",\"name\":\"Portal Tela Portugal\",\"description\":\"\",\"potentialAction\":[{\"@type\":\"SearchAction\",\"target\":{\"@type\":\"EntryPoint\",\"urlTemplate\":\"https:\/\/portaltela.pt\/?s={search_term_string}\"},\"query-input\":{\"@type\":\"PropertyValueSpecification\",\"valueRequired\":true,\"valueName\":\"search_term_string\"}}],\"inLanguage\":\"pt-PT\"},{\"@type\":\"Person\",\"@id\":\"https:\/\/portaltela.pt\/#\/schema\/person\/c4278d4a6028830caff9ee44b42d32ed\",\"name\":\"Telinha\",\"image\":{\"@type\":\"ImageObject\",\"inLanguage\":\"pt-PT\",\"@id\":\"https:\/\/portaltela.pt\/s.01k8rhncp4jt1\/2025\/11\/talking-bot-125x125.png\",\"url\":\"https:\/\/portaltela.pt\/s.01k8rhncp4jt1\/2025\/11\/talking-bot-125x125.png\",\"contentUrl\":\"https:\/\/portaltela.pt\/s.01k8rhncp4jt1\/2025\/11\/talking-bot-125x125.png\",\"caption\":\"Telinha\"},\"sameAs\":[\"https:\/\/portaltela.pt\/\"],\"url\":\"https:\/\/portaltela.pt\/por\/367410592786\/\"}]}<\/script>\n<!-- \/ Yoast SEO plugin. -->","yoast_head_json":{"title":"XXV Encontro de Janeiras realiza-se na Igreja da Miseric\u00f3rdia, Penalva do Castelo - Portal Tela Portugal","robots":{"index":"index","follow":"follow","max-snippet":"max-snippet:-1","max-image-preview":"max-image-preview:large","max-video-preview":"max-video-preview:-1"},"og_locale":"pt_PT","og_type":"article","og_title":"XXV Encontro de Janeiras realiza-se na Igreja da Miseric\u00f3rdia, Penalva do Castelo - Portal Tela Portugal","og_description":"Realizou-se na Igreja da Miseric\u00f3rdia em Penalva do Castelo o XXV Encontro de Janeiras, organizado pelo Grupo de Concertinas do D\u00e3o em parceria com a C\u00e2mara Municipal. Participaram v\u00e1rios grupos locais, incluindo o Grupo Coral Santa Casa Miseric\u00f3rdia, Grupo Concertinas do D\u00e3o, Grupo Cantares \u201cPena Alba\u201d, Grupo Coral de Germil, Tuna de S\u00e3o Martinho de Pindo, Tuna Realense, Associa\u00e7\u00e3o C.S.R.D.Uni\u00e3o Encoberta, Associa\u00e7\u00e3o D.C. e Recreativa de Pindo, e Rancho Folcl\u00f3rico Penalva do Castelo. A iniciativa manteve viva a tradi\u00e7\u00e3o de cantar as Janeiras e os Reis, preservando usos, costumes, cultura e identidade dos Penalvenses. O presidente do munic\u00edpio, Jos\u00e9 Laires, agradeceu aos grupos, funcion\u00e1rios e penalvenses pela organiza\u00e7\u00e3o e pela presen\u00e7a ao longo de vinte e cinco anos. Destacou-se a Tuna de S\u00e3o Martinho de Pindo, organizadora inicial do encontro em parceria com a C\u00e2mara Municipal, como exemplo de dedica\u00e7\u00e3o e resili\u00eancia na preserva\u00e7\u00e3o da m\u00fasica popular do concelho.","og_url":"https:\/\/portaltela.pt\/noticias\/2026\/01\/11\/xxv-encontro-de-janeiras-realiza-se-na-igreja-da-misericordia-penalva-do-castelo\/","og_site_name":"Portal Tela Portugal","article_published_time":"2026-01-11T21:14:47+00:00","author":"Telinha","twitter_card":"summary_large_image","twitter_misc":{"Escrito por":"Telinha","Tempo estimado de leitura":"1 minuto"},"schema":{"@context":"https:\/\/schema.org","@graph":[{"@type":"Article","@id":"https:\/\/portaltela.pt\/noticias\/2026\/01\/11\/xxv-encontro-de-janeiras-realiza-se-na-igreja-da-misericordia-penalva-do-castelo\/#article","isPartOf":{"@id":"https:\/\/portaltela.pt\/noticias\/2026\/01\/11\/xxv-encontro-de-janeiras-realiza-se-na-igreja-da-misericordia-penalva-do-castelo\/"},"author":{"name":"Telinha","@id":"https:\/\/portaltela.pt\/#\/schema\/person\/c4278d4a6028830caff9ee44b42d32ed"},"headline":"XXV Encontro de Janeiras realiza-se na Igreja da Miseric\u00f3rdia, Penalva do Castelo","datePublished":"2026-01-11T21:14:47+00:00","mainEntityOfPage":{"@id":"https:\/\/portaltela.pt\/noticias\/2026\/01\/11\/xxv-encontro-de-janeiras-realiza-se-na-igreja-da-misericordia-penalva-do-castelo\/"},"wordCount":252,"image":{"@id":"https:\/\/portaltela.pt\/noticias\/2026\/01\/11\/xxv-encontro-de-janeiras-realiza-se-na-igreja-da-misericordia-penalva-do-castelo\/#primaryimage"},"thumbnailUrl":"https:\/\/portaltela.pt\/s.01k8rhncp4jt1\/2026\/01\/unnamed-file-2307.jpg","keywords":["cultura","igreja","m\u00fasica","patrim\u00f3nio","Penalva do Castelo","tradi\u00e7\u00f5es"],"articleSection":["Not\u00edcias"],"inLanguage":"pt-PT"},{"@type":"WebPage","@id":"https:\/\/portaltela.pt\/noticias\/2026\/01\/11\/xxv-encontro-de-janeiras-realiza-se-na-igreja-da-misericordia-penalva-do-castelo\/","url":"https:\/\/portaltela.pt\/noticias\/2026\/01\/11\/xxv-encontro-de-janeiras-realiza-se-na-igreja-da-misericordia-penalva-do-castelo\/","name":"XXV Encontro de Janeiras realiza-se na Igreja da Miseric\u00f3rdia, Penalva do Castelo - Portal Tela Portugal","isPartOf":{"@id":"https:\/\/portaltela.pt\/#website"},"primaryImageOfPage":{"@id":"https:\/\/portaltela.pt\/noticias\/2026\/01\/11\/xxv-encontro-de-janeiras-realiza-se-na-igreja-da-misericordia-penalva-do-castelo\/#primaryimage"},"image":{"@id":"https:\/\/portaltela.pt\/noticias\/2026\/01\/11\/xxv-encontro-de-janeiras-realiza-se-na-igreja-da-misericordia-penalva-do-castelo\/#primaryimage"},"thumbnailUrl":"https:\/\/portaltela.pt\/s.01k8rhncp4jt1\/2026\/01\/unnamed-file-2307.jpg","datePublished":"2026-01-11T21:14:47+00:00","author":{"@id":"https:\/\/portaltela.pt\/#\/schema\/person\/c4278d4a6028830caff9ee44b42d32ed"},"breadcrumb":{"@id":"https:\/\/portaltela.pt\/noticias\/2026\/01\/11\/xxv-encontro-de-janeiras-realiza-se-na-igreja-da-misericordia-penalva-do-castelo\/#breadcrumb"},"inLanguage":"pt-PT","potentialAction":[{"@type":"ReadAction","target":["https:\/\/portaltela.pt\/noticias\/2026\/01\/11\/xxv-encontro-de-janeiras-realiza-se-na-igreja-da-misericordia-penalva-do-castelo\/"]}]},{"@type":"ImageObject","inLanguage":"pt-PT","@id":"https:\/\/portaltela.pt\/noticias\/2026\/01\/11\/xxv-encontro-de-janeiras-realiza-se-na-igreja-da-misericordia-penalva-do-castelo\/#primaryimage","url":"https:\/\/portaltela.pt\/s.01k8rhncp4jt1\/2026\/01\/unnamed-file-2307.jpg","contentUrl":"https:\/\/portaltela.pt\/s.01k8rhncp4jt1\/2026\/01\/unnamed-file-2307.jpg","width":796,"height":448,"caption":"Realizou-se na Igreja da Miseric\u00f3rdia em Penalva do Castelo, o XXV Encontro de Janeiras"},{"@type":"BreadcrumbList","@id":"https:\/\/portaltela.pt\/noticias\/2026\/01\/11\/xxv-encontro-de-janeiras-realiza-se-na-igreja-da-misericordia-penalva-do-castelo\/#breadcrumb","itemListElement":[{"@type":"ListItem","position":1,"name":"In\u00edcio","item":"https:\/\/portaltela.pt\/"},{"@type":"ListItem","position":2,"name":"XXV Encontro de Janeiras realiza-se na Igreja da Miseric\u00f3rdia, Penalva do Castelo"}]},{"@type":"WebSite","@id":"https:\/\/portaltela.pt\/#website","url":"https:\/\/portaltela.pt\/","name":"Portal Tela Portugal","description":"","potentialAction":[{"@type":"SearchAction","target":{"@type":"EntryPoint","urlTemplate":"https:\/\/portaltela.pt\/?s={search_term_string}"},"query-input":{"@type":"PropertyValueSpecification","valueRequired":true,"valueName":"search_term_string"}}],"inLanguage":"pt-PT"},{"@type":"Person","@id":"https:\/\/portaltela.pt\/#\/schema\/person\/c4278d4a6028830caff9ee44b42d32ed","name":"Telinha","image":{"@type":"ImageObject","inLanguage":"pt-PT","@id":"https:\/\/portaltela.pt\/s.01k8rhncp4jt1\/2025\/11\/talking-bot-125x125.png","url":"https:\/\/portaltela.pt\/s.01k8rhncp4jt1\/2025\/11\/talking-bot-125x125.png","contentUrl":"https:\/\/portaltela.pt\/s.01k8rhncp4jt1\/2025\/11\/talking-bot-125x125.png","caption":"Telinha"},"sameAs":["https:\/\/portaltela.pt\/"],"url":"https:\/\/portaltela.pt\/por\/367410592786\/"}]}},"_links":{"self":[{"href":"https:\/\/portaltela.pt\/api\/wp\/v2\/posts\/133993","targetHints":{"allow":["GET"]}}],"collection":[{"href":"https:\/\/portaltela.pt\/api\/wp\/v2\/posts"}],"about":[{"href":"https:\/\/portaltela.pt\/api\/wp\/v2\/types\/post"}],"author":[{"embeddable":true,"href":"https:\/\/portaltela.pt\/api\/wp\/v2\/users\/2"}],"replies":[{"embeddable":true,"href":"https:\/\/portaltela.pt\/api\/wp\/v2\/comments?post=133993"}],"version-history":[{"count":0,"href":"https:\/\/portaltela.pt\/api\/wp\/v2\/posts\/133993\/revisions"}],"wp:featuredmedia":[{"embeddable":true,"href":"https:\/\/portaltela.pt\/api\/wp\/v2\/media\/134008"}],"wp:attachment":[{"href":"https:\/\/portaltela.pt\/api\/wp\/v2\/media?parent=133993"}],"wp:term":[{"taxonomy":"category","embeddable":true,"href":"https:\/\/portaltela.pt\/api\/wp\/v2\/categories?post=133993"},{"taxonomy":"post_tag","embeddable":true,"href":"https:\/\/portaltela.pt\/api\/wp\/v2\/tags?post=133993"}],"curies":[{"name":"wp","href":"https:\/\/api.w.org\/{rel}","templated":true}]}}