{"id":133844,"date":"2026-01-10T21:00:00","date_gmt":"2026-01-11T00:00:00","guid":{"rendered":"https:\/\/portaltela.pt\/noticias\/2026\/01\/10\/resumo-das-noticias-das-20h-principais-acontecimentos-do-dia-7\/"},"modified":"2026-01-10T21:00:00","modified_gmt":"2026-01-11T00:00:00","slug":"resumo-das-noticias-das-20h-principais-acontecimentos-do-dia-7","status":"publish","type":"post","link":"https:\/\/portaltela.pt\/noticias\/politica\/2026\/01\/10\/resumo-das-noticias-das-20h-principais-acontecimentos-do-dia-7\/","title":{"rendered":"Resumo das not\u00edcias das 20h: principais acontecimentos do dia"},"content":{"rendered":"<p>Par\u00e1grafo 1<\/p>\n<p>A participa\u00e7\u00e3o no voto antecipado no Porto manteve-se em 73% ao longo do dia de hoje, com os n\u00fameros a serem atualizados \u00e0s 18h e novamente \u00e0s 20h. A informa\u00e7\u00e3o \u00e9 relevante para aferir o envolvimento dos eleitores nestas elei\u00e7\u00f5es.<\/p>\n<p>Par\u00e1grafo 2<\/p>\n<p>Marcelo Rebelo de Sousa j\u00e1 votou antecipadamente, segundo o Governo e entidades oficiais. A participa\u00e7\u00e3o no Porto surge entre os dados atualizados durante a manh\u00e3 e a tarde, mantendo o \u00edndice de 73% em hor\u00e1rios consecutivos.<\/p>\n<p>Par\u00e1grafo 3<\/p>\n<p>O movimento pol\u00edtico tamb\u00e9m acompanhou o dia com declara\u00e7\u00f5es de figuras p\u00fablicas. Cotrim acusou o PSD de press\u00e3o sobre militantes, numa den\u00fancia que tem vindo a ganhar relevo em diferentes momentos da jornada.<\/p>\n<h3>Voto antecipado e participa\u00e7\u00e3o<\/h3>\n<p>Par\u00e1grafo 4<\/p>\n<p>Ventura afirmou que o PS faz uma campanha baseada no medo, coment\u00e1rio que foi alvo de reac\u00e7\u00f5es entre os partidos. A tens\u00e3o entre candidaturas ficou marcada no decorrer das v\u00e1rias interven\u00e7\u00f5es p\u00fablicas.<\/p>\n<p>Par\u00e1grafo 5<\/p>\n<p>Gouveia e Melo disse que seria prefer\u00edvel vencer j\u00e1 na primeira volta, uma perspetiva repetida por quem acompanha o processo eleitoral, destacando o objetivo de resultado claro para o pa\u00eds.<\/p>\n<p>Par\u00e1grafo 6<\/p>\n<p>Seguro respondeu \u00e0s cr\u00edticas de Paulo Rangel, defendendo as pr\u00f3prias posi\u00e7\u00f5es e justificando as estrat\u00e9gias adoptadas pelos seus apoiantes no terreno.<\/p>\n<h3>Observat\u00f3rios e reflexos<\/h3>\n<p>Par\u00e1grafo 7<\/p>\n<p>Outra interven\u00e7\u00e3o relevante veio de Cotrim, com novo apontamento sobre alegadas press\u00f5es sobre militantes por parte do PSD, ampliando o foco de controv\u00e9rsia para o per\u00edodo de campanh\u0430.<\/p>\n<p>Par\u00e1grafo 8<\/p>\n<p>Marcelo Rebelo de Sousa, figura central neste processo, voltou a ser confirmado como tendo votado antecipadamente, numa leitura que se soma aos demais dados j\u00e1 divulgados.<\/p>\n<p>Par\u00e1grafo 9<\/p>\n<p>Marisa Matias descreveu as elei\u00e7\u00f5es como mais fragmentadas, apontando para a multiplicidade de candidaturas e o desfecho ainda por definir, sem estender conclus\u00f5es.<\/p>\n","protected":false},"excerpt":{"rendered":"<ul>\n<li>A participa\u00e7\u00e3o no voto antecipado no Porto ficou em 73% at\u00e9 \u00e0s 20h.<\/li>\n<li>O Presidente da Rep\u00fablica, Marcelo Rebelo de Sousa, j\u00e1 votou antecipadamente.<\/li>\n<li>Cotrim acusa o PSD de pressionar militantes, numa cr\u00edtica repetida ao longo do dia.<\/li>\n<li>Ventura afirma que o PS est\u00e1 a fazer campanha com base no medo.<\/li>\n<li>Marisa Matias diz que as elei\u00e7\u00f5es est\u00e3o mais fragmentadas.<\/li>\n<\/ul>\n","protected":false},"author":2,"featured_media":133850,"comment_status":"closed","ping_status":"closed","sticky":false,"template":"","format":"standard","meta":{"footnotes":""},"categories":[1,5],"tags":[68,2877,2811,982,2144,2458],"class_list":["post-133844","post","type-post","status-publish","format-standard","has-post-thumbnail","hentry","category-noticias","category-politica","tag-eleicoes","tag-marcelo-rebelo-de-sousa","tag-marisa-matias","tag-porto","tag-ps","tag-psd-cds"],"yoast_head":"<!-- This site is optimized with the Yoast SEO plugin v27.2 - https:\/\/yoast.com\/product\/yoast-seo-wordpress\/ -->\n<title>Resumo das not\u00edcias das 20h: principais acontecimentos do dia - Portal Tela Portugal<\/title>\n<meta name=\"robots\" content=\"index, follow, max-snippet:-1, max-image-preview:large, max-video-preview:-1\" \/>\n<meta property=\"og:locale\" content=\"pt_PT\" \/>\n<meta property=\"og:type\" content=\"article\" \/>\n<meta property=\"og:title\" content=\"Resumo das not\u00edcias das 20h: principais acontecimentos do dia - Portal Tela Portugal\" \/>\n<meta property=\"og:description\" content=\"A participa\u00e7\u00e3o no voto antecipado no Porto ficou em 73% at\u00e9 \u00e0s 20h. O Presidente da Rep\u00fablica, Marcelo Rebelo de Sousa, j\u00e1 votou antecipadamente. Cotrim acusa o PSD de pressionar militantes, numa cr\u00edtica repetida ao longo do dia. Ventura afirma que o PS est\u00e1 a fazer campanha com base no medo. Marisa Matias diz que as elei\u00e7\u00f5es est\u00e3o mais fragmentadas.\" \/>\n<meta property=\"og:url\" content=\"https:\/\/portaltela.pt\/noticias\/2026\/01\/10\/resumo-das-noticias-das-20h-principais-acontecimentos-do-dia-7\/\" \/>\n<meta property=\"og:site_name\" content=\"Portal Tela Portugal\" \/>\n<meta property=\"article:published_time\" content=\"2026-01-11T00:00:00+00:00\" \/>\n<meta name=\"author\" content=\"Telinha\" \/>\n<meta name=\"twitter:card\" content=\"summary_large_image\" \/>\n<meta name=\"twitter:label1\" content=\"Escrito por\" \/>\n\t<meta name=\"twitter:data1\" content=\"Telinha\" \/>\n\t<meta name=\"twitter:label2\" content=\"Tempo estimado de leitura\" \/>\n\t<meta name=\"twitter:data2\" content=\"2 minutos\" \/>\n<script type=\"application\/ld+json\" class=\"yoast-schema-graph\">{\"@context\":\"https:\/\/schema.org\",\"@graph\":[{\"@type\":\"Article\",\"@id\":\"https:\/\/portaltela.pt\/noticias\/2026\/01\/10\/resumo-das-noticias-das-20h-principais-acontecimentos-do-dia-7\/#article\",\"isPartOf\":{\"@id\":\"https:\/\/portaltela.pt\/noticias\/2026\/01\/10\/resumo-das-noticias-das-20h-principais-acontecimentos-do-dia-7\/\"},\"author\":{\"name\":\"Telinha\",\"@id\":\"https:\/\/portaltela.pt\/#\/schema\/person\/c4278d4a6028830caff9ee44b42d32ed\"},\"headline\":\"Resumo das not\u00edcias das 20h: principais acontecimentos do dia\",\"datePublished\":\"2026-01-11T00:00:00+00:00\",\"mainEntityOfPage\":{\"@id\":\"https:\/\/portaltela.pt\/noticias\/2026\/01\/10\/resumo-das-noticias-das-20h-principais-acontecimentos-do-dia-7\/\"},\"wordCount\":333,\"image\":{\"@id\":\"https:\/\/portaltela.pt\/noticias\/2026\/01\/10\/resumo-das-noticias-das-20h-principais-acontecimentos-do-dia-7\/#primaryimage\"},\"thumbnailUrl\":\"https:\/\/portaltela.pt\/s.01k8rhncp4jt1\/2026\/01\/770-podcast-noticiario-153.jpg\",\"keywords\":[\"elei\u00e7\u00f5es\",\"Marcelo Rebelo de Sousa\",\"Marisa Matias\",\"Porto\",\"PS\",\"PSD\/CDS\"],\"articleSection\":[\"Not\u00edcias\",\"Pol\u00edtica\"],\"inLanguage\":\"pt-PT\"},{\"@type\":\"WebPage\",\"@id\":\"https:\/\/portaltela.pt\/noticias\/2026\/01\/10\/resumo-das-noticias-das-20h-principais-acontecimentos-do-dia-7\/\",\"url\":\"https:\/\/portaltela.pt\/noticias\/2026\/01\/10\/resumo-das-noticias-das-20h-principais-acontecimentos-do-dia-7\/\",\"name\":\"Resumo das not\u00edcias das 20h: principais acontecimentos do dia - Portal Tela Portugal\",\"isPartOf\":{\"@id\":\"https:\/\/portaltela.pt\/#website\"},\"primaryImageOfPage\":{\"@id\":\"https:\/\/portaltela.pt\/noticias\/2026\/01\/10\/resumo-das-noticias-das-20h-principais-acontecimentos-do-dia-7\/#primaryimage\"},\"image\":{\"@id\":\"https:\/\/portaltela.pt\/noticias\/2026\/01\/10\/resumo-das-noticias-das-20h-principais-acontecimentos-do-dia-7\/#primaryimage\"},\"thumbnailUrl\":\"https:\/\/portaltela.pt\/s.01k8rhncp4jt1\/2026\/01\/770-podcast-noticiario-153.jpg\",\"datePublished\":\"2026-01-11T00:00:00+00:00\",\"author\":{\"@id\":\"https:\/\/portaltela.pt\/#\/schema\/person\/c4278d4a6028830caff9ee44b42d32ed\"},\"breadcrumb\":{\"@id\":\"https:\/\/portaltela.pt\/noticias\/2026\/01\/10\/resumo-das-noticias-das-20h-principais-acontecimentos-do-dia-7\/#breadcrumb\"},\"inLanguage\":\"pt-PT\",\"potentialAction\":[{\"@type\":\"ReadAction\",\"target\":[\"https:\/\/portaltela.pt\/noticias\/2026\/01\/10\/resumo-das-noticias-das-20h-principais-acontecimentos-do-dia-7\/\"]}]},{\"@type\":\"ImageObject\",\"inLanguage\":\"pt-PT\",\"@id\":\"https:\/\/portaltela.pt\/noticias\/2026\/01\/10\/resumo-das-noticias-das-20h-principais-acontecimentos-do-dia-7\/#primaryimage\",\"url\":\"https:\/\/portaltela.pt\/s.01k8rhncp4jt1\/2026\/01\/770-podcast-noticiario-153.jpg\",\"contentUrl\":\"https:\/\/portaltela.pt\/s.01k8rhncp4jt1\/2026\/01\/770-podcast-noticiario-153.jpg\",\"width\":796,\"height\":448,\"caption\":\"Capa do programa\"},{\"@type\":\"BreadcrumbList\",\"@id\":\"https:\/\/portaltela.pt\/noticias\/2026\/01\/10\/resumo-das-noticias-das-20h-principais-acontecimentos-do-dia-7\/#breadcrumb\",\"itemListElement\":[{\"@type\":\"ListItem\",\"position\":1,\"name\":\"In\u00edcio\",\"item\":\"https:\/\/portaltela.pt\/\"},{\"@type\":\"ListItem\",\"position\":2,\"name\":\"Resumo das not\u00edcias das 20h: principais acontecimentos do dia\"}]},{\"@type\":\"WebSite\",\"@id\":\"https:\/\/portaltela.pt\/#website\",\"url\":\"https:\/\/portaltela.pt\/\",\"name\":\"Portal Tela Portugal\",\"description\":\"\",\"potentialAction\":[{\"@type\":\"SearchAction\",\"target\":{\"@type\":\"EntryPoint\",\"urlTemplate\":\"https:\/\/portaltela.pt\/?s={search_term_string}\"},\"query-input\":{\"@type\":\"PropertyValueSpecification\",\"valueRequired\":true,\"valueName\":\"search_term_string\"}}],\"inLanguage\":\"pt-PT\"},{\"@type\":\"Person\",\"@id\":\"https:\/\/portaltela.pt\/#\/schema\/person\/c4278d4a6028830caff9ee44b42d32ed\",\"name\":\"Telinha\",\"image\":{\"@type\":\"ImageObject\",\"inLanguage\":\"pt-PT\",\"@id\":\"https:\/\/portaltela.pt\/s.01k8rhncp4jt1\/2025\/11\/talking-bot-125x125.png\",\"url\":\"https:\/\/portaltela.pt\/s.01k8rhncp4jt1\/2025\/11\/talking-bot-125x125.png\",\"contentUrl\":\"https:\/\/portaltela.pt\/s.01k8rhncp4jt1\/2025\/11\/talking-bot-125x125.png\",\"caption\":\"Telinha\"},\"sameAs\":[\"https:\/\/portaltela.pt\/\"],\"url\":\"https:\/\/portaltela.pt\/por\/367410592786\/\"}]}<\/script>\n<!-- \/ Yoast SEO plugin. -->","yoast_head_json":{"title":"Resumo das not\u00edcias das 20h: principais acontecimentos do dia - Portal Tela Portugal","robots":{"index":"index","follow":"follow","max-snippet":"max-snippet:-1","max-image-preview":"max-image-preview:large","max-video-preview":"max-video-preview:-1"},"og_locale":"pt_PT","og_type":"article","og_title":"Resumo das not\u00edcias das 20h: principais acontecimentos do dia - Portal Tela Portugal","og_description":"A participa\u00e7\u00e3o no voto antecipado no Porto ficou em 73% at\u00e9 \u00e0s 20h. O Presidente da Rep\u00fablica, Marcelo Rebelo de Sousa, j\u00e1 votou antecipadamente. Cotrim acusa o PSD de pressionar militantes, numa cr\u00edtica repetida ao longo do dia. Ventura afirma que o PS est\u00e1 a fazer campanha com base no medo. Marisa Matias diz que as elei\u00e7\u00f5es est\u00e3o mais fragmentadas.","og_url":"https:\/\/portaltela.pt\/noticias\/2026\/01\/10\/resumo-das-noticias-das-20h-principais-acontecimentos-do-dia-7\/","og_site_name":"Portal Tela Portugal","article_published_time":"2026-01-11T00:00:00+00:00","author":"Telinha","twitter_card":"summary_large_image","twitter_misc":{"Escrito por":"Telinha","Tempo estimado de leitura":"2 minutos"},"schema":{"@context":"https:\/\/schema.org","@graph":[{"@type":"Article","@id":"https:\/\/portaltela.pt\/noticias\/2026\/01\/10\/resumo-das-noticias-das-20h-principais-acontecimentos-do-dia-7\/#article","isPartOf":{"@id":"https:\/\/portaltela.pt\/noticias\/2026\/01\/10\/resumo-das-noticias-das-20h-principais-acontecimentos-do-dia-7\/"},"author":{"name":"Telinha","@id":"https:\/\/portaltela.pt\/#\/schema\/person\/c4278d4a6028830caff9ee44b42d32ed"},"headline":"Resumo das not\u00edcias das 20h: principais acontecimentos do dia","datePublished":"2026-01-11T00:00:00+00:00","mainEntityOfPage":{"@id":"https:\/\/portaltela.pt\/noticias\/2026\/01\/10\/resumo-das-noticias-das-20h-principais-acontecimentos-do-dia-7\/"},"wordCount":333,"image":{"@id":"https:\/\/portaltela.pt\/noticias\/2026\/01\/10\/resumo-das-noticias-das-20h-principais-acontecimentos-do-dia-7\/#primaryimage"},"thumbnailUrl":"https:\/\/portaltela.pt\/s.01k8rhncp4jt1\/2026\/01\/770-podcast-noticiario-153.jpg","keywords":["elei\u00e7\u00f5es","Marcelo Rebelo de Sousa","Marisa Matias","Porto","PS","PSD\/CDS"],"articleSection":["Not\u00edcias","Pol\u00edtica"],"inLanguage":"pt-PT"},{"@type":"WebPage","@id":"https:\/\/portaltela.pt\/noticias\/2026\/01\/10\/resumo-das-noticias-das-20h-principais-acontecimentos-do-dia-7\/","url":"https:\/\/portaltela.pt\/noticias\/2026\/01\/10\/resumo-das-noticias-das-20h-principais-acontecimentos-do-dia-7\/","name":"Resumo das not\u00edcias das 20h: principais acontecimentos do dia - Portal Tela Portugal","isPartOf":{"@id":"https:\/\/portaltela.pt\/#website"},"primaryImageOfPage":{"@id":"https:\/\/portaltela.pt\/noticias\/2026\/01\/10\/resumo-das-noticias-das-20h-principais-acontecimentos-do-dia-7\/#primaryimage"},"image":{"@id":"https:\/\/portaltela.pt\/noticias\/2026\/01\/10\/resumo-das-noticias-das-20h-principais-acontecimentos-do-dia-7\/#primaryimage"},"thumbnailUrl":"https:\/\/portaltela.pt\/s.01k8rhncp4jt1\/2026\/01\/770-podcast-noticiario-153.jpg","datePublished":"2026-01-11T00:00:00+00:00","author":{"@id":"https:\/\/portaltela.pt\/#\/schema\/person\/c4278d4a6028830caff9ee44b42d32ed"},"breadcrumb":{"@id":"https:\/\/portaltela.pt\/noticias\/2026\/01\/10\/resumo-das-noticias-das-20h-principais-acontecimentos-do-dia-7\/#breadcrumb"},"inLanguage":"pt-PT","potentialAction":[{"@type":"ReadAction","target":["https:\/\/portaltela.pt\/noticias\/2026\/01\/10\/resumo-das-noticias-das-20h-principais-acontecimentos-do-dia-7\/"]}]},{"@type":"ImageObject","inLanguage":"pt-PT","@id":"https:\/\/portaltela.pt\/noticias\/2026\/01\/10\/resumo-das-noticias-das-20h-principais-acontecimentos-do-dia-7\/#primaryimage","url":"https:\/\/portaltela.pt\/s.01k8rhncp4jt1\/2026\/01\/770-podcast-noticiario-153.jpg","contentUrl":"https:\/\/portaltela.pt\/s.01k8rhncp4jt1\/2026\/01\/770-podcast-noticiario-153.jpg","width":796,"height":448,"caption":"Capa do programa"},{"@type":"BreadcrumbList","@id":"https:\/\/portaltela.pt\/noticias\/2026\/01\/10\/resumo-das-noticias-das-20h-principais-acontecimentos-do-dia-7\/#breadcrumb","itemListElement":[{"@type":"ListItem","position":1,"name":"In\u00edcio","item":"https:\/\/portaltela.pt\/"},{"@type":"ListItem","position":2,"name":"Resumo das not\u00edcias das 20h: principais acontecimentos do dia"}]},{"@type":"WebSite","@id":"https:\/\/portaltela.pt\/#website","url":"https:\/\/portaltela.pt\/","name":"Portal Tela Portugal","description":"","potentialAction":[{"@type":"SearchAction","target":{"@type":"EntryPoint","urlTemplate":"https:\/\/portaltela.pt\/?s={search_term_string}"},"query-input":{"@type":"PropertyValueSpecification","valueRequired":true,"valueName":"search_term_string"}}],"inLanguage":"pt-PT"},{"@type":"Person","@id":"https:\/\/portaltela.pt\/#\/schema\/person\/c4278d4a6028830caff9ee44b42d32ed","name":"Telinha","image":{"@type":"ImageObject","inLanguage":"pt-PT","@id":"https:\/\/portaltela.pt\/s.01k8rhncp4jt1\/2025\/11\/talking-bot-125x125.png","url":"https:\/\/portaltela.pt\/s.01k8rhncp4jt1\/2025\/11\/talking-bot-125x125.png","contentUrl":"https:\/\/portaltela.pt\/s.01k8rhncp4jt1\/2025\/11\/talking-bot-125x125.png","caption":"Telinha"},"sameAs":["https:\/\/portaltela.pt\/"],"url":"https:\/\/portaltela.pt\/por\/367410592786\/"}]}},"_links":{"self":[{"href":"https:\/\/portaltela.pt\/api\/wp\/v2\/posts\/133844","targetHints":{"allow":["GET"]}}],"collection":[{"href":"https:\/\/portaltela.pt\/api\/wp\/v2\/posts"}],"about":[{"href":"https:\/\/portaltela.pt\/api\/wp\/v2\/types\/post"}],"author":[{"embeddable":true,"href":"https:\/\/portaltela.pt\/api\/wp\/v2\/users\/2"}],"replies":[{"embeddable":true,"href":"https:\/\/portaltela.pt\/api\/wp\/v2\/comments?post=133844"}],"version-history":[{"count":0,"href":"https:\/\/portaltela.pt\/api\/wp\/v2\/posts\/133844\/revisions"}],"wp:featuredmedia":[{"embeddable":true,"href":"https:\/\/portaltela.pt\/api\/wp\/v2\/media\/133850"}],"wp:attachment":[{"href":"https:\/\/portaltela.pt\/api\/wp\/v2\/media?parent=133844"}],"wp:term":[{"taxonomy":"category","embeddable":true,"href":"https:\/\/portaltela.pt\/api\/wp\/v2\/categories?post=133844"},{"taxonomy":"post_tag","embeddable":true,"href":"https:\/\/portaltela.pt\/api\/wp\/v2\/tags?post=133844"}],"curies":[{"name":"wp","href":"https:\/\/api.w.org\/{rel}","templated":true}]}}