{"id":133741,"date":"2026-01-11T16:25:00","date_gmt":"2026-01-11T19:25:00","guid":{"rendered":"https:\/\/portaltela.pt\/noticias\/2026\/01\/11\/oficial-de-justica-julgado-por-dizer-que-magistradas-eram-lesbicas\/"},"modified":"2026-01-11T16:25:00","modified_gmt":"2026-01-11T19:25:00","slug":"oficial-de-justica-julgado-por-dizer-que-magistradas-eram-lesbicas","status":"publish","type":"post","link":"https:\/\/portaltela.pt\/noticias\/2026\/01\/11\/oficial-de-justica-julgado-por-dizer-que-magistradas-eram-lesbicas\/","title":{"rendered":"Oficial de justi\u00e7a julgado por dizer que magistradas eram l\u00e9sbicas"},"content":{"rendered":"<p>O Tribunal de Vila Nova de Cerveira iniciou, na ter\u00e7a-feira, o julgamento de um oficial de justi\u00e7a do ju\u00edzo local, acusado de difamar com cal\u00fania duas procuradoras do Minist\u00e9rio P\u00fablico de Viana do Castelo. A acusa\u00e7\u00e3o sustenta que o funcion\u00e1rio afirmou ter recebido information sobre serem l\u00e9sbicas.<\/p>\n<p>Segundo a acusa\u00e7\u00e3o, o caso ocorreu em mar\u00e7o de 2023, quando o oficial de justi\u00e7a ter\u00e1 contactado uma procuradora do Tribunal de Paredes de Coura. Alegadamente, admitiu ter ouvido de terceiros que aquela magistrada, e outra colega, seriam l\u00e9sbicas.<\/p>\n<p>A Procuradoria alega ainda que o arguido sustentou que uma pessoa lhe disse ter visto a procuradora despedir-se da colega com um beijo na boca. O processo tramita no \u00e2mbito do ju\u00edzo local de Vila Nova de Cerveira, com o Minist\u00e9rio P\u00fablico a sustentar os factos que avalizam a den\u00fancia.<\/p>\n<p>O julgamento envolve as alega\u00e7\u00f5es de difama\u00e7\u00e3o e cal\u00fania contra as duas procuradoras, que n\u00e3o foram identificadas publicamente. O caso levanta quest\u00f5es sobre direitos, reputa\u00e7\u00e3o profissional e limites da comunica\u00e7\u00e3o entre funcion\u00e1rios do sistema judici\u00e1rio.<\/p>\n","protected":false},"excerpt":{"rendered":"<ul>\n<li>O Tribunal de Vila Nova de Cerveira iniciou, na ter\u00e7a-feira, o julgamento de um oficial de justi\u00e7a acusado de difamar com cal\u00fania duas procuradoras do Minist\u00e9rio P\u00fablico de Viana do Castelo.<\/li>\n<li>A acusa\u00e7\u00e3o sustenta que, em mar\u00e7o de 2023, o funcion\u00e1rio afirmou ter ouvido que as duas magistradas seriam l\u00e9sbicas.<\/li>\n<li>Diz ainda que alegou ter sido testemunha de algu\u00e9m que viu uma magistrada despedir-se da colega com um beijo na boca.<\/li>\n<li>A acusa\u00e7\u00e3o afirma que as declara\u00e7\u00f5es teriam difamado as procuradoras, tornando-as alvo de boatos e ju\u00edzos indevidos.<\/li>\n<\/ul>\n","protected":false},"author":2,"featured_media":133745,"comment_status":"closed","ping_status":"closed","sticky":false,"template":"","format":"standard","meta":{"footnotes":""},"categories":[1],"tags":[2442,1121,803,2613,2701,1530],"class_list":["post-133741","post","type-post","status-publish","format-standard","has-post-thumbnail","hentry","category-noticias","tag-difamacao","tag-difamacao-agravada","tag-justica","tag-ministerio-publico","tag-mulheres","tag-viana-do-castelo"],"yoast_head":"<!-- This site is optimized with the Yoast SEO plugin v27.2 - https:\/\/yoast.com\/product\/yoast-seo-wordpress\/ -->\n<title>Oficial de justi\u00e7a julgado por dizer que magistradas eram l\u00e9sbicas - Portal Tela Portugal<\/title>\n<meta name=\"robots\" content=\"index, follow, max-snippet:-1, max-image-preview:large, max-video-preview:-1\" \/>\n<meta property=\"og:locale\" content=\"pt_PT\" \/>\n<meta property=\"og:type\" content=\"article\" \/>\n<meta property=\"og:title\" content=\"Oficial de justi\u00e7a julgado por dizer que magistradas eram l\u00e9sbicas - Portal Tela Portugal\" \/>\n<meta property=\"og:description\" content=\"O Tribunal de Vila Nova de Cerveira iniciou, na ter\u00e7a-feira, o julgamento de um oficial de justi\u00e7a acusado de difamar com cal\u00fania duas procuradoras do Minist\u00e9rio P\u00fablico de Viana do Castelo. A acusa\u00e7\u00e3o sustenta que, em mar\u00e7o de 2023, o funcion\u00e1rio afirmou ter ouvido que as duas magistradas seriam l\u00e9sbicas. Diz ainda que alegou ter sido testemunha de algu\u00e9m que viu uma magistrada despedir-se da colega com um beijo na boca. A acusa\u00e7\u00e3o afirma que as declara\u00e7\u00f5es teriam difamado as procuradoras, tornando-as alvo de boatos e ju\u00edzos indevidos.\" \/>\n<meta property=\"og:url\" content=\"https:\/\/portaltela.pt\/noticias\/2026\/01\/11\/oficial-de-justica-julgado-por-dizer-que-magistradas-eram-lesbicas\/\" \/>\n<meta property=\"og:site_name\" content=\"Portal Tela Portugal\" \/>\n<meta property=\"article:published_time\" content=\"2026-01-11T19:25:00+00:00\" \/>\n<meta name=\"author\" content=\"Telinha\" \/>\n<meta name=\"twitter:card\" content=\"summary_large_image\" \/>\n<meta name=\"twitter:label1\" content=\"Escrito por\" \/>\n\t<meta name=\"twitter:data1\" content=\"Telinha\" \/>\n\t<meta name=\"twitter:label2\" content=\"Tempo estimado de leitura\" \/>\n\t<meta name=\"twitter:data2\" content=\"1 minuto\" \/>\n<script type=\"application\/ld+json\" class=\"yoast-schema-graph\">{\"@context\":\"https:\/\/schema.org\",\"@graph\":[{\"@type\":\"Article\",\"@id\":\"https:\/\/portaltela.pt\/noticias\/2026\/01\/11\/oficial-de-justica-julgado-por-dizer-que-magistradas-eram-lesbicas\/#article\",\"isPartOf\":{\"@id\":\"https:\/\/portaltela.pt\/noticias\/2026\/01\/11\/oficial-de-justica-julgado-por-dizer-que-magistradas-eram-lesbicas\/\"},\"author\":{\"name\":\"Telinha\",\"@id\":\"https:\/\/portaltela.pt\/#\/schema\/person\/c4278d4a6028830caff9ee44b42d32ed\"},\"headline\":\"Oficial de justi\u00e7a julgado por dizer que magistradas eram l\u00e9sbicas\",\"datePublished\":\"2026-01-11T19:25:00+00:00\",\"mainEntityOfPage\":{\"@id\":\"https:\/\/portaltela.pt\/noticias\/2026\/01\/11\/oficial-de-justica-julgado-por-dizer-que-magistradas-eram-lesbicas\/\"},\"wordCount\":208,\"image\":{\"@id\":\"https:\/\/portaltela.pt\/noticias\/2026\/01\/11\/oficial-de-justica-julgado-por-dizer-que-magistradas-eram-lesbicas\/#primaryimage\"},\"thumbnailUrl\":\"https:\/\/portaltela.pt\/s.01k8rhncp4jt1\/2026\/01\/image-662.jpg\",\"keywords\":[\"difama\u00e7\u00e3o\",\"difama\u00e7\u00e3o agravada\",\"justi\u00e7a\",\"Minist\u00e9rio P\u00fablico\",\"Mulheres\",\"Viana do Castelo\"],\"articleSection\":[\"Not\u00edcias\"],\"inLanguage\":\"pt-PT\"},{\"@type\":\"WebPage\",\"@id\":\"https:\/\/portaltela.pt\/noticias\/2026\/01\/11\/oficial-de-justica-julgado-por-dizer-que-magistradas-eram-lesbicas\/\",\"url\":\"https:\/\/portaltela.pt\/noticias\/2026\/01\/11\/oficial-de-justica-julgado-por-dizer-que-magistradas-eram-lesbicas\/\",\"name\":\"Oficial de justi\u00e7a julgado por dizer que magistradas eram l\u00e9sbicas - Portal Tela Portugal\",\"isPartOf\":{\"@id\":\"https:\/\/portaltela.pt\/#website\"},\"primaryImageOfPage\":{\"@id\":\"https:\/\/portaltela.pt\/noticias\/2026\/01\/11\/oficial-de-justica-julgado-por-dizer-que-magistradas-eram-lesbicas\/#primaryimage\"},\"image\":{\"@id\":\"https:\/\/portaltela.pt\/noticias\/2026\/01\/11\/oficial-de-justica-julgado-por-dizer-que-magistradas-eram-lesbicas\/#primaryimage\"},\"thumbnailUrl\":\"https:\/\/portaltela.pt\/s.01k8rhncp4jt1\/2026\/01\/image-662.jpg\",\"datePublished\":\"2026-01-11T19:25:00+00:00\",\"author\":{\"@id\":\"https:\/\/portaltela.pt\/#\/schema\/person\/c4278d4a6028830caff9ee44b42d32ed\"},\"breadcrumb\":{\"@id\":\"https:\/\/portaltela.pt\/noticias\/2026\/01\/11\/oficial-de-justica-julgado-por-dizer-que-magistradas-eram-lesbicas\/#breadcrumb\"},\"inLanguage\":\"pt-PT\",\"potentialAction\":[{\"@type\":\"ReadAction\",\"target\":[\"https:\/\/portaltela.pt\/noticias\/2026\/01\/11\/oficial-de-justica-julgado-por-dizer-que-magistradas-eram-lesbicas\/\"]}]},{\"@type\":\"ImageObject\",\"inLanguage\":\"pt-PT\",\"@id\":\"https:\/\/portaltela.pt\/noticias\/2026\/01\/11\/oficial-de-justica-julgado-por-dizer-que-magistradas-eram-lesbicas\/#primaryimage\",\"url\":\"https:\/\/portaltela.pt\/s.01k8rhncp4jt1\/2026\/01\/image-662.jpg\",\"contentUrl\":\"https:\/\/portaltela.pt\/s.01k8rhncp4jt1\/2026\/01\/image-662.jpg\",\"width\":796,\"height\":448,\"caption\":\"Caso vai ser julgado no Tribunal de Vila Nova de Cerveira\"},{\"@type\":\"BreadcrumbList\",\"@id\":\"https:\/\/portaltela.pt\/noticias\/2026\/01\/11\/oficial-de-justica-julgado-por-dizer-que-magistradas-eram-lesbicas\/#breadcrumb\",\"itemListElement\":[{\"@type\":\"ListItem\",\"position\":1,\"name\":\"In\u00edcio\",\"item\":\"https:\/\/portaltela.pt\/\"},{\"@type\":\"ListItem\",\"position\":2,\"name\":\"Oficial de justi\u00e7a julgado por dizer que magistradas eram l\u00e9sbicas\"}]},{\"@type\":\"WebSite\",\"@id\":\"https:\/\/portaltela.pt\/#website\",\"url\":\"https:\/\/portaltela.pt\/\",\"name\":\"Portal Tela Portugal\",\"description\":\"\",\"potentialAction\":[{\"@type\":\"SearchAction\",\"target\":{\"@type\":\"EntryPoint\",\"urlTemplate\":\"https:\/\/portaltela.pt\/?s={search_term_string}\"},\"query-input\":{\"@type\":\"PropertyValueSpecification\",\"valueRequired\":true,\"valueName\":\"search_term_string\"}}],\"inLanguage\":\"pt-PT\"},{\"@type\":\"Person\",\"@id\":\"https:\/\/portaltela.pt\/#\/schema\/person\/c4278d4a6028830caff9ee44b42d32ed\",\"name\":\"Telinha\",\"image\":{\"@type\":\"ImageObject\",\"inLanguage\":\"pt-PT\",\"@id\":\"https:\/\/portaltela.pt\/s.01k8rhncp4jt1\/2025\/11\/talking-bot-125x125.png\",\"url\":\"https:\/\/portaltela.pt\/s.01k8rhncp4jt1\/2025\/11\/talking-bot-125x125.png\",\"contentUrl\":\"https:\/\/portaltela.pt\/s.01k8rhncp4jt1\/2025\/11\/talking-bot-125x125.png\",\"caption\":\"Telinha\"},\"sameAs\":[\"https:\/\/portaltela.pt\/\"],\"url\":\"https:\/\/portaltela.pt\/por\/367410592786\/\"}]}<\/script>\n<!-- \/ Yoast SEO plugin. -->","yoast_head_json":{"title":"Oficial de justi\u00e7a julgado por dizer que magistradas eram l\u00e9sbicas - Portal Tela Portugal","robots":{"index":"index","follow":"follow","max-snippet":"max-snippet:-1","max-image-preview":"max-image-preview:large","max-video-preview":"max-video-preview:-1"},"og_locale":"pt_PT","og_type":"article","og_title":"Oficial de justi\u00e7a julgado por dizer que magistradas eram l\u00e9sbicas - Portal Tela Portugal","og_description":"O Tribunal de Vila Nova de Cerveira iniciou, na ter\u00e7a-feira, o julgamento de um oficial de justi\u00e7a acusado de difamar com cal\u00fania duas procuradoras do Minist\u00e9rio P\u00fablico de Viana do Castelo. A acusa\u00e7\u00e3o sustenta que, em mar\u00e7o de 2023, o funcion\u00e1rio afirmou ter ouvido que as duas magistradas seriam l\u00e9sbicas. Diz ainda que alegou ter sido testemunha de algu\u00e9m que viu uma magistrada despedir-se da colega com um beijo na boca. A acusa\u00e7\u00e3o afirma que as declara\u00e7\u00f5es teriam difamado as procuradoras, tornando-as alvo de boatos e ju\u00edzos indevidos.","og_url":"https:\/\/portaltela.pt\/noticias\/2026\/01\/11\/oficial-de-justica-julgado-por-dizer-que-magistradas-eram-lesbicas\/","og_site_name":"Portal Tela Portugal","article_published_time":"2026-01-11T19:25:00+00:00","author":"Telinha","twitter_card":"summary_large_image","twitter_misc":{"Escrito por":"Telinha","Tempo estimado de leitura":"1 minuto"},"schema":{"@context":"https:\/\/schema.org","@graph":[{"@type":"Article","@id":"https:\/\/portaltela.pt\/noticias\/2026\/01\/11\/oficial-de-justica-julgado-por-dizer-que-magistradas-eram-lesbicas\/#article","isPartOf":{"@id":"https:\/\/portaltela.pt\/noticias\/2026\/01\/11\/oficial-de-justica-julgado-por-dizer-que-magistradas-eram-lesbicas\/"},"author":{"name":"Telinha","@id":"https:\/\/portaltela.pt\/#\/schema\/person\/c4278d4a6028830caff9ee44b42d32ed"},"headline":"Oficial de justi\u00e7a julgado por dizer que magistradas eram l\u00e9sbicas","datePublished":"2026-01-11T19:25:00+00:00","mainEntityOfPage":{"@id":"https:\/\/portaltela.pt\/noticias\/2026\/01\/11\/oficial-de-justica-julgado-por-dizer-que-magistradas-eram-lesbicas\/"},"wordCount":208,"image":{"@id":"https:\/\/portaltela.pt\/noticias\/2026\/01\/11\/oficial-de-justica-julgado-por-dizer-que-magistradas-eram-lesbicas\/#primaryimage"},"thumbnailUrl":"https:\/\/portaltela.pt\/s.01k8rhncp4jt1\/2026\/01\/image-662.jpg","keywords":["difama\u00e7\u00e3o","difama\u00e7\u00e3o agravada","justi\u00e7a","Minist\u00e9rio P\u00fablico","Mulheres","Viana do Castelo"],"articleSection":["Not\u00edcias"],"inLanguage":"pt-PT"},{"@type":"WebPage","@id":"https:\/\/portaltela.pt\/noticias\/2026\/01\/11\/oficial-de-justica-julgado-por-dizer-que-magistradas-eram-lesbicas\/","url":"https:\/\/portaltela.pt\/noticias\/2026\/01\/11\/oficial-de-justica-julgado-por-dizer-que-magistradas-eram-lesbicas\/","name":"Oficial de justi\u00e7a julgado por dizer que magistradas eram l\u00e9sbicas - Portal Tela Portugal","isPartOf":{"@id":"https:\/\/portaltela.pt\/#website"},"primaryImageOfPage":{"@id":"https:\/\/portaltela.pt\/noticias\/2026\/01\/11\/oficial-de-justica-julgado-por-dizer-que-magistradas-eram-lesbicas\/#primaryimage"},"image":{"@id":"https:\/\/portaltela.pt\/noticias\/2026\/01\/11\/oficial-de-justica-julgado-por-dizer-que-magistradas-eram-lesbicas\/#primaryimage"},"thumbnailUrl":"https:\/\/portaltela.pt\/s.01k8rhncp4jt1\/2026\/01\/image-662.jpg","datePublished":"2026-01-11T19:25:00+00:00","author":{"@id":"https:\/\/portaltela.pt\/#\/schema\/person\/c4278d4a6028830caff9ee44b42d32ed"},"breadcrumb":{"@id":"https:\/\/portaltela.pt\/noticias\/2026\/01\/11\/oficial-de-justica-julgado-por-dizer-que-magistradas-eram-lesbicas\/#breadcrumb"},"inLanguage":"pt-PT","potentialAction":[{"@type":"ReadAction","target":["https:\/\/portaltela.pt\/noticias\/2026\/01\/11\/oficial-de-justica-julgado-por-dizer-que-magistradas-eram-lesbicas\/"]}]},{"@type":"ImageObject","inLanguage":"pt-PT","@id":"https:\/\/portaltela.pt\/noticias\/2026\/01\/11\/oficial-de-justica-julgado-por-dizer-que-magistradas-eram-lesbicas\/#primaryimage","url":"https:\/\/portaltela.pt\/s.01k8rhncp4jt1\/2026\/01\/image-662.jpg","contentUrl":"https:\/\/portaltela.pt\/s.01k8rhncp4jt1\/2026\/01\/image-662.jpg","width":796,"height":448,"caption":"Caso vai ser julgado no Tribunal de Vila Nova de Cerveira"},{"@type":"BreadcrumbList","@id":"https:\/\/portaltela.pt\/noticias\/2026\/01\/11\/oficial-de-justica-julgado-por-dizer-que-magistradas-eram-lesbicas\/#breadcrumb","itemListElement":[{"@type":"ListItem","position":1,"name":"In\u00edcio","item":"https:\/\/portaltela.pt\/"},{"@type":"ListItem","position":2,"name":"Oficial de justi\u00e7a julgado por dizer que magistradas eram l\u00e9sbicas"}]},{"@type":"WebSite","@id":"https:\/\/portaltela.pt\/#website","url":"https:\/\/portaltela.pt\/","name":"Portal Tela Portugal","description":"","potentialAction":[{"@type":"SearchAction","target":{"@type":"EntryPoint","urlTemplate":"https:\/\/portaltela.pt\/?s={search_term_string}"},"query-input":{"@type":"PropertyValueSpecification","valueRequired":true,"valueName":"search_term_string"}}],"inLanguage":"pt-PT"},{"@type":"Person","@id":"https:\/\/portaltela.pt\/#\/schema\/person\/c4278d4a6028830caff9ee44b42d32ed","name":"Telinha","image":{"@type":"ImageObject","inLanguage":"pt-PT","@id":"https:\/\/portaltela.pt\/s.01k8rhncp4jt1\/2025\/11\/talking-bot-125x125.png","url":"https:\/\/portaltela.pt\/s.01k8rhncp4jt1\/2025\/11\/talking-bot-125x125.png","contentUrl":"https:\/\/portaltela.pt\/s.01k8rhncp4jt1\/2025\/11\/talking-bot-125x125.png","caption":"Telinha"},"sameAs":["https:\/\/portaltela.pt\/"],"url":"https:\/\/portaltela.pt\/por\/367410592786\/"}]}},"_links":{"self":[{"href":"https:\/\/portaltela.pt\/api\/wp\/v2\/posts\/133741","targetHints":{"allow":["GET"]}}],"collection":[{"href":"https:\/\/portaltela.pt\/api\/wp\/v2\/posts"}],"about":[{"href":"https:\/\/portaltela.pt\/api\/wp\/v2\/types\/post"}],"author":[{"embeddable":true,"href":"https:\/\/portaltela.pt\/api\/wp\/v2\/users\/2"}],"replies":[{"embeddable":true,"href":"https:\/\/portaltela.pt\/api\/wp\/v2\/comments?post=133741"}],"version-history":[{"count":0,"href":"https:\/\/portaltela.pt\/api\/wp\/v2\/posts\/133741\/revisions"}],"wp:featuredmedia":[{"embeddable":true,"href":"https:\/\/portaltela.pt\/api\/wp\/v2\/media\/133745"}],"wp:attachment":[{"href":"https:\/\/portaltela.pt\/api\/wp\/v2\/media?parent=133741"}],"wp:term":[{"taxonomy":"category","embeddable":true,"href":"https:\/\/portaltela.pt\/api\/wp\/v2\/categories?post=133741"},{"taxonomy":"post_tag","embeddable":true,"href":"https:\/\/portaltela.pt\/api\/wp\/v2\/tags?post=133741"}],"curies":[{"name":"wp","href":"https:\/\/api.w.org\/{rel}","templated":true}]}}