{"id":133715,"date":"2026-01-10T21:00:00","date_gmt":"2026-01-11T00:00:00","guid":{"rendered":"https:\/\/portaltela.pt\/noticias\/2026\/01\/10\/resumo-das-noticias-das-19h-e-atualizacoes-do-dia\/"},"modified":"2026-01-10T21:00:00","modified_gmt":"2026-01-11T00:00:00","slug":"resumo-das-noticias-das-19h-e-atualizacoes-do-dia","status":"publish","type":"post","link":"https:\/\/portaltela.pt\/noticias\/politica\/2026\/01\/10\/resumo-das-noticias-das-19h-e-atualizacoes-do-dia\/","title":{"rendered":"Resumo das not\u00edcias das 19h e atualiza\u00e7\u00f5es do dia"},"content":{"rendered":"<p>As not\u00edcias da R\u00e1dio Observador chegam ao fim da tarde com um conjunto de declara\u00e7\u00f5es e movimentos pol\u00edticos em tempo real. O destaque recai sobre percep\u00e7\u00f5es de campanhas, estrat\u00e9gias de voto e poss\u00edveis retalia\u00e7\u00f5es internacionais. A cobertura pretende ser objetiva, sem tom anal\u00edtico ou editorial.<\/p>\n<p>Ao longo do dia, foram registadas declara\u00e7\u00f5es de figuras pol\u00edticas em diferentes momentos. O objetivo \u00e9 cumprir a fun\u00e7\u00e3o informativa com base em acontecimentos verific\u00e1veis e datas anunciadas.<\/p>\n<h3>Destaques do dia<\/h3>\n<p>16h: Ventura acusa o PS de fazer uma campanha \u00e0 base do medo. As declara\u00e7\u00f5es foram feitas em contexto de debate p\u00fablico, com enfoque nas estrat\u00e9gias de comunica\u00e7\u00e3o do partido. A oposi\u00e7\u00e3o mant\u00e9m a cr\u00edtica ao tom utilizado nos relatos eleitorais.<\/p>\n<p>15h: Gouveia e Melo afirmou que seria bom vencer j\u00e1 na primeira volta. O almirante comenta sobre a possibilidade de vit\u00f3ria precoce em elei\u00e7\u00f5es, sem sinalizar mudan\u00e7as de posi\u00e7\u00e3o oficiais. A declara\u00e7\u00e3o foi recebida com cautela de comentadores.<\/p>\n<p>14h: Seguro respondeu \u00e0s cr\u00edticas de Paulo Rangel. A troca de mensagens p\u00fablicas ocorreu ap\u00f3s avalia\u00e7\u00f5es sobre programas e propostas, com a resposta a cr\u00edticas consideradas relevantes pelo comentador.<\/p>\n<p>13h: Cotrim acusa PSD de press\u00e3o sobre militantes. O deputado aponta supostas mensagens ou a\u00e7\u00f5es para influenciar o comportamento interno, sem apresentar provas p\u00fablicas. O tema gerou reac\u00e7\u00f5es e contesta\u00e7\u00e3o de outros membros.<\/p>\n<p>12h: Marcelo Rebelo de Sousa j\u00e1 votou antecipadamente. O Presidente esteve entre os eleitores que recorreram ao voto antecipado, informando a agenda do dia. O processo foi descrito como normal e sem incidentes.<\/p>\n<p>11h: Marisa Matias diz que as elei\u00e7\u00f5es est\u00e3o mais fragmentadas. A l\u00edder pol\u00edtica comenta o quadro atual, destacando maior dispers\u00e3o de votos entre blocos e candidaturas. A observa\u00e7\u00e3o foi partilhada em entrevista.<\/p>\n<p>10h: Ir\u00e3o retalia em caso de ataque de EUA ou Israel. Analistas descrevem poss\u00edveis retalia\u00e7\u00f5es regionais previstas por te\u00f3ricos de seguran\u00e7a, com foco em rela\u00e7\u00f5es internacionais e impacto regional. A situa\u00e7\u00e3o permanece sob monitoriza\u00e7\u00e3o.<\/p>\n","protected":false},"excerpt":{"rendered":"<ul>\n<li>16h. Ventura acusa PS de fazer uma campanha \u00e0 base do medo.<\/li>\n<li>15h. Gouveia e Melo diz que era bom ganhar \u00e0 primeira volta.<\/li>\n<li>14h. Seguro responde \u00e0s cr\u00edticas de Paulo Rangel.<\/li>\n<li>13h. Cotrim acusa PSD de pressionar militantes.<\/li>\n<li>12h. Marcelo Rebelo de Sousa j\u00e1 votou antecipadamente.<\/li>\n<\/ul>\n","protected":false},"author":2,"featured_media":133720,"comment_status":"closed","ping_status":"closed","sticky":false,"template":"","format":"standard","meta":{"footnotes":""},"categories":[1,5],"tags":[68,2877,2811,2832,2458,2558],"class_list":["post-133715","post","type-post","status-publish","format-standard","has-post-thumbnail","hentry","category-noticias","category-politica","tag-eleicoes","tag-marcelo-rebelo-de-sousa","tag-marisa-matias","tag-politica","tag-psd-cds","tag-ventura"],"yoast_head":"<!-- This site is optimized with the Yoast SEO plugin v27.2 - https:\/\/yoast.com\/product\/yoast-seo-wordpress\/ -->\n<title>Resumo das not\u00edcias das 19h e atualiza\u00e7\u00f5es do dia - Portal Tela Portugal<\/title>\n<meta name=\"robots\" content=\"index, follow, max-snippet:-1, max-image-preview:large, max-video-preview:-1\" \/>\n<meta property=\"og:locale\" content=\"pt_PT\" \/>\n<meta property=\"og:type\" content=\"article\" \/>\n<meta property=\"og:title\" content=\"Resumo das not\u00edcias das 19h e atualiza\u00e7\u00f5es do dia - Portal Tela Portugal\" \/>\n<meta property=\"og:description\" content=\"16h. Ventura acusa PS de fazer uma campanha \u00e0 base do medo. 15h. Gouveia e Melo diz que era bom ganhar \u00e0 primeira volta. 14h. Seguro responde \u00e0s cr\u00edticas de Paulo Rangel. 13h. Cotrim acusa PSD de pressionar militantes. 12h. Marcelo Rebelo de Sousa j\u00e1 votou antecipadamente.\" \/>\n<meta property=\"og:url\" content=\"https:\/\/portaltela.pt\/noticias\/2026\/01\/10\/resumo-das-noticias-das-19h-e-atualizacoes-do-dia\/\" \/>\n<meta property=\"og:site_name\" content=\"Portal Tela Portugal\" \/>\n<meta property=\"article:published_time\" content=\"2026-01-11T00:00:00+00:00\" \/>\n<meta name=\"author\" content=\"Telinha\" \/>\n<meta name=\"twitter:card\" content=\"summary_large_image\" \/>\n<meta name=\"twitter:label1\" content=\"Escrito por\" \/>\n\t<meta name=\"twitter:data1\" content=\"Telinha\" \/>\n\t<meta name=\"twitter:label2\" content=\"Tempo estimado de leitura\" \/>\n\t<meta name=\"twitter:data2\" content=\"2 minutos\" \/>\n<script type=\"application\/ld+json\" class=\"yoast-schema-graph\">{\"@context\":\"https:\/\/schema.org\",\"@graph\":[{\"@type\":\"Article\",\"@id\":\"https:\/\/portaltela.pt\/noticias\/2026\/01\/10\/resumo-das-noticias-das-19h-e-atualizacoes-do-dia\/#article\",\"isPartOf\":{\"@id\":\"https:\/\/portaltela.pt\/noticias\/2026\/01\/10\/resumo-das-noticias-das-19h-e-atualizacoes-do-dia\/\"},\"author\":{\"name\":\"Telinha\",\"@id\":\"https:\/\/portaltela.pt\/#\/schema\/person\/c4278d4a6028830caff9ee44b42d32ed\"},\"headline\":\"Resumo das not\u00edcias das 19h e atualiza\u00e7\u00f5es do dia\",\"datePublished\":\"2026-01-11T00:00:00+00:00\",\"mainEntityOfPage\":{\"@id\":\"https:\/\/portaltela.pt\/noticias\/2026\/01\/10\/resumo-das-noticias-das-19h-e-atualizacoes-do-dia\/\"},\"wordCount\":374,\"image\":{\"@id\":\"https:\/\/portaltela.pt\/noticias\/2026\/01\/10\/resumo-das-noticias-das-19h-e-atualizacoes-do-dia\/#primaryimage\"},\"thumbnailUrl\":\"https:\/\/portaltela.pt\/s.01k8rhncp4jt1\/2026\/01\/770-podcast-noticiario-152.jpg\",\"keywords\":[\"elei\u00e7\u00f5es\",\"Marcelo Rebelo de Sousa\",\"Marisa Matias\",\"pol\u00edtica\",\"PSD\/CDS\",\"Ventura\"],\"articleSection\":[\"Not\u00edcias\",\"Pol\u00edtica\"],\"inLanguage\":\"pt-PT\"},{\"@type\":\"WebPage\",\"@id\":\"https:\/\/portaltela.pt\/noticias\/2026\/01\/10\/resumo-das-noticias-das-19h-e-atualizacoes-do-dia\/\",\"url\":\"https:\/\/portaltela.pt\/noticias\/2026\/01\/10\/resumo-das-noticias-das-19h-e-atualizacoes-do-dia\/\",\"name\":\"Resumo das not\u00edcias das 19h e atualiza\u00e7\u00f5es do dia - Portal Tela Portugal\",\"isPartOf\":{\"@id\":\"https:\/\/portaltela.pt\/#website\"},\"primaryImageOfPage\":{\"@id\":\"https:\/\/portaltela.pt\/noticias\/2026\/01\/10\/resumo-das-noticias-das-19h-e-atualizacoes-do-dia\/#primaryimage\"},\"image\":{\"@id\":\"https:\/\/portaltela.pt\/noticias\/2026\/01\/10\/resumo-das-noticias-das-19h-e-atualizacoes-do-dia\/#primaryimage\"},\"thumbnailUrl\":\"https:\/\/portaltela.pt\/s.01k8rhncp4jt1\/2026\/01\/770-podcast-noticiario-152.jpg\",\"datePublished\":\"2026-01-11T00:00:00+00:00\",\"author\":{\"@id\":\"https:\/\/portaltela.pt\/#\/schema\/person\/c4278d4a6028830caff9ee44b42d32ed\"},\"breadcrumb\":{\"@id\":\"https:\/\/portaltela.pt\/noticias\/2026\/01\/10\/resumo-das-noticias-das-19h-e-atualizacoes-do-dia\/#breadcrumb\"},\"inLanguage\":\"pt-PT\",\"potentialAction\":[{\"@type\":\"ReadAction\",\"target\":[\"https:\/\/portaltela.pt\/noticias\/2026\/01\/10\/resumo-das-noticias-das-19h-e-atualizacoes-do-dia\/\"]}]},{\"@type\":\"ImageObject\",\"inLanguage\":\"pt-PT\",\"@id\":\"https:\/\/portaltela.pt\/noticias\/2026\/01\/10\/resumo-das-noticias-das-19h-e-atualizacoes-do-dia\/#primaryimage\",\"url\":\"https:\/\/portaltela.pt\/s.01k8rhncp4jt1\/2026\/01\/770-podcast-noticiario-152.jpg\",\"contentUrl\":\"https:\/\/portaltela.pt\/s.01k8rhncp4jt1\/2026\/01\/770-podcast-noticiario-152.jpg\",\"width\":796,\"height\":448,\"caption\":\"Capa do programa\"},{\"@type\":\"BreadcrumbList\",\"@id\":\"https:\/\/portaltela.pt\/noticias\/2026\/01\/10\/resumo-das-noticias-das-19h-e-atualizacoes-do-dia\/#breadcrumb\",\"itemListElement\":[{\"@type\":\"ListItem\",\"position\":1,\"name\":\"In\u00edcio\",\"item\":\"https:\/\/portaltela.pt\/\"},{\"@type\":\"ListItem\",\"position\":2,\"name\":\"Resumo das not\u00edcias das 19h e atualiza\u00e7\u00f5es do dia\"}]},{\"@type\":\"WebSite\",\"@id\":\"https:\/\/portaltela.pt\/#website\",\"url\":\"https:\/\/portaltela.pt\/\",\"name\":\"Portal Tela Portugal\",\"description\":\"\",\"potentialAction\":[{\"@type\":\"SearchAction\",\"target\":{\"@type\":\"EntryPoint\",\"urlTemplate\":\"https:\/\/portaltela.pt\/?s={search_term_string}\"},\"query-input\":{\"@type\":\"PropertyValueSpecification\",\"valueRequired\":true,\"valueName\":\"search_term_string\"}}],\"inLanguage\":\"pt-PT\"},{\"@type\":\"Person\",\"@id\":\"https:\/\/portaltela.pt\/#\/schema\/person\/c4278d4a6028830caff9ee44b42d32ed\",\"name\":\"Telinha\",\"image\":{\"@type\":\"ImageObject\",\"inLanguage\":\"pt-PT\",\"@id\":\"https:\/\/portaltela.pt\/s.01k8rhncp4jt1\/2025\/11\/talking-bot-125x125.png\",\"url\":\"https:\/\/portaltela.pt\/s.01k8rhncp4jt1\/2025\/11\/talking-bot-125x125.png\",\"contentUrl\":\"https:\/\/portaltela.pt\/s.01k8rhncp4jt1\/2025\/11\/talking-bot-125x125.png\",\"caption\":\"Telinha\"},\"sameAs\":[\"https:\/\/portaltela.pt\/\"],\"url\":\"https:\/\/portaltela.pt\/por\/367410592786\/\"}]}<\/script>\n<!-- \/ Yoast SEO plugin. -->","yoast_head_json":{"title":"Resumo das not\u00edcias das 19h e atualiza\u00e7\u00f5es do dia - Portal Tela Portugal","robots":{"index":"index","follow":"follow","max-snippet":"max-snippet:-1","max-image-preview":"max-image-preview:large","max-video-preview":"max-video-preview:-1"},"og_locale":"pt_PT","og_type":"article","og_title":"Resumo das not\u00edcias das 19h e atualiza\u00e7\u00f5es do dia - Portal Tela Portugal","og_description":"16h. Ventura acusa PS de fazer uma campanha \u00e0 base do medo. 15h. Gouveia e Melo diz que era bom ganhar \u00e0 primeira volta. 14h. Seguro responde \u00e0s cr\u00edticas de Paulo Rangel. 13h. Cotrim acusa PSD de pressionar militantes. 12h. Marcelo Rebelo de Sousa j\u00e1 votou antecipadamente.","og_url":"https:\/\/portaltela.pt\/noticias\/2026\/01\/10\/resumo-das-noticias-das-19h-e-atualizacoes-do-dia\/","og_site_name":"Portal Tela Portugal","article_published_time":"2026-01-11T00:00:00+00:00","author":"Telinha","twitter_card":"summary_large_image","twitter_misc":{"Escrito por":"Telinha","Tempo estimado de leitura":"2 minutos"},"schema":{"@context":"https:\/\/schema.org","@graph":[{"@type":"Article","@id":"https:\/\/portaltela.pt\/noticias\/2026\/01\/10\/resumo-das-noticias-das-19h-e-atualizacoes-do-dia\/#article","isPartOf":{"@id":"https:\/\/portaltela.pt\/noticias\/2026\/01\/10\/resumo-das-noticias-das-19h-e-atualizacoes-do-dia\/"},"author":{"name":"Telinha","@id":"https:\/\/portaltela.pt\/#\/schema\/person\/c4278d4a6028830caff9ee44b42d32ed"},"headline":"Resumo das not\u00edcias das 19h e atualiza\u00e7\u00f5es do dia","datePublished":"2026-01-11T00:00:00+00:00","mainEntityOfPage":{"@id":"https:\/\/portaltela.pt\/noticias\/2026\/01\/10\/resumo-das-noticias-das-19h-e-atualizacoes-do-dia\/"},"wordCount":374,"image":{"@id":"https:\/\/portaltela.pt\/noticias\/2026\/01\/10\/resumo-das-noticias-das-19h-e-atualizacoes-do-dia\/#primaryimage"},"thumbnailUrl":"https:\/\/portaltela.pt\/s.01k8rhncp4jt1\/2026\/01\/770-podcast-noticiario-152.jpg","keywords":["elei\u00e7\u00f5es","Marcelo Rebelo de Sousa","Marisa Matias","pol\u00edtica","PSD\/CDS","Ventura"],"articleSection":["Not\u00edcias","Pol\u00edtica"],"inLanguage":"pt-PT"},{"@type":"WebPage","@id":"https:\/\/portaltela.pt\/noticias\/2026\/01\/10\/resumo-das-noticias-das-19h-e-atualizacoes-do-dia\/","url":"https:\/\/portaltela.pt\/noticias\/2026\/01\/10\/resumo-das-noticias-das-19h-e-atualizacoes-do-dia\/","name":"Resumo das not\u00edcias das 19h e atualiza\u00e7\u00f5es do dia - Portal Tela Portugal","isPartOf":{"@id":"https:\/\/portaltela.pt\/#website"},"primaryImageOfPage":{"@id":"https:\/\/portaltela.pt\/noticias\/2026\/01\/10\/resumo-das-noticias-das-19h-e-atualizacoes-do-dia\/#primaryimage"},"image":{"@id":"https:\/\/portaltela.pt\/noticias\/2026\/01\/10\/resumo-das-noticias-das-19h-e-atualizacoes-do-dia\/#primaryimage"},"thumbnailUrl":"https:\/\/portaltela.pt\/s.01k8rhncp4jt1\/2026\/01\/770-podcast-noticiario-152.jpg","datePublished":"2026-01-11T00:00:00+00:00","author":{"@id":"https:\/\/portaltela.pt\/#\/schema\/person\/c4278d4a6028830caff9ee44b42d32ed"},"breadcrumb":{"@id":"https:\/\/portaltela.pt\/noticias\/2026\/01\/10\/resumo-das-noticias-das-19h-e-atualizacoes-do-dia\/#breadcrumb"},"inLanguage":"pt-PT","potentialAction":[{"@type":"ReadAction","target":["https:\/\/portaltela.pt\/noticias\/2026\/01\/10\/resumo-das-noticias-das-19h-e-atualizacoes-do-dia\/"]}]},{"@type":"ImageObject","inLanguage":"pt-PT","@id":"https:\/\/portaltela.pt\/noticias\/2026\/01\/10\/resumo-das-noticias-das-19h-e-atualizacoes-do-dia\/#primaryimage","url":"https:\/\/portaltela.pt\/s.01k8rhncp4jt1\/2026\/01\/770-podcast-noticiario-152.jpg","contentUrl":"https:\/\/portaltela.pt\/s.01k8rhncp4jt1\/2026\/01\/770-podcast-noticiario-152.jpg","width":796,"height":448,"caption":"Capa do programa"},{"@type":"BreadcrumbList","@id":"https:\/\/portaltela.pt\/noticias\/2026\/01\/10\/resumo-das-noticias-das-19h-e-atualizacoes-do-dia\/#breadcrumb","itemListElement":[{"@type":"ListItem","position":1,"name":"In\u00edcio","item":"https:\/\/portaltela.pt\/"},{"@type":"ListItem","position":2,"name":"Resumo das not\u00edcias das 19h e atualiza\u00e7\u00f5es do dia"}]},{"@type":"WebSite","@id":"https:\/\/portaltela.pt\/#website","url":"https:\/\/portaltela.pt\/","name":"Portal Tela Portugal","description":"","potentialAction":[{"@type":"SearchAction","target":{"@type":"EntryPoint","urlTemplate":"https:\/\/portaltela.pt\/?s={search_term_string}"},"query-input":{"@type":"PropertyValueSpecification","valueRequired":true,"valueName":"search_term_string"}}],"inLanguage":"pt-PT"},{"@type":"Person","@id":"https:\/\/portaltela.pt\/#\/schema\/person\/c4278d4a6028830caff9ee44b42d32ed","name":"Telinha","image":{"@type":"ImageObject","inLanguage":"pt-PT","@id":"https:\/\/portaltela.pt\/s.01k8rhncp4jt1\/2025\/11\/talking-bot-125x125.png","url":"https:\/\/portaltela.pt\/s.01k8rhncp4jt1\/2025\/11\/talking-bot-125x125.png","contentUrl":"https:\/\/portaltela.pt\/s.01k8rhncp4jt1\/2025\/11\/talking-bot-125x125.png","caption":"Telinha"},"sameAs":["https:\/\/portaltela.pt\/"],"url":"https:\/\/portaltela.pt\/por\/367410592786\/"}]}},"_links":{"self":[{"href":"https:\/\/portaltela.pt\/api\/wp\/v2\/posts\/133715","targetHints":{"allow":["GET"]}}],"collection":[{"href":"https:\/\/portaltela.pt\/api\/wp\/v2\/posts"}],"about":[{"href":"https:\/\/portaltela.pt\/api\/wp\/v2\/types\/post"}],"author":[{"embeddable":true,"href":"https:\/\/portaltela.pt\/api\/wp\/v2\/users\/2"}],"replies":[{"embeddable":true,"href":"https:\/\/portaltela.pt\/api\/wp\/v2\/comments?post=133715"}],"version-history":[{"count":0,"href":"https:\/\/portaltela.pt\/api\/wp\/v2\/posts\/133715\/revisions"}],"wp:featuredmedia":[{"embeddable":true,"href":"https:\/\/portaltela.pt\/api\/wp\/v2\/media\/133720"}],"wp:attachment":[{"href":"https:\/\/portaltela.pt\/api\/wp\/v2\/media?parent=133715"}],"wp:term":[{"taxonomy":"category","embeddable":true,"href":"https:\/\/portaltela.pt\/api\/wp\/v2\/categories?post=133715"},{"taxonomy":"post_tag","embeddable":true,"href":"https:\/\/portaltela.pt\/api\/wp\/v2\/tags?post=133715"}],"curies":[{"name":"wp","href":"https:\/\/api.w.org\/{rel}","templated":true}]}}