{"id":133693,"date":"2026-01-11T15:56:27","date_gmt":"2026-01-11T18:56:27","guid":{"rendered":"https:\/\/portaltela.pt\/noticias\/2026\/01\/11\/manteigas-reafirma-lideranca-isolada-na-2a-divisao\/"},"modified":"2026-01-11T15:56:27","modified_gmt":"2026-01-11T18:56:27","slug":"manteigas-reafirma-lideranca-isolada-na-2a-divisao","status":"publish","type":"post","link":"https:\/\/portaltela.pt\/desporto\/futebol\/2026\/01\/11\/manteigas-reafirma-lideranca-isolada-na-2a-divisao\/","title":{"rendered":"Manteigas reafirma lideran\u00e7a isolada na 2\u00aa Divis\u00e3o"},"content":{"rendered":"<p>O que aconteceu: a 10.\u00aa jornada da 2.\u00aa Divis\u00e3o Distrital da Associa\u00e7\u00e3o de Futebol da Guarda aconteceu a 11 de janeiro. O destaque foi a vit\u00f3ria do GCR Casal Cinza por 3-1 no terreno do SCSIR Pa\u00e7os da Serra, somando tr\u00eas pontos fora de casa. ACDR Freixo de Num\u00e3o venceu por 2-0 a UD Os Pinhelenses, consolidando o momento positivo da equipa.<\/p>\n<p>Quem est\u00e1 envolvido: no Est\u00e1dio Municipal do Farv\u00e3o, SC Gon\u00e7alense e C.D. Gouveia \u2013 Futebol SAD Sub-23 empataram a um golo. A AD Manteigas refor\u00e7ou a lideran\u00e7a ao derrotar o Seia FC por 1-0, em duelo renhido.<\/p>\n<p>Quando e onde: a jornada decorreu a 11 de janeiro, em v\u00e1rios est\u00e1dios da regi\u00e3o. Os resultados afetam diretamente a persegui\u00e7\u00e3o \u00e0 lideran\u00e7a da classifica\u00e7\u00e3o.<\/p>\n<p>Porqu\u00ea: ap\u00f3s dez jornadas, a AD Manteigas lidera com 23 pontos, seguida pela UD Os Pinhelenses (20) e SC Gon\u00e7alense (18). No meio da tabela segue o ACDR Freixo de Num\u00e3o com 16 pontos, enquanto Seia FC, SCSIR Pa\u00e7os da Serra e GCR Casal Cinza tentam recuperar terreno.<\/p>\n<h3>Conjunto de resultados e perspetivas<\/h3>\n<ul>\n<li>A lideran\u00e7a mant\u00e9m-se com a AD Manteigas, que venceu em casa.<\/li>\n<li>O segundo e o terceiro lugares permanecem vol\u00e1teis, com vit\u00f3rias e derrotas a influenciar a carreira das equipas.<\/li>\n<li>A luta pela zona de descida mant\u00e9m-se aberta, com v\u00e1rios clubes a tentar confirmar melhoria nas pr\u00f3ximas jornadas.<\/li>\n<\/ul>\n","protected":false},"excerpt":{"rendered":"<ul>\n<li>Na 10.\u00aa jornada da 2.\u00aa Divis\u00e3o Distrital da Associa\u00e7\u00e3o de Futebol da Guarda, disputada a 11 de janeiro, o AD Manteigas manteve a lideran\u00e7a com 23 pontos ao vencer o Seia FC por 1-0.<\/li>\n<li>O GCR Casal Cinza venceu fora de casa o SCSIR Pa\u00e7os da Serra por 3-1, somando tr\u00eas pontos importantes.<\/li>\n<li>ACDR Freixo de Num\u00e3o confirmou o momento positivo ao derrotar a UD Os Pinhelenses, por 2-0.<\/li>\n<li>SC Gon\u00e7alense e CD Gouveia \u2013 Futebol SAD Sub-23 empataram a uma bola no Est\u00e1dio Municipal do Farv\u00e3o.<\/li>\n<li>No conjunto da classifica\u00e7\u00e3o, Manteigas lidera com 23 pontos, Os Pinhelenses seguem em segundo com 20 e Gon\u00e7alense \u00e9 terceiro com 18, enquanto Freixo de Num\u00e3o tem 16 pontos; a luta pela metade inferior permanece equilibrada.<\/li>\n<\/ul>\n","protected":false},"author":2,"featured_media":133696,"comment_status":"closed","ping_status":"closed","sticky":false,"template":"","format":"standard","meta":{"footnotes":""},"categories":[21,24],"tags":[1400,152,32,2076,1113,1399],"class_list":["post-133693","post","type-post","status-publish","format-standard","has-post-thumbnail","hentry","category-desporto","category-futebol","tag-casal-cinza","tag-desporto","tag-futebol","tag-gouveia","tag-guarda","tag-manteigas"],"yoast_head":"<!-- This site is optimized with the Yoast SEO plugin v27.2 - https:\/\/yoast.com\/product\/yoast-seo-wordpress\/ -->\n<title>Manteigas reafirma lideran\u00e7a isolada na 2\u00aa Divis\u00e3o - Portal Tela Portugal<\/title>\n<meta name=\"robots\" content=\"index, follow, max-snippet:-1, max-image-preview:large, max-video-preview:-1\" \/>\n<meta property=\"og:locale\" content=\"pt_PT\" \/>\n<meta property=\"og:type\" content=\"article\" \/>\n<meta property=\"og:title\" content=\"Manteigas reafirma lideran\u00e7a isolada na 2\u00aa Divis\u00e3o - Portal Tela Portugal\" \/>\n<meta property=\"og:description\" content=\"Na 10.\u00aa jornada da 2.\u00aa Divis\u00e3o Distrital da Associa\u00e7\u00e3o de Futebol da Guarda, disputada a 11 de janeiro, o AD Manteigas manteve a lideran\u00e7a com 23 pontos ao vencer o Seia FC por 1-0. O GCR Casal Cinza venceu fora de casa o SCSIR Pa\u00e7os da Serra por 3-1, somando tr\u00eas pontos importantes. ACDR Freixo de Num\u00e3o confirmou o momento positivo ao derrotar a UD Os Pinhelenses, por 2-0. SC Gon\u00e7alense e CD Gouveia \u2013 Futebol SAD Sub-23 empataram a uma bola no Est\u00e1dio Municipal do Farv\u00e3o. No conjunto da classifica\u00e7\u00e3o, Manteigas lidera com 23 pontos, Os Pinhelenses seguem em segundo com 20 e Gon\u00e7alense \u00e9 terceiro com 18, enquanto Freixo de Num\u00e3o tem 16 pontos; a luta pela metade inferior permanece equilibrada.\" \/>\n<meta property=\"og:url\" content=\"https:\/\/portaltela.pt\/noticias\/2026\/01\/11\/manteigas-reafirma-lideranca-isolada-na-2a-divisao\/\" \/>\n<meta property=\"og:site_name\" content=\"Portal Tela Portugal\" \/>\n<meta property=\"article:published_time\" content=\"2026-01-11T18:56:27+00:00\" \/>\n<meta name=\"author\" content=\"Telinha\" \/>\n<meta name=\"twitter:card\" content=\"summary_large_image\" \/>\n<meta name=\"twitter:label1\" content=\"Escrito por\" \/>\n\t<meta name=\"twitter:data1\" content=\"Telinha\" \/>\n\t<meta name=\"twitter:label2\" content=\"Tempo estimado de leitura\" \/>\n\t<meta name=\"twitter:data2\" content=\"1 minuto\" \/>\n<script type=\"application\/ld+json\" class=\"yoast-schema-graph\">{\"@context\":\"https:\/\/schema.org\",\"@graph\":[{\"@type\":\"Article\",\"@id\":\"https:\/\/portaltela.pt\/noticias\/2026\/01\/11\/manteigas-reafirma-lideranca-isolada-na-2a-divisao\/#article\",\"isPartOf\":{\"@id\":\"https:\/\/portaltela.pt\/noticias\/2026\/01\/11\/manteigas-reafirma-lideranca-isolada-na-2a-divisao\/\"},\"author\":{\"name\":\"Telinha\",\"@id\":\"https:\/\/portaltela.pt\/#\/schema\/person\/c4278d4a6028830caff9ee44b42d32ed\"},\"headline\":\"Manteigas reafirma lideran\u00e7a isolada na 2\u00aa Divis\u00e3o\",\"datePublished\":\"2026-01-11T18:56:27+00:00\",\"mainEntityOfPage\":{\"@id\":\"https:\/\/portaltela.pt\/noticias\/2026\/01\/11\/manteigas-reafirma-lideranca-isolada-na-2a-divisao\/\"},\"wordCount\":251,\"image\":{\"@id\":\"https:\/\/portaltela.pt\/noticias\/2026\/01\/11\/manteigas-reafirma-lideranca-isolada-na-2a-divisao\/#primaryimage\"},\"thumbnailUrl\":\"https:\/\/portaltela.pt\/s.01k8rhncp4jt1\/2026\/01\/unnamed-file-2276.jpg\",\"keywords\":[\"Casal Cinza\",\"desporto\",\"futebol\",\"Gouveia\",\"Guarda\",\"Manteigas\"],\"articleSection\":[\"Desporto\",\"Futebol\"],\"inLanguage\":\"pt-PT\"},{\"@type\":\"WebPage\",\"@id\":\"https:\/\/portaltela.pt\/noticias\/2026\/01\/11\/manteigas-reafirma-lideranca-isolada-na-2a-divisao\/\",\"url\":\"https:\/\/portaltela.pt\/noticias\/2026\/01\/11\/manteigas-reafirma-lideranca-isolada-na-2a-divisao\/\",\"name\":\"Manteigas reafirma lideran\u00e7a isolada na 2\u00aa Divis\u00e3o - Portal Tela Portugal\",\"isPartOf\":{\"@id\":\"https:\/\/portaltela.pt\/#website\"},\"primaryImageOfPage\":{\"@id\":\"https:\/\/portaltela.pt\/noticias\/2026\/01\/11\/manteigas-reafirma-lideranca-isolada-na-2a-divisao\/#primaryimage\"},\"image\":{\"@id\":\"https:\/\/portaltela.pt\/noticias\/2026\/01\/11\/manteigas-reafirma-lideranca-isolada-na-2a-divisao\/#primaryimage\"},\"thumbnailUrl\":\"https:\/\/portaltela.pt\/s.01k8rhncp4jt1\/2026\/01\/unnamed-file-2276.jpg\",\"datePublished\":\"2026-01-11T18:56:27+00:00\",\"author\":{\"@id\":\"https:\/\/portaltela.pt\/#\/schema\/person\/c4278d4a6028830caff9ee44b42d32ed\"},\"breadcrumb\":{\"@id\":\"https:\/\/portaltela.pt\/noticias\/2026\/01\/11\/manteigas-reafirma-lideranca-isolada-na-2a-divisao\/#breadcrumb\"},\"inLanguage\":\"pt-PT\",\"potentialAction\":[{\"@type\":\"ReadAction\",\"target\":[\"https:\/\/portaltela.pt\/noticias\/2026\/01\/11\/manteigas-reafirma-lideranca-isolada-na-2a-divisao\/\"]}]},{\"@type\":\"ImageObject\",\"inLanguage\":\"pt-PT\",\"@id\":\"https:\/\/portaltela.pt\/noticias\/2026\/01\/11\/manteigas-reafirma-lideranca-isolada-na-2a-divisao\/#primaryimage\",\"url\":\"https:\/\/portaltela.pt\/s.01k8rhncp4jt1\/2026\/01\/unnamed-file-2276.jpg\",\"contentUrl\":\"https:\/\/portaltela.pt\/s.01k8rhncp4jt1\/2026\/01\/unnamed-file-2276.jpg\",\"width\":796,\"height\":448,\"caption\":\"Manteigas volta a isolar-se na lideran\u00e7a da 2\u00aa Divis\u00e3o\"},{\"@type\":\"BreadcrumbList\",\"@id\":\"https:\/\/portaltela.pt\/noticias\/2026\/01\/11\/manteigas-reafirma-lideranca-isolada-na-2a-divisao\/#breadcrumb\",\"itemListElement\":[{\"@type\":\"ListItem\",\"position\":1,\"name\":\"In\u00edcio\",\"item\":\"https:\/\/portaltela.pt\/\"},{\"@type\":\"ListItem\",\"position\":2,\"name\":\"Manteigas reafirma lideran\u00e7a isolada na 2\u00aa Divis\u00e3o\"}]},{\"@type\":\"WebSite\",\"@id\":\"https:\/\/portaltela.pt\/#website\",\"url\":\"https:\/\/portaltela.pt\/\",\"name\":\"Portal Tela Portugal\",\"description\":\"\",\"potentialAction\":[{\"@type\":\"SearchAction\",\"target\":{\"@type\":\"EntryPoint\",\"urlTemplate\":\"https:\/\/portaltela.pt\/?s={search_term_string}\"},\"query-input\":{\"@type\":\"PropertyValueSpecification\",\"valueRequired\":true,\"valueName\":\"search_term_string\"}}],\"inLanguage\":\"pt-PT\"},{\"@type\":\"Person\",\"@id\":\"https:\/\/portaltela.pt\/#\/schema\/person\/c4278d4a6028830caff9ee44b42d32ed\",\"name\":\"Telinha\",\"image\":{\"@type\":\"ImageObject\",\"inLanguage\":\"pt-PT\",\"@id\":\"https:\/\/portaltela.pt\/s.01k8rhncp4jt1\/2025\/11\/talking-bot-125x125.png\",\"url\":\"https:\/\/portaltela.pt\/s.01k8rhncp4jt1\/2025\/11\/talking-bot-125x125.png\",\"contentUrl\":\"https:\/\/portaltela.pt\/s.01k8rhncp4jt1\/2025\/11\/talking-bot-125x125.png\",\"caption\":\"Telinha\"},\"sameAs\":[\"https:\/\/portaltela.pt\/\"],\"url\":\"https:\/\/portaltela.pt\/por\/367410592786\/\"}]}<\/script>\n<!-- \/ Yoast SEO plugin. -->","yoast_head_json":{"title":"Manteigas reafirma lideran\u00e7a isolada na 2\u00aa Divis\u00e3o - Portal Tela Portugal","robots":{"index":"index","follow":"follow","max-snippet":"max-snippet:-1","max-image-preview":"max-image-preview:large","max-video-preview":"max-video-preview:-1"},"og_locale":"pt_PT","og_type":"article","og_title":"Manteigas reafirma lideran\u00e7a isolada na 2\u00aa Divis\u00e3o - Portal Tela Portugal","og_description":"Na 10.\u00aa jornada da 2.\u00aa Divis\u00e3o Distrital da Associa\u00e7\u00e3o de Futebol da Guarda, disputada a 11 de janeiro, o AD Manteigas manteve a lideran\u00e7a com 23 pontos ao vencer o Seia FC por 1-0. O GCR Casal Cinza venceu fora de casa o SCSIR Pa\u00e7os da Serra por 3-1, somando tr\u00eas pontos importantes. ACDR Freixo de Num\u00e3o confirmou o momento positivo ao derrotar a UD Os Pinhelenses, por 2-0. SC Gon\u00e7alense e CD Gouveia \u2013 Futebol SAD Sub-23 empataram a uma bola no Est\u00e1dio Municipal do Farv\u00e3o. No conjunto da classifica\u00e7\u00e3o, Manteigas lidera com 23 pontos, Os Pinhelenses seguem em segundo com 20 e Gon\u00e7alense \u00e9 terceiro com 18, enquanto Freixo de Num\u00e3o tem 16 pontos; a luta pela metade inferior permanece equilibrada.","og_url":"https:\/\/portaltela.pt\/noticias\/2026\/01\/11\/manteigas-reafirma-lideranca-isolada-na-2a-divisao\/","og_site_name":"Portal Tela Portugal","article_published_time":"2026-01-11T18:56:27+00:00","author":"Telinha","twitter_card":"summary_large_image","twitter_misc":{"Escrito por":"Telinha","Tempo estimado de leitura":"1 minuto"},"schema":{"@context":"https:\/\/schema.org","@graph":[{"@type":"Article","@id":"https:\/\/portaltela.pt\/noticias\/2026\/01\/11\/manteigas-reafirma-lideranca-isolada-na-2a-divisao\/#article","isPartOf":{"@id":"https:\/\/portaltela.pt\/noticias\/2026\/01\/11\/manteigas-reafirma-lideranca-isolada-na-2a-divisao\/"},"author":{"name":"Telinha","@id":"https:\/\/portaltela.pt\/#\/schema\/person\/c4278d4a6028830caff9ee44b42d32ed"},"headline":"Manteigas reafirma lideran\u00e7a isolada na 2\u00aa Divis\u00e3o","datePublished":"2026-01-11T18:56:27+00:00","mainEntityOfPage":{"@id":"https:\/\/portaltela.pt\/noticias\/2026\/01\/11\/manteigas-reafirma-lideranca-isolada-na-2a-divisao\/"},"wordCount":251,"image":{"@id":"https:\/\/portaltela.pt\/noticias\/2026\/01\/11\/manteigas-reafirma-lideranca-isolada-na-2a-divisao\/#primaryimage"},"thumbnailUrl":"https:\/\/portaltela.pt\/s.01k8rhncp4jt1\/2026\/01\/unnamed-file-2276.jpg","keywords":["Casal Cinza","desporto","futebol","Gouveia","Guarda","Manteigas"],"articleSection":["Desporto","Futebol"],"inLanguage":"pt-PT"},{"@type":"WebPage","@id":"https:\/\/portaltela.pt\/noticias\/2026\/01\/11\/manteigas-reafirma-lideranca-isolada-na-2a-divisao\/","url":"https:\/\/portaltela.pt\/noticias\/2026\/01\/11\/manteigas-reafirma-lideranca-isolada-na-2a-divisao\/","name":"Manteigas reafirma lideran\u00e7a isolada na 2\u00aa Divis\u00e3o - Portal Tela Portugal","isPartOf":{"@id":"https:\/\/portaltela.pt\/#website"},"primaryImageOfPage":{"@id":"https:\/\/portaltela.pt\/noticias\/2026\/01\/11\/manteigas-reafirma-lideranca-isolada-na-2a-divisao\/#primaryimage"},"image":{"@id":"https:\/\/portaltela.pt\/noticias\/2026\/01\/11\/manteigas-reafirma-lideranca-isolada-na-2a-divisao\/#primaryimage"},"thumbnailUrl":"https:\/\/portaltela.pt\/s.01k8rhncp4jt1\/2026\/01\/unnamed-file-2276.jpg","datePublished":"2026-01-11T18:56:27+00:00","author":{"@id":"https:\/\/portaltela.pt\/#\/schema\/person\/c4278d4a6028830caff9ee44b42d32ed"},"breadcrumb":{"@id":"https:\/\/portaltela.pt\/noticias\/2026\/01\/11\/manteigas-reafirma-lideranca-isolada-na-2a-divisao\/#breadcrumb"},"inLanguage":"pt-PT","potentialAction":[{"@type":"ReadAction","target":["https:\/\/portaltela.pt\/noticias\/2026\/01\/11\/manteigas-reafirma-lideranca-isolada-na-2a-divisao\/"]}]},{"@type":"ImageObject","inLanguage":"pt-PT","@id":"https:\/\/portaltela.pt\/noticias\/2026\/01\/11\/manteigas-reafirma-lideranca-isolada-na-2a-divisao\/#primaryimage","url":"https:\/\/portaltela.pt\/s.01k8rhncp4jt1\/2026\/01\/unnamed-file-2276.jpg","contentUrl":"https:\/\/portaltela.pt\/s.01k8rhncp4jt1\/2026\/01\/unnamed-file-2276.jpg","width":796,"height":448,"caption":"Manteigas volta a isolar-se na lideran\u00e7a da 2\u00aa Divis\u00e3o"},{"@type":"BreadcrumbList","@id":"https:\/\/portaltela.pt\/noticias\/2026\/01\/11\/manteigas-reafirma-lideranca-isolada-na-2a-divisao\/#breadcrumb","itemListElement":[{"@type":"ListItem","position":1,"name":"In\u00edcio","item":"https:\/\/portaltela.pt\/"},{"@type":"ListItem","position":2,"name":"Manteigas reafirma lideran\u00e7a isolada na 2\u00aa Divis\u00e3o"}]},{"@type":"WebSite","@id":"https:\/\/portaltela.pt\/#website","url":"https:\/\/portaltela.pt\/","name":"Portal Tela Portugal","description":"","potentialAction":[{"@type":"SearchAction","target":{"@type":"EntryPoint","urlTemplate":"https:\/\/portaltela.pt\/?s={search_term_string}"},"query-input":{"@type":"PropertyValueSpecification","valueRequired":true,"valueName":"search_term_string"}}],"inLanguage":"pt-PT"},{"@type":"Person","@id":"https:\/\/portaltela.pt\/#\/schema\/person\/c4278d4a6028830caff9ee44b42d32ed","name":"Telinha","image":{"@type":"ImageObject","inLanguage":"pt-PT","@id":"https:\/\/portaltela.pt\/s.01k8rhncp4jt1\/2025\/11\/talking-bot-125x125.png","url":"https:\/\/portaltela.pt\/s.01k8rhncp4jt1\/2025\/11\/talking-bot-125x125.png","contentUrl":"https:\/\/portaltela.pt\/s.01k8rhncp4jt1\/2025\/11\/talking-bot-125x125.png","caption":"Telinha"},"sameAs":["https:\/\/portaltela.pt\/"],"url":"https:\/\/portaltela.pt\/por\/367410592786\/"}]}},"_links":{"self":[{"href":"https:\/\/portaltela.pt\/api\/wp\/v2\/posts\/133693","targetHints":{"allow":["GET"]}}],"collection":[{"href":"https:\/\/portaltela.pt\/api\/wp\/v2\/posts"}],"about":[{"href":"https:\/\/portaltela.pt\/api\/wp\/v2\/types\/post"}],"author":[{"embeddable":true,"href":"https:\/\/portaltela.pt\/api\/wp\/v2\/users\/2"}],"replies":[{"embeddable":true,"href":"https:\/\/portaltela.pt\/api\/wp\/v2\/comments?post=133693"}],"version-history":[{"count":0,"href":"https:\/\/portaltela.pt\/api\/wp\/v2\/posts\/133693\/revisions"}],"wp:featuredmedia":[{"embeddable":true,"href":"https:\/\/portaltela.pt\/api\/wp\/v2\/media\/133696"}],"wp:attachment":[{"href":"https:\/\/portaltela.pt\/api\/wp\/v2\/media?parent=133693"}],"wp:term":[{"taxonomy":"category","embeddable":true,"href":"https:\/\/portaltela.pt\/api\/wp\/v2\/categories?post=133693"},{"taxonomy":"post_tag","embeddable":true,"href":"https:\/\/portaltela.pt\/api\/wp\/v2\/tags?post=133693"}],"curies":[{"name":"wp","href":"https:\/\/api.w.org\/{rel}","templated":true}]}}