{"id":133645,"date":"2026-01-11T15:51:08","date_gmt":"2026-01-11T18:51:08","guid":{"rendered":"https:\/\/portaltela.pt\/noticias\/2026\/01\/11\/alpine-pode-falhar-nos-primeiros-testes-em-barcelona\/"},"modified":"2026-01-11T15:51:08","modified_gmt":"2026-01-11T18:51:08","slug":"alpine-pode-falhar-nos-primeiros-testes-em-barcelona","status":"publish","type":"post","link":"https:\/\/portaltela.pt\/desporto\/2026\/01\/11\/alpine-pode-falhar-nos-primeiros-testes-em-barcelona\/","title":{"rendered":"Alpine pode falhar nos primeiros testes em Barcelona"},"content":{"rendered":"<p>Alpine poder\u00e1 falhar os primeiros dias de testes de pr\u00e9-temporada de F1 em Barcelona, antes da \u00e9poca de 2026, revelou uma fonte an\u00f3nima da equipa. A Audi j\u00e1 realizou o shakedown do seu primeiro monolugar, mas espera-se que v\u00e1rias escuderias n\u00e3o estejam plenamente prontas a 26 de janeiro.<\/p>\n<p>A primeira sess\u00e3o de testes ter\u00e1 a dura\u00e7\u00e3o de cinco dias, com cada equipa a escolher tr\u00eas para trabalhar em pista. Em fevereiro, est\u00e3o previstos dois testes no Bahrein. As equipas beneficiaram de nove dias de testes antes da nova temporada, devido \u00e0s altera\u00e7\u00f5es t\u00e9cnicas em vigor.<\/p>\n<p>A partir desta temporada, a Alpine utilizar\u00e1 um sistema de propuls\u00e3o Mercedes, ap\u00f3s o encerramento do programa de unidades-motriz da Renault. O shakedown do A526 estava previsto para a semana de 12 a 18 de janeiro, mas foi adiado para Barcelona.<\/p>\n<p>A raz\u00e3o prende-se na aus\u00eancia de informa\u00e7\u00f5es necess\u00e1rias para a integra\u00e7\u00e3o do novo motor. A Alpine explicou que os dados de opera\u00e7\u00e3o do sistema de propuls\u00e3o ainda n\u00e3o estavam completos, embora a Mercedes tenha fornecido de forma antecipada os dados do motor e de componentes essenciais.<\/p>\n<p>Espera-se que o problema seja resolvido nos pr\u00f3ximos dias, permitindo \u00e0 Alpine planear o shakedown. Contudo, n\u00e3o \u00e9 poss\u00edvel afirmar se o A526 estar\u00e1 pronto para os testes em Barcelona.<\/p>\n<h3>Sistema de propuls\u00e3o e prazos<\/h3>\n<p>A mudan\u00e7a para o propulsor Mercedes representa o fim do programa pr\u00f3prio da Renault. A equipa depende dos dados recebidos para testar a integra\u00e7\u00e3o do motor no novo coche.<\/p>\n<p>Restam dias at\u00e9 o in\u00edcio dos treinos em Barcelona, e a Alpine ainda n\u00e3o confirmou a prontid\u00e3o do A526. A situa\u00e7\u00e3o permanece sob avalia\u00e7\u00e3o interna, com atualiza\u00e7\u00f5es a depender das informa\u00e7\u00f5es t\u00e9cnicas recebidas.<\/p>\n","protected":false},"excerpt":{"rendered":"<ul>\n<li>A Alpine poder\u00e1 falhar os primeiros dias de testes de pr\u00e9-temporada em Barcelona, segundo uma fonte an\u00f3nima da equipa.<\/li>\n<li>A Audi j\u00e1 realizou o shakedown do seu primeiro monolugar, e espera-se que v\u00e1rias escuderias n\u00e3o estejam totalmente prontas a 26 de janeiro.<\/li>\n<li>A primeira sess\u00e3o de testes tem dura\u00e7\u00e3o de cinco dias, com cada equipa a escolher tr\u00eas para trabalhar em pista; em fevereiro existem dois testes no Bahrein.<\/li>\n<li>A Alpine passar\u00e1 a utilizar propulsor da Mercedes ap\u00f3s Renault encerrarem o seu programa de unidades-motriz; o shakedown do A526 foi adiado para Barcelona.<\/li>\n<li>O atraso deve-se \u00e0 Alpine ainda n\u00e3o ter recebido todos os dados necess\u00e1rios para trabalhar com o novo sistema de propuls\u00e3o da Mercedes, embora a fabricante tenha fornecido informa\u00e7\u00f5es antecipadamente; a equipa espera resolver nos pr\u00f3ximos dias.<\/li>\n<\/ul>\n","protected":false},"author":2,"featured_media":133651,"comment_status":"closed","ping_status":"closed","sticky":false,"template":"","format":"standard","meta":{"footnotes":""},"categories":[21],"tags":[2371,2587,152,2619,195,2748],"class_list":["post-133645","post","type-post","status-publish","format-standard","has-post-thumbnail","hentry","category-desporto","tag-automoveis","tag-barcelona","tag-desporto","tag-desportos-internacionais","tag-informacao","tag-motores-ssv-e-challenger"],"yoast_head":"<!-- This site is optimized with the Yoast SEO plugin v27.2 - https:\/\/yoast.com\/product\/yoast-seo-wordpress\/ -->\n<title>Alpine pode falhar nos primeiros testes em Barcelona - Portal Tela Portugal<\/title>\n<meta name=\"robots\" content=\"index, follow, max-snippet:-1, max-image-preview:large, max-video-preview:-1\" \/>\n<meta property=\"og:locale\" content=\"pt_PT\" \/>\n<meta property=\"og:type\" content=\"article\" \/>\n<meta property=\"og:title\" content=\"Alpine pode falhar nos primeiros testes em Barcelona - Portal Tela Portugal\" \/>\n<meta property=\"og:description\" content=\"A Alpine poder\u00e1 falhar os primeiros dias de testes de pr\u00e9-temporada em Barcelona, segundo uma fonte an\u00f3nima da equipa. A Audi j\u00e1 realizou o shakedown do seu primeiro monolugar, e espera-se que v\u00e1rias escuderias n\u00e3o estejam totalmente prontas a 26 de janeiro. A primeira sess\u00e3o de testes tem dura\u00e7\u00e3o de cinco dias, com cada equipa a escolher tr\u00eas para trabalhar em pista; em fevereiro existem dois testes no Bahrein. A Alpine passar\u00e1 a utilizar propulsor da Mercedes ap\u00f3s Renault encerrarem o seu programa de unidades-motriz; o shakedown do A526 foi adiado para Barcelona. O atraso deve-se \u00e0 Alpine ainda n\u00e3o ter recebido todos os dados necess\u00e1rios para trabalhar com o novo sistema de propuls\u00e3o da Mercedes, embora a fabricante tenha fornecido informa\u00e7\u00f5es antecipadamente; a equipa espera resolver nos pr\u00f3ximos dias.\" \/>\n<meta property=\"og:url\" content=\"https:\/\/portaltela.pt\/noticias\/2026\/01\/11\/alpine-pode-falhar-nos-primeiros-testes-em-barcelona\/\" \/>\n<meta property=\"og:site_name\" content=\"Portal Tela Portugal\" \/>\n<meta property=\"article:published_time\" content=\"2026-01-11T18:51:08+00:00\" \/>\n<meta name=\"author\" content=\"Telinha\" \/>\n<meta name=\"twitter:card\" content=\"summary_large_image\" \/>\n<meta name=\"twitter:label1\" content=\"Escrito por\" \/>\n\t<meta name=\"twitter:data1\" content=\"Telinha\" \/>\n\t<meta name=\"twitter:label2\" content=\"Tempo estimado de leitura\" \/>\n\t<meta name=\"twitter:data2\" content=\"2 minutos\" \/>\n<script type=\"application\/ld+json\" class=\"yoast-schema-graph\">{\"@context\":\"https:\/\/schema.org\",\"@graph\":[{\"@type\":\"Article\",\"@id\":\"https:\/\/portaltela.pt\/noticias\/2026\/01\/11\/alpine-pode-falhar-nos-primeiros-testes-em-barcelona\/#article\",\"isPartOf\":{\"@id\":\"https:\/\/portaltela.pt\/noticias\/2026\/01\/11\/alpine-pode-falhar-nos-primeiros-testes-em-barcelona\/\"},\"author\":{\"name\":\"Telinha\",\"@id\":\"https:\/\/portaltela.pt\/#\/schema\/person\/c4278d4a6028830caff9ee44b42d32ed\"},\"headline\":\"Alpine pode falhar nos primeiros testes em Barcelona\",\"datePublished\":\"2026-01-11T18:51:08+00:00\",\"mainEntityOfPage\":{\"@id\":\"https:\/\/portaltela.pt\/noticias\/2026\/01\/11\/alpine-pode-falhar-nos-primeiros-testes-em-barcelona\/\"},\"wordCount\":316,\"image\":{\"@id\":\"https:\/\/portaltela.pt\/noticias\/2026\/01\/11\/alpine-pode-falhar-nos-primeiros-testes-em-barcelona\/#primaryimage\"},\"thumbnailUrl\":\"https:\/\/portaltela.pt\/s.01k8rhncp4jt1\/2026\/01\/5381d405-3b7a-4b42-ab9c-fe7bf54cb636.jpg\",\"keywords\":[\"Autom\u00f3veis\",\"Barcelona\",\"desporto\",\"desportos internacionais\",\"informa\u00e7\u00e3o\",\"Motores, SSV e Challenger\"],\"articleSection\":[\"Desporto\"],\"inLanguage\":\"pt-PT\"},{\"@type\":\"WebPage\",\"@id\":\"https:\/\/portaltela.pt\/noticias\/2026\/01\/11\/alpine-pode-falhar-nos-primeiros-testes-em-barcelona\/\",\"url\":\"https:\/\/portaltela.pt\/noticias\/2026\/01\/11\/alpine-pode-falhar-nos-primeiros-testes-em-barcelona\/\",\"name\":\"Alpine pode falhar nos primeiros testes em Barcelona - Portal Tela Portugal\",\"isPartOf\":{\"@id\":\"https:\/\/portaltela.pt\/#website\"},\"primaryImageOfPage\":{\"@id\":\"https:\/\/portaltela.pt\/noticias\/2026\/01\/11\/alpine-pode-falhar-nos-primeiros-testes-em-barcelona\/#primaryimage\"},\"image\":{\"@id\":\"https:\/\/portaltela.pt\/noticias\/2026\/01\/11\/alpine-pode-falhar-nos-primeiros-testes-em-barcelona\/#primaryimage\"},\"thumbnailUrl\":\"https:\/\/portaltela.pt\/s.01k8rhncp4jt1\/2026\/01\/5381d405-3b7a-4b42-ab9c-fe7bf54cb636.jpg\",\"datePublished\":\"2026-01-11T18:51:08+00:00\",\"author\":{\"@id\":\"https:\/\/portaltela.pt\/#\/schema\/person\/c4278d4a6028830caff9ee44b42d32ed\"},\"breadcrumb\":{\"@id\":\"https:\/\/portaltela.pt\/noticias\/2026\/01\/11\/alpine-pode-falhar-nos-primeiros-testes-em-barcelona\/#breadcrumb\"},\"inLanguage\":\"pt-PT\",\"potentialAction\":[{\"@type\":\"ReadAction\",\"target\":[\"https:\/\/portaltela.pt\/noticias\/2026\/01\/11\/alpine-pode-falhar-nos-primeiros-testes-em-barcelona\/\"]}]},{\"@type\":\"ImageObject\",\"inLanguage\":\"pt-PT\",\"@id\":\"https:\/\/portaltela.pt\/noticias\/2026\/01\/11\/alpine-pode-falhar-nos-primeiros-testes-em-barcelona\/#primaryimage\",\"url\":\"https:\/\/portaltela.pt\/s.01k8rhncp4jt1\/2026\/01\/5381d405-3b7a-4b42-ab9c-fe7bf54cb636.jpg\",\"contentUrl\":\"https:\/\/portaltela.pt\/s.01k8rhncp4jt1\/2026\/01\/5381d405-3b7a-4b42-ab9c-fe7bf54cb636.jpg\",\"width\":796,\"height\":448,\"caption\":\"Pierre Gasly ao volante do Alpine\"},{\"@type\":\"BreadcrumbList\",\"@id\":\"https:\/\/portaltela.pt\/noticias\/2026\/01\/11\/alpine-pode-falhar-nos-primeiros-testes-em-barcelona\/#breadcrumb\",\"itemListElement\":[{\"@type\":\"ListItem\",\"position\":1,\"name\":\"In\u00edcio\",\"item\":\"https:\/\/portaltela.pt\/\"},{\"@type\":\"ListItem\",\"position\":2,\"name\":\"Alpine pode falhar nos primeiros testes em Barcelona\"}]},{\"@type\":\"WebSite\",\"@id\":\"https:\/\/portaltela.pt\/#website\",\"url\":\"https:\/\/portaltela.pt\/\",\"name\":\"Portal Tela Portugal\",\"description\":\"\",\"potentialAction\":[{\"@type\":\"SearchAction\",\"target\":{\"@type\":\"EntryPoint\",\"urlTemplate\":\"https:\/\/portaltela.pt\/?s={search_term_string}\"},\"query-input\":{\"@type\":\"PropertyValueSpecification\",\"valueRequired\":true,\"valueName\":\"search_term_string\"}}],\"inLanguage\":\"pt-PT\"},{\"@type\":\"Person\",\"@id\":\"https:\/\/portaltela.pt\/#\/schema\/person\/c4278d4a6028830caff9ee44b42d32ed\",\"name\":\"Telinha\",\"image\":{\"@type\":\"ImageObject\",\"inLanguage\":\"pt-PT\",\"@id\":\"https:\/\/portaltela.pt\/s.01k8rhncp4jt1\/2025\/11\/talking-bot-125x125.png\",\"url\":\"https:\/\/portaltela.pt\/s.01k8rhncp4jt1\/2025\/11\/talking-bot-125x125.png\",\"contentUrl\":\"https:\/\/portaltela.pt\/s.01k8rhncp4jt1\/2025\/11\/talking-bot-125x125.png\",\"caption\":\"Telinha\"},\"sameAs\":[\"https:\/\/portaltela.pt\/\"],\"url\":\"https:\/\/portaltela.pt\/por\/367410592786\/\"}]}<\/script>\n<!-- \/ Yoast SEO plugin. -->","yoast_head_json":{"title":"Alpine pode falhar nos primeiros testes em Barcelona - Portal Tela Portugal","robots":{"index":"index","follow":"follow","max-snippet":"max-snippet:-1","max-image-preview":"max-image-preview:large","max-video-preview":"max-video-preview:-1"},"og_locale":"pt_PT","og_type":"article","og_title":"Alpine pode falhar nos primeiros testes em Barcelona - Portal Tela Portugal","og_description":"A Alpine poder\u00e1 falhar os primeiros dias de testes de pr\u00e9-temporada em Barcelona, segundo uma fonte an\u00f3nima da equipa. A Audi j\u00e1 realizou o shakedown do seu primeiro monolugar, e espera-se que v\u00e1rias escuderias n\u00e3o estejam totalmente prontas a 26 de janeiro. A primeira sess\u00e3o de testes tem dura\u00e7\u00e3o de cinco dias, com cada equipa a escolher tr\u00eas para trabalhar em pista; em fevereiro existem dois testes no Bahrein. A Alpine passar\u00e1 a utilizar propulsor da Mercedes ap\u00f3s Renault encerrarem o seu programa de unidades-motriz; o shakedown do A526 foi adiado para Barcelona. O atraso deve-se \u00e0 Alpine ainda n\u00e3o ter recebido todos os dados necess\u00e1rios para trabalhar com o novo sistema de propuls\u00e3o da Mercedes, embora a fabricante tenha fornecido informa\u00e7\u00f5es antecipadamente; a equipa espera resolver nos pr\u00f3ximos dias.","og_url":"https:\/\/portaltela.pt\/noticias\/2026\/01\/11\/alpine-pode-falhar-nos-primeiros-testes-em-barcelona\/","og_site_name":"Portal Tela Portugal","article_published_time":"2026-01-11T18:51:08+00:00","author":"Telinha","twitter_card":"summary_large_image","twitter_misc":{"Escrito por":"Telinha","Tempo estimado de leitura":"2 minutos"},"schema":{"@context":"https:\/\/schema.org","@graph":[{"@type":"Article","@id":"https:\/\/portaltela.pt\/noticias\/2026\/01\/11\/alpine-pode-falhar-nos-primeiros-testes-em-barcelona\/#article","isPartOf":{"@id":"https:\/\/portaltela.pt\/noticias\/2026\/01\/11\/alpine-pode-falhar-nos-primeiros-testes-em-barcelona\/"},"author":{"name":"Telinha","@id":"https:\/\/portaltela.pt\/#\/schema\/person\/c4278d4a6028830caff9ee44b42d32ed"},"headline":"Alpine pode falhar nos primeiros testes em Barcelona","datePublished":"2026-01-11T18:51:08+00:00","mainEntityOfPage":{"@id":"https:\/\/portaltela.pt\/noticias\/2026\/01\/11\/alpine-pode-falhar-nos-primeiros-testes-em-barcelona\/"},"wordCount":316,"image":{"@id":"https:\/\/portaltela.pt\/noticias\/2026\/01\/11\/alpine-pode-falhar-nos-primeiros-testes-em-barcelona\/#primaryimage"},"thumbnailUrl":"https:\/\/portaltela.pt\/s.01k8rhncp4jt1\/2026\/01\/5381d405-3b7a-4b42-ab9c-fe7bf54cb636.jpg","keywords":["Autom\u00f3veis","Barcelona","desporto","desportos internacionais","informa\u00e7\u00e3o","Motores, SSV e Challenger"],"articleSection":["Desporto"],"inLanguage":"pt-PT"},{"@type":"WebPage","@id":"https:\/\/portaltela.pt\/noticias\/2026\/01\/11\/alpine-pode-falhar-nos-primeiros-testes-em-barcelona\/","url":"https:\/\/portaltela.pt\/noticias\/2026\/01\/11\/alpine-pode-falhar-nos-primeiros-testes-em-barcelona\/","name":"Alpine pode falhar nos primeiros testes em Barcelona - Portal Tela Portugal","isPartOf":{"@id":"https:\/\/portaltela.pt\/#website"},"primaryImageOfPage":{"@id":"https:\/\/portaltela.pt\/noticias\/2026\/01\/11\/alpine-pode-falhar-nos-primeiros-testes-em-barcelona\/#primaryimage"},"image":{"@id":"https:\/\/portaltela.pt\/noticias\/2026\/01\/11\/alpine-pode-falhar-nos-primeiros-testes-em-barcelona\/#primaryimage"},"thumbnailUrl":"https:\/\/portaltela.pt\/s.01k8rhncp4jt1\/2026\/01\/5381d405-3b7a-4b42-ab9c-fe7bf54cb636.jpg","datePublished":"2026-01-11T18:51:08+00:00","author":{"@id":"https:\/\/portaltela.pt\/#\/schema\/person\/c4278d4a6028830caff9ee44b42d32ed"},"breadcrumb":{"@id":"https:\/\/portaltela.pt\/noticias\/2026\/01\/11\/alpine-pode-falhar-nos-primeiros-testes-em-barcelona\/#breadcrumb"},"inLanguage":"pt-PT","potentialAction":[{"@type":"ReadAction","target":["https:\/\/portaltela.pt\/noticias\/2026\/01\/11\/alpine-pode-falhar-nos-primeiros-testes-em-barcelona\/"]}]},{"@type":"ImageObject","inLanguage":"pt-PT","@id":"https:\/\/portaltela.pt\/noticias\/2026\/01\/11\/alpine-pode-falhar-nos-primeiros-testes-em-barcelona\/#primaryimage","url":"https:\/\/portaltela.pt\/s.01k8rhncp4jt1\/2026\/01\/5381d405-3b7a-4b42-ab9c-fe7bf54cb636.jpg","contentUrl":"https:\/\/portaltela.pt\/s.01k8rhncp4jt1\/2026\/01\/5381d405-3b7a-4b42-ab9c-fe7bf54cb636.jpg","width":796,"height":448,"caption":"Pierre Gasly ao volante do Alpine"},{"@type":"BreadcrumbList","@id":"https:\/\/portaltela.pt\/noticias\/2026\/01\/11\/alpine-pode-falhar-nos-primeiros-testes-em-barcelona\/#breadcrumb","itemListElement":[{"@type":"ListItem","position":1,"name":"In\u00edcio","item":"https:\/\/portaltela.pt\/"},{"@type":"ListItem","position":2,"name":"Alpine pode falhar nos primeiros testes em Barcelona"}]},{"@type":"WebSite","@id":"https:\/\/portaltela.pt\/#website","url":"https:\/\/portaltela.pt\/","name":"Portal Tela Portugal","description":"","potentialAction":[{"@type":"SearchAction","target":{"@type":"EntryPoint","urlTemplate":"https:\/\/portaltela.pt\/?s={search_term_string}"},"query-input":{"@type":"PropertyValueSpecification","valueRequired":true,"valueName":"search_term_string"}}],"inLanguage":"pt-PT"},{"@type":"Person","@id":"https:\/\/portaltela.pt\/#\/schema\/person\/c4278d4a6028830caff9ee44b42d32ed","name":"Telinha","image":{"@type":"ImageObject","inLanguage":"pt-PT","@id":"https:\/\/portaltela.pt\/s.01k8rhncp4jt1\/2025\/11\/talking-bot-125x125.png","url":"https:\/\/portaltela.pt\/s.01k8rhncp4jt1\/2025\/11\/talking-bot-125x125.png","contentUrl":"https:\/\/portaltela.pt\/s.01k8rhncp4jt1\/2025\/11\/talking-bot-125x125.png","caption":"Telinha"},"sameAs":["https:\/\/portaltela.pt\/"],"url":"https:\/\/portaltela.pt\/por\/367410592786\/"}]}},"_links":{"self":[{"href":"https:\/\/portaltela.pt\/api\/wp\/v2\/posts\/133645","targetHints":{"allow":["GET"]}}],"collection":[{"href":"https:\/\/portaltela.pt\/api\/wp\/v2\/posts"}],"about":[{"href":"https:\/\/portaltela.pt\/api\/wp\/v2\/types\/post"}],"author":[{"embeddable":true,"href":"https:\/\/portaltela.pt\/api\/wp\/v2\/users\/2"}],"replies":[{"embeddable":true,"href":"https:\/\/portaltela.pt\/api\/wp\/v2\/comments?post=133645"}],"version-history":[{"count":0,"href":"https:\/\/portaltela.pt\/api\/wp\/v2\/posts\/133645\/revisions"}],"wp:featuredmedia":[{"embeddable":true,"href":"https:\/\/portaltela.pt\/api\/wp\/v2\/media\/133651"}],"wp:attachment":[{"href":"https:\/\/portaltela.pt\/api\/wp\/v2\/media?parent=133645"}],"wp:term":[{"taxonomy":"category","embeddable":true,"href":"https:\/\/portaltela.pt\/api\/wp\/v2\/categories?post=133645"},{"taxonomy":"post_tag","embeddable":true,"href":"https:\/\/portaltela.pt\/api\/wp\/v2\/tags?post=133645"}],"curies":[{"name":"wp","href":"https:\/\/api.w.org\/{rel}","templated":true}]}}