{"id":133545,"date":"2026-01-11T15:04:00","date_gmt":"2026-01-11T18:04:00","guid":{"rendered":"https:\/\/portaltela.pt\/noticias\/2026\/01\/11\/bob-weir-fundador-dos-grateful-dead-morre-aos-79-anos\/"},"modified":"2026-01-11T15:04:00","modified_gmt":"2026-01-11T18:04:00","slug":"bob-weir-fundador-dos-grateful-dead-morre-aos-79-anos","status":"publish","type":"post","link":"https:\/\/portaltela.pt\/noticias\/2026\/01\/11\/bob-weir-fundador-dos-grateful-dead-morre-aos-79-anos\/","title":{"rendered":"Bob Weir, fundador dos Grateful Dead, morre aos 79 anos"},"content":{"rendered":"<p>Bob Weir, guitarrista e um dos membros fundadores do Grateful Dead, faleceu em 2026 aos 79 anos. O an\u00fancio assinala o fim de uma etapa central na hist\u00f3ria da banda de San Francisco, cuja m\u00fasica influenciou gera\u00e7\u00f5es.<\/p>\n<p>A junta fundadora do Grateful Dead incluiu Weir ap\u00f3s um encontro com Jerry Garcia numa loja de instrumentos. Ainda adolescente, com 17 a\u00f1os, Weir integrou o grupo precursor, os Warlocks, que rapidamente evoluiu para Grateful Dead.<\/p>\n<p>A rela\u00e7\u00e3o entre Weir e Garcia ajudou a moldar o som da contracultura, marcando o palco musical de San Francisco nas d\u00e9cadas de 1960 e 1970. A banda tornou-se s\u00edmbolo de uma legi\u00e3o de f\u00e3s que acompanhou a sua trajet\u00f3ria ao longo de v\u00e1rias gera\u00e7\u00f5es.<\/p>\n<p>O papel de Weir na forma\u00e7\u00e3o da identidade musical do grupo permanece central. O guitarrista participou de momentos decisivos, mantendo vivo o legado da banda atrav\u00e9s de d\u00e9cadas de performances e inova\u00e7\u00f5es sonoras.<\/p>\n<h3>Origem e legado da banda<\/h3>\n<p>Os Warlocks, criados durante a juventude de Weir, evolu\u00edram para Grateful Dead, consolidando um estilo \u00fanico. A parceria com Garcia manteve-se como eixo criativo, impulsionando turn\u00eas, grava\u00e7\u00f5es e uma comunidade de f\u00e3s dedicada.<\/p>\n<h3>Impacto cultural<\/h3>\n<p>A proposta musical do Grateful Dead, sustentada por Weir, ajudou a definir a contracultura norte-americana. A influ\u00eancia alcan\u00e7ou diversas gera\u00e7\u00f5es e persiste na mem\u00f3ria de milh\u00f5es de ouvintes.<\/p>\n","protected":false},"excerpt":{"rendered":"<ul>\n<li>Bob Weir (1947-2026) foi um dos fundadores da Grateful Dead, banda ic\u00f3nica de S\u00e3o Francisco.<\/li>\n<li>Conheceu Jerry Garcia numa loja de instrumentos musicais quando ainda era adolescente, encontro que ajudou a moldar o grupo.<\/li>\n<li>Juntos formaram os Warlocks, que rapidamente se tornou Grateful Dead.<\/li>\n<li>O guitarrista tinha apenas 17 anos na altura e era tratado pelos membros como \u201cthe kid\u201d (o mi\u00fado).<\/li>\n<\/ul>\n","protected":false},"author":2,"featured_media":133550,"comment_status":"closed","ping_status":"closed","sticky":false,"template":"","format":"standard","meta":{"footnotes":""},"categories":[12,1],"tags":[593,145,299,122,40,1813],"class_list":["post-133545","post","type-post","status-publish","format-standard","has-post-thumbnail","hentry","category-entretenimento","category-noticias","tag-concertos","tag-cultura","tag-historia","tag-musica","tag-pessoas","tag-turnes-internacionais"],"yoast_head":"<!-- This site is optimized with the Yoast SEO plugin v27.2 - https:\/\/yoast.com\/product\/yoast-seo-wordpress\/ -->\n<title>Bob Weir, fundador dos Grateful Dead, morre aos 79 anos - Portal Tela Portugal<\/title>\n<meta name=\"robots\" content=\"index, follow, max-snippet:-1, max-image-preview:large, max-video-preview:-1\" \/>\n<meta property=\"og:locale\" content=\"pt_PT\" \/>\n<meta property=\"og:type\" content=\"article\" \/>\n<meta property=\"og:title\" content=\"Bob Weir, fundador dos Grateful Dead, morre aos 79 anos - Portal Tela Portugal\" \/>\n<meta property=\"og:description\" content=\"Bob Weir (1947-2026) foi um dos fundadores da Grateful Dead, banda ic\u00f3nica de S\u00e3o Francisco. Conheceu Jerry Garcia numa loja de instrumentos musicais quando ainda era adolescente, encontro que ajudou a moldar o grupo. Juntos formaram os Warlocks, que rapidamente se tornou Grateful Dead. O guitarrista tinha apenas 17 anos na altura e era tratado pelos membros como \u201cthe kid\u201d (o mi\u00fado).\" \/>\n<meta property=\"og:url\" content=\"https:\/\/portaltela.pt\/noticias\/2026\/01\/11\/bob-weir-fundador-dos-grateful-dead-morre-aos-79-anos\/\" \/>\n<meta property=\"og:site_name\" content=\"Portal Tela Portugal\" \/>\n<meta property=\"article:published_time\" content=\"2026-01-11T18:04:00+00:00\" \/>\n<meta name=\"author\" content=\"Telinha\" \/>\n<meta name=\"twitter:card\" content=\"summary_large_image\" \/>\n<meta name=\"twitter:label1\" content=\"Escrito por\" \/>\n\t<meta name=\"twitter:data1\" content=\"Telinha\" \/>\n\t<meta name=\"twitter:label2\" content=\"Tempo estimado de leitura\" \/>\n\t<meta name=\"twitter:data2\" content=\"1 minuto\" \/>\n<script type=\"application\/ld+json\" class=\"yoast-schema-graph\">{\"@context\":\"https:\/\/schema.org\",\"@graph\":[{\"@type\":\"Article\",\"@id\":\"https:\/\/portaltela.pt\/noticias\/2026\/01\/11\/bob-weir-fundador-dos-grateful-dead-morre-aos-79-anos\/#article\",\"isPartOf\":{\"@id\":\"https:\/\/portaltela.pt\/noticias\/2026\/01\/11\/bob-weir-fundador-dos-grateful-dead-morre-aos-79-anos\/\"},\"author\":{\"name\":\"Telinha\",\"@id\":\"https:\/\/portaltela.pt\/#\/schema\/person\/c4278d4a6028830caff9ee44b42d32ed\"},\"headline\":\"Bob Weir, fundador dos Grateful Dead, morre aos 79 anos\",\"datePublished\":\"2026-01-11T18:04:00+00:00\",\"mainEntityOfPage\":{\"@id\":\"https:\/\/portaltela.pt\/noticias\/2026\/01\/11\/bob-weir-fundador-dos-grateful-dead-morre-aos-79-anos\/\"},\"wordCount\":250,\"image\":{\"@id\":\"https:\/\/portaltela.pt\/noticias\/2026\/01\/11\/bob-weir-fundador-dos-grateful-dead-morre-aos-79-anos\/#primaryimage\"},\"thumbnailUrl\":\"https:\/\/portaltela.pt\/s.01k8rhncp4jt1\/2026\/01\/2058332.jpg\",\"keywords\":[\"concertos\",\"cultura\",\"hist\u00f3ria\",\"m\u00fasica\",\"pessoas\",\"turn\u00eas internacionais\"],\"articleSection\":[\"Entretenimento\",\"Not\u00edcias\"],\"inLanguage\":\"pt-PT\"},{\"@type\":\"WebPage\",\"@id\":\"https:\/\/portaltela.pt\/noticias\/2026\/01\/11\/bob-weir-fundador-dos-grateful-dead-morre-aos-79-anos\/\",\"url\":\"https:\/\/portaltela.pt\/noticias\/2026\/01\/11\/bob-weir-fundador-dos-grateful-dead-morre-aos-79-anos\/\",\"name\":\"Bob Weir, fundador dos Grateful Dead, morre aos 79 anos - Portal Tela Portugal\",\"isPartOf\":{\"@id\":\"https:\/\/portaltela.pt\/#website\"},\"primaryImageOfPage\":{\"@id\":\"https:\/\/portaltela.pt\/noticias\/2026\/01\/11\/bob-weir-fundador-dos-grateful-dead-morre-aos-79-anos\/#primaryimage\"},\"image\":{\"@id\":\"https:\/\/portaltela.pt\/noticias\/2026\/01\/11\/bob-weir-fundador-dos-grateful-dead-morre-aos-79-anos\/#primaryimage\"},\"thumbnailUrl\":\"https:\/\/portaltela.pt\/s.01k8rhncp4jt1\/2026\/01\/2058332.jpg\",\"datePublished\":\"2026-01-11T18:04:00+00:00\",\"author\":{\"@id\":\"https:\/\/portaltela.pt\/#\/schema\/person\/c4278d4a6028830caff9ee44b42d32ed\"},\"breadcrumb\":{\"@id\":\"https:\/\/portaltela.pt\/noticias\/2026\/01\/11\/bob-weir-fundador-dos-grateful-dead-morre-aos-79-anos\/#breadcrumb\"},\"inLanguage\":\"pt-PT\",\"potentialAction\":[{\"@type\":\"ReadAction\",\"target\":[\"https:\/\/portaltela.pt\/noticias\/2026\/01\/11\/bob-weir-fundador-dos-grateful-dead-morre-aos-79-anos\/\"]}]},{\"@type\":\"ImageObject\",\"inLanguage\":\"pt-PT\",\"@id\":\"https:\/\/portaltela.pt\/noticias\/2026\/01\/11\/bob-weir-fundador-dos-grateful-dead-morre-aos-79-anos\/#primaryimage\",\"url\":\"https:\/\/portaltela.pt\/s.01k8rhncp4jt1\/2026\/01\/2058332.jpg\",\"contentUrl\":\"https:\/\/portaltela.pt\/s.01k8rhncp4jt1\/2026\/01\/2058332.jpg\",\"width\":796,\"height\":448,\"caption\":\"Bobby Weir (ao centro, em destaque) com os Grateful Dead em 1968\"},{\"@type\":\"BreadcrumbList\",\"@id\":\"https:\/\/portaltela.pt\/noticias\/2026\/01\/11\/bob-weir-fundador-dos-grateful-dead-morre-aos-79-anos\/#breadcrumb\",\"itemListElement\":[{\"@type\":\"ListItem\",\"position\":1,\"name\":\"In\u00edcio\",\"item\":\"https:\/\/portaltela.pt\/\"},{\"@type\":\"ListItem\",\"position\":2,\"name\":\"Bob Weir, fundador dos Grateful Dead, morre aos 79 anos\"}]},{\"@type\":\"WebSite\",\"@id\":\"https:\/\/portaltela.pt\/#website\",\"url\":\"https:\/\/portaltela.pt\/\",\"name\":\"Portal Tela Portugal\",\"description\":\"\",\"potentialAction\":[{\"@type\":\"SearchAction\",\"target\":{\"@type\":\"EntryPoint\",\"urlTemplate\":\"https:\/\/portaltela.pt\/?s={search_term_string}\"},\"query-input\":{\"@type\":\"PropertyValueSpecification\",\"valueRequired\":true,\"valueName\":\"search_term_string\"}}],\"inLanguage\":\"pt-PT\"},{\"@type\":\"Person\",\"@id\":\"https:\/\/portaltela.pt\/#\/schema\/person\/c4278d4a6028830caff9ee44b42d32ed\",\"name\":\"Telinha\",\"image\":{\"@type\":\"ImageObject\",\"inLanguage\":\"pt-PT\",\"@id\":\"https:\/\/portaltela.pt\/s.01k8rhncp4jt1\/2025\/11\/talking-bot-125x125.png\",\"url\":\"https:\/\/portaltela.pt\/s.01k8rhncp4jt1\/2025\/11\/talking-bot-125x125.png\",\"contentUrl\":\"https:\/\/portaltela.pt\/s.01k8rhncp4jt1\/2025\/11\/talking-bot-125x125.png\",\"caption\":\"Telinha\"},\"sameAs\":[\"https:\/\/portaltela.pt\/\"],\"url\":\"https:\/\/portaltela.pt\/por\/367410592786\/\"}]}<\/script>\n<!-- \/ Yoast SEO plugin. -->","yoast_head_json":{"title":"Bob Weir, fundador dos Grateful Dead, morre aos 79 anos - Portal Tela Portugal","robots":{"index":"index","follow":"follow","max-snippet":"max-snippet:-1","max-image-preview":"max-image-preview:large","max-video-preview":"max-video-preview:-1"},"og_locale":"pt_PT","og_type":"article","og_title":"Bob Weir, fundador dos Grateful Dead, morre aos 79 anos - Portal Tela Portugal","og_description":"Bob Weir (1947-2026) foi um dos fundadores da Grateful Dead, banda ic\u00f3nica de S\u00e3o Francisco. Conheceu Jerry Garcia numa loja de instrumentos musicais quando ainda era adolescente, encontro que ajudou a moldar o grupo. Juntos formaram os Warlocks, que rapidamente se tornou Grateful Dead. O guitarrista tinha apenas 17 anos na altura e era tratado pelos membros como \u201cthe kid\u201d (o mi\u00fado).","og_url":"https:\/\/portaltela.pt\/noticias\/2026\/01\/11\/bob-weir-fundador-dos-grateful-dead-morre-aos-79-anos\/","og_site_name":"Portal Tela Portugal","article_published_time":"2026-01-11T18:04:00+00:00","author":"Telinha","twitter_card":"summary_large_image","twitter_misc":{"Escrito por":"Telinha","Tempo estimado de leitura":"1 minuto"},"schema":{"@context":"https:\/\/schema.org","@graph":[{"@type":"Article","@id":"https:\/\/portaltela.pt\/noticias\/2026\/01\/11\/bob-weir-fundador-dos-grateful-dead-morre-aos-79-anos\/#article","isPartOf":{"@id":"https:\/\/portaltela.pt\/noticias\/2026\/01\/11\/bob-weir-fundador-dos-grateful-dead-morre-aos-79-anos\/"},"author":{"name":"Telinha","@id":"https:\/\/portaltela.pt\/#\/schema\/person\/c4278d4a6028830caff9ee44b42d32ed"},"headline":"Bob Weir, fundador dos Grateful Dead, morre aos 79 anos","datePublished":"2026-01-11T18:04:00+00:00","mainEntityOfPage":{"@id":"https:\/\/portaltela.pt\/noticias\/2026\/01\/11\/bob-weir-fundador-dos-grateful-dead-morre-aos-79-anos\/"},"wordCount":250,"image":{"@id":"https:\/\/portaltela.pt\/noticias\/2026\/01\/11\/bob-weir-fundador-dos-grateful-dead-morre-aos-79-anos\/#primaryimage"},"thumbnailUrl":"https:\/\/portaltela.pt\/s.01k8rhncp4jt1\/2026\/01\/2058332.jpg","keywords":["concertos","cultura","hist\u00f3ria","m\u00fasica","pessoas","turn\u00eas internacionais"],"articleSection":["Entretenimento","Not\u00edcias"],"inLanguage":"pt-PT"},{"@type":"WebPage","@id":"https:\/\/portaltela.pt\/noticias\/2026\/01\/11\/bob-weir-fundador-dos-grateful-dead-morre-aos-79-anos\/","url":"https:\/\/portaltela.pt\/noticias\/2026\/01\/11\/bob-weir-fundador-dos-grateful-dead-morre-aos-79-anos\/","name":"Bob Weir, fundador dos Grateful Dead, morre aos 79 anos - Portal Tela Portugal","isPartOf":{"@id":"https:\/\/portaltela.pt\/#website"},"primaryImageOfPage":{"@id":"https:\/\/portaltela.pt\/noticias\/2026\/01\/11\/bob-weir-fundador-dos-grateful-dead-morre-aos-79-anos\/#primaryimage"},"image":{"@id":"https:\/\/portaltela.pt\/noticias\/2026\/01\/11\/bob-weir-fundador-dos-grateful-dead-morre-aos-79-anos\/#primaryimage"},"thumbnailUrl":"https:\/\/portaltela.pt\/s.01k8rhncp4jt1\/2026\/01\/2058332.jpg","datePublished":"2026-01-11T18:04:00+00:00","author":{"@id":"https:\/\/portaltela.pt\/#\/schema\/person\/c4278d4a6028830caff9ee44b42d32ed"},"breadcrumb":{"@id":"https:\/\/portaltela.pt\/noticias\/2026\/01\/11\/bob-weir-fundador-dos-grateful-dead-morre-aos-79-anos\/#breadcrumb"},"inLanguage":"pt-PT","potentialAction":[{"@type":"ReadAction","target":["https:\/\/portaltela.pt\/noticias\/2026\/01\/11\/bob-weir-fundador-dos-grateful-dead-morre-aos-79-anos\/"]}]},{"@type":"ImageObject","inLanguage":"pt-PT","@id":"https:\/\/portaltela.pt\/noticias\/2026\/01\/11\/bob-weir-fundador-dos-grateful-dead-morre-aos-79-anos\/#primaryimage","url":"https:\/\/portaltela.pt\/s.01k8rhncp4jt1\/2026\/01\/2058332.jpg","contentUrl":"https:\/\/portaltela.pt\/s.01k8rhncp4jt1\/2026\/01\/2058332.jpg","width":796,"height":448,"caption":"Bobby Weir (ao centro, em destaque) com os Grateful Dead em 1968"},{"@type":"BreadcrumbList","@id":"https:\/\/portaltela.pt\/noticias\/2026\/01\/11\/bob-weir-fundador-dos-grateful-dead-morre-aos-79-anos\/#breadcrumb","itemListElement":[{"@type":"ListItem","position":1,"name":"In\u00edcio","item":"https:\/\/portaltela.pt\/"},{"@type":"ListItem","position":2,"name":"Bob Weir, fundador dos Grateful Dead, morre aos 79 anos"}]},{"@type":"WebSite","@id":"https:\/\/portaltela.pt\/#website","url":"https:\/\/portaltela.pt\/","name":"Portal Tela Portugal","description":"","potentialAction":[{"@type":"SearchAction","target":{"@type":"EntryPoint","urlTemplate":"https:\/\/portaltela.pt\/?s={search_term_string}"},"query-input":{"@type":"PropertyValueSpecification","valueRequired":true,"valueName":"search_term_string"}}],"inLanguage":"pt-PT"},{"@type":"Person","@id":"https:\/\/portaltela.pt\/#\/schema\/person\/c4278d4a6028830caff9ee44b42d32ed","name":"Telinha","image":{"@type":"ImageObject","inLanguage":"pt-PT","@id":"https:\/\/portaltela.pt\/s.01k8rhncp4jt1\/2025\/11\/talking-bot-125x125.png","url":"https:\/\/portaltela.pt\/s.01k8rhncp4jt1\/2025\/11\/talking-bot-125x125.png","contentUrl":"https:\/\/portaltela.pt\/s.01k8rhncp4jt1\/2025\/11\/talking-bot-125x125.png","caption":"Telinha"},"sameAs":["https:\/\/portaltela.pt\/"],"url":"https:\/\/portaltela.pt\/por\/367410592786\/"}]}},"_links":{"self":[{"href":"https:\/\/portaltela.pt\/api\/wp\/v2\/posts\/133545","targetHints":{"allow":["GET"]}}],"collection":[{"href":"https:\/\/portaltela.pt\/api\/wp\/v2\/posts"}],"about":[{"href":"https:\/\/portaltela.pt\/api\/wp\/v2\/types\/post"}],"author":[{"embeddable":true,"href":"https:\/\/portaltela.pt\/api\/wp\/v2\/users\/2"}],"replies":[{"embeddable":true,"href":"https:\/\/portaltela.pt\/api\/wp\/v2\/comments?post=133545"}],"version-history":[{"count":0,"href":"https:\/\/portaltela.pt\/api\/wp\/v2\/posts\/133545\/revisions"}],"wp:featuredmedia":[{"embeddable":true,"href":"https:\/\/portaltela.pt\/api\/wp\/v2\/media\/133550"}],"wp:attachment":[{"href":"https:\/\/portaltela.pt\/api\/wp\/v2\/media?parent=133545"}],"wp:term":[{"taxonomy":"category","embeddable":true,"href":"https:\/\/portaltela.pt\/api\/wp\/v2\/categories?post=133545"},{"taxonomy":"post_tag","embeddable":true,"href":"https:\/\/portaltela.pt\/api\/wp\/v2\/tags?post=133545"}],"curies":[{"name":"wp","href":"https:\/\/api.w.org\/{rel}","templated":true}]}}