{"id":133432,"date":"2026-01-10T21:00:00","date_gmt":"2026-01-11T00:00:00","guid":{"rendered":"https:\/\/portaltela.pt\/noticias\/2026\/01\/10\/resumo-das-noticias-das-17h-6\/"},"modified":"2026-01-10T21:00:00","modified_gmt":"2026-01-11T00:00:00","slug":"resumo-das-noticias-das-17h-6","status":"publish","type":"post","link":"https:\/\/portaltela.pt\/noticias\/politica\/2026\/01\/10\/resumo-das-noticias-das-17h-6\/","title":{"rendered":"Resumo das not\u00edcias das 17h"},"content":{"rendered":"<p>A R\u00e1dio Observador apresenta o resumo das not\u00edcias das 17h de 11 de janeiro de 2026. Ao longo do dia, v\u00e1rias posi\u00e7\u00f5es e declara\u00e7\u00f5es marcaram o cen\u00e1rio pol\u00edtico nacional, com foco em elei\u00e7\u00f5es presidenciais, campanhas e coment\u00e1rios de figuras p\u00fablicas.<\/p>\n<p>Ventura acusa o PS de fazer campanha com base no medo, em nova interven\u00e7\u00e3o publicada ao longo da tarde. O dirigente demonstra cr\u00edticas \u00e0 estrat\u00e9gia veiculada pelo partido, defendendo que a comunica\u00e7\u00e3o p\u00fablica influencia o eleitorado de forma negativa. A leitura situa-se no atual contexto eleitoral.<\/p>\n<p>Gouveia e Melo afirma que seria prefer\u00edvel uma vit\u00f3ria j\u00e1 no t\u00e9rminus da primeira volta, comentando cen\u00e1rios de campanha e poss\u00edveis impactos no escrut\u00ednio de voto. A disponibilidade de tempo para a segunda volta foi tema de an\u00e1lise, segundo o respons\u00e1vel.<\/p>\n<p>Seguro responde \u00e0s cr\u00edticas de Paulo Rangel, enfatizando a posi\u00e7\u00e3o oficial do seu grupo pol\u00edtico e apresentando esclarecimentos sobre as posi\u00e7\u00f5es defendidas. As declara\u00e7\u00f5es surgem num momento de turbul\u00eancia discursiva entre partidos.<\/p>\n<p>Cotrim acusa o PSD de pressionar militantes, apontando para press\u00f5es internas que, segundo ele, condicionam a liberdade de atua\u00e7\u00e3o. O epis\u00f3dio eleva o debate interno sobre pr\u00e1ticas de gest\u00e3o de quadros.<\/p>\n<p>Marcelo Rebelo de Sousa j\u00e1 votou antecipadamente, segundo registo divulgado. O Chefe de Estado participou no voto antecipado, sem revelar detalhes adicionais sobre o processo ou motiva\u00e7\u00f5es.<\/p>\n<p>Marisa Matias afirma que as elei\u00e7\u00f5es se mostram mais fragmentadas, referindo-se \u00e0 dispers\u00e3o de apoios entre v\u00e1rias for\u00e7as pol\u00edticas. A an\u00e1lise enquadra o panorama atual com menos consenso entre candidaturas.<\/p>\n<p>Ir\u00e3o retalia em caso de ataque de EUA ou Israel, segundo previs\u00f5es citadas por analistas presentes no debate pol\u00edtico. O tema envolve alian\u00e7as estrat\u00e9gicas e respostas a a\u00e7\u00f5es internacionais que afetariam a pol\u00edtica interna.<\/p>\n<p>Andr\u00e9 Ventura busca evitar que o PS avance como presidente, refor\u00e7ando posi\u00e7\u00e3o contr\u00e1ria a uma poss\u00edvel vit\u00f3ria socialista. O tom permanece firme, com apontamentos sobre o rumo institucional desejado pelo seu gui\u00e3o.<\/p>\n<p>Dia de voto antecipado para elei\u00e7\u00f5es presidenciais fecha a atual agenda do dia, com registros de atividades de mobiliza\u00e7\u00e3o, campanhas e participa\u00e7\u00e3o de eleitores. O movimento de antecipa\u00e7\u00e3o integra a contagem de vota\u00e7\u00f5es em curso.<\/p>\n","protected":false},"excerpt":{"rendered":"<ul>\n<li>\u00c0s 16h, Ventura acusa o PS de fazer campanha \u00e0 base do medo.<\/li>\n<li>\u00c0s 15h, Gouveia e Melo diz que era bom ganhar \u00e0 primeira volta.<\/li>\n<li>\u00c0s 14h, Seguro responde \u00e0s cr\u00edticas de Paulo Rangel.<\/li>\n<li>\u00c0s 13h, Cotrim acusa o PSD de pressionar militantes.<\/li>\n<li>\u00c0s 12h, Marcelo Rebelo de Sousa j\u00e1 votou antecipadamente.<\/li>\n<\/ul>\n","protected":false},"author":2,"featured_media":133434,"comment_status":"closed","ping_status":"closed","sticky":false,"template":"","format":"standard","meta":{"footnotes":""},"categories":[1,5],"tags":[68,2877,2811,2832,30,2144],"class_list":["post-133432","post","type-post","status-publish","format-standard","has-post-thumbnail","hentry","category-noticias","category-politica","tag-eleicoes","tag-marcelo-rebelo-de-sousa","tag-marisa-matias","tag-politica","tag-presidente","tag-ps"],"yoast_head":"<!-- This site is optimized with the Yoast SEO plugin v27.2 - https:\/\/yoast.com\/product\/yoast-seo-wordpress\/ -->\n<title>Resumo das not\u00edcias das 17h - Portal Tela Portugal<\/title>\n<meta name=\"robots\" content=\"index, follow, max-snippet:-1, max-image-preview:large, max-video-preview:-1\" \/>\n<meta property=\"og:locale\" content=\"pt_PT\" \/>\n<meta property=\"og:type\" content=\"article\" \/>\n<meta property=\"og:title\" content=\"Resumo das not\u00edcias das 17h - Portal Tela Portugal\" \/>\n<meta property=\"og:description\" content=\"\u00c0s 16h, Ventura acusa o PS de fazer campanha \u00e0 base do medo. \u00c0s 15h, Gouveia e Melo diz que era bom ganhar \u00e0 primeira volta. \u00c0s 14h, Seguro responde \u00e0s cr\u00edticas de Paulo Rangel. \u00c0s 13h, Cotrim acusa o PSD de pressionar militantes. \u00c0s 12h, Marcelo Rebelo de Sousa j\u00e1 votou antecipadamente.\" \/>\n<meta property=\"og:url\" content=\"https:\/\/portaltela.pt\/noticias\/2026\/01\/10\/resumo-das-noticias-das-17h-6\/\" \/>\n<meta property=\"og:site_name\" content=\"Portal Tela Portugal\" \/>\n<meta property=\"article:published_time\" content=\"2026-01-11T00:00:00+00:00\" \/>\n<meta name=\"author\" content=\"Telinha\" \/>\n<meta name=\"twitter:card\" content=\"summary_large_image\" \/>\n<meta name=\"twitter:label1\" content=\"Escrito por\" \/>\n\t<meta name=\"twitter:data1\" content=\"Telinha\" \/>\n\t<meta name=\"twitter:label2\" content=\"Tempo estimado de leitura\" \/>\n\t<meta name=\"twitter:data2\" content=\"2 minutos\" \/>\n<script type=\"application\/ld+json\" class=\"yoast-schema-graph\">{\"@context\":\"https:\/\/schema.org\",\"@graph\":[{\"@type\":\"Article\",\"@id\":\"https:\/\/portaltela.pt\/noticias\/2026\/01\/10\/resumo-das-noticias-das-17h-6\/#article\",\"isPartOf\":{\"@id\":\"https:\/\/portaltela.pt\/noticias\/2026\/01\/10\/resumo-das-noticias-das-17h-6\/\"},\"author\":{\"name\":\"Telinha\",\"@id\":\"https:\/\/portaltela.pt\/#\/schema\/person\/c4278d4a6028830caff9ee44b42d32ed\"},\"headline\":\"Resumo das not\u00edcias das 17h\",\"datePublished\":\"2026-01-11T00:00:00+00:00\",\"mainEntityOfPage\":{\"@id\":\"https:\/\/portaltela.pt\/noticias\/2026\/01\/10\/resumo-das-noticias-das-17h-6\/\"},\"wordCount\":409,\"image\":{\"@id\":\"https:\/\/portaltela.pt\/noticias\/2026\/01\/10\/resumo-das-noticias-das-17h-6\/#primaryimage\"},\"thumbnailUrl\":\"https:\/\/portaltela.pt\/s.01k8rhncp4jt1\/2026\/01\/770-podcast-noticiario-150.jpg\",\"keywords\":[\"elei\u00e7\u00f5es\",\"Marcelo Rebelo de Sousa\",\"Marisa Matias\",\"pol\u00edtica\",\"presidente\",\"PS\"],\"articleSection\":[\"Not\u00edcias\",\"Pol\u00edtica\"],\"inLanguage\":\"pt-PT\"},{\"@type\":\"WebPage\",\"@id\":\"https:\/\/portaltela.pt\/noticias\/2026\/01\/10\/resumo-das-noticias-das-17h-6\/\",\"url\":\"https:\/\/portaltela.pt\/noticias\/2026\/01\/10\/resumo-das-noticias-das-17h-6\/\",\"name\":\"Resumo das not\u00edcias das 17h - Portal Tela Portugal\",\"isPartOf\":{\"@id\":\"https:\/\/portaltela.pt\/#website\"},\"primaryImageOfPage\":{\"@id\":\"https:\/\/portaltela.pt\/noticias\/2026\/01\/10\/resumo-das-noticias-das-17h-6\/#primaryimage\"},\"image\":{\"@id\":\"https:\/\/portaltela.pt\/noticias\/2026\/01\/10\/resumo-das-noticias-das-17h-6\/#primaryimage\"},\"thumbnailUrl\":\"https:\/\/portaltela.pt\/s.01k8rhncp4jt1\/2026\/01\/770-podcast-noticiario-150.jpg\",\"datePublished\":\"2026-01-11T00:00:00+00:00\",\"author\":{\"@id\":\"https:\/\/portaltela.pt\/#\/schema\/person\/c4278d4a6028830caff9ee44b42d32ed\"},\"breadcrumb\":{\"@id\":\"https:\/\/portaltela.pt\/noticias\/2026\/01\/10\/resumo-das-noticias-das-17h-6\/#breadcrumb\"},\"inLanguage\":\"pt-PT\",\"potentialAction\":[{\"@type\":\"ReadAction\",\"target\":[\"https:\/\/portaltela.pt\/noticias\/2026\/01\/10\/resumo-das-noticias-das-17h-6\/\"]}]},{\"@type\":\"ImageObject\",\"inLanguage\":\"pt-PT\",\"@id\":\"https:\/\/portaltela.pt\/noticias\/2026\/01\/10\/resumo-das-noticias-das-17h-6\/#primaryimage\",\"url\":\"https:\/\/portaltela.pt\/s.01k8rhncp4jt1\/2026\/01\/770-podcast-noticiario-150.jpg\",\"contentUrl\":\"https:\/\/portaltela.pt\/s.01k8rhncp4jt1\/2026\/01\/770-podcast-noticiario-150.jpg\",\"width\":796,\"height\":448,\"caption\":\"Capa do programa\"},{\"@type\":\"BreadcrumbList\",\"@id\":\"https:\/\/portaltela.pt\/noticias\/2026\/01\/10\/resumo-das-noticias-das-17h-6\/#breadcrumb\",\"itemListElement\":[{\"@type\":\"ListItem\",\"position\":1,\"name\":\"In\u00edcio\",\"item\":\"https:\/\/portaltela.pt\/\"},{\"@type\":\"ListItem\",\"position\":2,\"name\":\"Resumo das not\u00edcias das 17h\"}]},{\"@type\":\"WebSite\",\"@id\":\"https:\/\/portaltela.pt\/#website\",\"url\":\"https:\/\/portaltela.pt\/\",\"name\":\"Portal Tela Portugal\",\"description\":\"\",\"potentialAction\":[{\"@type\":\"SearchAction\",\"target\":{\"@type\":\"EntryPoint\",\"urlTemplate\":\"https:\/\/portaltela.pt\/?s={search_term_string}\"},\"query-input\":{\"@type\":\"PropertyValueSpecification\",\"valueRequired\":true,\"valueName\":\"search_term_string\"}}],\"inLanguage\":\"pt-PT\"},{\"@type\":\"Person\",\"@id\":\"https:\/\/portaltela.pt\/#\/schema\/person\/c4278d4a6028830caff9ee44b42d32ed\",\"name\":\"Telinha\",\"image\":{\"@type\":\"ImageObject\",\"inLanguage\":\"pt-PT\",\"@id\":\"https:\/\/portaltela.pt\/s.01k8rhncp4jt1\/2025\/11\/talking-bot-125x125.png\",\"url\":\"https:\/\/portaltela.pt\/s.01k8rhncp4jt1\/2025\/11\/talking-bot-125x125.png\",\"contentUrl\":\"https:\/\/portaltela.pt\/s.01k8rhncp4jt1\/2025\/11\/talking-bot-125x125.png\",\"caption\":\"Telinha\"},\"sameAs\":[\"https:\/\/portaltela.pt\/\"],\"url\":\"https:\/\/portaltela.pt\/por\/367410592786\/\"}]}<\/script>\n<!-- \/ Yoast SEO plugin. -->","yoast_head_json":{"title":"Resumo das not\u00edcias das 17h - Portal Tela Portugal","robots":{"index":"index","follow":"follow","max-snippet":"max-snippet:-1","max-image-preview":"max-image-preview:large","max-video-preview":"max-video-preview:-1"},"og_locale":"pt_PT","og_type":"article","og_title":"Resumo das not\u00edcias das 17h - Portal Tela Portugal","og_description":"\u00c0s 16h, Ventura acusa o PS de fazer campanha \u00e0 base do medo. \u00c0s 15h, Gouveia e Melo diz que era bom ganhar \u00e0 primeira volta. \u00c0s 14h, Seguro responde \u00e0s cr\u00edticas de Paulo Rangel. \u00c0s 13h, Cotrim acusa o PSD de pressionar militantes. \u00c0s 12h, Marcelo Rebelo de Sousa j\u00e1 votou antecipadamente.","og_url":"https:\/\/portaltela.pt\/noticias\/2026\/01\/10\/resumo-das-noticias-das-17h-6\/","og_site_name":"Portal Tela Portugal","article_published_time":"2026-01-11T00:00:00+00:00","author":"Telinha","twitter_card":"summary_large_image","twitter_misc":{"Escrito por":"Telinha","Tempo estimado de leitura":"2 minutos"},"schema":{"@context":"https:\/\/schema.org","@graph":[{"@type":"Article","@id":"https:\/\/portaltela.pt\/noticias\/2026\/01\/10\/resumo-das-noticias-das-17h-6\/#article","isPartOf":{"@id":"https:\/\/portaltela.pt\/noticias\/2026\/01\/10\/resumo-das-noticias-das-17h-6\/"},"author":{"name":"Telinha","@id":"https:\/\/portaltela.pt\/#\/schema\/person\/c4278d4a6028830caff9ee44b42d32ed"},"headline":"Resumo das not\u00edcias das 17h","datePublished":"2026-01-11T00:00:00+00:00","mainEntityOfPage":{"@id":"https:\/\/portaltela.pt\/noticias\/2026\/01\/10\/resumo-das-noticias-das-17h-6\/"},"wordCount":409,"image":{"@id":"https:\/\/portaltela.pt\/noticias\/2026\/01\/10\/resumo-das-noticias-das-17h-6\/#primaryimage"},"thumbnailUrl":"https:\/\/portaltela.pt\/s.01k8rhncp4jt1\/2026\/01\/770-podcast-noticiario-150.jpg","keywords":["elei\u00e7\u00f5es","Marcelo Rebelo de Sousa","Marisa Matias","pol\u00edtica","presidente","PS"],"articleSection":["Not\u00edcias","Pol\u00edtica"],"inLanguage":"pt-PT"},{"@type":"WebPage","@id":"https:\/\/portaltela.pt\/noticias\/2026\/01\/10\/resumo-das-noticias-das-17h-6\/","url":"https:\/\/portaltela.pt\/noticias\/2026\/01\/10\/resumo-das-noticias-das-17h-6\/","name":"Resumo das not\u00edcias das 17h - Portal Tela Portugal","isPartOf":{"@id":"https:\/\/portaltela.pt\/#website"},"primaryImageOfPage":{"@id":"https:\/\/portaltela.pt\/noticias\/2026\/01\/10\/resumo-das-noticias-das-17h-6\/#primaryimage"},"image":{"@id":"https:\/\/portaltela.pt\/noticias\/2026\/01\/10\/resumo-das-noticias-das-17h-6\/#primaryimage"},"thumbnailUrl":"https:\/\/portaltela.pt\/s.01k8rhncp4jt1\/2026\/01\/770-podcast-noticiario-150.jpg","datePublished":"2026-01-11T00:00:00+00:00","author":{"@id":"https:\/\/portaltela.pt\/#\/schema\/person\/c4278d4a6028830caff9ee44b42d32ed"},"breadcrumb":{"@id":"https:\/\/portaltela.pt\/noticias\/2026\/01\/10\/resumo-das-noticias-das-17h-6\/#breadcrumb"},"inLanguage":"pt-PT","potentialAction":[{"@type":"ReadAction","target":["https:\/\/portaltela.pt\/noticias\/2026\/01\/10\/resumo-das-noticias-das-17h-6\/"]}]},{"@type":"ImageObject","inLanguage":"pt-PT","@id":"https:\/\/portaltela.pt\/noticias\/2026\/01\/10\/resumo-das-noticias-das-17h-6\/#primaryimage","url":"https:\/\/portaltela.pt\/s.01k8rhncp4jt1\/2026\/01\/770-podcast-noticiario-150.jpg","contentUrl":"https:\/\/portaltela.pt\/s.01k8rhncp4jt1\/2026\/01\/770-podcast-noticiario-150.jpg","width":796,"height":448,"caption":"Capa do programa"},{"@type":"BreadcrumbList","@id":"https:\/\/portaltela.pt\/noticias\/2026\/01\/10\/resumo-das-noticias-das-17h-6\/#breadcrumb","itemListElement":[{"@type":"ListItem","position":1,"name":"In\u00edcio","item":"https:\/\/portaltela.pt\/"},{"@type":"ListItem","position":2,"name":"Resumo das not\u00edcias das 17h"}]},{"@type":"WebSite","@id":"https:\/\/portaltela.pt\/#website","url":"https:\/\/portaltela.pt\/","name":"Portal Tela Portugal","description":"","potentialAction":[{"@type":"SearchAction","target":{"@type":"EntryPoint","urlTemplate":"https:\/\/portaltela.pt\/?s={search_term_string}"},"query-input":{"@type":"PropertyValueSpecification","valueRequired":true,"valueName":"search_term_string"}}],"inLanguage":"pt-PT"},{"@type":"Person","@id":"https:\/\/portaltela.pt\/#\/schema\/person\/c4278d4a6028830caff9ee44b42d32ed","name":"Telinha","image":{"@type":"ImageObject","inLanguage":"pt-PT","@id":"https:\/\/portaltela.pt\/s.01k8rhncp4jt1\/2025\/11\/talking-bot-125x125.png","url":"https:\/\/portaltela.pt\/s.01k8rhncp4jt1\/2025\/11\/talking-bot-125x125.png","contentUrl":"https:\/\/portaltela.pt\/s.01k8rhncp4jt1\/2025\/11\/talking-bot-125x125.png","caption":"Telinha"},"sameAs":["https:\/\/portaltela.pt\/"],"url":"https:\/\/portaltela.pt\/por\/367410592786\/"}]}},"_links":{"self":[{"href":"https:\/\/portaltela.pt\/api\/wp\/v2\/posts\/133432","targetHints":{"allow":["GET"]}}],"collection":[{"href":"https:\/\/portaltela.pt\/api\/wp\/v2\/posts"}],"about":[{"href":"https:\/\/portaltela.pt\/api\/wp\/v2\/types\/post"}],"author":[{"embeddable":true,"href":"https:\/\/portaltela.pt\/api\/wp\/v2\/users\/2"}],"replies":[{"embeddable":true,"href":"https:\/\/portaltela.pt\/api\/wp\/v2\/comments?post=133432"}],"version-history":[{"count":0,"href":"https:\/\/portaltela.pt\/api\/wp\/v2\/posts\/133432\/revisions"}],"wp:featuredmedia":[{"embeddable":true,"href":"https:\/\/portaltela.pt\/api\/wp\/v2\/media\/133434"}],"wp:attachment":[{"href":"https:\/\/portaltela.pt\/api\/wp\/v2\/media?parent=133432"}],"wp:term":[{"taxonomy":"category","embeddable":true,"href":"https:\/\/portaltela.pt\/api\/wp\/v2\/categories?post=133432"},{"taxonomy":"post_tag","embeddable":true,"href":"https:\/\/portaltela.pt\/api\/wp\/v2\/tags?post=133432"}],"curies":[{"name":"wp","href":"https:\/\/api.w.org\/{rel}","templated":true}]}}