{"id":133367,"date":"2026-01-11T09:35:00","date_gmt":"2026-01-11T12:35:00","guid":{"rendered":"https:\/\/portaltela.pt\/noticias\/2026\/01\/11\/diamantino-baia-e-mendes-revelam-melhores-com-quem-jogaram-de-chalana-a-deco\/"},"modified":"2026-01-11T09:35:00","modified_gmt":"2026-01-11T12:35:00","slug":"diamantino-baia-e-mendes-revelam-melhores-com-quem-jogaram-de-chalana-a-deco","status":"publish","type":"post","link":"https:\/\/portaltela.pt\/desporto\/futebol\/2026\/01\/11\/diamantino-baia-e-mendes-revelam-melhores-com-quem-jogaram-de-chalana-a-deco\/","title":{"rendered":"Diamantino, Ba\u00eda e Mendes revelam melhores com quem jogaram, de Chalana a Deco"},"content":{"rendered":"<p>Na sexta edi\u00e7\u00e3o do Record Talks, realizado em Leiria no \u00e2mbito da Allianz Cup, Diamantino, V\u00edtor Ba\u00eda e Fernando Mendes integram o painel principal. Os antigos internacionais juntaram-se a figuras ligadas aos clubes de Benfica, FC Porto e Sporting para uma sess\u00e3o de conversa.<\/p>\n<p>Durante o debate, os convidados partilharam v\u00e1rias hist\u00f3rias da carreira e abordaram os momentos mais marcantes vividos no balne\u00e1rio, bem como os advers\u00e1rios que lhes deixaram mem\u00f3ria mais forte.<\/p>\n<p>Os tr\u00eas convidados s\u00e3o reconhecidos pela liga\u00e7\u00e3o hist\u00f3rica aos grandes clubes nacionais, tendo este encontro servido para revisitar epis\u00f3dios da sua passagem pelo futebol portugu\u00eas e para identificar os craques que mais os impressionaram como companheiros de equipa.<\/p>\n<p>A conversa ocorreu em Leiria, com transmiss\u00e3o que acompanhou o debate no evento da Allianz Cup e permitiu ao p\u00fablico ouvir mem\u00f3rias de tempos de sele\u00e7\u00e3o e de clubes. A emiss\u00e3o completa do Record Talks fica dispon\u00edvel segundo a organiza\u00e7\u00e3o.<\/p>\n","protected":false},"excerpt":{"rendered":"<ul>\n<li>A sexta edi\u00e7\u00e3o do Record Talks decorreu em Leiria, integrado na Allianz Cup.<\/li>\n<li>Diamantino, V\u00edtor Ba\u00eda e Fernando Mendes compuseram o painel principal.<\/li>\n<li>Os convidados s\u00e3o ligados ao Benfica, FC Porto e Sporting, respetivamente.<\/li>\n<li>Durante a conversa, partilharam hist\u00f3rias e indicaram os craques que mais os impressionaram como colegas de balne\u00e1rio.<\/li>\n<li>Foi divulgada a emiss\u00e3o completa do evento.<\/li>\n<\/ul>\n","protected":false},"author":2,"featured_media":133371,"comment_status":"closed","ping_status":"closed","sticky":false,"template":"","format":"standard","meta":{"footnotes":""},"categories":[21,24],"tags":[1946,2040,2028,32,1385,1652],"class_list":["post-133367","post","type-post","status-publish","format-standard","has-post-thumbnail","hentry","category-desporto","category-futebol","tag-benfica","tag-deco","tag-fc-porto","tag-futebol","tag-leiria","tag-sporting"],"yoast_head":"<!-- This site is optimized with the Yoast SEO plugin v27.2 - https:\/\/yoast.com\/product\/yoast-seo-wordpress\/ -->\n<title>Diamantino, Ba\u00eda e Mendes revelam melhores com quem jogaram, de Chalana a Deco - Portal Tela Portugal<\/title>\n<meta name=\"robots\" content=\"index, follow, max-snippet:-1, max-image-preview:large, max-video-preview:-1\" \/>\n<meta property=\"og:locale\" content=\"pt_PT\" \/>\n<meta property=\"og:type\" content=\"article\" \/>\n<meta property=\"og:title\" content=\"Diamantino, Ba\u00eda e Mendes revelam melhores com quem jogaram, de Chalana a Deco - Portal Tela Portugal\" \/>\n<meta property=\"og:description\" content=\"A sexta edi\u00e7\u00e3o do Record Talks decorreu em Leiria, integrado na Allianz Cup. Diamantino, V\u00edtor Ba\u00eda e Fernando Mendes compuseram o painel principal. Os convidados s\u00e3o ligados ao Benfica, FC Porto e Sporting, respetivamente. Durante a conversa, partilharam hist\u00f3rias e indicaram os craques que mais os impressionaram como colegas de balne\u00e1rio. Foi divulgada a emiss\u00e3o completa do evento.\" \/>\n<meta property=\"og:url\" content=\"https:\/\/portaltela.pt\/noticias\/2026\/01\/11\/diamantino-baia-e-mendes-revelam-melhores-com-quem-jogaram-de-chalana-a-deco\/\" \/>\n<meta property=\"og:site_name\" content=\"Portal Tela Portugal\" \/>\n<meta property=\"article:published_time\" content=\"2026-01-11T12:35:00+00:00\" \/>\n<meta name=\"author\" content=\"Telinha\" \/>\n<meta name=\"twitter:card\" content=\"summary_large_image\" \/>\n<meta name=\"twitter:label1\" content=\"Escrito por\" \/>\n\t<meta name=\"twitter:data1\" content=\"Telinha\" \/>\n\t<meta name=\"twitter:label2\" content=\"Tempo estimado de leitura\" \/>\n\t<meta name=\"twitter:data2\" content=\"1 minuto\" \/>\n<script type=\"application\/ld+json\" class=\"yoast-schema-graph\">{\"@context\":\"https:\/\/schema.org\",\"@graph\":[{\"@type\":\"Article\",\"@id\":\"https:\/\/portaltela.pt\/noticias\/2026\/01\/11\/diamantino-baia-e-mendes-revelam-melhores-com-quem-jogaram-de-chalana-a-deco\/#article\",\"isPartOf\":{\"@id\":\"https:\/\/portaltela.pt\/noticias\/2026\/01\/11\/diamantino-baia-e-mendes-revelam-melhores-com-quem-jogaram-de-chalana-a-deco\/\"},\"author\":{\"name\":\"Telinha\",\"@id\":\"https:\/\/portaltela.pt\/#\/schema\/person\/c4278d4a6028830caff9ee44b42d32ed\"},\"headline\":\"Diamantino, Ba\u00eda e Mendes revelam melhores com quem jogaram, de Chalana a Deco\",\"datePublished\":\"2026-01-11T12:35:00+00:00\",\"mainEntityOfPage\":{\"@id\":\"https:\/\/portaltela.pt\/noticias\/2026\/01\/11\/diamantino-baia-e-mendes-revelam-melhores-com-quem-jogaram-de-chalana-a-deco\/\"},\"wordCount\":187,\"image\":{\"@id\":\"https:\/\/portaltela.pt\/noticias\/2026\/01\/11\/diamantino-baia-e-mendes-revelam-melhores-com-quem-jogaram-de-chalana-a-deco\/#primaryimage\"},\"thumbnailUrl\":\"https:\/\/portaltela.pt\/s.01k8rhncp4jt1\/2026\/01\/img_1200x721uu2026-01-10-20-21-45-2414005-3.jpg\",\"keywords\":[\"Benfica\",\"Deco\",\"FC Porto\",\"futebol\",\"Leiria\",\"Sporting\"],\"articleSection\":[\"Desporto\",\"Futebol\"],\"inLanguage\":\"pt-PT\"},{\"@type\":\"WebPage\",\"@id\":\"https:\/\/portaltela.pt\/noticias\/2026\/01\/11\/diamantino-baia-e-mendes-revelam-melhores-com-quem-jogaram-de-chalana-a-deco\/\",\"url\":\"https:\/\/portaltela.pt\/noticias\/2026\/01\/11\/diamantino-baia-e-mendes-revelam-melhores-com-quem-jogaram-de-chalana-a-deco\/\",\"name\":\"Diamantino, Ba\u00eda e Mendes revelam melhores com quem jogaram, de Chalana a Deco - Portal Tela Portugal\",\"isPartOf\":{\"@id\":\"https:\/\/portaltela.pt\/#website\"},\"primaryImageOfPage\":{\"@id\":\"https:\/\/portaltela.pt\/noticias\/2026\/01\/11\/diamantino-baia-e-mendes-revelam-melhores-com-quem-jogaram-de-chalana-a-deco\/#primaryimage\"},\"image\":{\"@id\":\"https:\/\/portaltela.pt\/noticias\/2026\/01\/11\/diamantino-baia-e-mendes-revelam-melhores-com-quem-jogaram-de-chalana-a-deco\/#primaryimage\"},\"thumbnailUrl\":\"https:\/\/portaltela.pt\/s.01k8rhncp4jt1\/2026\/01\/img_1200x721uu2026-01-10-20-21-45-2414005-3.jpg\",\"datePublished\":\"2026-01-11T12:35:00+00:00\",\"author\":{\"@id\":\"https:\/\/portaltela.pt\/#\/schema\/person\/c4278d4a6028830caff9ee44b42d32ed\"},\"breadcrumb\":{\"@id\":\"https:\/\/portaltela.pt\/noticias\/2026\/01\/11\/diamantino-baia-e-mendes-revelam-melhores-com-quem-jogaram-de-chalana-a-deco\/#breadcrumb\"},\"inLanguage\":\"pt-PT\",\"potentialAction\":[{\"@type\":\"ReadAction\",\"target\":[\"https:\/\/portaltela.pt\/noticias\/2026\/01\/11\/diamantino-baia-e-mendes-revelam-melhores-com-quem-jogaram-de-chalana-a-deco\/\"]}]},{\"@type\":\"ImageObject\",\"inLanguage\":\"pt-PT\",\"@id\":\"https:\/\/portaltela.pt\/noticias\/2026\/01\/11\/diamantino-baia-e-mendes-revelam-melhores-com-quem-jogaram-de-chalana-a-deco\/#primaryimage\",\"url\":\"https:\/\/portaltela.pt\/s.01k8rhncp4jt1\/2026\/01\/img_1200x721uu2026-01-10-20-21-45-2414005-3.jpg\",\"contentUrl\":\"https:\/\/portaltela.pt\/s.01k8rhncp4jt1\/2026\/01\/img_1200x721uu2026-01-10-20-21-45-2414005-3.jpg\",\"width\":796,\"height\":448,\"caption\":\"Diamantino, V\u00edtor Ba\u00eda e Fernando Mendes integraram o painel principal da 6.\u00aa edi\u00e7\u00e3o do Record Talks, em Leiria, no \u00e2mbito da Allianz Cup.\"},{\"@type\":\"BreadcrumbList\",\"@id\":\"https:\/\/portaltela.pt\/noticias\/2026\/01\/11\/diamantino-baia-e-mendes-revelam-melhores-com-quem-jogaram-de-chalana-a-deco\/#breadcrumb\",\"itemListElement\":[{\"@type\":\"ListItem\",\"position\":1,\"name\":\"In\u00edcio\",\"item\":\"https:\/\/portaltela.pt\/\"},{\"@type\":\"ListItem\",\"position\":2,\"name\":\"Diamantino, Ba\u00eda e Mendes revelam melhores com quem jogaram, de Chalana a Deco\"}]},{\"@type\":\"WebSite\",\"@id\":\"https:\/\/portaltela.pt\/#website\",\"url\":\"https:\/\/portaltela.pt\/\",\"name\":\"Portal Tela Portugal\",\"description\":\"\",\"potentialAction\":[{\"@type\":\"SearchAction\",\"target\":{\"@type\":\"EntryPoint\",\"urlTemplate\":\"https:\/\/portaltela.pt\/?s={search_term_string}\"},\"query-input\":{\"@type\":\"PropertyValueSpecification\",\"valueRequired\":true,\"valueName\":\"search_term_string\"}}],\"inLanguage\":\"pt-PT\"},{\"@type\":\"Person\",\"@id\":\"https:\/\/portaltela.pt\/#\/schema\/person\/c4278d4a6028830caff9ee44b42d32ed\",\"name\":\"Telinha\",\"image\":{\"@type\":\"ImageObject\",\"inLanguage\":\"pt-PT\",\"@id\":\"https:\/\/portaltela.pt\/s.01k8rhncp4jt1\/2025\/11\/talking-bot-125x125.png\",\"url\":\"https:\/\/portaltela.pt\/s.01k8rhncp4jt1\/2025\/11\/talking-bot-125x125.png\",\"contentUrl\":\"https:\/\/portaltela.pt\/s.01k8rhncp4jt1\/2025\/11\/talking-bot-125x125.png\",\"caption\":\"Telinha\"},\"sameAs\":[\"https:\/\/portaltela.pt\/\"],\"url\":\"https:\/\/portaltela.pt\/por\/367410592786\/\"}]}<\/script>\n<!-- \/ Yoast SEO plugin. -->","yoast_head_json":{"title":"Diamantino, Ba\u00eda e Mendes revelam melhores com quem jogaram, de Chalana a Deco - Portal Tela Portugal","robots":{"index":"index","follow":"follow","max-snippet":"max-snippet:-1","max-image-preview":"max-image-preview:large","max-video-preview":"max-video-preview:-1"},"og_locale":"pt_PT","og_type":"article","og_title":"Diamantino, Ba\u00eda e Mendes revelam melhores com quem jogaram, de Chalana a Deco - Portal Tela Portugal","og_description":"A sexta edi\u00e7\u00e3o do Record Talks decorreu em Leiria, integrado na Allianz Cup. Diamantino, V\u00edtor Ba\u00eda e Fernando Mendes compuseram o painel principal. Os convidados s\u00e3o ligados ao Benfica, FC Porto e Sporting, respetivamente. Durante a conversa, partilharam hist\u00f3rias e indicaram os craques que mais os impressionaram como colegas de balne\u00e1rio. Foi divulgada a emiss\u00e3o completa do evento.","og_url":"https:\/\/portaltela.pt\/noticias\/2026\/01\/11\/diamantino-baia-e-mendes-revelam-melhores-com-quem-jogaram-de-chalana-a-deco\/","og_site_name":"Portal Tela Portugal","article_published_time":"2026-01-11T12:35:00+00:00","author":"Telinha","twitter_card":"summary_large_image","twitter_misc":{"Escrito por":"Telinha","Tempo estimado de leitura":"1 minuto"},"schema":{"@context":"https:\/\/schema.org","@graph":[{"@type":"Article","@id":"https:\/\/portaltela.pt\/noticias\/2026\/01\/11\/diamantino-baia-e-mendes-revelam-melhores-com-quem-jogaram-de-chalana-a-deco\/#article","isPartOf":{"@id":"https:\/\/portaltela.pt\/noticias\/2026\/01\/11\/diamantino-baia-e-mendes-revelam-melhores-com-quem-jogaram-de-chalana-a-deco\/"},"author":{"name":"Telinha","@id":"https:\/\/portaltela.pt\/#\/schema\/person\/c4278d4a6028830caff9ee44b42d32ed"},"headline":"Diamantino, Ba\u00eda e Mendes revelam melhores com quem jogaram, de Chalana a Deco","datePublished":"2026-01-11T12:35:00+00:00","mainEntityOfPage":{"@id":"https:\/\/portaltela.pt\/noticias\/2026\/01\/11\/diamantino-baia-e-mendes-revelam-melhores-com-quem-jogaram-de-chalana-a-deco\/"},"wordCount":187,"image":{"@id":"https:\/\/portaltela.pt\/noticias\/2026\/01\/11\/diamantino-baia-e-mendes-revelam-melhores-com-quem-jogaram-de-chalana-a-deco\/#primaryimage"},"thumbnailUrl":"https:\/\/portaltela.pt\/s.01k8rhncp4jt1\/2026\/01\/img_1200x721uu2026-01-10-20-21-45-2414005-3.jpg","keywords":["Benfica","Deco","FC Porto","futebol","Leiria","Sporting"],"articleSection":["Desporto","Futebol"],"inLanguage":"pt-PT"},{"@type":"WebPage","@id":"https:\/\/portaltela.pt\/noticias\/2026\/01\/11\/diamantino-baia-e-mendes-revelam-melhores-com-quem-jogaram-de-chalana-a-deco\/","url":"https:\/\/portaltela.pt\/noticias\/2026\/01\/11\/diamantino-baia-e-mendes-revelam-melhores-com-quem-jogaram-de-chalana-a-deco\/","name":"Diamantino, Ba\u00eda e Mendes revelam melhores com quem jogaram, de Chalana a Deco - Portal Tela Portugal","isPartOf":{"@id":"https:\/\/portaltela.pt\/#website"},"primaryImageOfPage":{"@id":"https:\/\/portaltela.pt\/noticias\/2026\/01\/11\/diamantino-baia-e-mendes-revelam-melhores-com-quem-jogaram-de-chalana-a-deco\/#primaryimage"},"image":{"@id":"https:\/\/portaltela.pt\/noticias\/2026\/01\/11\/diamantino-baia-e-mendes-revelam-melhores-com-quem-jogaram-de-chalana-a-deco\/#primaryimage"},"thumbnailUrl":"https:\/\/portaltela.pt\/s.01k8rhncp4jt1\/2026\/01\/img_1200x721uu2026-01-10-20-21-45-2414005-3.jpg","datePublished":"2026-01-11T12:35:00+00:00","author":{"@id":"https:\/\/portaltela.pt\/#\/schema\/person\/c4278d4a6028830caff9ee44b42d32ed"},"breadcrumb":{"@id":"https:\/\/portaltela.pt\/noticias\/2026\/01\/11\/diamantino-baia-e-mendes-revelam-melhores-com-quem-jogaram-de-chalana-a-deco\/#breadcrumb"},"inLanguage":"pt-PT","potentialAction":[{"@type":"ReadAction","target":["https:\/\/portaltela.pt\/noticias\/2026\/01\/11\/diamantino-baia-e-mendes-revelam-melhores-com-quem-jogaram-de-chalana-a-deco\/"]}]},{"@type":"ImageObject","inLanguage":"pt-PT","@id":"https:\/\/portaltela.pt\/noticias\/2026\/01\/11\/diamantino-baia-e-mendes-revelam-melhores-com-quem-jogaram-de-chalana-a-deco\/#primaryimage","url":"https:\/\/portaltela.pt\/s.01k8rhncp4jt1\/2026\/01\/img_1200x721uu2026-01-10-20-21-45-2414005-3.jpg","contentUrl":"https:\/\/portaltela.pt\/s.01k8rhncp4jt1\/2026\/01\/img_1200x721uu2026-01-10-20-21-45-2414005-3.jpg","width":796,"height":448,"caption":"Diamantino, V\u00edtor Ba\u00eda e Fernando Mendes integraram o painel principal da 6.\u00aa edi\u00e7\u00e3o do Record Talks, em Leiria, no \u00e2mbito da Allianz Cup."},{"@type":"BreadcrumbList","@id":"https:\/\/portaltela.pt\/noticias\/2026\/01\/11\/diamantino-baia-e-mendes-revelam-melhores-com-quem-jogaram-de-chalana-a-deco\/#breadcrumb","itemListElement":[{"@type":"ListItem","position":1,"name":"In\u00edcio","item":"https:\/\/portaltela.pt\/"},{"@type":"ListItem","position":2,"name":"Diamantino, Ba\u00eda e Mendes revelam melhores com quem jogaram, de Chalana a Deco"}]},{"@type":"WebSite","@id":"https:\/\/portaltela.pt\/#website","url":"https:\/\/portaltela.pt\/","name":"Portal Tela Portugal","description":"","potentialAction":[{"@type":"SearchAction","target":{"@type":"EntryPoint","urlTemplate":"https:\/\/portaltela.pt\/?s={search_term_string}"},"query-input":{"@type":"PropertyValueSpecification","valueRequired":true,"valueName":"search_term_string"}}],"inLanguage":"pt-PT"},{"@type":"Person","@id":"https:\/\/portaltela.pt\/#\/schema\/person\/c4278d4a6028830caff9ee44b42d32ed","name":"Telinha","image":{"@type":"ImageObject","inLanguage":"pt-PT","@id":"https:\/\/portaltela.pt\/s.01k8rhncp4jt1\/2025\/11\/talking-bot-125x125.png","url":"https:\/\/portaltela.pt\/s.01k8rhncp4jt1\/2025\/11\/talking-bot-125x125.png","contentUrl":"https:\/\/portaltela.pt\/s.01k8rhncp4jt1\/2025\/11\/talking-bot-125x125.png","caption":"Telinha"},"sameAs":["https:\/\/portaltela.pt\/"],"url":"https:\/\/portaltela.pt\/por\/367410592786\/"}]}},"_links":{"self":[{"href":"https:\/\/portaltela.pt\/api\/wp\/v2\/posts\/133367","targetHints":{"allow":["GET"]}}],"collection":[{"href":"https:\/\/portaltela.pt\/api\/wp\/v2\/posts"}],"about":[{"href":"https:\/\/portaltela.pt\/api\/wp\/v2\/types\/post"}],"author":[{"embeddable":true,"href":"https:\/\/portaltela.pt\/api\/wp\/v2\/users\/2"}],"replies":[{"embeddable":true,"href":"https:\/\/portaltela.pt\/api\/wp\/v2\/comments?post=133367"}],"version-history":[{"count":0,"href":"https:\/\/portaltela.pt\/api\/wp\/v2\/posts\/133367\/revisions"}],"wp:featuredmedia":[{"embeddable":true,"href":"https:\/\/portaltela.pt\/api\/wp\/v2\/media\/133371"}],"wp:attachment":[{"href":"https:\/\/portaltela.pt\/api\/wp\/v2\/media?parent=133367"}],"wp:term":[{"taxonomy":"category","embeddable":true,"href":"https:\/\/portaltela.pt\/api\/wp\/v2\/categories?post=133367"},{"taxonomy":"post_tag","embeddable":true,"href":"https:\/\/portaltela.pt\/api\/wp\/v2\/tags?post=133367"}],"curies":[{"name":"wp","href":"https:\/\/api.w.org\/{rel}","templated":true}]}}