{"id":133162,"date":"2026-01-11T11:05:12","date_gmt":"2026-01-11T14:05:12","guid":{"rendered":"https:\/\/portaltela.pt\/noticias\/2026\/01\/11\/joao-ferreira-fica-em-segundo-na-setima-etapa-e-sobe-para-11-o-no-dakar2026\/"},"modified":"2026-01-11T11:05:12","modified_gmt":"2026-01-11T14:05:12","slug":"joao-ferreira-fica-em-segundo-na-setima-etapa-e-sobe-para-11-o-no-dakar2026","status":"publish","type":"post","link":"https:\/\/portaltela.pt\/desporto\/2026\/01\/11\/joao-ferreira-fica-em-segundo-na-setima-etapa-e-sobe-para-11-o-no-dakar2026\/","title":{"rendered":"Jo\u00e3o Ferreira fica em segundo na s\u00e9tima etapa e sobe para 11.\u00ba no Dakar2026"},"content":{"rendered":"<p>O Dakar 2026 seguiu neste domingo na Ar\u00e1bia Saudita, com Jo\u00e3o Ferreira a segunda posi\u00e7\u00e3o na s\u00e9tima etapa da prova de todo-o-terreno. O piloto de Leiria, a conduzir uma Toyota Hilux, concluiu os 459 quil\u00f3metros cronometrados a 4,27 minutos do vencedor, Mathias Ekstrom.<\/p>\n<p>Ferreira manteve-se entre os mais r\u00e1pidos durante toda a tirada, mas o desempenho final foi decidido no \u00faltimo setor, onde recuperou dois lugares. O portugu\u00eas subiu assim da quinta para a segunda posi\u00e7\u00e3o na etapa.<\/p>\n<p>No global, Ferreira subiu \u00e0 11.\u00aa posi\u00e7\u00e3o, a 29,01 minutos do l\u00edder Nasser Al-Attiyah. O qatari manteve-se na lideran\u00e7a, apesar de ter ficado hoje no 11.\u00ba lugar. Ferreira est\u00e1 a 1,24 minutos de um lugar entre os 10 primeiros.<\/p>\n<h3>Desempenho e classifica\u00e7\u00f5es<\/h3>\n<p>O dia ficou marcado pela primeira desist\u00eancia entre os pilotos portugueses. Pedro Pinheiro, da categoria de motos, n\u00e3o arrancou devido a uma les\u00e3o no ombro esquerdo ocorrida na sexta etapa.<\/p>\n<p>Na prova de motos, o dia ficou ganho pelo argentino Luciano Benavides (KTM), seguido por Edgar Canet (KTM) e Adrien Van Beveren (Honda). O melhor portugu\u00eas foi Martim Ventura, em 16.\u00ba, a 19,41 do vencedor.<\/p>\n<p>Na geral de motos, Daniel Sanders (KTM) mant\u00e9m a lideran\u00e7a, com vantagem sobre Ricky Brabec (Honda) e Luciano Benavides. Martim Ventura segue em 17.\u00ba, Bruno Santos em 18.\u00ba.<\/p>\n<h3>Agenda<\/h3>\n<p>Amanh\u00e3 decorre a oitava etapa, com 481 quil\u00f3metros cronometrados junto a Wadi ad-Dawasir. Ser\u00e1 a primeira parte de uma especial maratona, com os pilotos sem acesso a assist\u00eancia externa durante o tro\u00e7o.<\/p>\n","protected":false},"excerpt":{"rendered":"<ul>\n<li>Jo\u00e3o Ferreira (Toyota Hilux) terminou a s\u00e9tima etapa do Dakar em segundo lugar, a 4.27 minutos do vencedor Mathias Ekstr\u00f6m.<\/li>\n<li>O piloto leiriense manteve-se entre os mais r\u00e1pidos ao longo da tirada de 459 quil\u00f3metros cronometrados, concluindo com uma recupera\u00e7\u00e3o de dois lugares nos momentos finais.<\/li>\n<li>Com este resultado, Ferreira sobe \u00e0 11.\u00aa posi\u00e7\u00e3o na classifica\u00e7\u00e3o geral, a 29.01 minutos do l\u00edder Nasser Al-Attiyah.<\/li>\n<li>Pedro Pinheiro, portugu\u00eas nas motas, desistiu devido a uma les\u00e3o no ombro esquerdo sofrida na sexta etapa.<\/li>\n<li>Na segunda-feira disputa-se a oitava etapa, com 481 quil\u00f3metros cronometrados perto de Wadi ad-Dawasir, primeiro segmento de uma maratona sem assist\u00eancia externa.<\/li>\n<\/ul>\n","protected":false},"author":2,"featured_media":133163,"comment_status":"closed","ping_status":"closed","sticky":false,"template":"","format":"standard","meta":{"footnotes":""},"categories":[21],"tags":[1016,152,1385,1014,2012,2517],"class_list":["post-133162","post","type-post","status-publish","format-standard","has-post-thumbnail","hentry","category-desporto","tag-arabia-saudita","tag-desporto","tag-leiria","tag-portugal","tag-todo-o-terreno","tag-toyota"],"yoast_head":"<!-- This site is optimized with the Yoast SEO plugin v27.2 - https:\/\/yoast.com\/product\/yoast-seo-wordpress\/ -->\n<title>Jo\u00e3o Ferreira fica em segundo na s\u00e9tima etapa e sobe para 11.\u00ba no Dakar2026 - Portal Tela Portugal<\/title>\n<meta name=\"robots\" content=\"index, follow, max-snippet:-1, max-image-preview:large, max-video-preview:-1\" \/>\n<meta property=\"og:locale\" content=\"pt_PT\" \/>\n<meta property=\"og:type\" content=\"article\" \/>\n<meta property=\"og:title\" content=\"Jo\u00e3o Ferreira fica em segundo na s\u00e9tima etapa e sobe para 11.\u00ba no Dakar2026 - Portal Tela Portugal\" \/>\n<meta property=\"og:description\" content=\"Jo\u00e3o Ferreira (Toyota Hilux) terminou a s\u00e9tima etapa do Dakar em segundo lugar, a 4.27 minutos do vencedor Mathias Ekstr\u00f6m. O piloto leiriense manteve-se entre os mais r\u00e1pidos ao longo da tirada de 459 quil\u00f3metros cronometrados, concluindo com uma recupera\u00e7\u00e3o de dois lugares nos momentos finais. Com este resultado, Ferreira sobe \u00e0 11.\u00aa posi\u00e7\u00e3o na classifica\u00e7\u00e3o geral, a 29.01 minutos do l\u00edder Nasser Al-Attiyah. Pedro Pinheiro, portugu\u00eas nas motas, desistiu devido a uma les\u00e3o no ombro esquerdo sofrida na sexta etapa. Na segunda-feira disputa-se a oitava etapa, com 481 quil\u00f3metros cronometrados perto de Wadi ad-Dawasir, primeiro segmento de uma maratona sem assist\u00eancia externa.\" \/>\n<meta property=\"og:url\" content=\"https:\/\/portaltela.pt\/noticias\/2026\/01\/11\/joao-ferreira-fica-em-segundo-na-setima-etapa-e-sobe-para-11-o-no-dakar2026\/\" \/>\n<meta property=\"og:site_name\" content=\"Portal Tela Portugal\" \/>\n<meta property=\"article:published_time\" content=\"2026-01-11T14:05:12+00:00\" \/>\n<meta name=\"author\" content=\"Telinha\" \/>\n<meta name=\"twitter:card\" content=\"summary_large_image\" \/>\n<meta name=\"twitter:label1\" content=\"Escrito por\" \/>\n\t<meta name=\"twitter:data1\" content=\"Telinha\" \/>\n\t<meta name=\"twitter:label2\" content=\"Tempo estimado de leitura\" \/>\n\t<meta name=\"twitter:data2\" content=\"1 minuto\" \/>\n<script type=\"application\/ld+json\" class=\"yoast-schema-graph\">{\"@context\":\"https:\/\/schema.org\",\"@graph\":[{\"@type\":\"Article\",\"@id\":\"https:\/\/portaltela.pt\/noticias\/2026\/01\/11\/joao-ferreira-fica-em-segundo-na-setima-etapa-e-sobe-para-11-o-no-dakar2026\/#article\",\"isPartOf\":{\"@id\":\"https:\/\/portaltela.pt\/noticias\/2026\/01\/11\/joao-ferreira-fica-em-segundo-na-setima-etapa-e-sobe-para-11-o-no-dakar2026\/\"},\"author\":{\"name\":\"Telinha\",\"@id\":\"https:\/\/portaltela.pt\/#\/schema\/person\/c4278d4a6028830caff9ee44b42d32ed\"},\"headline\":\"Jo\u00e3o Ferreira fica em segundo na s\u00e9tima etapa e sobe para 11.\u00ba no Dakar2026\",\"datePublished\":\"2026-01-11T14:05:12+00:00\",\"mainEntityOfPage\":{\"@id\":\"https:\/\/portaltela.pt\/noticias\/2026\/01\/11\/joao-ferreira-fica-em-segundo-na-setima-etapa-e-sobe-para-11-o-no-dakar2026\/\"},\"wordCount\":268,\"image\":{\"@id\":\"https:\/\/portaltela.pt\/noticias\/2026\/01\/11\/joao-ferreira-fica-em-segundo-na-setima-etapa-e-sobe-para-11-o-no-dakar2026\/#primaryimage\"},\"thumbnailUrl\":\"https:\/\/portaltela.pt\/s.01k8rhncp4jt1\/2026\/01\/img_920x518uu2026-01-11-14-04-24-2414132.jpg\",\"keywords\":[\"Ar\u00e1bia Saudita\",\"desporto\",\"Leiria\",\"Portugal\",\"todo-o-terreno\",\"Toyota\"],\"articleSection\":[\"Desporto\"],\"inLanguage\":\"pt-PT\"},{\"@type\":\"WebPage\",\"@id\":\"https:\/\/portaltela.pt\/noticias\/2026\/01\/11\/joao-ferreira-fica-em-segundo-na-setima-etapa-e-sobe-para-11-o-no-dakar2026\/\",\"url\":\"https:\/\/portaltela.pt\/noticias\/2026\/01\/11\/joao-ferreira-fica-em-segundo-na-setima-etapa-e-sobe-para-11-o-no-dakar2026\/\",\"name\":\"Jo\u00e3o Ferreira fica em segundo na s\u00e9tima etapa e sobe para 11.\u00ba no Dakar2026 - Portal Tela Portugal\",\"isPartOf\":{\"@id\":\"https:\/\/portaltela.pt\/#website\"},\"primaryImageOfPage\":{\"@id\":\"https:\/\/portaltela.pt\/noticias\/2026\/01\/11\/joao-ferreira-fica-em-segundo-na-setima-etapa-e-sobe-para-11-o-no-dakar2026\/#primaryimage\"},\"image\":{\"@id\":\"https:\/\/portaltela.pt\/noticias\/2026\/01\/11\/joao-ferreira-fica-em-segundo-na-setima-etapa-e-sobe-para-11-o-no-dakar2026\/#primaryimage\"},\"thumbnailUrl\":\"https:\/\/portaltela.pt\/s.01k8rhncp4jt1\/2026\/01\/img_920x518uu2026-01-11-14-04-24-2414132.jpg\",\"datePublished\":\"2026-01-11T14:05:12+00:00\",\"author\":{\"@id\":\"https:\/\/portaltela.pt\/#\/schema\/person\/c4278d4a6028830caff9ee44b42d32ed\"},\"breadcrumb\":{\"@id\":\"https:\/\/portaltela.pt\/noticias\/2026\/01\/11\/joao-ferreira-fica-em-segundo-na-setima-etapa-e-sobe-para-11-o-no-dakar2026\/#breadcrumb\"},\"inLanguage\":\"pt-PT\",\"potentialAction\":[{\"@type\":\"ReadAction\",\"target\":[\"https:\/\/portaltela.pt\/noticias\/2026\/01\/11\/joao-ferreira-fica-em-segundo-na-setima-etapa-e-sobe-para-11-o-no-dakar2026\/\"]}]},{\"@type\":\"ImageObject\",\"inLanguage\":\"pt-PT\",\"@id\":\"https:\/\/portaltela.pt\/noticias\/2026\/01\/11\/joao-ferreira-fica-em-segundo-na-setima-etapa-e-sobe-para-11-o-no-dakar2026\/#primaryimage\",\"url\":\"https:\/\/portaltela.pt\/s.01k8rhncp4jt1\/2026\/01\/img_920x518uu2026-01-11-14-04-24-2414132.jpg\",\"contentUrl\":\"https:\/\/portaltela.pt\/s.01k8rhncp4jt1\/2026\/01\/img_920x518uu2026-01-11-14-04-24-2414132.jpg\",\"width\":796,\"height\":448,\"caption\":\"Jo\u00e3o Ferreira esteve toda a etapa entre os mais r\u00e1pidos\"},{\"@type\":\"BreadcrumbList\",\"@id\":\"https:\/\/portaltela.pt\/noticias\/2026\/01\/11\/joao-ferreira-fica-em-segundo-na-setima-etapa-e-sobe-para-11-o-no-dakar2026\/#breadcrumb\",\"itemListElement\":[{\"@type\":\"ListItem\",\"position\":1,\"name\":\"In\u00edcio\",\"item\":\"https:\/\/portaltela.pt\/\"},{\"@type\":\"ListItem\",\"position\":2,\"name\":\"Jo\u00e3o Ferreira fica em segundo na s\u00e9tima etapa e sobe para 11.\u00ba no Dakar2026\"}]},{\"@type\":\"WebSite\",\"@id\":\"https:\/\/portaltela.pt\/#website\",\"url\":\"https:\/\/portaltela.pt\/\",\"name\":\"Portal Tela Portugal\",\"description\":\"\",\"potentialAction\":[{\"@type\":\"SearchAction\",\"target\":{\"@type\":\"EntryPoint\",\"urlTemplate\":\"https:\/\/portaltela.pt\/?s={search_term_string}\"},\"query-input\":{\"@type\":\"PropertyValueSpecification\",\"valueRequired\":true,\"valueName\":\"search_term_string\"}}],\"inLanguage\":\"pt-PT\"},{\"@type\":\"Person\",\"@id\":\"https:\/\/portaltela.pt\/#\/schema\/person\/c4278d4a6028830caff9ee44b42d32ed\",\"name\":\"Telinha\",\"image\":{\"@type\":\"ImageObject\",\"inLanguage\":\"pt-PT\",\"@id\":\"https:\/\/portaltela.pt\/s.01k8rhncp4jt1\/2025\/11\/talking-bot-125x125.png\",\"url\":\"https:\/\/portaltela.pt\/s.01k8rhncp4jt1\/2025\/11\/talking-bot-125x125.png\",\"contentUrl\":\"https:\/\/portaltela.pt\/s.01k8rhncp4jt1\/2025\/11\/talking-bot-125x125.png\",\"caption\":\"Telinha\"},\"sameAs\":[\"https:\/\/portaltela.pt\/\"],\"url\":\"https:\/\/portaltela.pt\/por\/367410592786\/\"}]}<\/script>\n<!-- \/ Yoast SEO plugin. -->","yoast_head_json":{"title":"Jo\u00e3o Ferreira fica em segundo na s\u00e9tima etapa e sobe para 11.\u00ba no Dakar2026 - Portal Tela Portugal","robots":{"index":"index","follow":"follow","max-snippet":"max-snippet:-1","max-image-preview":"max-image-preview:large","max-video-preview":"max-video-preview:-1"},"og_locale":"pt_PT","og_type":"article","og_title":"Jo\u00e3o Ferreira fica em segundo na s\u00e9tima etapa e sobe para 11.\u00ba no Dakar2026 - Portal Tela Portugal","og_description":"Jo\u00e3o Ferreira (Toyota Hilux) terminou a s\u00e9tima etapa do Dakar em segundo lugar, a 4.27 minutos do vencedor Mathias Ekstr\u00f6m. O piloto leiriense manteve-se entre os mais r\u00e1pidos ao longo da tirada de 459 quil\u00f3metros cronometrados, concluindo com uma recupera\u00e7\u00e3o de dois lugares nos momentos finais. Com este resultado, Ferreira sobe \u00e0 11.\u00aa posi\u00e7\u00e3o na classifica\u00e7\u00e3o geral, a 29.01 minutos do l\u00edder Nasser Al-Attiyah. Pedro Pinheiro, portugu\u00eas nas motas, desistiu devido a uma les\u00e3o no ombro esquerdo sofrida na sexta etapa. Na segunda-feira disputa-se a oitava etapa, com 481 quil\u00f3metros cronometrados perto de Wadi ad-Dawasir, primeiro segmento de uma maratona sem assist\u00eancia externa.","og_url":"https:\/\/portaltela.pt\/noticias\/2026\/01\/11\/joao-ferreira-fica-em-segundo-na-setima-etapa-e-sobe-para-11-o-no-dakar2026\/","og_site_name":"Portal Tela Portugal","article_published_time":"2026-01-11T14:05:12+00:00","author":"Telinha","twitter_card":"summary_large_image","twitter_misc":{"Escrito por":"Telinha","Tempo estimado de leitura":"1 minuto"},"schema":{"@context":"https:\/\/schema.org","@graph":[{"@type":"Article","@id":"https:\/\/portaltela.pt\/noticias\/2026\/01\/11\/joao-ferreira-fica-em-segundo-na-setima-etapa-e-sobe-para-11-o-no-dakar2026\/#article","isPartOf":{"@id":"https:\/\/portaltela.pt\/noticias\/2026\/01\/11\/joao-ferreira-fica-em-segundo-na-setima-etapa-e-sobe-para-11-o-no-dakar2026\/"},"author":{"name":"Telinha","@id":"https:\/\/portaltela.pt\/#\/schema\/person\/c4278d4a6028830caff9ee44b42d32ed"},"headline":"Jo\u00e3o Ferreira fica em segundo na s\u00e9tima etapa e sobe para 11.\u00ba no Dakar2026","datePublished":"2026-01-11T14:05:12+00:00","mainEntityOfPage":{"@id":"https:\/\/portaltela.pt\/noticias\/2026\/01\/11\/joao-ferreira-fica-em-segundo-na-setima-etapa-e-sobe-para-11-o-no-dakar2026\/"},"wordCount":268,"image":{"@id":"https:\/\/portaltela.pt\/noticias\/2026\/01\/11\/joao-ferreira-fica-em-segundo-na-setima-etapa-e-sobe-para-11-o-no-dakar2026\/#primaryimage"},"thumbnailUrl":"https:\/\/portaltela.pt\/s.01k8rhncp4jt1\/2026\/01\/img_920x518uu2026-01-11-14-04-24-2414132.jpg","keywords":["Ar\u00e1bia Saudita","desporto","Leiria","Portugal","todo-o-terreno","Toyota"],"articleSection":["Desporto"],"inLanguage":"pt-PT"},{"@type":"WebPage","@id":"https:\/\/portaltela.pt\/noticias\/2026\/01\/11\/joao-ferreira-fica-em-segundo-na-setima-etapa-e-sobe-para-11-o-no-dakar2026\/","url":"https:\/\/portaltela.pt\/noticias\/2026\/01\/11\/joao-ferreira-fica-em-segundo-na-setima-etapa-e-sobe-para-11-o-no-dakar2026\/","name":"Jo\u00e3o Ferreira fica em segundo na s\u00e9tima etapa e sobe para 11.\u00ba no Dakar2026 - Portal Tela Portugal","isPartOf":{"@id":"https:\/\/portaltela.pt\/#website"},"primaryImageOfPage":{"@id":"https:\/\/portaltela.pt\/noticias\/2026\/01\/11\/joao-ferreira-fica-em-segundo-na-setima-etapa-e-sobe-para-11-o-no-dakar2026\/#primaryimage"},"image":{"@id":"https:\/\/portaltela.pt\/noticias\/2026\/01\/11\/joao-ferreira-fica-em-segundo-na-setima-etapa-e-sobe-para-11-o-no-dakar2026\/#primaryimage"},"thumbnailUrl":"https:\/\/portaltela.pt\/s.01k8rhncp4jt1\/2026\/01\/img_920x518uu2026-01-11-14-04-24-2414132.jpg","datePublished":"2026-01-11T14:05:12+00:00","author":{"@id":"https:\/\/portaltela.pt\/#\/schema\/person\/c4278d4a6028830caff9ee44b42d32ed"},"breadcrumb":{"@id":"https:\/\/portaltela.pt\/noticias\/2026\/01\/11\/joao-ferreira-fica-em-segundo-na-setima-etapa-e-sobe-para-11-o-no-dakar2026\/#breadcrumb"},"inLanguage":"pt-PT","potentialAction":[{"@type":"ReadAction","target":["https:\/\/portaltela.pt\/noticias\/2026\/01\/11\/joao-ferreira-fica-em-segundo-na-setima-etapa-e-sobe-para-11-o-no-dakar2026\/"]}]},{"@type":"ImageObject","inLanguage":"pt-PT","@id":"https:\/\/portaltela.pt\/noticias\/2026\/01\/11\/joao-ferreira-fica-em-segundo-na-setima-etapa-e-sobe-para-11-o-no-dakar2026\/#primaryimage","url":"https:\/\/portaltela.pt\/s.01k8rhncp4jt1\/2026\/01\/img_920x518uu2026-01-11-14-04-24-2414132.jpg","contentUrl":"https:\/\/portaltela.pt\/s.01k8rhncp4jt1\/2026\/01\/img_920x518uu2026-01-11-14-04-24-2414132.jpg","width":796,"height":448,"caption":"Jo\u00e3o Ferreira esteve toda a etapa entre os mais r\u00e1pidos"},{"@type":"BreadcrumbList","@id":"https:\/\/portaltela.pt\/noticias\/2026\/01\/11\/joao-ferreira-fica-em-segundo-na-setima-etapa-e-sobe-para-11-o-no-dakar2026\/#breadcrumb","itemListElement":[{"@type":"ListItem","position":1,"name":"In\u00edcio","item":"https:\/\/portaltela.pt\/"},{"@type":"ListItem","position":2,"name":"Jo\u00e3o Ferreira fica em segundo na s\u00e9tima etapa e sobe para 11.\u00ba no Dakar2026"}]},{"@type":"WebSite","@id":"https:\/\/portaltela.pt\/#website","url":"https:\/\/portaltela.pt\/","name":"Portal Tela Portugal","description":"","potentialAction":[{"@type":"SearchAction","target":{"@type":"EntryPoint","urlTemplate":"https:\/\/portaltela.pt\/?s={search_term_string}"},"query-input":{"@type":"PropertyValueSpecification","valueRequired":true,"valueName":"search_term_string"}}],"inLanguage":"pt-PT"},{"@type":"Person","@id":"https:\/\/portaltela.pt\/#\/schema\/person\/c4278d4a6028830caff9ee44b42d32ed","name":"Telinha","image":{"@type":"ImageObject","inLanguage":"pt-PT","@id":"https:\/\/portaltela.pt\/s.01k8rhncp4jt1\/2025\/11\/talking-bot-125x125.png","url":"https:\/\/portaltela.pt\/s.01k8rhncp4jt1\/2025\/11\/talking-bot-125x125.png","contentUrl":"https:\/\/portaltela.pt\/s.01k8rhncp4jt1\/2025\/11\/talking-bot-125x125.png","caption":"Telinha"},"sameAs":["https:\/\/portaltela.pt\/"],"url":"https:\/\/portaltela.pt\/por\/367410592786\/"}]}},"_links":{"self":[{"href":"https:\/\/portaltela.pt\/api\/wp\/v2\/posts\/133162","targetHints":{"allow":["GET"]}}],"collection":[{"href":"https:\/\/portaltela.pt\/api\/wp\/v2\/posts"}],"about":[{"href":"https:\/\/portaltela.pt\/api\/wp\/v2\/types\/post"}],"author":[{"embeddable":true,"href":"https:\/\/portaltela.pt\/api\/wp\/v2\/users\/2"}],"replies":[{"embeddable":true,"href":"https:\/\/portaltela.pt\/api\/wp\/v2\/comments?post=133162"}],"version-history":[{"count":0,"href":"https:\/\/portaltela.pt\/api\/wp\/v2\/posts\/133162\/revisions"}],"wp:featuredmedia":[{"embeddable":true,"href":"https:\/\/portaltela.pt\/api\/wp\/v2\/media\/133163"}],"wp:attachment":[{"href":"https:\/\/portaltela.pt\/api\/wp\/v2\/media?parent=133162"}],"wp:term":[{"taxonomy":"category","embeddable":true,"href":"https:\/\/portaltela.pt\/api\/wp\/v2\/categories?post=133162"},{"taxonomy":"post_tag","embeddable":true,"href":"https:\/\/portaltela.pt\/api\/wp\/v2\/tags?post=133162"}],"curies":[{"name":"wp","href":"https:\/\/api.w.org\/{rel}","templated":true}]}}