{"id":133105,"date":"2026-01-11T10:16:56","date_gmt":"2026-01-11T13:16:56","guid":{"rendered":"https:\/\/portaltela.pt\/noticias\/2026\/01\/11\/noivos-entre-as-vitimas-mortais-apos-explosao-de-botija-de-gas-no-paquistao\/"},"modified":"2026-01-11T10:16:56","modified_gmt":"2026-01-11T13:16:56","slug":"noivos-entre-as-vitimas-mortais-apos-explosao-de-botija-de-gas-no-paquistao","status":"publish","type":"post","link":"https:\/\/portaltela.pt\/noticias\/2026\/01\/11\/noivos-entre-as-vitimas-mortais-apos-explosao-de-botija-de-gas-no-paquistao\/","title":{"rendered":"Noivos entre as v\u00edtimas mortais ap\u00f3s explos\u00e3o de botija de g\u00e1s no Paquist\u00e3o"},"content":{"rendered":"<p>Pelo menos oito pessoas morreram e dezenas ficaram feridas em Islamabad, Paquist\u00e3o, ap\u00f3s a explos\u00e3o de uma botija de g\u00e1s numa casa onde decorriam as celebra\u00e7\u00f5es de casamento. O edif\u00edcio sofreu um colapso parcial, durante o sono dos convidados.<\/p>\n<p>Entre as v\u00edtimas est\u00e3o o casal de noivos, conforme relata a pol\u00edcia local. Equipa de resgate trabalhava para retirar pessoas presas entre os escombros e prestar assist\u00eancia m\u00e9dica \u00e0s feridas.<\/p>\n<p>As causas da explos\u00e3o est\u00e3o a ser investigadas pela pol\u00edcia e por servi\u00e7os de emerg\u00eancia. N\u00e3o foram ainda divulgados n\u00fameros oficiais sobre o n\u00famero exato de feridos nem sobre a identidade das pessoas afetadas.<\/p>\n<h3>V\u00edtimas e investiga\u00e7\u00f5es<\/h3>\n<p>As autoridades informaram que a \u00e1rea foi isolada e que equipes de bombeiros, pol\u00edcia e servi\u00e7os m\u00e9dicos continuam no local para avaliar danos, colaborar nos resgates e analisar o cen\u00e1rio. Mais detalhes devem ser comunicados pelas autoridades.<\/p>\n","protected":false},"excerpt":{"rendered":"<ul>\n<li>Pelo menos oito pessoas morreram e dezenas ficaram feridas em Islamabad, Paquist\u00e3o, ap\u00f3s explos\u00e3o de uma botija de g\u00e1s numa casa onde decorria um casamento.<\/li>\n<li>A explos\u00e3o provocou o colapso parcial do edif\u00edcio enquanto os convidados dormiam.<\/li>\n<li>O incidente ocorreu durante as festividades na resid\u00eancia.<\/li>\n<li>V\u00edtimas e feridos foram encaminhados para estabelecimentos de sa\u00fade da cidade.<\/li>\n<li>A pol\u00edcia e os bombeiros est\u00e3o a investigar o caso.<\/li>\n<\/ul>\n","protected":false},"author":2,"featured_media":133112,"comment_status":"closed","ping_status":"closed","sticky":false,"template":"","format":"standard","meta":{"footnotes":""},"categories":[1],"tags":[26,971,87,1438,215,217],"class_list":["post-133105","post","type-post","status-publish","format-standard","has-post-thumbnail","hentry","category-noticias","tag-acontecimentos-internacionais","tag-bombeiros","tag-casamento","tag-incendio","tag-investigacao","tag-investigacao-criminal"],"yoast_head":"<!-- This site is optimized with the Yoast SEO plugin v27.2 - https:\/\/yoast.com\/product\/yoast-seo-wordpress\/ -->\n<title>Noivos entre as v\u00edtimas mortais ap\u00f3s explos\u00e3o de botija de g\u00e1s no Paquist\u00e3o - Portal Tela Portugal<\/title>\n<meta name=\"robots\" content=\"index, follow, max-snippet:-1, max-image-preview:large, max-video-preview:-1\" \/>\n<meta property=\"og:locale\" content=\"pt_PT\" \/>\n<meta property=\"og:type\" content=\"article\" \/>\n<meta property=\"og:title\" content=\"Noivos entre as v\u00edtimas mortais ap\u00f3s explos\u00e3o de botija de g\u00e1s no Paquist\u00e3o - Portal Tela Portugal\" \/>\n<meta property=\"og:description\" content=\"Pelo menos oito pessoas morreram e dezenas ficaram feridas em Islamabad, Paquist\u00e3o, ap\u00f3s explos\u00e3o de uma botija de g\u00e1s numa casa onde decorria um casamento. A explos\u00e3o provocou o colapso parcial do edif\u00edcio enquanto os convidados dormiam. O incidente ocorreu durante as festividades na resid\u00eancia. V\u00edtimas e feridos foram encaminhados para estabelecimentos de sa\u00fade da cidade. A pol\u00edcia e os bombeiros est\u00e3o a investigar o caso.\" \/>\n<meta property=\"og:url\" content=\"https:\/\/portaltela.pt\/noticias\/2026\/01\/11\/noivos-entre-as-vitimas-mortais-apos-explosao-de-botija-de-gas-no-paquistao\/\" \/>\n<meta property=\"og:site_name\" content=\"Portal Tela Portugal\" \/>\n<meta property=\"article:published_time\" content=\"2026-01-11T13:16:56+00:00\" \/>\n<meta name=\"author\" content=\"Telinha\" \/>\n<meta name=\"twitter:card\" content=\"summary_large_image\" \/>\n<meta name=\"twitter:label1\" content=\"Escrito por\" \/>\n\t<meta name=\"twitter:data1\" content=\"Telinha\" \/>\n\t<meta name=\"twitter:label2\" content=\"Tempo estimado de leitura\" \/>\n\t<meta name=\"twitter:data2\" content=\"1 minuto\" \/>\n<script type=\"application\/ld+json\" class=\"yoast-schema-graph\">{\"@context\":\"https:\/\/schema.org\",\"@graph\":[{\"@type\":\"Article\",\"@id\":\"https:\/\/portaltela.pt\/noticias\/2026\/01\/11\/noivos-entre-as-vitimas-mortais-apos-explosao-de-botija-de-gas-no-paquistao\/#article\",\"isPartOf\":{\"@id\":\"https:\/\/portaltela.pt\/noticias\/2026\/01\/11\/noivos-entre-as-vitimas-mortais-apos-explosao-de-botija-de-gas-no-paquistao\/\"},\"author\":{\"name\":\"Telinha\",\"@id\":\"https:\/\/portaltela.pt\/#\/schema\/person\/c4278d4a6028830caff9ee44b42d32ed\"},\"headline\":\"Noivos entre as v\u00edtimas mortais ap\u00f3s explos\u00e3o de botija de g\u00e1s no Paquist\u00e3o\",\"datePublished\":\"2026-01-11T13:16:56+00:00\",\"mainEntityOfPage\":{\"@id\":\"https:\/\/portaltela.pt\/noticias\/2026\/01\/11\/noivos-entre-as-vitimas-mortais-apos-explosao-de-botija-de-gas-no-paquistao\/\"},\"wordCount\":186,\"image\":{\"@id\":\"https:\/\/portaltela.pt\/noticias\/2026\/01\/11\/noivos-entre-as-vitimas-mortais-apos-explosao-de-botija-de-gas-no-paquistao\/#primaryimage\"},\"thumbnailUrl\":\"https:\/\/portaltela.pt\/s.01k8rhncp4jt1\/2026\/01\/img_1280x722uu2026-01-11-13-15-33-2259401.jpg\",\"keywords\":[\"acontecimentos internacionais\",\"bombeiros\",\"casamento\",\"inc\u00eandio\",\"investiga\u00e7\u00e3o\",\"investiga\u00e7\u00e3o criminal\"],\"articleSection\":[\"Not\u00edcias\"],\"inLanguage\":\"pt-PT\"},{\"@type\":\"WebPage\",\"@id\":\"https:\/\/portaltela.pt\/noticias\/2026\/01\/11\/noivos-entre-as-vitimas-mortais-apos-explosao-de-botija-de-gas-no-paquistao\/\",\"url\":\"https:\/\/portaltela.pt\/noticias\/2026\/01\/11\/noivos-entre-as-vitimas-mortais-apos-explosao-de-botija-de-gas-no-paquistao\/\",\"name\":\"Noivos entre as v\u00edtimas mortais ap\u00f3s explos\u00e3o de botija de g\u00e1s no Paquist\u00e3o - Portal Tela Portugal\",\"isPartOf\":{\"@id\":\"https:\/\/portaltela.pt\/#website\"},\"primaryImageOfPage\":{\"@id\":\"https:\/\/portaltela.pt\/noticias\/2026\/01\/11\/noivos-entre-as-vitimas-mortais-apos-explosao-de-botija-de-gas-no-paquistao\/#primaryimage\"},\"image\":{\"@id\":\"https:\/\/portaltela.pt\/noticias\/2026\/01\/11\/noivos-entre-as-vitimas-mortais-apos-explosao-de-botija-de-gas-no-paquistao\/#primaryimage\"},\"thumbnailUrl\":\"https:\/\/portaltela.pt\/s.01k8rhncp4jt1\/2026\/01\/img_1280x722uu2026-01-11-13-15-33-2259401.jpg\",\"datePublished\":\"2026-01-11T13:16:56+00:00\",\"author\":{\"@id\":\"https:\/\/portaltela.pt\/#\/schema\/person\/c4278d4a6028830caff9ee44b42d32ed\"},\"breadcrumb\":{\"@id\":\"https:\/\/portaltela.pt\/noticias\/2026\/01\/11\/noivos-entre-as-vitimas-mortais-apos-explosao-de-botija-de-gas-no-paquistao\/#breadcrumb\"},\"inLanguage\":\"pt-PT\",\"potentialAction\":[{\"@type\":\"ReadAction\",\"target\":[\"https:\/\/portaltela.pt\/noticias\/2026\/01\/11\/noivos-entre-as-vitimas-mortais-apos-explosao-de-botija-de-gas-no-paquistao\/\"]}]},{\"@type\":\"ImageObject\",\"inLanguage\":\"pt-PT\",\"@id\":\"https:\/\/portaltela.pt\/noticias\/2026\/01\/11\/noivos-entre-as-vitimas-mortais-apos-explosao-de-botija-de-gas-no-paquistao\/#primaryimage\",\"url\":\"https:\/\/portaltela.pt\/s.01k8rhncp4jt1\/2026\/01\/img_1280x722uu2026-01-11-13-15-33-2259401.jpg\",\"contentUrl\":\"https:\/\/portaltela.pt\/s.01k8rhncp4jt1\/2026\/01\/img_1280x722uu2026-01-11-13-15-33-2259401.jpg\",\"width\":796,\"height\":448,\"caption\":\"Photo\"},{\"@type\":\"BreadcrumbList\",\"@id\":\"https:\/\/portaltela.pt\/noticias\/2026\/01\/11\/noivos-entre-as-vitimas-mortais-apos-explosao-de-botija-de-gas-no-paquistao\/#breadcrumb\",\"itemListElement\":[{\"@type\":\"ListItem\",\"position\":1,\"name\":\"In\u00edcio\",\"item\":\"https:\/\/portaltela.pt\/\"},{\"@type\":\"ListItem\",\"position\":2,\"name\":\"Noivos entre as v\u00edtimas mortais ap\u00f3s explos\u00e3o de botija de g\u00e1s no Paquist\u00e3o\"}]},{\"@type\":\"WebSite\",\"@id\":\"https:\/\/portaltela.pt\/#website\",\"url\":\"https:\/\/portaltela.pt\/\",\"name\":\"Portal Tela Portugal\",\"description\":\"\",\"potentialAction\":[{\"@type\":\"SearchAction\",\"target\":{\"@type\":\"EntryPoint\",\"urlTemplate\":\"https:\/\/portaltela.pt\/?s={search_term_string}\"},\"query-input\":{\"@type\":\"PropertyValueSpecification\",\"valueRequired\":true,\"valueName\":\"search_term_string\"}}],\"inLanguage\":\"pt-PT\"},{\"@type\":\"Person\",\"@id\":\"https:\/\/portaltela.pt\/#\/schema\/person\/c4278d4a6028830caff9ee44b42d32ed\",\"name\":\"Telinha\",\"image\":{\"@type\":\"ImageObject\",\"inLanguage\":\"pt-PT\",\"@id\":\"https:\/\/portaltela.pt\/s.01k8rhncp4jt1\/2025\/11\/talking-bot-125x125.png\",\"url\":\"https:\/\/portaltela.pt\/s.01k8rhncp4jt1\/2025\/11\/talking-bot-125x125.png\",\"contentUrl\":\"https:\/\/portaltela.pt\/s.01k8rhncp4jt1\/2025\/11\/talking-bot-125x125.png\",\"caption\":\"Telinha\"},\"sameAs\":[\"https:\/\/portaltela.pt\/\"],\"url\":\"https:\/\/portaltela.pt\/por\/367410592786\/\"}]}<\/script>\n<!-- \/ Yoast SEO plugin. -->","yoast_head_json":{"title":"Noivos entre as v\u00edtimas mortais ap\u00f3s explos\u00e3o de botija de g\u00e1s no Paquist\u00e3o - Portal Tela Portugal","robots":{"index":"index","follow":"follow","max-snippet":"max-snippet:-1","max-image-preview":"max-image-preview:large","max-video-preview":"max-video-preview:-1"},"og_locale":"pt_PT","og_type":"article","og_title":"Noivos entre as v\u00edtimas mortais ap\u00f3s explos\u00e3o de botija de g\u00e1s no Paquist\u00e3o - Portal Tela Portugal","og_description":"Pelo menos oito pessoas morreram e dezenas ficaram feridas em Islamabad, Paquist\u00e3o, ap\u00f3s explos\u00e3o de uma botija de g\u00e1s numa casa onde decorria um casamento. A explos\u00e3o provocou o colapso parcial do edif\u00edcio enquanto os convidados dormiam. O incidente ocorreu durante as festividades na resid\u00eancia. V\u00edtimas e feridos foram encaminhados para estabelecimentos de sa\u00fade da cidade. A pol\u00edcia e os bombeiros est\u00e3o a investigar o caso.","og_url":"https:\/\/portaltela.pt\/noticias\/2026\/01\/11\/noivos-entre-as-vitimas-mortais-apos-explosao-de-botija-de-gas-no-paquistao\/","og_site_name":"Portal Tela Portugal","article_published_time":"2026-01-11T13:16:56+00:00","author":"Telinha","twitter_card":"summary_large_image","twitter_misc":{"Escrito por":"Telinha","Tempo estimado de leitura":"1 minuto"},"schema":{"@context":"https:\/\/schema.org","@graph":[{"@type":"Article","@id":"https:\/\/portaltela.pt\/noticias\/2026\/01\/11\/noivos-entre-as-vitimas-mortais-apos-explosao-de-botija-de-gas-no-paquistao\/#article","isPartOf":{"@id":"https:\/\/portaltela.pt\/noticias\/2026\/01\/11\/noivos-entre-as-vitimas-mortais-apos-explosao-de-botija-de-gas-no-paquistao\/"},"author":{"name":"Telinha","@id":"https:\/\/portaltela.pt\/#\/schema\/person\/c4278d4a6028830caff9ee44b42d32ed"},"headline":"Noivos entre as v\u00edtimas mortais ap\u00f3s explos\u00e3o de botija de g\u00e1s no Paquist\u00e3o","datePublished":"2026-01-11T13:16:56+00:00","mainEntityOfPage":{"@id":"https:\/\/portaltela.pt\/noticias\/2026\/01\/11\/noivos-entre-as-vitimas-mortais-apos-explosao-de-botija-de-gas-no-paquistao\/"},"wordCount":186,"image":{"@id":"https:\/\/portaltela.pt\/noticias\/2026\/01\/11\/noivos-entre-as-vitimas-mortais-apos-explosao-de-botija-de-gas-no-paquistao\/#primaryimage"},"thumbnailUrl":"https:\/\/portaltela.pt\/s.01k8rhncp4jt1\/2026\/01\/img_1280x722uu2026-01-11-13-15-33-2259401.jpg","keywords":["acontecimentos internacionais","bombeiros","casamento","inc\u00eandio","investiga\u00e7\u00e3o","investiga\u00e7\u00e3o criminal"],"articleSection":["Not\u00edcias"],"inLanguage":"pt-PT"},{"@type":"WebPage","@id":"https:\/\/portaltela.pt\/noticias\/2026\/01\/11\/noivos-entre-as-vitimas-mortais-apos-explosao-de-botija-de-gas-no-paquistao\/","url":"https:\/\/portaltela.pt\/noticias\/2026\/01\/11\/noivos-entre-as-vitimas-mortais-apos-explosao-de-botija-de-gas-no-paquistao\/","name":"Noivos entre as v\u00edtimas mortais ap\u00f3s explos\u00e3o de botija de g\u00e1s no Paquist\u00e3o - Portal Tela Portugal","isPartOf":{"@id":"https:\/\/portaltela.pt\/#website"},"primaryImageOfPage":{"@id":"https:\/\/portaltela.pt\/noticias\/2026\/01\/11\/noivos-entre-as-vitimas-mortais-apos-explosao-de-botija-de-gas-no-paquistao\/#primaryimage"},"image":{"@id":"https:\/\/portaltela.pt\/noticias\/2026\/01\/11\/noivos-entre-as-vitimas-mortais-apos-explosao-de-botija-de-gas-no-paquistao\/#primaryimage"},"thumbnailUrl":"https:\/\/portaltela.pt\/s.01k8rhncp4jt1\/2026\/01\/img_1280x722uu2026-01-11-13-15-33-2259401.jpg","datePublished":"2026-01-11T13:16:56+00:00","author":{"@id":"https:\/\/portaltela.pt\/#\/schema\/person\/c4278d4a6028830caff9ee44b42d32ed"},"breadcrumb":{"@id":"https:\/\/portaltela.pt\/noticias\/2026\/01\/11\/noivos-entre-as-vitimas-mortais-apos-explosao-de-botija-de-gas-no-paquistao\/#breadcrumb"},"inLanguage":"pt-PT","potentialAction":[{"@type":"ReadAction","target":["https:\/\/portaltela.pt\/noticias\/2026\/01\/11\/noivos-entre-as-vitimas-mortais-apos-explosao-de-botija-de-gas-no-paquistao\/"]}]},{"@type":"ImageObject","inLanguage":"pt-PT","@id":"https:\/\/portaltela.pt\/noticias\/2026\/01\/11\/noivos-entre-as-vitimas-mortais-apos-explosao-de-botija-de-gas-no-paquistao\/#primaryimage","url":"https:\/\/portaltela.pt\/s.01k8rhncp4jt1\/2026\/01\/img_1280x722uu2026-01-11-13-15-33-2259401.jpg","contentUrl":"https:\/\/portaltela.pt\/s.01k8rhncp4jt1\/2026\/01\/img_1280x722uu2026-01-11-13-15-33-2259401.jpg","width":796,"height":448,"caption":"Photo"},{"@type":"BreadcrumbList","@id":"https:\/\/portaltela.pt\/noticias\/2026\/01\/11\/noivos-entre-as-vitimas-mortais-apos-explosao-de-botija-de-gas-no-paquistao\/#breadcrumb","itemListElement":[{"@type":"ListItem","position":1,"name":"In\u00edcio","item":"https:\/\/portaltela.pt\/"},{"@type":"ListItem","position":2,"name":"Noivos entre as v\u00edtimas mortais ap\u00f3s explos\u00e3o de botija de g\u00e1s no Paquist\u00e3o"}]},{"@type":"WebSite","@id":"https:\/\/portaltela.pt\/#website","url":"https:\/\/portaltela.pt\/","name":"Portal Tela Portugal","description":"","potentialAction":[{"@type":"SearchAction","target":{"@type":"EntryPoint","urlTemplate":"https:\/\/portaltela.pt\/?s={search_term_string}"},"query-input":{"@type":"PropertyValueSpecification","valueRequired":true,"valueName":"search_term_string"}}],"inLanguage":"pt-PT"},{"@type":"Person","@id":"https:\/\/portaltela.pt\/#\/schema\/person\/c4278d4a6028830caff9ee44b42d32ed","name":"Telinha","image":{"@type":"ImageObject","inLanguage":"pt-PT","@id":"https:\/\/portaltela.pt\/s.01k8rhncp4jt1\/2025\/11\/talking-bot-125x125.png","url":"https:\/\/portaltela.pt\/s.01k8rhncp4jt1\/2025\/11\/talking-bot-125x125.png","contentUrl":"https:\/\/portaltela.pt\/s.01k8rhncp4jt1\/2025\/11\/talking-bot-125x125.png","caption":"Telinha"},"sameAs":["https:\/\/portaltela.pt\/"],"url":"https:\/\/portaltela.pt\/por\/367410592786\/"}]}},"_links":{"self":[{"href":"https:\/\/portaltela.pt\/api\/wp\/v2\/posts\/133105","targetHints":{"allow":["GET"]}}],"collection":[{"href":"https:\/\/portaltela.pt\/api\/wp\/v2\/posts"}],"about":[{"href":"https:\/\/portaltela.pt\/api\/wp\/v2\/types\/post"}],"author":[{"embeddable":true,"href":"https:\/\/portaltela.pt\/api\/wp\/v2\/users\/2"}],"replies":[{"embeddable":true,"href":"https:\/\/portaltela.pt\/api\/wp\/v2\/comments?post=133105"}],"version-history":[{"count":0,"href":"https:\/\/portaltela.pt\/api\/wp\/v2\/posts\/133105\/revisions"}],"wp:featuredmedia":[{"embeddable":true,"href":"https:\/\/portaltela.pt\/api\/wp\/v2\/media\/133112"}],"wp:attachment":[{"href":"https:\/\/portaltela.pt\/api\/wp\/v2\/media?parent=133105"}],"wp:term":[{"taxonomy":"category","embeddable":true,"href":"https:\/\/portaltela.pt\/api\/wp\/v2\/categories?post=133105"},{"taxonomy":"post_tag","embeddable":true,"href":"https:\/\/portaltela.pt\/api\/wp\/v2\/tags?post=133105"}],"curies":[{"name":"wp","href":"https:\/\/api.w.org\/{rel}","templated":true}]}}