{"id":133077,"date":"2026-01-11T09:34:00","date_gmt":"2026-01-11T12:34:00","guid":{"rendered":"https:\/\/portaltela.pt\/noticias\/2026\/01\/11\/quinze-bordadeiras-concluem-curso-de-formacao-profissional-em-bordado-madeira\/"},"modified":"2026-01-11T09:34:00","modified_gmt":"2026-01-11T12:34:00","slug":"quinze-bordadeiras-concluem-curso-de-formacao-profissional-em-bordado-madeira","status":"publish","type":"post","link":"https:\/\/portaltela.pt\/noticias\/2026\/01\/11\/quinze-bordadeiras-concluem-curso-de-formacao-profissional-em-bordado-madeira\/","title":{"rendered":"Quinze bordadeiras concluem curso de forma\u00e7\u00e3o profissional em Bordado Madeira"},"content":{"rendered":"<p>Quinze formandas conclu\u00edram, na sexta-feira, a forma\u00e7\u00e3o te\u00f3rica e pr\u00e1tica do Curso de Bordado da Madeira promovido pela COMPETIR \u2013 Forma\u00e7\u00e3o &amp; Servi\u00e7os, em parceria com o Instituto do Vinho, do Bordado e do Artesanato da Madeira (IVBAM).<\/p>\n<p>O curso, o primeiro desta \u00e1rea, decorreu entre setembro de 2025 e janeiro de 2026 nas instala\u00e7\u00f5es do IVBAM, com 9 m\u00f3dulos e uma equipa de cinco formadoras, centrados na aprendizagem t\u00e9cnica do Bordado da Madeira.<\/p>\n<p>Todas as participantes estavam desempregadas e seguiram um percurso que integrou conhecimento sobre o processo produtivo, leitura de desenhos, execu\u00e7\u00e3o de pontos e o manejo de mat\u00e9rias-primas e ferramentas do of\u00edcio.<\/p>\n<p>Ap\u00f3s a forma\u00e7\u00e3o, inicia-se o est\u00e1gio profissional entre 12 de janeiro e 13 de mar\u00e7o, com carga de sete horas di\u00e1rias, cinco dias por semana, em entidades do setor ou ligadas \u00e0 forma\u00e7\u00e3o do Bordado da Madeira.<\/p>\n<p>As formandas v\u00e3o inserir-se em grupos como Abreu &amp; Ara\u00fajo, G\u00eas Bordados, Lu\u00eds de Sousa \u2013 Casa do Turista, a Divis\u00e3o de Dinamiza\u00e7\u00e3o Rural da DR\u00aa da Agricultura, Ateli\u00ea Hugo Santos e o Centro Comunit\u00e1rio do Regional, entre outros.<\/p>\n<p>Este projeto visa preservar a t\u00e9cnica, valorizar o of\u00edcio e refor\u00e7ar a identidade cultural da Madeira, assegurando continuidade e proje\u00e7\u00e3o futura do Bordado da Madeira.<\/p>\n","protected":false},"excerpt":{"rendered":"<ul>\n<li>Quinze formandas terminaram a componente te\u00f3rica e pr\u00e1tica do Curso de Bordado da Madeira promovido pela COMPETIR \u2013 Forma\u00e7\u00e3o &amp; Servi\u00e7os, em parceria com o Instituto do Vinho, do Bordado e do Artesanato da Madeira (IVBAM).<\/li>\n<li>Este foi o primeiro curso profissional na \u00e1rea, realizado entre setembro de 2025 e janeiro de 2026 nas instala\u00e7\u00f5es do IVBAM, com todas as formandas em situa\u00e7\u00e3o de desemprego.<\/li>\n<li>O percurso, em 9 m\u00f3dulos, foi orientado por cinco formadoras e combinou saberes te\u00f3ricos e pr\u00e1ticos essenciais ao Bordado da Madeira.<\/li>\n<li>Ap\u00f3s a forma\u00e7\u00e3o, segue-se um est\u00e1gio em contexto profissional de 12 de janeiro a 13 de mar\u00e7o, com carga hor\u00e1ria de sete horas di\u00e1rias, cinco dias por semana, integrando v\u00e1rias entidades do setor.<\/li>\n<li>O projeto pretende valorizar o of\u00edcio, preservar o Bordado da Madeira e refor\u00e7ar a sua proje\u00e7\u00e3o como express\u00e3o da cultura madeirense, formando novos agentes qualificados.<\/li>\n<\/ul>\n","protected":false},"author":2,"featured_media":133084,"comment_status":"closed","ping_status":"closed","sticky":false,"template":"","format":"standard","meta":{"footnotes":""},"categories":[1],"tags":[1233,145,820,1290,859,814],"class_list":["post-133077","post","type-post","status-publish","format-standard","has-post-thumbnail","hentry","category-noticias","tag-bordados","tag-cultura","tag-desemprego","tag-formacao","tag-madeira","tag-patrimonio"],"yoast_head":"<!-- This site is optimized with the Yoast SEO plugin v27.2 - https:\/\/yoast.com\/product\/yoast-seo-wordpress\/ -->\n<title>Quinze bordadeiras concluem curso de forma\u00e7\u00e3o profissional em Bordado Madeira - Portal Tela Portugal<\/title>\n<meta name=\"robots\" content=\"index, follow, max-snippet:-1, max-image-preview:large, max-video-preview:-1\" \/>\n<meta property=\"og:locale\" content=\"pt_PT\" \/>\n<meta property=\"og:type\" content=\"article\" \/>\n<meta property=\"og:title\" content=\"Quinze bordadeiras concluem curso de forma\u00e7\u00e3o profissional em Bordado Madeira - Portal Tela Portugal\" \/>\n<meta property=\"og:description\" content=\"Quinze formandas terminaram a componente te\u00f3rica e pr\u00e1tica do Curso de Bordado da Madeira promovido pela COMPETIR \u2013 Forma\u00e7\u00e3o &amp; Servi\u00e7os, em parceria com o Instituto do Vinho, do Bordado e do Artesanato da Madeira (IVBAM). Este foi o primeiro curso profissional na \u00e1rea, realizado entre setembro de 2025 e janeiro de 2026 nas instala\u00e7\u00f5es do IVBAM, com todas as formandas em situa\u00e7\u00e3o de desemprego. O percurso, em 9 m\u00f3dulos, foi orientado por cinco formadoras e combinou saberes te\u00f3ricos e pr\u00e1ticos essenciais ao Bordado da Madeira. Ap\u00f3s a forma\u00e7\u00e3o, segue-se um est\u00e1gio em contexto profissional de 12 de janeiro a 13 de mar\u00e7o, com carga hor\u00e1ria de sete horas di\u00e1rias, cinco dias por semana, integrando v\u00e1rias entidades do setor. O projeto pretende valorizar o of\u00edcio, preservar o Bordado da Madeira e refor\u00e7ar a sua proje\u00e7\u00e3o como express\u00e3o da cultura madeirense, formando novos agentes qualificados.\" \/>\n<meta property=\"og:url\" content=\"https:\/\/portaltela.pt\/noticias\/2026\/01\/11\/quinze-bordadeiras-concluem-curso-de-formacao-profissional-em-bordado-madeira\/\" \/>\n<meta property=\"og:site_name\" content=\"Portal Tela Portugal\" \/>\n<meta property=\"article:published_time\" content=\"2026-01-11T12:34:00+00:00\" \/>\n<meta name=\"author\" content=\"Telinha\" \/>\n<meta name=\"twitter:card\" content=\"summary_large_image\" \/>\n<meta name=\"twitter:label1\" content=\"Escrito por\" \/>\n\t<meta name=\"twitter:data1\" content=\"Telinha\" \/>\n\t<meta name=\"twitter:label2\" content=\"Tempo estimado de leitura\" \/>\n\t<meta name=\"twitter:data2\" content=\"1 minuto\" \/>\n<script type=\"application\/ld+json\" class=\"yoast-schema-graph\">{\"@context\":\"https:\/\/schema.org\",\"@graph\":[{\"@type\":\"Article\",\"@id\":\"https:\/\/portaltela.pt\/noticias\/2026\/01\/11\/quinze-bordadeiras-concluem-curso-de-formacao-profissional-em-bordado-madeira\/#article\",\"isPartOf\":{\"@id\":\"https:\/\/portaltela.pt\/noticias\/2026\/01\/11\/quinze-bordadeiras-concluem-curso-de-formacao-profissional-em-bordado-madeira\/\"},\"author\":{\"name\":\"Telinha\",\"@id\":\"https:\/\/portaltela.pt\/#\/schema\/person\/c4278d4a6028830caff9ee44b42d32ed\"},\"headline\":\"Quinze bordadeiras concluem curso de forma\u00e7\u00e3o profissional em Bordado Madeira\",\"datePublished\":\"2026-01-11T12:34:00+00:00\",\"mainEntityOfPage\":{\"@id\":\"https:\/\/portaltela.pt\/noticias\/2026\/01\/11\/quinze-bordadeiras-concluem-curso-de-formacao-profissional-em-bordado-madeira\/\"},\"wordCount\":238,\"image\":{\"@id\":\"https:\/\/portaltela.pt\/noticias\/2026\/01\/11\/quinze-bordadeiras-concluem-curso-de-formacao-profissional-em-bordado-madeira\/#primaryimage\"},\"thumbnailUrl\":\"https:\/\/portaltela.pt\/s.01k8rhncp4jt1\/2026\/01\/unnamed-file-2219.jpg\",\"keywords\":[\"bordados\",\"cultura\",\"desemprego\",\"forma\u00e7\u00e3o\",\"Madeira\",\"patrim\u00f3nio\"],\"articleSection\":[\"Not\u00edcias\"],\"inLanguage\":\"pt-PT\"},{\"@type\":\"WebPage\",\"@id\":\"https:\/\/portaltela.pt\/noticias\/2026\/01\/11\/quinze-bordadeiras-concluem-curso-de-formacao-profissional-em-bordado-madeira\/\",\"url\":\"https:\/\/portaltela.pt\/noticias\/2026\/01\/11\/quinze-bordadeiras-concluem-curso-de-formacao-profissional-em-bordado-madeira\/\",\"name\":\"Quinze bordadeiras concluem curso de forma\u00e7\u00e3o profissional em Bordado Madeira - Portal Tela Portugal\",\"isPartOf\":{\"@id\":\"https:\/\/portaltela.pt\/#website\"},\"primaryImageOfPage\":{\"@id\":\"https:\/\/portaltela.pt\/noticias\/2026\/01\/11\/quinze-bordadeiras-concluem-curso-de-formacao-profissional-em-bordado-madeira\/#primaryimage\"},\"image\":{\"@id\":\"https:\/\/portaltela.pt\/noticias\/2026\/01\/11\/quinze-bordadeiras-concluem-curso-de-formacao-profissional-em-bordado-madeira\/#primaryimage\"},\"thumbnailUrl\":\"https:\/\/portaltela.pt\/s.01k8rhncp4jt1\/2026\/01\/unnamed-file-2219.jpg\",\"datePublished\":\"2026-01-11T12:34:00+00:00\",\"author\":{\"@id\":\"https:\/\/portaltela.pt\/#\/schema\/person\/c4278d4a6028830caff9ee44b42d32ed\"},\"breadcrumb\":{\"@id\":\"https:\/\/portaltela.pt\/noticias\/2026\/01\/11\/quinze-bordadeiras-concluem-curso-de-formacao-profissional-em-bordado-madeira\/#breadcrumb\"},\"inLanguage\":\"pt-PT\",\"potentialAction\":[{\"@type\":\"ReadAction\",\"target\":[\"https:\/\/portaltela.pt\/noticias\/2026\/01\/11\/quinze-bordadeiras-concluem-curso-de-formacao-profissional-em-bordado-madeira\/\"]}]},{\"@type\":\"ImageObject\",\"inLanguage\":\"pt-PT\",\"@id\":\"https:\/\/portaltela.pt\/noticias\/2026\/01\/11\/quinze-bordadeiras-concluem-curso-de-formacao-profissional-em-bordado-madeira\/#primaryimage\",\"url\":\"https:\/\/portaltela.pt\/s.01k8rhncp4jt1\/2026\/01\/unnamed-file-2219.jpg\",\"contentUrl\":\"https:\/\/portaltela.pt\/s.01k8rhncp4jt1\/2026\/01\/unnamed-file-2219.jpg\",\"width\":796,\"height\":448,\"caption\":\"Quinze novas bordadeiras terminam curso de forma\u00e7\u00e3o profissional em Bordado Madeira\"},{\"@type\":\"BreadcrumbList\",\"@id\":\"https:\/\/portaltela.pt\/noticias\/2026\/01\/11\/quinze-bordadeiras-concluem-curso-de-formacao-profissional-em-bordado-madeira\/#breadcrumb\",\"itemListElement\":[{\"@type\":\"ListItem\",\"position\":1,\"name\":\"In\u00edcio\",\"item\":\"https:\/\/portaltela.pt\/\"},{\"@type\":\"ListItem\",\"position\":2,\"name\":\"Quinze bordadeiras concluem curso de forma\u00e7\u00e3o profissional em Bordado Madeira\"}]},{\"@type\":\"WebSite\",\"@id\":\"https:\/\/portaltela.pt\/#website\",\"url\":\"https:\/\/portaltela.pt\/\",\"name\":\"Portal Tela Portugal\",\"description\":\"\",\"potentialAction\":[{\"@type\":\"SearchAction\",\"target\":{\"@type\":\"EntryPoint\",\"urlTemplate\":\"https:\/\/portaltela.pt\/?s={search_term_string}\"},\"query-input\":{\"@type\":\"PropertyValueSpecification\",\"valueRequired\":true,\"valueName\":\"search_term_string\"}}],\"inLanguage\":\"pt-PT\"},{\"@type\":\"Person\",\"@id\":\"https:\/\/portaltela.pt\/#\/schema\/person\/c4278d4a6028830caff9ee44b42d32ed\",\"name\":\"Telinha\",\"image\":{\"@type\":\"ImageObject\",\"inLanguage\":\"pt-PT\",\"@id\":\"https:\/\/portaltela.pt\/s.01k8rhncp4jt1\/2025\/11\/talking-bot-125x125.png\",\"url\":\"https:\/\/portaltela.pt\/s.01k8rhncp4jt1\/2025\/11\/talking-bot-125x125.png\",\"contentUrl\":\"https:\/\/portaltela.pt\/s.01k8rhncp4jt1\/2025\/11\/talking-bot-125x125.png\",\"caption\":\"Telinha\"},\"sameAs\":[\"https:\/\/portaltela.pt\/\"],\"url\":\"https:\/\/portaltela.pt\/por\/367410592786\/\"}]}<\/script>\n<!-- \/ Yoast SEO plugin. -->","yoast_head_json":{"title":"Quinze bordadeiras concluem curso de forma\u00e7\u00e3o profissional em Bordado Madeira - Portal Tela Portugal","robots":{"index":"index","follow":"follow","max-snippet":"max-snippet:-1","max-image-preview":"max-image-preview:large","max-video-preview":"max-video-preview:-1"},"og_locale":"pt_PT","og_type":"article","og_title":"Quinze bordadeiras concluem curso de forma\u00e7\u00e3o profissional em Bordado Madeira - Portal Tela Portugal","og_description":"Quinze formandas terminaram a componente te\u00f3rica e pr\u00e1tica do Curso de Bordado da Madeira promovido pela COMPETIR \u2013 Forma\u00e7\u00e3o &amp; Servi\u00e7os, em parceria com o Instituto do Vinho, do Bordado e do Artesanato da Madeira (IVBAM). Este foi o primeiro curso profissional na \u00e1rea, realizado entre setembro de 2025 e janeiro de 2026 nas instala\u00e7\u00f5es do IVBAM, com todas as formandas em situa\u00e7\u00e3o de desemprego. O percurso, em 9 m\u00f3dulos, foi orientado por cinco formadoras e combinou saberes te\u00f3ricos e pr\u00e1ticos essenciais ao Bordado da Madeira. Ap\u00f3s a forma\u00e7\u00e3o, segue-se um est\u00e1gio em contexto profissional de 12 de janeiro a 13 de mar\u00e7o, com carga hor\u00e1ria de sete horas di\u00e1rias, cinco dias por semana, integrando v\u00e1rias entidades do setor. O projeto pretende valorizar o of\u00edcio, preservar o Bordado da Madeira e refor\u00e7ar a sua proje\u00e7\u00e3o como express\u00e3o da cultura madeirense, formando novos agentes qualificados.","og_url":"https:\/\/portaltela.pt\/noticias\/2026\/01\/11\/quinze-bordadeiras-concluem-curso-de-formacao-profissional-em-bordado-madeira\/","og_site_name":"Portal Tela Portugal","article_published_time":"2026-01-11T12:34:00+00:00","author":"Telinha","twitter_card":"summary_large_image","twitter_misc":{"Escrito por":"Telinha","Tempo estimado de leitura":"1 minuto"},"schema":{"@context":"https:\/\/schema.org","@graph":[{"@type":"Article","@id":"https:\/\/portaltela.pt\/noticias\/2026\/01\/11\/quinze-bordadeiras-concluem-curso-de-formacao-profissional-em-bordado-madeira\/#article","isPartOf":{"@id":"https:\/\/portaltela.pt\/noticias\/2026\/01\/11\/quinze-bordadeiras-concluem-curso-de-formacao-profissional-em-bordado-madeira\/"},"author":{"name":"Telinha","@id":"https:\/\/portaltela.pt\/#\/schema\/person\/c4278d4a6028830caff9ee44b42d32ed"},"headline":"Quinze bordadeiras concluem curso de forma\u00e7\u00e3o profissional em Bordado Madeira","datePublished":"2026-01-11T12:34:00+00:00","mainEntityOfPage":{"@id":"https:\/\/portaltela.pt\/noticias\/2026\/01\/11\/quinze-bordadeiras-concluem-curso-de-formacao-profissional-em-bordado-madeira\/"},"wordCount":238,"image":{"@id":"https:\/\/portaltela.pt\/noticias\/2026\/01\/11\/quinze-bordadeiras-concluem-curso-de-formacao-profissional-em-bordado-madeira\/#primaryimage"},"thumbnailUrl":"https:\/\/portaltela.pt\/s.01k8rhncp4jt1\/2026\/01\/unnamed-file-2219.jpg","keywords":["bordados","cultura","desemprego","forma\u00e7\u00e3o","Madeira","patrim\u00f3nio"],"articleSection":["Not\u00edcias"],"inLanguage":"pt-PT"},{"@type":"WebPage","@id":"https:\/\/portaltela.pt\/noticias\/2026\/01\/11\/quinze-bordadeiras-concluem-curso-de-formacao-profissional-em-bordado-madeira\/","url":"https:\/\/portaltela.pt\/noticias\/2026\/01\/11\/quinze-bordadeiras-concluem-curso-de-formacao-profissional-em-bordado-madeira\/","name":"Quinze bordadeiras concluem curso de forma\u00e7\u00e3o profissional em Bordado Madeira - Portal Tela Portugal","isPartOf":{"@id":"https:\/\/portaltela.pt\/#website"},"primaryImageOfPage":{"@id":"https:\/\/portaltela.pt\/noticias\/2026\/01\/11\/quinze-bordadeiras-concluem-curso-de-formacao-profissional-em-bordado-madeira\/#primaryimage"},"image":{"@id":"https:\/\/portaltela.pt\/noticias\/2026\/01\/11\/quinze-bordadeiras-concluem-curso-de-formacao-profissional-em-bordado-madeira\/#primaryimage"},"thumbnailUrl":"https:\/\/portaltela.pt\/s.01k8rhncp4jt1\/2026\/01\/unnamed-file-2219.jpg","datePublished":"2026-01-11T12:34:00+00:00","author":{"@id":"https:\/\/portaltela.pt\/#\/schema\/person\/c4278d4a6028830caff9ee44b42d32ed"},"breadcrumb":{"@id":"https:\/\/portaltela.pt\/noticias\/2026\/01\/11\/quinze-bordadeiras-concluem-curso-de-formacao-profissional-em-bordado-madeira\/#breadcrumb"},"inLanguage":"pt-PT","potentialAction":[{"@type":"ReadAction","target":["https:\/\/portaltela.pt\/noticias\/2026\/01\/11\/quinze-bordadeiras-concluem-curso-de-formacao-profissional-em-bordado-madeira\/"]}]},{"@type":"ImageObject","inLanguage":"pt-PT","@id":"https:\/\/portaltela.pt\/noticias\/2026\/01\/11\/quinze-bordadeiras-concluem-curso-de-formacao-profissional-em-bordado-madeira\/#primaryimage","url":"https:\/\/portaltela.pt\/s.01k8rhncp4jt1\/2026\/01\/unnamed-file-2219.jpg","contentUrl":"https:\/\/portaltela.pt\/s.01k8rhncp4jt1\/2026\/01\/unnamed-file-2219.jpg","width":796,"height":448,"caption":"Quinze novas bordadeiras terminam curso de forma\u00e7\u00e3o profissional em Bordado Madeira"},{"@type":"BreadcrumbList","@id":"https:\/\/portaltela.pt\/noticias\/2026\/01\/11\/quinze-bordadeiras-concluem-curso-de-formacao-profissional-em-bordado-madeira\/#breadcrumb","itemListElement":[{"@type":"ListItem","position":1,"name":"In\u00edcio","item":"https:\/\/portaltela.pt\/"},{"@type":"ListItem","position":2,"name":"Quinze bordadeiras concluem curso de forma\u00e7\u00e3o profissional em Bordado Madeira"}]},{"@type":"WebSite","@id":"https:\/\/portaltela.pt\/#website","url":"https:\/\/portaltela.pt\/","name":"Portal Tela Portugal","description":"","potentialAction":[{"@type":"SearchAction","target":{"@type":"EntryPoint","urlTemplate":"https:\/\/portaltela.pt\/?s={search_term_string}"},"query-input":{"@type":"PropertyValueSpecification","valueRequired":true,"valueName":"search_term_string"}}],"inLanguage":"pt-PT"},{"@type":"Person","@id":"https:\/\/portaltela.pt\/#\/schema\/person\/c4278d4a6028830caff9ee44b42d32ed","name":"Telinha","image":{"@type":"ImageObject","inLanguage":"pt-PT","@id":"https:\/\/portaltela.pt\/s.01k8rhncp4jt1\/2025\/11\/talking-bot-125x125.png","url":"https:\/\/portaltela.pt\/s.01k8rhncp4jt1\/2025\/11\/talking-bot-125x125.png","contentUrl":"https:\/\/portaltela.pt\/s.01k8rhncp4jt1\/2025\/11\/talking-bot-125x125.png","caption":"Telinha"},"sameAs":["https:\/\/portaltela.pt\/"],"url":"https:\/\/portaltela.pt\/por\/367410592786\/"}]}},"_links":{"self":[{"href":"https:\/\/portaltela.pt\/api\/wp\/v2\/posts\/133077","targetHints":{"allow":["GET"]}}],"collection":[{"href":"https:\/\/portaltela.pt\/api\/wp\/v2\/posts"}],"about":[{"href":"https:\/\/portaltela.pt\/api\/wp\/v2\/types\/post"}],"author":[{"embeddable":true,"href":"https:\/\/portaltela.pt\/api\/wp\/v2\/users\/2"}],"replies":[{"embeddable":true,"href":"https:\/\/portaltela.pt\/api\/wp\/v2\/comments?post=133077"}],"version-history":[{"count":0,"href":"https:\/\/portaltela.pt\/api\/wp\/v2\/posts\/133077\/revisions"}],"wp:featuredmedia":[{"embeddable":true,"href":"https:\/\/portaltela.pt\/api\/wp\/v2\/media\/133084"}],"wp:attachment":[{"href":"https:\/\/portaltela.pt\/api\/wp\/v2\/media?parent=133077"}],"wp:term":[{"taxonomy":"category","embeddable":true,"href":"https:\/\/portaltela.pt\/api\/wp\/v2\/categories?post=133077"},{"taxonomy":"post_tag","embeddable":true,"href":"https:\/\/portaltela.pt\/api\/wp\/v2\/tags?post=133077"}],"curies":[{"name":"wp","href":"https:\/\/api.w.org\/{rel}","templated":true}]}}