{"id":133022,"date":"2026-01-11T09:35:00","date_gmt":"2026-01-11T12:35:00","guid":{"rendered":"https:\/\/portaltela.pt\/noticias\/2026\/01\/11\/de-chalana-a-deco-diamantino-baia-e-mendes-revelam-melhores-com-quem-jogaram\/"},"modified":"2026-01-11T09:35:00","modified_gmt":"2026-01-11T12:35:00","slug":"de-chalana-a-deco-diamantino-baia-e-mendes-revelam-melhores-com-quem-jogaram","status":"publish","type":"post","link":"https:\/\/portaltela.pt\/desporto\/futebol\/2026\/01\/11\/de-chalana-a-deco-diamantino-baia-e-mendes-revelam-melhores-com-quem-jogaram\/","title":{"rendered":"De Chalana a Deco: Diamantino, Ba\u00eda e Mendes revelam melhores com quem jogaram"},"content":{"rendered":"<p>Em Leiria, a 6.\u00aa edi\u00e7\u00e3o do Record Talks reuniu Diamantino, V\u00edtor Ba\u00eda e Fernando Mendes no painel principal, inserido na Allianz Cup. Os ex-internacionais falaram de carreiras e de craques que mais os impressionaram a partir do balne\u00e1rio.<\/p>\n<p>O encontro decorreu no Centro de Congressos de Leiria, com liga\u00e7\u00f5es aos clubes Benfica, FC Porto e Sporting. Os convidados responderam a perguntas sobre epis\u00f3dios dos tempos de jogador e indicaram nomes que marcaram pela qualidade t\u00e9cnica e pelo esp\u00edrito de equipa.<\/p>\n<p>A organiza\u00e7\u00e3o destacou o car\u00e1ter informativo da sess\u00e3o, que viu a partilha de hist\u00f3rias e de viv\u00eancias no balne\u00e1rio, sem foco em resultados desportivos. A emiss\u00e3o completa do evento ficou dispon\u00edvel para consulta.<\/p>\n","protected":false},"excerpt":{"rendered":"<ul>\n<li>A 6.\u00aa edi\u00e7\u00e3o do Record Talks realizou-se em Leiria, integrada na Allianz Cup.<\/li>\n<li>Diamantino, V\u00edtor Ba\u00eda e Fernando Mendes integraram o painel principal.<\/li>\n<li>Os ex-internacionais est\u00e3o ligados ao Benfica, FC Porto e Sporting, respetivamente.<\/li>\n<li>Partilharam hist\u00f3rias e indicaram os craques que mais os impressionaram como companheiros de balne\u00e1rio.<\/li>\n<li>A emiss\u00e3o completa do evento pode ser acompanhada no Record.<\/li>\n<\/ul>\n","protected":false},"author":2,"featured_media":133028,"comment_status":"closed","ping_status":"closed","sticky":false,"template":"","format":"standard","meta":{"footnotes":""},"categories":[21,24],"tags":[1946,2816,2028,32,1385,1652],"class_list":["post-133022","post","type-post","status-publish","format-standard","has-post-thumbnail","hentry","category-desporto","category-futebol","tag-benfica","tag-diamantino-miranda","tag-fc-porto","tag-futebol","tag-leiria","tag-sporting"],"yoast_head":"<!-- This site is optimized with the Yoast SEO plugin v27.2 - https:\/\/yoast.com\/product\/yoast-seo-wordpress\/ -->\n<title>De Chalana a Deco: Diamantino, Ba\u00eda e Mendes revelam melhores com quem jogaram - Portal Tela Portugal<\/title>\n<meta name=\"robots\" content=\"index, follow, max-snippet:-1, max-image-preview:large, max-video-preview:-1\" \/>\n<meta property=\"og:locale\" content=\"pt_PT\" \/>\n<meta property=\"og:type\" content=\"article\" \/>\n<meta property=\"og:title\" content=\"De Chalana a Deco: Diamantino, Ba\u00eda e Mendes revelam melhores com quem jogaram - Portal Tela Portugal\" \/>\n<meta property=\"og:description\" content=\"A 6.\u00aa edi\u00e7\u00e3o do Record Talks realizou-se em Leiria, integrada na Allianz Cup. Diamantino, V\u00edtor Ba\u00eda e Fernando Mendes integraram o painel principal. Os ex-internacionais est\u00e3o ligados ao Benfica, FC Porto e Sporting, respetivamente. Partilharam hist\u00f3rias e indicaram os craques que mais os impressionaram como companheiros de balne\u00e1rio. A emiss\u00e3o completa do evento pode ser acompanhada no Record.\" \/>\n<meta property=\"og:url\" content=\"https:\/\/portaltela.pt\/noticias\/2026\/01\/11\/de-chalana-a-deco-diamantino-baia-e-mendes-revelam-melhores-com-quem-jogaram\/\" \/>\n<meta property=\"og:site_name\" content=\"Portal Tela Portugal\" \/>\n<meta property=\"article:published_time\" content=\"2026-01-11T12:35:00+00:00\" \/>\n<meta name=\"author\" content=\"Telinha\" \/>\n<meta name=\"twitter:card\" content=\"summary_large_image\" \/>\n<meta name=\"twitter:label1\" content=\"Escrito por\" \/>\n\t<meta name=\"twitter:data1\" content=\"Telinha\" \/>\n\t<meta name=\"twitter:label2\" content=\"Tempo estimado de leitura\" \/>\n\t<meta name=\"twitter:data2\" content=\"1 minuto\" \/>\n<script type=\"application\/ld+json\" class=\"yoast-schema-graph\">{\"@context\":\"https:\/\/schema.org\",\"@graph\":[{\"@type\":\"Article\",\"@id\":\"https:\/\/portaltela.pt\/noticias\/2026\/01\/11\/de-chalana-a-deco-diamantino-baia-e-mendes-revelam-melhores-com-quem-jogaram\/#article\",\"isPartOf\":{\"@id\":\"https:\/\/portaltela.pt\/noticias\/2026\/01\/11\/de-chalana-a-deco-diamantino-baia-e-mendes-revelam-melhores-com-quem-jogaram\/\"},\"author\":{\"name\":\"Telinha\",\"@id\":\"https:\/\/portaltela.pt\/#\/schema\/person\/c4278d4a6028830caff9ee44b42d32ed\"},\"headline\":\"De Chalana a Deco: Diamantino, Ba\u00eda e Mendes revelam melhores com quem jogaram\",\"datePublished\":\"2026-01-11T12:35:00+00:00\",\"mainEntityOfPage\":{\"@id\":\"https:\/\/portaltela.pt\/noticias\/2026\/01\/11\/de-chalana-a-deco-diamantino-baia-e-mendes-revelam-melhores-com-quem-jogaram\/\"},\"wordCount\":142,\"image\":{\"@id\":\"https:\/\/portaltela.pt\/noticias\/2026\/01\/11\/de-chalana-a-deco-diamantino-baia-e-mendes-revelam-melhores-com-quem-jogaram\/#primaryimage\"},\"thumbnailUrl\":\"https:\/\/portaltela.pt\/s.01k8rhncp4jt1\/2026\/01\/img_1200x721uu2026-01-10-20-21-45-2414005-1.jpg\",\"keywords\":[\"Benfica\",\"Diamantino Miranda\",\"FC Porto\",\"futebol\",\"Leiria\",\"Sporting\"],\"articleSection\":[\"Desporto\",\"Futebol\"],\"inLanguage\":\"pt-PT\"},{\"@type\":\"WebPage\",\"@id\":\"https:\/\/portaltela.pt\/noticias\/2026\/01\/11\/de-chalana-a-deco-diamantino-baia-e-mendes-revelam-melhores-com-quem-jogaram\/\",\"url\":\"https:\/\/portaltela.pt\/noticias\/2026\/01\/11\/de-chalana-a-deco-diamantino-baia-e-mendes-revelam-melhores-com-quem-jogaram\/\",\"name\":\"De Chalana a Deco: Diamantino, Ba\u00eda e Mendes revelam melhores com quem jogaram - Portal Tela Portugal\",\"isPartOf\":{\"@id\":\"https:\/\/portaltela.pt\/#website\"},\"primaryImageOfPage\":{\"@id\":\"https:\/\/portaltela.pt\/noticias\/2026\/01\/11\/de-chalana-a-deco-diamantino-baia-e-mendes-revelam-melhores-com-quem-jogaram\/#primaryimage\"},\"image\":{\"@id\":\"https:\/\/portaltela.pt\/noticias\/2026\/01\/11\/de-chalana-a-deco-diamantino-baia-e-mendes-revelam-melhores-com-quem-jogaram\/#primaryimage\"},\"thumbnailUrl\":\"https:\/\/portaltela.pt\/s.01k8rhncp4jt1\/2026\/01\/img_1200x721uu2026-01-10-20-21-45-2414005-1.jpg\",\"datePublished\":\"2026-01-11T12:35:00+00:00\",\"author\":{\"@id\":\"https:\/\/portaltela.pt\/#\/schema\/person\/c4278d4a6028830caff9ee44b42d32ed\"},\"breadcrumb\":{\"@id\":\"https:\/\/portaltela.pt\/noticias\/2026\/01\/11\/de-chalana-a-deco-diamantino-baia-e-mendes-revelam-melhores-com-quem-jogaram\/#breadcrumb\"},\"inLanguage\":\"pt-PT\",\"potentialAction\":[{\"@type\":\"ReadAction\",\"target\":[\"https:\/\/portaltela.pt\/noticias\/2026\/01\/11\/de-chalana-a-deco-diamantino-baia-e-mendes-revelam-melhores-com-quem-jogaram\/\"]}]},{\"@type\":\"ImageObject\",\"inLanguage\":\"pt-PT\",\"@id\":\"https:\/\/portaltela.pt\/noticias\/2026\/01\/11\/de-chalana-a-deco-diamantino-baia-e-mendes-revelam-melhores-com-quem-jogaram\/#primaryimage\",\"url\":\"https:\/\/portaltela.pt\/s.01k8rhncp4jt1\/2026\/01\/img_1200x721uu2026-01-10-20-21-45-2414005-1.jpg\",\"contentUrl\":\"https:\/\/portaltela.pt\/s.01k8rhncp4jt1\/2026\/01\/img_1200x721uu2026-01-10-20-21-45-2414005-1.jpg\",\"width\":796,\"height\":448,\"caption\":\"Diamantino, V\u00edtor Ba\u00eda e Fernando Mendes integraram o painel principal da 6.\u00aa edi\u00e7\u00e3o do Record Talks, em Leiria, no \u00e2mbito da Allianz Cup.\"},{\"@type\":\"BreadcrumbList\",\"@id\":\"https:\/\/portaltela.pt\/noticias\/2026\/01\/11\/de-chalana-a-deco-diamantino-baia-e-mendes-revelam-melhores-com-quem-jogaram\/#breadcrumb\",\"itemListElement\":[{\"@type\":\"ListItem\",\"position\":1,\"name\":\"In\u00edcio\",\"item\":\"https:\/\/portaltela.pt\/\"},{\"@type\":\"ListItem\",\"position\":2,\"name\":\"De Chalana a Deco: Diamantino, Ba\u00eda e Mendes revelam melhores com quem jogaram\"}]},{\"@type\":\"WebSite\",\"@id\":\"https:\/\/portaltela.pt\/#website\",\"url\":\"https:\/\/portaltela.pt\/\",\"name\":\"Portal Tela Portugal\",\"description\":\"\",\"potentialAction\":[{\"@type\":\"SearchAction\",\"target\":{\"@type\":\"EntryPoint\",\"urlTemplate\":\"https:\/\/portaltela.pt\/?s={search_term_string}\"},\"query-input\":{\"@type\":\"PropertyValueSpecification\",\"valueRequired\":true,\"valueName\":\"search_term_string\"}}],\"inLanguage\":\"pt-PT\"},{\"@type\":\"Person\",\"@id\":\"https:\/\/portaltela.pt\/#\/schema\/person\/c4278d4a6028830caff9ee44b42d32ed\",\"name\":\"Telinha\",\"image\":{\"@type\":\"ImageObject\",\"inLanguage\":\"pt-PT\",\"@id\":\"https:\/\/portaltela.pt\/s.01k8rhncp4jt1\/2025\/11\/talking-bot-125x125.png\",\"url\":\"https:\/\/portaltela.pt\/s.01k8rhncp4jt1\/2025\/11\/talking-bot-125x125.png\",\"contentUrl\":\"https:\/\/portaltela.pt\/s.01k8rhncp4jt1\/2025\/11\/talking-bot-125x125.png\",\"caption\":\"Telinha\"},\"sameAs\":[\"https:\/\/portaltela.pt\/\"],\"url\":\"https:\/\/portaltela.pt\/por\/367410592786\/\"}]}<\/script>\n<!-- \/ Yoast SEO plugin. -->","yoast_head_json":{"title":"De Chalana a Deco: Diamantino, Ba\u00eda e Mendes revelam melhores com quem jogaram - Portal Tela Portugal","robots":{"index":"index","follow":"follow","max-snippet":"max-snippet:-1","max-image-preview":"max-image-preview:large","max-video-preview":"max-video-preview:-1"},"og_locale":"pt_PT","og_type":"article","og_title":"De Chalana a Deco: Diamantino, Ba\u00eda e Mendes revelam melhores com quem jogaram - Portal Tela Portugal","og_description":"A 6.\u00aa edi\u00e7\u00e3o do Record Talks realizou-se em Leiria, integrada na Allianz Cup. Diamantino, V\u00edtor Ba\u00eda e Fernando Mendes integraram o painel principal. Os ex-internacionais est\u00e3o ligados ao Benfica, FC Porto e Sporting, respetivamente. Partilharam hist\u00f3rias e indicaram os craques que mais os impressionaram como companheiros de balne\u00e1rio. A emiss\u00e3o completa do evento pode ser acompanhada no Record.","og_url":"https:\/\/portaltela.pt\/noticias\/2026\/01\/11\/de-chalana-a-deco-diamantino-baia-e-mendes-revelam-melhores-com-quem-jogaram\/","og_site_name":"Portal Tela Portugal","article_published_time":"2026-01-11T12:35:00+00:00","author":"Telinha","twitter_card":"summary_large_image","twitter_misc":{"Escrito por":"Telinha","Tempo estimado de leitura":"1 minuto"},"schema":{"@context":"https:\/\/schema.org","@graph":[{"@type":"Article","@id":"https:\/\/portaltela.pt\/noticias\/2026\/01\/11\/de-chalana-a-deco-diamantino-baia-e-mendes-revelam-melhores-com-quem-jogaram\/#article","isPartOf":{"@id":"https:\/\/portaltela.pt\/noticias\/2026\/01\/11\/de-chalana-a-deco-diamantino-baia-e-mendes-revelam-melhores-com-quem-jogaram\/"},"author":{"name":"Telinha","@id":"https:\/\/portaltela.pt\/#\/schema\/person\/c4278d4a6028830caff9ee44b42d32ed"},"headline":"De Chalana a Deco: Diamantino, Ba\u00eda e Mendes revelam melhores com quem jogaram","datePublished":"2026-01-11T12:35:00+00:00","mainEntityOfPage":{"@id":"https:\/\/portaltela.pt\/noticias\/2026\/01\/11\/de-chalana-a-deco-diamantino-baia-e-mendes-revelam-melhores-com-quem-jogaram\/"},"wordCount":142,"image":{"@id":"https:\/\/portaltela.pt\/noticias\/2026\/01\/11\/de-chalana-a-deco-diamantino-baia-e-mendes-revelam-melhores-com-quem-jogaram\/#primaryimage"},"thumbnailUrl":"https:\/\/portaltela.pt\/s.01k8rhncp4jt1\/2026\/01\/img_1200x721uu2026-01-10-20-21-45-2414005-1.jpg","keywords":["Benfica","Diamantino Miranda","FC Porto","futebol","Leiria","Sporting"],"articleSection":["Desporto","Futebol"],"inLanguage":"pt-PT"},{"@type":"WebPage","@id":"https:\/\/portaltela.pt\/noticias\/2026\/01\/11\/de-chalana-a-deco-diamantino-baia-e-mendes-revelam-melhores-com-quem-jogaram\/","url":"https:\/\/portaltela.pt\/noticias\/2026\/01\/11\/de-chalana-a-deco-diamantino-baia-e-mendes-revelam-melhores-com-quem-jogaram\/","name":"De Chalana a Deco: Diamantino, Ba\u00eda e Mendes revelam melhores com quem jogaram - Portal Tela Portugal","isPartOf":{"@id":"https:\/\/portaltela.pt\/#website"},"primaryImageOfPage":{"@id":"https:\/\/portaltela.pt\/noticias\/2026\/01\/11\/de-chalana-a-deco-diamantino-baia-e-mendes-revelam-melhores-com-quem-jogaram\/#primaryimage"},"image":{"@id":"https:\/\/portaltela.pt\/noticias\/2026\/01\/11\/de-chalana-a-deco-diamantino-baia-e-mendes-revelam-melhores-com-quem-jogaram\/#primaryimage"},"thumbnailUrl":"https:\/\/portaltela.pt\/s.01k8rhncp4jt1\/2026\/01\/img_1200x721uu2026-01-10-20-21-45-2414005-1.jpg","datePublished":"2026-01-11T12:35:00+00:00","author":{"@id":"https:\/\/portaltela.pt\/#\/schema\/person\/c4278d4a6028830caff9ee44b42d32ed"},"breadcrumb":{"@id":"https:\/\/portaltela.pt\/noticias\/2026\/01\/11\/de-chalana-a-deco-diamantino-baia-e-mendes-revelam-melhores-com-quem-jogaram\/#breadcrumb"},"inLanguage":"pt-PT","potentialAction":[{"@type":"ReadAction","target":["https:\/\/portaltela.pt\/noticias\/2026\/01\/11\/de-chalana-a-deco-diamantino-baia-e-mendes-revelam-melhores-com-quem-jogaram\/"]}]},{"@type":"ImageObject","inLanguage":"pt-PT","@id":"https:\/\/portaltela.pt\/noticias\/2026\/01\/11\/de-chalana-a-deco-diamantino-baia-e-mendes-revelam-melhores-com-quem-jogaram\/#primaryimage","url":"https:\/\/portaltela.pt\/s.01k8rhncp4jt1\/2026\/01\/img_1200x721uu2026-01-10-20-21-45-2414005-1.jpg","contentUrl":"https:\/\/portaltela.pt\/s.01k8rhncp4jt1\/2026\/01\/img_1200x721uu2026-01-10-20-21-45-2414005-1.jpg","width":796,"height":448,"caption":"Diamantino, V\u00edtor Ba\u00eda e Fernando Mendes integraram o painel principal da 6.\u00aa edi\u00e7\u00e3o do Record Talks, em Leiria, no \u00e2mbito da Allianz Cup."},{"@type":"BreadcrumbList","@id":"https:\/\/portaltela.pt\/noticias\/2026\/01\/11\/de-chalana-a-deco-diamantino-baia-e-mendes-revelam-melhores-com-quem-jogaram\/#breadcrumb","itemListElement":[{"@type":"ListItem","position":1,"name":"In\u00edcio","item":"https:\/\/portaltela.pt\/"},{"@type":"ListItem","position":2,"name":"De Chalana a Deco: Diamantino, Ba\u00eda e Mendes revelam melhores com quem jogaram"}]},{"@type":"WebSite","@id":"https:\/\/portaltela.pt\/#website","url":"https:\/\/portaltela.pt\/","name":"Portal Tela Portugal","description":"","potentialAction":[{"@type":"SearchAction","target":{"@type":"EntryPoint","urlTemplate":"https:\/\/portaltela.pt\/?s={search_term_string}"},"query-input":{"@type":"PropertyValueSpecification","valueRequired":true,"valueName":"search_term_string"}}],"inLanguage":"pt-PT"},{"@type":"Person","@id":"https:\/\/portaltela.pt\/#\/schema\/person\/c4278d4a6028830caff9ee44b42d32ed","name":"Telinha","image":{"@type":"ImageObject","inLanguage":"pt-PT","@id":"https:\/\/portaltela.pt\/s.01k8rhncp4jt1\/2025\/11\/talking-bot-125x125.png","url":"https:\/\/portaltela.pt\/s.01k8rhncp4jt1\/2025\/11\/talking-bot-125x125.png","contentUrl":"https:\/\/portaltela.pt\/s.01k8rhncp4jt1\/2025\/11\/talking-bot-125x125.png","caption":"Telinha"},"sameAs":["https:\/\/portaltela.pt\/"],"url":"https:\/\/portaltela.pt\/por\/367410592786\/"}]}},"_links":{"self":[{"href":"https:\/\/portaltela.pt\/api\/wp\/v2\/posts\/133022","targetHints":{"allow":["GET"]}}],"collection":[{"href":"https:\/\/portaltela.pt\/api\/wp\/v2\/posts"}],"about":[{"href":"https:\/\/portaltela.pt\/api\/wp\/v2\/types\/post"}],"author":[{"embeddable":true,"href":"https:\/\/portaltela.pt\/api\/wp\/v2\/users\/2"}],"replies":[{"embeddable":true,"href":"https:\/\/portaltela.pt\/api\/wp\/v2\/comments?post=133022"}],"version-history":[{"count":0,"href":"https:\/\/portaltela.pt\/api\/wp\/v2\/posts\/133022\/revisions"}],"wp:featuredmedia":[{"embeddable":true,"href":"https:\/\/portaltela.pt\/api\/wp\/v2\/media\/133028"}],"wp:attachment":[{"href":"https:\/\/portaltela.pt\/api\/wp\/v2\/media?parent=133022"}],"wp:term":[{"taxonomy":"category","embeddable":true,"href":"https:\/\/portaltela.pt\/api\/wp\/v2\/categories?post=133022"},{"taxonomy":"post_tag","embeddable":true,"href":"https:\/\/portaltela.pt\/api\/wp\/v2\/tags?post=133022"}],"curies":[{"name":"wp","href":"https:\/\/api.w.org\/{rel}","templated":true}]}}