{"id":132914,"date":"2026-01-11T08:28:00","date_gmt":"2026-01-11T11:28:00","guid":{"rendered":"https:\/\/portaltela.pt\/noticias\/2026\/01\/11\/chega-perde-vereadora-eleita-em-coimbra-autarca-busca-mandato-livre\/"},"modified":"2026-01-11T08:28:00","modified_gmt":"2026-01-11T11:28:00","slug":"chega-perde-vereadora-eleita-em-coimbra-autarca-busca-mandato-livre","status":"publish","type":"post","link":"https:\/\/portaltela.pt\/noticias\/politica\/2026\/01\/11\/chega-perde-vereadora-eleita-em-coimbra-autarca-busca-mandato-livre\/","title":{"rendered":"Chega perde vereadora eleita em Coimbra; autarca busca mandato livre"},"content":{"rendered":"<p>Maria Lencastre Portugal anunciou neste domingo a desfilia\u00e7\u00e3o do Chega, com efeitos imediatos, ap\u00f3s considerar incompat\u00edveis determinadas orienta\u00e7\u00f5es internas com o modelo de mandato livre. A vereadora de Coimbra mant\u00e9m o lugar no executivo municipal, j\u00e1 como independente.<\/p>\n<p>A decis\u00e3o foi comunicada \u00e0 Lusa e aponta para uma diverg\u00eancia entre as regras aprovadas pela Comiss\u00e3o Aut\u00e1rquica Nacional do Chega e a forma como a autarca entende que deve exercer o mandato, baseado na autonomia dos eleitos e na representa\u00e7\u00e3o direta dos cidad\u00e3os.<\/p>\n<p>Segundo a vereadora, as novas orienta\u00e7\u00f5es relativas ao Estatuto do Direito de Oposi\u00e7\u00e3o 2026 introduzem procedimentos de articula\u00e7\u00e3o pol\u00edtica interna que n\u00e3o se conciliam com o mandato livre consagrado na Constitui\u00e7\u00e3o e no Estatuto dos Eleitos Locais.<\/p>\n<p>Maria Lencastre Portugal enfatiza ter tomado a decis\u00e3o de forma ponderada, com o objetivo de salvaguardar a estabilidade institucional e o normal funcionamento dos \u00f3rg\u00e3os aut\u00e1rquicos, mantendo o compromisso com Coimbra.<\/p>\n<h3>Contexto pol\u00edtico local<\/h3>\n<p>A C\u00e2mara Municipal de Coimbra passou a ser liderada por Ana Abrunhosa, eleita pela Coliga\u00e7\u00e3o Avan\u00e7ar Coimbra (PS, Livre e Pan) no \u00faltimo dia 12 de outubro, num executivo que teve cinco mandatos para essa coliga\u00e7\u00e3o. A Coliga\u00e7\u00e3o Juntos Somos Coimbra, com outra for\u00e7a partid\u00e1ria, tamb\u00e9m assegurou cinco mandatos, enquanto o Chega elegeu apenas um representante, a vereadora agora independente.<\/p>\n","protected":false},"excerpt":{"rendered":"<ul>\n<li>A vereadora da C\u00e2mara Municipal de Coimbra, Maria Lencastre Portugal, anunciou a desfilia\u00e7\u00e3o do Chega, com efeitos imediatos, por incompatibilidade entre as orienta\u00e7\u00f5es do partido e o modelo de mandato livre.<\/li>\n<li>Mant\u00e9m o lugar no executivo municipal, passando a exercer fun\u00e7\u00f5es como vereadora independente e a prosseguir o programa eleitoral apresentado aos eleitores.<\/li>\n<li>A decis\u00e3o foi comunicada \u00e0 Lusa e sustenta-se na discord\u00e2ncia com as \u201corienta\u00e7\u00f5es para o exerc\u00edcio do Estatuto do Direito de Oposi\u00e7\u00e3o 2026\u201d aprovadas pela Comiss\u00e3o Aut\u00e1rquica Nacional do Chega.<\/li>\n<li>Segundo a autarca, tais procedimentos de articula\u00e7\u00e3o pol\u00edtica interna n\u00e3o s\u00e3o concili\u00e1veis com o mandato livre consagrado na Constitui\u00e7\u00e3o e no Estatuto dos Eleitos Locais.<\/li>\n<li>Em outubro, a C\u00e2mara de Coimbra ficou sob lideran\u00e7a de Ana Abrunhosa, com cinco mandatos para a Coliga\u00e7\u00e3o Avan\u00e7ar Coimbra; o Chega tinha um mandato, pertenente agora a Maria Lencastre Portugal.<\/li>\n<\/ul>\n","protected":false},"author":2,"featured_media":132917,"comment_status":"closed","ping_status":"closed","sticky":false,"template":"","format":"standard","meta":{"footnotes":""},"categories":[1,5],"tags":[2706,2142,1070,2373,2832,2144],"class_list":["post-132914","post","type-post","status-publish","format-standard","has-post-thumbnail","hentry","category-noticias","category-politica","tag-autarquias","tag-chega","tag-coimbra","tag-livre","tag-politica","tag-ps"],"yoast_head":"<!-- This site is optimized with the Yoast SEO plugin v27.2 - https:\/\/yoast.com\/product\/yoast-seo-wordpress\/ -->\n<title>Chega perde vereadora eleita em Coimbra; autarca busca mandato livre - Portal Tela Portugal<\/title>\n<meta name=\"robots\" content=\"index, follow, max-snippet:-1, max-image-preview:large, max-video-preview:-1\" \/>\n<meta property=\"og:locale\" content=\"pt_PT\" \/>\n<meta property=\"og:type\" content=\"article\" \/>\n<meta property=\"og:title\" content=\"Chega perde vereadora eleita em Coimbra; autarca busca mandato livre - Portal Tela Portugal\" \/>\n<meta property=\"og:description\" content=\"A vereadora da C\u00e2mara Municipal de Coimbra, Maria Lencastre Portugal, anunciou a desfilia\u00e7\u00e3o do Chega, com efeitos imediatos, por incompatibilidade entre as orienta\u00e7\u00f5es do partido e o modelo de mandato livre. Mant\u00e9m o lugar no executivo municipal, passando a exercer fun\u00e7\u00f5es como vereadora independente e a prosseguir o programa eleitoral apresentado aos eleitores. A decis\u00e3o foi comunicada \u00e0 Lusa e sustenta-se na discord\u00e2ncia com as \u201corienta\u00e7\u00f5es para o exerc\u00edcio do Estatuto do Direito de Oposi\u00e7\u00e3o 2026\u201d aprovadas pela Comiss\u00e3o Aut\u00e1rquica Nacional do Chega. Segundo a autarca, tais procedimentos de articula\u00e7\u00e3o pol\u00edtica interna n\u00e3o s\u00e3o concili\u00e1veis com o mandato livre consagrado na Constitui\u00e7\u00e3o e no Estatuto dos Eleitos Locais. Em outubro, a C\u00e2mara de Coimbra ficou sob lideran\u00e7a de Ana Abrunhosa, com cinco mandatos para a Coliga\u00e7\u00e3o Avan\u00e7ar Coimbra; o Chega tinha um mandato, pertenente agora a Maria Lencastre Portugal.\" \/>\n<meta property=\"og:url\" content=\"https:\/\/portaltela.pt\/noticias\/2026\/01\/11\/chega-perde-vereadora-eleita-em-coimbra-autarca-busca-mandato-livre\/\" \/>\n<meta property=\"og:site_name\" content=\"Portal Tela Portugal\" \/>\n<meta property=\"article:published_time\" content=\"2026-01-11T11:28:00+00:00\" \/>\n<meta name=\"author\" content=\"Telinha\" \/>\n<meta name=\"twitter:card\" content=\"summary_large_image\" \/>\n<meta name=\"twitter:label1\" content=\"Escrito por\" \/>\n\t<meta name=\"twitter:data1\" content=\"Telinha\" \/>\n\t<meta name=\"twitter:label2\" content=\"Tempo estimado de leitura\" \/>\n\t<meta name=\"twitter:data2\" content=\"1 minuto\" \/>\n<script type=\"application\/ld+json\" class=\"yoast-schema-graph\">{\"@context\":\"https:\/\/schema.org\",\"@graph\":[{\"@type\":\"Article\",\"@id\":\"https:\/\/portaltela.pt\/noticias\/2026\/01\/11\/chega-perde-vereadora-eleita-em-coimbra-autarca-busca-mandato-livre\/#article\",\"isPartOf\":{\"@id\":\"https:\/\/portaltela.pt\/noticias\/2026\/01\/11\/chega-perde-vereadora-eleita-em-coimbra-autarca-busca-mandato-livre\/\"},\"author\":{\"name\":\"Telinha\",\"@id\":\"https:\/\/portaltela.pt\/#\/schema\/person\/c4278d4a6028830caff9ee44b42d32ed\"},\"headline\":\"Chega perde vereadora eleita em Coimbra; autarca busca mandato livre\",\"datePublished\":\"2026-01-11T11:28:00+00:00\",\"mainEntityOfPage\":{\"@id\":\"https:\/\/portaltela.pt\/noticias\/2026\/01\/11\/chega-perde-vereadora-eleita-em-coimbra-autarca-busca-mandato-livre\/\"},\"wordCount\":249,\"image\":{\"@id\":\"https:\/\/portaltela.pt\/noticias\/2026\/01\/11\/chega-perde-vereadora-eleita-em-coimbra-autarca-busca-mandato-livre\/#primaryimage\"},\"thumbnailUrl\":\"https:\/\/portaltela.pt\/s.01k8rhncp4jt1\/2026\/01\/2058276.jpg\",\"keywords\":[\"autarquias\",\"CHEGA\",\"Coimbra\",\"Livre\",\"pol\u00edtica\",\"PS\"],\"articleSection\":[\"Not\u00edcias\",\"Pol\u00edtica\"],\"inLanguage\":\"pt-PT\"},{\"@type\":\"WebPage\",\"@id\":\"https:\/\/portaltela.pt\/noticias\/2026\/01\/11\/chega-perde-vereadora-eleita-em-coimbra-autarca-busca-mandato-livre\/\",\"url\":\"https:\/\/portaltela.pt\/noticias\/2026\/01\/11\/chega-perde-vereadora-eleita-em-coimbra-autarca-busca-mandato-livre\/\",\"name\":\"Chega perde vereadora eleita em Coimbra; autarca busca mandato livre - Portal Tela Portugal\",\"isPartOf\":{\"@id\":\"https:\/\/portaltela.pt\/#website\"},\"primaryImageOfPage\":{\"@id\":\"https:\/\/portaltela.pt\/noticias\/2026\/01\/11\/chega-perde-vereadora-eleita-em-coimbra-autarca-busca-mandato-livre\/#primaryimage\"},\"image\":{\"@id\":\"https:\/\/portaltela.pt\/noticias\/2026\/01\/11\/chega-perde-vereadora-eleita-em-coimbra-autarca-busca-mandato-livre\/#primaryimage\"},\"thumbnailUrl\":\"https:\/\/portaltela.pt\/s.01k8rhncp4jt1\/2026\/01\/2058276.jpg\",\"datePublished\":\"2026-01-11T11:28:00+00:00\",\"author\":{\"@id\":\"https:\/\/portaltela.pt\/#\/schema\/person\/c4278d4a6028830caff9ee44b42d32ed\"},\"breadcrumb\":{\"@id\":\"https:\/\/portaltela.pt\/noticias\/2026\/01\/11\/chega-perde-vereadora-eleita-em-coimbra-autarca-busca-mandato-livre\/#breadcrumb\"},\"inLanguage\":\"pt-PT\",\"potentialAction\":[{\"@type\":\"ReadAction\",\"target\":[\"https:\/\/portaltela.pt\/noticias\/2026\/01\/11\/chega-perde-vereadora-eleita-em-coimbra-autarca-busca-mandato-livre\/\"]}]},{\"@type\":\"ImageObject\",\"inLanguage\":\"pt-PT\",\"@id\":\"https:\/\/portaltela.pt\/noticias\/2026\/01\/11\/chega-perde-vereadora-eleita-em-coimbra-autarca-busca-mandato-livre\/#primaryimage\",\"url\":\"https:\/\/portaltela.pt\/s.01k8rhncp4jt1\/2026\/01\/2058276.jpg\",\"contentUrl\":\"https:\/\/portaltela.pt\/s.01k8rhncp4jt1\/2026\/01\/2058276.jpg\",\"width\":796,\"height\":448,\"caption\":\"Primeira reuni\u00e3o do actual executivo da C\u00e2mara de Coimbra\"},{\"@type\":\"BreadcrumbList\",\"@id\":\"https:\/\/portaltela.pt\/noticias\/2026\/01\/11\/chega-perde-vereadora-eleita-em-coimbra-autarca-busca-mandato-livre\/#breadcrumb\",\"itemListElement\":[{\"@type\":\"ListItem\",\"position\":1,\"name\":\"In\u00edcio\",\"item\":\"https:\/\/portaltela.pt\/\"},{\"@type\":\"ListItem\",\"position\":2,\"name\":\"Chega perde vereadora eleita em Coimbra; autarca busca mandato livre\"}]},{\"@type\":\"WebSite\",\"@id\":\"https:\/\/portaltela.pt\/#website\",\"url\":\"https:\/\/portaltela.pt\/\",\"name\":\"Portal Tela Portugal\",\"description\":\"\",\"potentialAction\":[{\"@type\":\"SearchAction\",\"target\":{\"@type\":\"EntryPoint\",\"urlTemplate\":\"https:\/\/portaltela.pt\/?s={search_term_string}\"},\"query-input\":{\"@type\":\"PropertyValueSpecification\",\"valueRequired\":true,\"valueName\":\"search_term_string\"}}],\"inLanguage\":\"pt-PT\"},{\"@type\":\"Person\",\"@id\":\"https:\/\/portaltela.pt\/#\/schema\/person\/c4278d4a6028830caff9ee44b42d32ed\",\"name\":\"Telinha\",\"image\":{\"@type\":\"ImageObject\",\"inLanguage\":\"pt-PT\",\"@id\":\"https:\/\/portaltela.pt\/s.01k8rhncp4jt1\/2025\/11\/talking-bot-125x125.png\",\"url\":\"https:\/\/portaltela.pt\/s.01k8rhncp4jt1\/2025\/11\/talking-bot-125x125.png\",\"contentUrl\":\"https:\/\/portaltela.pt\/s.01k8rhncp4jt1\/2025\/11\/talking-bot-125x125.png\",\"caption\":\"Telinha\"},\"sameAs\":[\"https:\/\/portaltela.pt\/\"],\"url\":\"https:\/\/portaltela.pt\/por\/367410592786\/\"}]}<\/script>\n<!-- \/ Yoast SEO plugin. -->","yoast_head_json":{"title":"Chega perde vereadora eleita em Coimbra; autarca busca mandato livre - Portal Tela Portugal","robots":{"index":"index","follow":"follow","max-snippet":"max-snippet:-1","max-image-preview":"max-image-preview:large","max-video-preview":"max-video-preview:-1"},"og_locale":"pt_PT","og_type":"article","og_title":"Chega perde vereadora eleita em Coimbra; autarca busca mandato livre - Portal Tela Portugal","og_description":"A vereadora da C\u00e2mara Municipal de Coimbra, Maria Lencastre Portugal, anunciou a desfilia\u00e7\u00e3o do Chega, com efeitos imediatos, por incompatibilidade entre as orienta\u00e7\u00f5es do partido e o modelo de mandato livre. Mant\u00e9m o lugar no executivo municipal, passando a exercer fun\u00e7\u00f5es como vereadora independente e a prosseguir o programa eleitoral apresentado aos eleitores. A decis\u00e3o foi comunicada \u00e0 Lusa e sustenta-se na discord\u00e2ncia com as \u201corienta\u00e7\u00f5es para o exerc\u00edcio do Estatuto do Direito de Oposi\u00e7\u00e3o 2026\u201d aprovadas pela Comiss\u00e3o Aut\u00e1rquica Nacional do Chega. Segundo a autarca, tais procedimentos de articula\u00e7\u00e3o pol\u00edtica interna n\u00e3o s\u00e3o concili\u00e1veis com o mandato livre consagrado na Constitui\u00e7\u00e3o e no Estatuto dos Eleitos Locais. Em outubro, a C\u00e2mara de Coimbra ficou sob lideran\u00e7a de Ana Abrunhosa, com cinco mandatos para a Coliga\u00e7\u00e3o Avan\u00e7ar Coimbra; o Chega tinha um mandato, pertenente agora a Maria Lencastre Portugal.","og_url":"https:\/\/portaltela.pt\/noticias\/2026\/01\/11\/chega-perde-vereadora-eleita-em-coimbra-autarca-busca-mandato-livre\/","og_site_name":"Portal Tela Portugal","article_published_time":"2026-01-11T11:28:00+00:00","author":"Telinha","twitter_card":"summary_large_image","twitter_misc":{"Escrito por":"Telinha","Tempo estimado de leitura":"1 minuto"},"schema":{"@context":"https:\/\/schema.org","@graph":[{"@type":"Article","@id":"https:\/\/portaltela.pt\/noticias\/2026\/01\/11\/chega-perde-vereadora-eleita-em-coimbra-autarca-busca-mandato-livre\/#article","isPartOf":{"@id":"https:\/\/portaltela.pt\/noticias\/2026\/01\/11\/chega-perde-vereadora-eleita-em-coimbra-autarca-busca-mandato-livre\/"},"author":{"name":"Telinha","@id":"https:\/\/portaltela.pt\/#\/schema\/person\/c4278d4a6028830caff9ee44b42d32ed"},"headline":"Chega perde vereadora eleita em Coimbra; autarca busca mandato livre","datePublished":"2026-01-11T11:28:00+00:00","mainEntityOfPage":{"@id":"https:\/\/portaltela.pt\/noticias\/2026\/01\/11\/chega-perde-vereadora-eleita-em-coimbra-autarca-busca-mandato-livre\/"},"wordCount":249,"image":{"@id":"https:\/\/portaltela.pt\/noticias\/2026\/01\/11\/chega-perde-vereadora-eleita-em-coimbra-autarca-busca-mandato-livre\/#primaryimage"},"thumbnailUrl":"https:\/\/portaltela.pt\/s.01k8rhncp4jt1\/2026\/01\/2058276.jpg","keywords":["autarquias","CHEGA","Coimbra","Livre","pol\u00edtica","PS"],"articleSection":["Not\u00edcias","Pol\u00edtica"],"inLanguage":"pt-PT"},{"@type":"WebPage","@id":"https:\/\/portaltela.pt\/noticias\/2026\/01\/11\/chega-perde-vereadora-eleita-em-coimbra-autarca-busca-mandato-livre\/","url":"https:\/\/portaltela.pt\/noticias\/2026\/01\/11\/chega-perde-vereadora-eleita-em-coimbra-autarca-busca-mandato-livre\/","name":"Chega perde vereadora eleita em Coimbra; autarca busca mandato livre - Portal Tela Portugal","isPartOf":{"@id":"https:\/\/portaltela.pt\/#website"},"primaryImageOfPage":{"@id":"https:\/\/portaltela.pt\/noticias\/2026\/01\/11\/chega-perde-vereadora-eleita-em-coimbra-autarca-busca-mandato-livre\/#primaryimage"},"image":{"@id":"https:\/\/portaltela.pt\/noticias\/2026\/01\/11\/chega-perde-vereadora-eleita-em-coimbra-autarca-busca-mandato-livre\/#primaryimage"},"thumbnailUrl":"https:\/\/portaltela.pt\/s.01k8rhncp4jt1\/2026\/01\/2058276.jpg","datePublished":"2026-01-11T11:28:00+00:00","author":{"@id":"https:\/\/portaltela.pt\/#\/schema\/person\/c4278d4a6028830caff9ee44b42d32ed"},"breadcrumb":{"@id":"https:\/\/portaltela.pt\/noticias\/2026\/01\/11\/chega-perde-vereadora-eleita-em-coimbra-autarca-busca-mandato-livre\/#breadcrumb"},"inLanguage":"pt-PT","potentialAction":[{"@type":"ReadAction","target":["https:\/\/portaltela.pt\/noticias\/2026\/01\/11\/chega-perde-vereadora-eleita-em-coimbra-autarca-busca-mandato-livre\/"]}]},{"@type":"ImageObject","inLanguage":"pt-PT","@id":"https:\/\/portaltela.pt\/noticias\/2026\/01\/11\/chega-perde-vereadora-eleita-em-coimbra-autarca-busca-mandato-livre\/#primaryimage","url":"https:\/\/portaltela.pt\/s.01k8rhncp4jt1\/2026\/01\/2058276.jpg","contentUrl":"https:\/\/portaltela.pt\/s.01k8rhncp4jt1\/2026\/01\/2058276.jpg","width":796,"height":448,"caption":"Primeira reuni\u00e3o do actual executivo da C\u00e2mara de Coimbra"},{"@type":"BreadcrumbList","@id":"https:\/\/portaltela.pt\/noticias\/2026\/01\/11\/chega-perde-vereadora-eleita-em-coimbra-autarca-busca-mandato-livre\/#breadcrumb","itemListElement":[{"@type":"ListItem","position":1,"name":"In\u00edcio","item":"https:\/\/portaltela.pt\/"},{"@type":"ListItem","position":2,"name":"Chega perde vereadora eleita em Coimbra; autarca busca mandato livre"}]},{"@type":"WebSite","@id":"https:\/\/portaltela.pt\/#website","url":"https:\/\/portaltela.pt\/","name":"Portal Tela Portugal","description":"","potentialAction":[{"@type":"SearchAction","target":{"@type":"EntryPoint","urlTemplate":"https:\/\/portaltela.pt\/?s={search_term_string}"},"query-input":{"@type":"PropertyValueSpecification","valueRequired":true,"valueName":"search_term_string"}}],"inLanguage":"pt-PT"},{"@type":"Person","@id":"https:\/\/portaltela.pt\/#\/schema\/person\/c4278d4a6028830caff9ee44b42d32ed","name":"Telinha","image":{"@type":"ImageObject","inLanguage":"pt-PT","@id":"https:\/\/portaltela.pt\/s.01k8rhncp4jt1\/2025\/11\/talking-bot-125x125.png","url":"https:\/\/portaltela.pt\/s.01k8rhncp4jt1\/2025\/11\/talking-bot-125x125.png","contentUrl":"https:\/\/portaltela.pt\/s.01k8rhncp4jt1\/2025\/11\/talking-bot-125x125.png","caption":"Telinha"},"sameAs":["https:\/\/portaltela.pt\/"],"url":"https:\/\/portaltela.pt\/por\/367410592786\/"}]}},"_links":{"self":[{"href":"https:\/\/portaltela.pt\/api\/wp\/v2\/posts\/132914","targetHints":{"allow":["GET"]}}],"collection":[{"href":"https:\/\/portaltela.pt\/api\/wp\/v2\/posts"}],"about":[{"href":"https:\/\/portaltela.pt\/api\/wp\/v2\/types\/post"}],"author":[{"embeddable":true,"href":"https:\/\/portaltela.pt\/api\/wp\/v2\/users\/2"}],"replies":[{"embeddable":true,"href":"https:\/\/portaltela.pt\/api\/wp\/v2\/comments?post=132914"}],"version-history":[{"count":0,"href":"https:\/\/portaltela.pt\/api\/wp\/v2\/posts\/132914\/revisions"}],"wp:featuredmedia":[{"embeddable":true,"href":"https:\/\/portaltela.pt\/api\/wp\/v2\/media\/132917"}],"wp:attachment":[{"href":"https:\/\/portaltela.pt\/api\/wp\/v2\/media?parent=132914"}],"wp:term":[{"taxonomy":"category","embeddable":true,"href":"https:\/\/portaltela.pt\/api\/wp\/v2\/categories?post=132914"},{"taxonomy":"post_tag","embeddable":true,"href":"https:\/\/portaltela.pt\/api\/wp\/v2\/tags?post=132914"}],"curies":[{"name":"wp","href":"https:\/\/api.w.org\/{rel}","templated":true}]}}