{"id":132839,"date":"2026-01-11T08:08:00","date_gmt":"2026-01-11T11:08:00","guid":{"rendered":"https:\/\/portaltela.pt\/noticias\/2026\/01\/11\/diamantino-recorda-o-primeiro-salario-ao-comprar-ventoinha-e-pinhoes\/"},"modified":"2026-01-11T08:08:00","modified_gmt":"2026-01-11T11:08:00","slug":"diamantino-recorda-o-primeiro-salario-ao-comprar-ventoinha-e-pinhoes","status":"publish","type":"post","link":"https:\/\/portaltela.pt\/desporto\/futebol\/2026\/01\/11\/diamantino-recorda-o-primeiro-salario-ao-comprar-ventoinha-e-pinhoes\/","title":{"rendered":"Diamantino recorda o primeiro sal\u00e1rio ao comprar ventoinha e pinh\u00f5es"},"content":{"rendered":"<p>Diamantino foi um dos convidados da sexta edi\u00e7\u00e3o do Record Talks, evento do jornal Record onde antigos jogadores partilham momentos da carreira. O ex-internacional portugu\u00eas e figura hist\u00f3rica do Benfica participou do debate.<\/p>\n<p>Durante a conversa, Diamantino revelou como gastou o primeiro ordenado recebido como jogador do Benfica. Segundo o jogador, a despesa inicial passou por itens simples, como uma ventoinha e um saco de pinh\u00f5es.<\/p>\n<p>O relato insere-se no contexto da carreira do atleta nas \u00e1guias, que viveu os primeiros passos no clube ainda em fases iniciais da sua trajet\u00f3ria profissional. A troca de experi\u00eancias fez parte da conversa do evento, com foco em mem\u00f3rias e aprendizados.<\/p>\n<p>A emiss\u00e3o completa do Record Talks, que contou com a participa\u00e7\u00e3o de Diamantino, V\u00edtor Ba\u00eda e Fernando Mendes, foi destacada pela produ\u00e7\u00e3o do programa. O formato do encontro privilegia entrevistas e lembran\u00e7as do percurso no futebol nacional.<\/p>\n","protected":false},"excerpt":{"rendered":"<ul>\n<li>Diamantino, antigo internacional e figura do Benfica, participou na sexta edi\u00e7\u00e3o do Record Talks.<\/li>\n<li>O ex-jogador partilhou como gastou o seu primeiro ordenado como profissional pelas \u00e1guias.<\/li>\n<li>Relembrou que comprou uma ventoinha e um saco de pinh\u00f5es com esse dinheiro.<\/li>\n<li>A conversa integrou a emiss\u00e3o do evento Record Talks, com outros convidados.<\/li>\n<\/ul>\n","protected":false},"author":2,"featured_media":132842,"comment_status":"closed","ping_status":"closed","sticky":false,"template":"","format":"standard","meta":{"footnotes":""},"categories":[21,24],"tags":[1946,152,2816,32,299,81],"class_list":["post-132839","post","type-post","status-publish","format-standard","has-post-thumbnail","hentry","category-desporto","category-futebol","tag-benfica","tag-desporto","tag-diamantino-miranda","tag-futebol","tag-historia","tag-internacionais"],"yoast_head":"<!-- This site is optimized with the Yoast SEO plugin v27.2 - https:\/\/yoast.com\/product\/yoast-seo-wordpress\/ -->\n<title>Diamantino recorda o primeiro sal\u00e1rio ao comprar ventoinha e pinh\u00f5es - Portal Tela Portugal<\/title>\n<meta name=\"robots\" content=\"index, follow, max-snippet:-1, max-image-preview:large, max-video-preview:-1\" \/>\n<meta property=\"og:locale\" content=\"pt_PT\" \/>\n<meta property=\"og:type\" content=\"article\" \/>\n<meta property=\"og:title\" content=\"Diamantino recorda o primeiro sal\u00e1rio ao comprar ventoinha e pinh\u00f5es - Portal Tela Portugal\" \/>\n<meta property=\"og:description\" content=\"Diamantino, antigo internacional e figura do Benfica, participou na sexta edi\u00e7\u00e3o do Record Talks. O ex-jogador partilhou como gastou o seu primeiro ordenado como profissional pelas \u00e1guias. Relembrou que comprou uma ventoinha e um saco de pinh\u00f5es com esse dinheiro. A conversa integrou a emiss\u00e3o do evento Record Talks, com outros convidados.\" \/>\n<meta property=\"og:url\" content=\"https:\/\/portaltela.pt\/noticias\/2026\/01\/11\/diamantino-recorda-o-primeiro-salario-ao-comprar-ventoinha-e-pinhoes\/\" \/>\n<meta property=\"og:site_name\" content=\"Portal Tela Portugal\" \/>\n<meta property=\"article:published_time\" content=\"2026-01-11T11:08:00+00:00\" \/>\n<meta name=\"author\" content=\"Telinha\" \/>\n<meta name=\"twitter:card\" content=\"summary_large_image\" \/>\n<meta name=\"twitter:label1\" content=\"Escrito por\" \/>\n\t<meta name=\"twitter:data1\" content=\"Telinha\" \/>\n\t<meta name=\"twitter:label2\" content=\"Tempo estimado de leitura\" \/>\n\t<meta name=\"twitter:data2\" content=\"1 minuto\" \/>\n<script type=\"application\/ld+json\" class=\"yoast-schema-graph\">{\"@context\":\"https:\/\/schema.org\",\"@graph\":[{\"@type\":\"Article\",\"@id\":\"https:\/\/portaltela.pt\/noticias\/2026\/01\/11\/diamantino-recorda-o-primeiro-salario-ao-comprar-ventoinha-e-pinhoes\/#article\",\"isPartOf\":{\"@id\":\"https:\/\/portaltela.pt\/noticias\/2026\/01\/11\/diamantino-recorda-o-primeiro-salario-ao-comprar-ventoinha-e-pinhoes\/\"},\"author\":{\"name\":\"Telinha\",\"@id\":\"https:\/\/portaltela.pt\/#\/schema\/person\/c4278d4a6028830caff9ee44b42d32ed\"},\"headline\":\"Diamantino recorda o primeiro sal\u00e1rio ao comprar ventoinha e pinh\u00f5es\",\"datePublished\":\"2026-01-11T11:08:00+00:00\",\"mainEntityOfPage\":{\"@id\":\"https:\/\/portaltela.pt\/noticias\/2026\/01\/11\/diamantino-recorda-o-primeiro-salario-ao-comprar-ventoinha-e-pinhoes\/\"},\"wordCount\":170,\"image\":{\"@id\":\"https:\/\/portaltela.pt\/noticias\/2026\/01\/11\/diamantino-recorda-o-primeiro-salario-ao-comprar-ventoinha-e-pinhoes\/#primaryimage\"},\"thumbnailUrl\":\"https:\/\/portaltela.pt\/s.01k8rhncp4jt1\/2026\/01\/img_1200x721uu2026-01-10-20-22-40-2414006.jpg\",\"keywords\":[\"Benfica\",\"desporto\",\"Diamantino Miranda\",\"futebol\",\"hist\u00f3ria\",\"internacionais\"],\"articleSection\":[\"Desporto\",\"Futebol\"],\"inLanguage\":\"pt-PT\"},{\"@type\":\"WebPage\",\"@id\":\"https:\/\/portaltela.pt\/noticias\/2026\/01\/11\/diamantino-recorda-o-primeiro-salario-ao-comprar-ventoinha-e-pinhoes\/\",\"url\":\"https:\/\/portaltela.pt\/noticias\/2026\/01\/11\/diamantino-recorda-o-primeiro-salario-ao-comprar-ventoinha-e-pinhoes\/\",\"name\":\"Diamantino recorda o primeiro sal\u00e1rio ao comprar ventoinha e pinh\u00f5es - Portal Tela Portugal\",\"isPartOf\":{\"@id\":\"https:\/\/portaltela.pt\/#website\"},\"primaryImageOfPage\":{\"@id\":\"https:\/\/portaltela.pt\/noticias\/2026\/01\/11\/diamantino-recorda-o-primeiro-salario-ao-comprar-ventoinha-e-pinhoes\/#primaryimage\"},\"image\":{\"@id\":\"https:\/\/portaltela.pt\/noticias\/2026\/01\/11\/diamantino-recorda-o-primeiro-salario-ao-comprar-ventoinha-e-pinhoes\/#primaryimage\"},\"thumbnailUrl\":\"https:\/\/portaltela.pt\/s.01k8rhncp4jt1\/2026\/01\/img_1200x721uu2026-01-10-20-22-40-2414006.jpg\",\"datePublished\":\"2026-01-11T11:08:00+00:00\",\"author\":{\"@id\":\"https:\/\/portaltela.pt\/#\/schema\/person\/c4278d4a6028830caff9ee44b42d32ed\"},\"breadcrumb\":{\"@id\":\"https:\/\/portaltela.pt\/noticias\/2026\/01\/11\/diamantino-recorda-o-primeiro-salario-ao-comprar-ventoinha-e-pinhoes\/#breadcrumb\"},\"inLanguage\":\"pt-PT\",\"potentialAction\":[{\"@type\":\"ReadAction\",\"target\":[\"https:\/\/portaltela.pt\/noticias\/2026\/01\/11\/diamantino-recorda-o-primeiro-salario-ao-comprar-ventoinha-e-pinhoes\/\"]}]},{\"@type\":\"ImageObject\",\"inLanguage\":\"pt-PT\",\"@id\":\"https:\/\/portaltela.pt\/noticias\/2026\/01\/11\/diamantino-recorda-o-primeiro-salario-ao-comprar-ventoinha-e-pinhoes\/#primaryimage\",\"url\":\"https:\/\/portaltela.pt\/s.01k8rhncp4jt1\/2026\/01\/img_1200x721uu2026-01-10-20-22-40-2414006.jpg\",\"contentUrl\":\"https:\/\/portaltela.pt\/s.01k8rhncp4jt1\/2026\/01\/img_1200x721uu2026-01-10-20-22-40-2414006.jpg\",\"width\":796,\"height\":448,\"caption\":\"Diamantino lembra primeiro sal\u00e1rio: \u00abComprei uma ventoinha e um saco de pinh\u00f5es\u00bb\"},{\"@type\":\"BreadcrumbList\",\"@id\":\"https:\/\/portaltela.pt\/noticias\/2026\/01\/11\/diamantino-recorda-o-primeiro-salario-ao-comprar-ventoinha-e-pinhoes\/#breadcrumb\",\"itemListElement\":[{\"@type\":\"ListItem\",\"position\":1,\"name\":\"In\u00edcio\",\"item\":\"https:\/\/portaltela.pt\/\"},{\"@type\":\"ListItem\",\"position\":2,\"name\":\"Diamantino recorda o primeiro sal\u00e1rio ao comprar ventoinha e pinh\u00f5es\"}]},{\"@type\":\"WebSite\",\"@id\":\"https:\/\/portaltela.pt\/#website\",\"url\":\"https:\/\/portaltela.pt\/\",\"name\":\"Portal Tela Portugal\",\"description\":\"\",\"potentialAction\":[{\"@type\":\"SearchAction\",\"target\":{\"@type\":\"EntryPoint\",\"urlTemplate\":\"https:\/\/portaltela.pt\/?s={search_term_string}\"},\"query-input\":{\"@type\":\"PropertyValueSpecification\",\"valueRequired\":true,\"valueName\":\"search_term_string\"}}],\"inLanguage\":\"pt-PT\"},{\"@type\":\"Person\",\"@id\":\"https:\/\/portaltela.pt\/#\/schema\/person\/c4278d4a6028830caff9ee44b42d32ed\",\"name\":\"Telinha\",\"image\":{\"@type\":\"ImageObject\",\"inLanguage\":\"pt-PT\",\"@id\":\"https:\/\/portaltela.pt\/s.01k8rhncp4jt1\/2025\/11\/talking-bot-125x125.png\",\"url\":\"https:\/\/portaltela.pt\/s.01k8rhncp4jt1\/2025\/11\/talking-bot-125x125.png\",\"contentUrl\":\"https:\/\/portaltela.pt\/s.01k8rhncp4jt1\/2025\/11\/talking-bot-125x125.png\",\"caption\":\"Telinha\"},\"sameAs\":[\"https:\/\/portaltela.pt\/\"],\"url\":\"https:\/\/portaltela.pt\/por\/367410592786\/\"}]}<\/script>\n<!-- \/ Yoast SEO plugin. -->","yoast_head_json":{"title":"Diamantino recorda o primeiro sal\u00e1rio ao comprar ventoinha e pinh\u00f5es - Portal Tela Portugal","robots":{"index":"index","follow":"follow","max-snippet":"max-snippet:-1","max-image-preview":"max-image-preview:large","max-video-preview":"max-video-preview:-1"},"og_locale":"pt_PT","og_type":"article","og_title":"Diamantino recorda o primeiro sal\u00e1rio ao comprar ventoinha e pinh\u00f5es - Portal Tela Portugal","og_description":"Diamantino, antigo internacional e figura do Benfica, participou na sexta edi\u00e7\u00e3o do Record Talks. O ex-jogador partilhou como gastou o seu primeiro ordenado como profissional pelas \u00e1guias. Relembrou que comprou uma ventoinha e um saco de pinh\u00f5es com esse dinheiro. A conversa integrou a emiss\u00e3o do evento Record Talks, com outros convidados.","og_url":"https:\/\/portaltela.pt\/noticias\/2026\/01\/11\/diamantino-recorda-o-primeiro-salario-ao-comprar-ventoinha-e-pinhoes\/","og_site_name":"Portal Tela Portugal","article_published_time":"2026-01-11T11:08:00+00:00","author":"Telinha","twitter_card":"summary_large_image","twitter_misc":{"Escrito por":"Telinha","Tempo estimado de leitura":"1 minuto"},"schema":{"@context":"https:\/\/schema.org","@graph":[{"@type":"Article","@id":"https:\/\/portaltela.pt\/noticias\/2026\/01\/11\/diamantino-recorda-o-primeiro-salario-ao-comprar-ventoinha-e-pinhoes\/#article","isPartOf":{"@id":"https:\/\/portaltela.pt\/noticias\/2026\/01\/11\/diamantino-recorda-o-primeiro-salario-ao-comprar-ventoinha-e-pinhoes\/"},"author":{"name":"Telinha","@id":"https:\/\/portaltela.pt\/#\/schema\/person\/c4278d4a6028830caff9ee44b42d32ed"},"headline":"Diamantino recorda o primeiro sal\u00e1rio ao comprar ventoinha e pinh\u00f5es","datePublished":"2026-01-11T11:08:00+00:00","mainEntityOfPage":{"@id":"https:\/\/portaltela.pt\/noticias\/2026\/01\/11\/diamantino-recorda-o-primeiro-salario-ao-comprar-ventoinha-e-pinhoes\/"},"wordCount":170,"image":{"@id":"https:\/\/portaltela.pt\/noticias\/2026\/01\/11\/diamantino-recorda-o-primeiro-salario-ao-comprar-ventoinha-e-pinhoes\/#primaryimage"},"thumbnailUrl":"https:\/\/portaltela.pt\/s.01k8rhncp4jt1\/2026\/01\/img_1200x721uu2026-01-10-20-22-40-2414006.jpg","keywords":["Benfica","desporto","Diamantino Miranda","futebol","hist\u00f3ria","internacionais"],"articleSection":["Desporto","Futebol"],"inLanguage":"pt-PT"},{"@type":"WebPage","@id":"https:\/\/portaltela.pt\/noticias\/2026\/01\/11\/diamantino-recorda-o-primeiro-salario-ao-comprar-ventoinha-e-pinhoes\/","url":"https:\/\/portaltela.pt\/noticias\/2026\/01\/11\/diamantino-recorda-o-primeiro-salario-ao-comprar-ventoinha-e-pinhoes\/","name":"Diamantino recorda o primeiro sal\u00e1rio ao comprar ventoinha e pinh\u00f5es - Portal Tela Portugal","isPartOf":{"@id":"https:\/\/portaltela.pt\/#website"},"primaryImageOfPage":{"@id":"https:\/\/portaltela.pt\/noticias\/2026\/01\/11\/diamantino-recorda-o-primeiro-salario-ao-comprar-ventoinha-e-pinhoes\/#primaryimage"},"image":{"@id":"https:\/\/portaltela.pt\/noticias\/2026\/01\/11\/diamantino-recorda-o-primeiro-salario-ao-comprar-ventoinha-e-pinhoes\/#primaryimage"},"thumbnailUrl":"https:\/\/portaltela.pt\/s.01k8rhncp4jt1\/2026\/01\/img_1200x721uu2026-01-10-20-22-40-2414006.jpg","datePublished":"2026-01-11T11:08:00+00:00","author":{"@id":"https:\/\/portaltela.pt\/#\/schema\/person\/c4278d4a6028830caff9ee44b42d32ed"},"breadcrumb":{"@id":"https:\/\/portaltela.pt\/noticias\/2026\/01\/11\/diamantino-recorda-o-primeiro-salario-ao-comprar-ventoinha-e-pinhoes\/#breadcrumb"},"inLanguage":"pt-PT","potentialAction":[{"@type":"ReadAction","target":["https:\/\/portaltela.pt\/noticias\/2026\/01\/11\/diamantino-recorda-o-primeiro-salario-ao-comprar-ventoinha-e-pinhoes\/"]}]},{"@type":"ImageObject","inLanguage":"pt-PT","@id":"https:\/\/portaltela.pt\/noticias\/2026\/01\/11\/diamantino-recorda-o-primeiro-salario-ao-comprar-ventoinha-e-pinhoes\/#primaryimage","url":"https:\/\/portaltela.pt\/s.01k8rhncp4jt1\/2026\/01\/img_1200x721uu2026-01-10-20-22-40-2414006.jpg","contentUrl":"https:\/\/portaltela.pt\/s.01k8rhncp4jt1\/2026\/01\/img_1200x721uu2026-01-10-20-22-40-2414006.jpg","width":796,"height":448,"caption":"Diamantino lembra primeiro sal\u00e1rio: \u00abComprei uma ventoinha e um saco de pinh\u00f5es\u00bb"},{"@type":"BreadcrumbList","@id":"https:\/\/portaltela.pt\/noticias\/2026\/01\/11\/diamantino-recorda-o-primeiro-salario-ao-comprar-ventoinha-e-pinhoes\/#breadcrumb","itemListElement":[{"@type":"ListItem","position":1,"name":"In\u00edcio","item":"https:\/\/portaltela.pt\/"},{"@type":"ListItem","position":2,"name":"Diamantino recorda o primeiro sal\u00e1rio ao comprar ventoinha e pinh\u00f5es"}]},{"@type":"WebSite","@id":"https:\/\/portaltela.pt\/#website","url":"https:\/\/portaltela.pt\/","name":"Portal Tela Portugal","description":"","potentialAction":[{"@type":"SearchAction","target":{"@type":"EntryPoint","urlTemplate":"https:\/\/portaltela.pt\/?s={search_term_string}"},"query-input":{"@type":"PropertyValueSpecification","valueRequired":true,"valueName":"search_term_string"}}],"inLanguage":"pt-PT"},{"@type":"Person","@id":"https:\/\/portaltela.pt\/#\/schema\/person\/c4278d4a6028830caff9ee44b42d32ed","name":"Telinha","image":{"@type":"ImageObject","inLanguage":"pt-PT","@id":"https:\/\/portaltela.pt\/s.01k8rhncp4jt1\/2025\/11\/talking-bot-125x125.png","url":"https:\/\/portaltela.pt\/s.01k8rhncp4jt1\/2025\/11\/talking-bot-125x125.png","contentUrl":"https:\/\/portaltela.pt\/s.01k8rhncp4jt1\/2025\/11\/talking-bot-125x125.png","caption":"Telinha"},"sameAs":["https:\/\/portaltela.pt\/"],"url":"https:\/\/portaltela.pt\/por\/367410592786\/"}]}},"_links":{"self":[{"href":"https:\/\/portaltela.pt\/api\/wp\/v2\/posts\/132839","targetHints":{"allow":["GET"]}}],"collection":[{"href":"https:\/\/portaltela.pt\/api\/wp\/v2\/posts"}],"about":[{"href":"https:\/\/portaltela.pt\/api\/wp\/v2\/types\/post"}],"author":[{"embeddable":true,"href":"https:\/\/portaltela.pt\/api\/wp\/v2\/users\/2"}],"replies":[{"embeddable":true,"href":"https:\/\/portaltela.pt\/api\/wp\/v2\/comments?post=132839"}],"version-history":[{"count":0,"href":"https:\/\/portaltela.pt\/api\/wp\/v2\/posts\/132839\/revisions"}],"wp:featuredmedia":[{"embeddable":true,"href":"https:\/\/portaltela.pt\/api\/wp\/v2\/media\/132842"}],"wp:attachment":[{"href":"https:\/\/portaltela.pt\/api\/wp\/v2\/media?parent=132839"}],"wp:term":[{"taxonomy":"category","embeddable":true,"href":"https:\/\/portaltela.pt\/api\/wp\/v2\/categories?post=132839"},{"taxonomy":"post_tag","embeddable":true,"href":"https:\/\/portaltela.pt\/api\/wp\/v2\/tags?post=132839"}],"curies":[{"name":"wp","href":"https:\/\/api.w.org\/{rel}","templated":true}]}}